{"id":624,"date":"2017-06-21T19:34:30","date_gmt":"2017-06-21T17:34:30","guid":{"rendered":"http:\/\/wp.kristdemokraterna.se\/haninge\/?p=624"},"modified":"2017-06-21T19:34:30","modified_gmt":"2017-06-21T17:34:30","slug":"ratt-till-heltid-pa-forskolan-ar-en-felprioritering","status":"publish","type":"post","link":"https:\/\/wp.kristdemokraterna.se\/haninge\/ratt-till-heltid-pa-forskolan-ar-en-felprioritering\/","title":{"rendered":"R\u00e4tt till heltid p\u00e5 f\u00f6rskolan \u00e4r en felprioritering"},"content":{"rendered":"<p style=\"line-height: 16.5pt;background: white\"><a name=\"_GoBack\"><\/a><span style=\"color: black\">P\u00e5 dagens sammantr\u00e4de i grund-och f\u00f6rskolen\u00e4mnden behandlades Kristdemokraternas och Moderaternas motion om att inf\u00f6ra 25 timmar f\u00f6rskola i veckan f\u00f6r barn med f\u00f6r\u00e4ldrar som \u00e4r arbetss\u00f6kande eller f\u00f6r\u00e4ldralediga, ist\u00e4llet f\u00f6r 30 timmar som reglerna \u00e4r idag.<\/span><span id=\"more-613\"><\/span><!--more--><\/p>\n<p style=\"line-height: 16.5pt;background: white;font-size: 1.4rem;text-align: start\"><span style=\"color: black\">Kristdemokraterna anser att beslutet om att inf\u00f6ra 30 timmar f\u00f6rskola f\u00f6r barn med f\u00f6r\u00e4ldrar som \u00e4r arbetsl\u00f6sa eller f\u00f6r\u00e4ldralediga \u00e4r en fel prioritering utifr\u00e5n de utmaningar som Haninges f\u00f6rskolor st\u00e5r inf\u00f6r fram\u00f6ver. Den senaste statistiken fr\u00e5n Skolverket 2016 visar exempelvis att det var 15,9 barn i varje barngrupp j\u00e4mf\u00f6rt med i Haninge d\u00e4r det var 17,4 barn i varje barngrupp under samma period.<\/span><\/p>\n<p style=\"line-height: 16.5pt;background: white;font-size: 1.4rem;text-align: start\"><span style=\"color: black\">F\u00f6r att kunna h\u00e5lla barngruppsstorlekarna p\u00e5 en rimlig niv\u00e5 s\u00e5 \u00e4r en av flera viktiga \u00e5tg\u00e4rder att inf\u00f6ra 25 timmar f\u00f6rskola i veckan f\u00f6r barn med f\u00f6r\u00e4ldrar som \u00e4r arbetss\u00f6kande eller f\u00f6r\u00e4ldralediga. V\u00e5r syn \u00e4r att det \u00e4r f\u00f6r\u00e4ldrarna som fr\u00e4mst uppfostrar och tar hand om sina barn, med f\u00f6rskolan som ett st\u00f6d n\u00e4r f\u00f6r\u00e4ldrarna arbetar eller inte kan vara n\u00e4rvarande. Ingen anst\u00e4lld personal kan ers\u00e4tta den tid och k\u00e4rlek ett barns egna f\u00f6r\u00e4ldrar ger. I m\u00e5l och budget f\u00f6r 2018-2019 finns ett uppdrag om att grund-och f\u00f6rskolen\u00e4mnden ska utreda inf\u00f6randet av heltid p\u00e5 f\u00f6rskolan. Inf\u00f6randet av heltid p\u00e5 f\u00f6rskolan skulle vara f\u00f6r\u00f6dande f\u00f6r v\u00e5ra barn och f\u00f6r f\u00f6rskolans verksamhet i stort.<\/span><\/p>\n<p style=\"line-height: 16.5pt;background: white;font-size: 1.4rem;text-align: start\"><span style=\"color: black\">\u2013 Vi kristdemokrater prioriterar mindre barngrupper och inf\u00f6randet av heltid p\u00e5 f\u00f6rskolan kommer att leda till st\u00f6rre barngrupper och \u00f6kad otrygghet f\u00f6r Haninges barn, avslutar Martin Str\u00f6mvall (KD)<\/span><\/p>\n","protected":false},"excerpt":{"rendered":"<p>P\u00e5 dagens sammantr\u00e4de i grund-och f\u00f6rskolen\u00e4mnden behandlades Kristdemokraternas och Moderaternas motion om att inf\u00f6ra 25 timmar f\u00f6rskola i veckan f\u00f6r barn med f\u00f6r\u00e4ldrar som \u00e4r arbetss\u00f6kande eller f\u00f6r\u00e4ldralediga, ist\u00e4llet f\u00f6r 30 timmar som reglerna \u00e4r idag.<\/p>\n","protected":false},"author":444,"featured_media":619,"comment_status":"closed","ping_status":"closed","sticky":false,"template":"","format":"standard","meta":{"_acf_changed":false,"footnotes":""},"categories":[1],"tags":[],"class_list":["post-624","post","type-post","status-publish","format-standard","hentry","category-okategoriserade"],"acf":[],"yoast_head":"<!-- This site is optimized with the Yoast SEO plugin v27.5 - https:\/\/yoast.com\/product\/yoast-seo-wordpress\/ -->\n<title>R\u00e4tt till heltid p\u00e5 f\u00f6rskolan \u00e4r en felprioritering &#8211;<\/title>\n<meta name=\"description\" content=\"V\u00e4lkommen till Kristdemokraterna i Haninges hemsida! Vi \u00e4r det trygga alternativet i Haninge kommun f\u00f6r ett samh\u00e4lle d\u00e4r m\u00e4nniskor vill bo och verka i.\" \/>\n<meta name=\"robots\" content=\"index, follow, max-snippet:-1, max-image-preview:large, max-video-preview:-1\" \/>\n<link rel=\"canonical\" href=\"https:\/\/wp.kristdemokraterna.se\/haninge\/ratt-till-heltid-pa-forskolan-ar-en-felprioritering\/\" \/>\n<meta property=\"og:locale\" content=\"sv_SE\" \/>\n<meta property=\"og:type\" content=\"article\" \/>\n<meta property=\"og:title\" content=\"R\u00e4tt till heltid p\u00e5 f\u00f6rskolan \u00e4r en felprioritering &#8211;\" \/>\n<meta property=\"og:description\" content=\"V\u00e4lkommen till Kristdemokraterna i Haninges hemsida! Vi \u00e4r det trygga alternativet i Haninge kommun f\u00f6r ett samh\u00e4lle d\u00e4r m\u00e4nniskor vill bo och verka i.\" \/>\n<meta property=\"og:url\" content=\"https:\/\/wp.kristdemokraterna.se\/haninge\/ratt-till-heltid-pa-forskolan-ar-en-felprioritering\/\" \/>\n<meta property=\"og:site_name\" content=\"Kristdemokraterna i Haninge |\" \/>\n<meta property=\"article:published_time\" content=\"2017-06-21T17:34:30+00:00\" \/>\n<meta name=\"author\" content=\"helpdesk\" \/>\n<meta name=\"twitter:card\" content=\"summary_large_image\" \/>\n<meta name=\"twitter:label1\" content=\"Skriven av\" \/>\n\t<meta name=\"twitter:data1\" content=\"helpdesk\" \/>\n\t<meta name=\"twitter:label2\" content=\"Ber\u00e4knad l\u00e4stid\" \/>\n\t<meta name=\"twitter:data2\" content=\"2 minuter\" \/>\n<script type=\"application\/ld+json\" class=\"yoast-schema-graph\">{\"@context\":\"https:\\\/\\\/schema.org\",\"@graph\":[{\"@type\":\"Article\",\"@id\":\"https:\\\/\\\/wp.kristdemokraterna.se\\\/haninge\\\/ratt-till-heltid-pa-forskolan-ar-en-felprioritering\\\/#article\",\"isPartOf\":{\"@id\":\"https:\\\/\\\/wp.kristdemokraterna.se\\\/haninge\\\/ratt-till-heltid-pa-forskolan-ar-en-felprioritering\\\/\"},\"author\":{\"name\":\"helpdesk\",\"@id\":\"https:\\\/\\\/wp.kristdemokraterna.se\\\/haninge\\\/#\\\/schema\\\/person\\\/98d27838d17178471da5e8a56aa604a4\"},\"headline\":\"R\u00e4tt till heltid p\u00e5 f\u00f6rskolan \u00e4r en felprioritering\",\"datePublished\":\"2017-06-21T17:34:30+00:00\",\"mainEntityOfPage\":{\"@id\":\"https:\\\/\\\/wp.kristdemokraterna.se\\\/haninge\\\/ratt-till-heltid-pa-forskolan-ar-en-felprioritering\\\/\"},\"wordCount\":316,\"publisher\":{\"@id\":\"https:\\\/\\\/wp.kristdemokraterna.se\\\/haninge\\\/#organization\"},\"image\":{\"@id\":\"https:\\\/\\\/wp.kristdemokraterna.se\\\/haninge\\\/ratt-till-heltid-pa-forskolan-ar-en-felprioritering\\\/#primaryimage\"},\"thumbnailUrl\":\"\",\"inLanguage\":\"sv-SE\"},{\"@type\":\"WebPage\",\"@id\":\"https:\\\/\\\/wp.kristdemokraterna.se\\\/haninge\\\/ratt-till-heltid-pa-forskolan-ar-en-felprioritering\\\/\",\"url\":\"https:\\\/\\\/wp.kristdemokraterna.se\\\/haninge\\\/ratt-till-heltid-pa-forskolan-ar-en-felprioritering\\\/\",\"name\":\"R\u00e4tt till heltid p\u00e5 f\u00f6rskolan \u00e4r en felprioritering &#8211;\",\"isPartOf\":{\"@id\":\"https:\\\/\\\/wp.kristdemokraterna.se\\\/haninge\\\/#website\"},\"primaryImageOfPage\":{\"@id\":\"https:\\\/\\\/wp.kristdemokraterna.se\\\/haninge\\\/ratt-till-heltid-pa-forskolan-ar-en-felprioritering\\\/#primaryimage\"},\"image\":{\"@id\":\"https:\\\/\\\/wp.kristdemokraterna.se\\\/haninge\\\/ratt-till-heltid-pa-forskolan-ar-en-felprioritering\\\/#primaryimage\"},\"thumbnailUrl\":\"\",\"datePublished\":\"2017-06-21T17:34:30+00:00\",\"description\":\"V\u00e4lkommen till Kristdemokraterna i Haninges hemsida! Vi \u00e4r det trygga alternativet i Haninge kommun f\u00f6r ett samh\u00e4lle d\u00e4r m\u00e4nniskor vill bo och verka i.\",\"breadcrumb\":{\"@id\":\"https:\\\/\\\/wp.kristdemokraterna.se\\\/haninge\\\/ratt-till-heltid-pa-forskolan-ar-en-felprioritering\\\/#breadcrumb\"},\"inLanguage\":\"sv-SE\",\"potentialAction\":[{\"@type\":\"ReadAction\",\"target\":[\"https:\\\/\\\/wp.kristdemokraterna.se\\\/haninge\\\/ratt-till-heltid-pa-forskolan-ar-en-felprioritering\\\/\"]}]},{\"@type\":\"ImageObject\",\"inLanguage\":\"sv-SE\",\"@id\":\"https:\\\/\\\/wp.kristdemokraterna.se\\\/haninge\\\/ratt-till-heltid-pa-forskolan-ar-en-felprioritering\\\/#primaryimage\",\"url\":\"\",\"contentUrl\":\"\"},{\"@type\":\"BreadcrumbList\",\"@id\":\"https:\\\/\\\/wp.kristdemokraterna.se\\\/haninge\\\/ratt-till-heltid-pa-forskolan-ar-en-felprioritering\\\/#breadcrumb\",\"itemListElement\":[{\"@type\":\"ListItem\",\"position\":1,\"name\":\"Hem\",\"item\":\"https:\\\/\\\/wp.kristdemokraterna.se\\\/haninge\\\/\"},{\"@type\":\"ListItem\",\"position\":2,\"name\":\"R\u00e4tt till heltid p\u00e5 f\u00f6rskolan \u00e4r en felprioritering\"}]},{\"@type\":\"WebSite\",\"@id\":\"https:\\\/\\\/wp.kristdemokraterna.se\\\/haninge\\\/#website\",\"url\":\"https:\\\/\\\/wp.kristdemokraterna.se\\\/haninge\\\/\",\"name\":\"Kristdemokraterna i Haninge |\",\"description\":\"Det trygga alternativet\",\"publisher\":{\"@id\":\"https:\\\/\\\/wp.kristdemokraterna.se\\\/haninge\\\/#organization\"},\"inLanguage\":\"sv-SE\"},{\"@type\":\"Organization\",\"@id\":\"https:\\\/\\\/wp.kristdemokraterna.se\\\/haninge\\\/#organization\",\"name\":\"Kristdemokraterna i Haninge\",\"url\":\"https:\\\/\\\/wp.kristdemokraterna.se\\\/haninge\\\/\",\"logo\":{\"@type\":\"ImageObject\",\"inLanguage\":\"sv-SE\",\"@id\":\"https:\\\/\\\/wp.kristdemokraterna.se\\\/haninge\\\/#\\\/schema\\\/logo\\\/image\\\/\",\"url\":\"https:\\\/\\\/wp.kristdemokraterna.se\\\/haninge\\\/files\\\/2022\\\/01\\\/kd-logo-bla\u2560e.png\",\"contentUrl\":\"https:\\\/\\\/wp.kristdemokraterna.se\\\/haninge\\\/files\\\/2022\\\/01\\\/kd-logo-bla\u2560e.png\",\"width\":2032,\"height\":2031,\"caption\":\"Kristdemokraterna i Haninge\"},\"image\":{\"@id\":\"https:\\\/\\\/wp.kristdemokraterna.se\\\/haninge\\\/#\\\/schema\\\/logo\\\/image\\\/\"}},{\"@type\":\"Person\",\"@id\":\"https:\\\/\\\/wp.kristdemokraterna.se\\\/haninge\\\/#\\\/schema\\\/person\\\/98d27838d17178471da5e8a56aa604a4\",\"name\":\"helpdesk\",\"image\":{\"@type\":\"ImageObject\",\"inLanguage\":\"sv-SE\",\"@id\":\"https:\\\/\\\/secure.gravatar.com\\\/avatar\\\/2e747bc9a7d4e5a6ecca7d851e4175129f995f3f6d9ef18734d1ff623abe4a88?s=96&d=mm&r=g\",\"url\":\"https:\\\/\\\/secure.gravatar.com\\\/avatar\\\/2e747bc9a7d4e5a6ecca7d851e4175129f995f3f6d9ef18734d1ff623abe4a88?s=96&d=mm&r=g\",\"contentUrl\":\"https:\\\/\\\/secure.gravatar.com\\\/avatar\\\/2e747bc9a7d4e5a6ecca7d851e4175129f995f3f6d9ef18734d1ff623abe4a88?s=96&d=mm&r=g\",\"caption\":\"helpdesk\"},\"url\":\"https:\\\/\\\/wp.kristdemokraterna.se\\\/haninge\\\/author\\\/helpdesk\\\/\"}]}<\/script>\n<!-- \/ Yoast SEO plugin. -->","yoast_head_json":{"title":"R\u00e4tt till heltid p\u00e5 f\u00f6rskolan \u00e4r en felprioritering &#8211;","description":"V\u00e4lkommen till Kristdemokraterna i Haninges hemsida! Vi \u00e4r det trygga alternativet i Haninge kommun f\u00f6r ett samh\u00e4lle d\u00e4r m\u00e4nniskor vill bo och verka i.","robots":{"index":"index","follow":"follow","max-snippet":"max-snippet:-1","max-image-preview":"max-image-preview:large","max-video-preview":"max-video-preview:-1"},"canonical":"https:\/\/wp.kristdemokraterna.se\/haninge\/ratt-till-heltid-pa-forskolan-ar-en-felprioritering\/","og_locale":"sv_SE","og_type":"article","og_title":"R\u00e4tt till heltid p\u00e5 f\u00f6rskolan \u00e4r en felprioritering &#8211;","og_description":"V\u00e4lkommen till Kristdemokraterna i Haninges hemsida! Vi \u00e4r det trygga alternativet i Haninge kommun f\u00f6r ett samh\u00e4lle d\u00e4r m\u00e4nniskor vill bo och verka i.","og_url":"https:\/\/wp.kristdemokraterna.se\/haninge\/ratt-till-heltid-pa-forskolan-ar-en-felprioritering\/","og_site_name":"Kristdemokraterna i Haninge |","article_published_time":"2017-06-21T17:34:30+00:00","author":"helpdesk","twitter_card":"summary_large_image","twitter_misc":{"Skriven av":"helpdesk","Ber\u00e4knad l\u00e4stid":"2 minuter"},"schema":{"@context":"https:\/\/schema.org","@graph":[{"@type":"Article","@id":"https:\/\/wp.kristdemokraterna.se\/haninge\/ratt-till-heltid-pa-forskolan-ar-en-felprioritering\/#article","isPartOf":{"@id":"https:\/\/wp.kristdemokraterna.se\/haninge\/ratt-till-heltid-pa-forskolan-ar-en-felprioritering\/"},"author":{"name":"helpdesk","@id":"https:\/\/wp.kristdemokraterna.se\/haninge\/#\/schema\/person\/98d27838d17178471da5e8a56aa604a4"},"headline":"R\u00e4tt till heltid p\u00e5 f\u00f6rskolan \u00e4r en felprioritering","datePublished":"2017-06-21T17:34:30+00:00","mainEntityOfPage":{"@id":"https:\/\/wp.kristdemokraterna.se\/haninge\/ratt-till-heltid-pa-forskolan-ar-en-felprioritering\/"},"wordCount":316,"publisher":{"@id":"https:\/\/wp.kristdemokraterna.se\/haninge\/#organization"},"image":{"@id":"https:\/\/wp.kristdemokraterna.se\/haninge\/ratt-till-heltid-pa-forskolan-ar-en-felprioritering\/#primaryimage"},"thumbnailUrl":"","inLanguage":"sv-SE"},{"@type":"WebPage","@id":"https:\/\/wp.kristdemokraterna.se\/haninge\/ratt-till-heltid-pa-forskolan-ar-en-felprioritering\/","url":"https:\/\/wp.kristdemokraterna.se\/haninge\/ratt-till-heltid-pa-forskolan-ar-en-felprioritering\/","name":"R\u00e4tt till heltid p\u00e5 f\u00f6rskolan \u00e4r en felprioritering &#8211;","isPartOf":{"@id":"https:\/\/wp.kristdemokraterna.se\/haninge\/#website"},"primaryImageOfPage":{"@id":"https:\/\/wp.kristdemokraterna.se\/haninge\/ratt-till-heltid-pa-forskolan-ar-en-felprioritering\/#primaryimage"},"image":{"@id":"https:\/\/wp.kristdemokraterna.se\/haninge\/ratt-till-heltid-pa-forskolan-ar-en-felprioritering\/#primaryimage"},"thumbnailUrl":"","datePublished":"2017-06-21T17:34:30+00:00","description":"V\u00e4lkommen till Kristdemokraterna i Haninges hemsida! Vi \u00e4r det trygga alternativet i Haninge kommun f\u00f6r ett samh\u00e4lle d\u00e4r m\u00e4nniskor vill bo och verka i.","breadcrumb":{"@id":"https:\/\/wp.kristdemokraterna.se\/haninge\/ratt-till-heltid-pa-forskolan-ar-en-felprioritering\/#breadcrumb"},"inLanguage":"sv-SE","potentialAction":[{"@type":"ReadAction","target":["https:\/\/wp.kristdemokraterna.se\/haninge\/ratt-till-heltid-pa-forskolan-ar-en-felprioritering\/"]}]},{"@type":"ImageObject","inLanguage":"sv-SE","@id":"https:\/\/wp.kristdemokraterna.se\/haninge\/ratt-till-heltid-pa-forskolan-ar-en-felprioritering\/#primaryimage","url":"","contentUrl":""},{"@type":"BreadcrumbList","@id":"https:\/\/wp.kristdemokraterna.se\/haninge\/ratt-till-heltid-pa-forskolan-ar-en-felprioritering\/#breadcrumb","itemListElement":[{"@type":"ListItem","position":1,"name":"Hem","item":"https:\/\/wp.kristdemokraterna.se\/haninge\/"},{"@type":"ListItem","position":2,"name":"R\u00e4tt till heltid p\u00e5 f\u00f6rskolan \u00e4r en felprioritering"}]},{"@type":"WebSite","@id":"https:\/\/wp.kristdemokraterna.se\/haninge\/#website","url":"https:\/\/wp.kristdemokraterna.se\/haninge\/","name":"Kristdemokraterna i Haninge |","description":"Det trygga alternativet","publisher":{"@id":"https:\/\/wp.kristdemokraterna.se\/haninge\/#organization"},"inLanguage":"sv-SE"},{"@type":"Organization","@id":"https:\/\/wp.kristdemokraterna.se\/haninge\/#organization","name":"Kristdemokraterna i Haninge","url":"https:\/\/wp.kristdemokraterna.se\/haninge\/","logo":{"@type":"ImageObject","inLanguage":"sv-SE","@id":"https:\/\/wp.kristdemokraterna.se\/haninge\/#\/schema\/logo\/image\/","url":"https:\/\/wp.kristdemokraterna.se\/haninge\/files\/2022\/01\/kd-logo-bla\u2560e.png","contentUrl":"https:\/\/wp.kristdemokraterna.se\/haninge\/files\/2022\/01\/kd-logo-bla\u2560e.png","width":2032,"height":2031,"caption":"Kristdemokraterna i Haninge"},"image":{"@id":"https:\/\/wp.kristdemokraterna.se\/haninge\/#\/schema\/logo\/image\/"}},{"@type":"Person","@id":"https:\/\/wp.kristdemokraterna.se\/haninge\/#\/schema\/person\/98d27838d17178471da5e8a56aa604a4","name":"helpdesk","image":{"@type":"ImageObject","inLanguage":"sv-SE","@id":"https:\/\/secure.gravatar.com\/avatar\/2e747bc9a7d4e5a6ecca7d851e4175129f995f3f6d9ef18734d1ff623abe4a88?s=96&d=mm&r=g","url":"https:\/\/secure.gravatar.com\/avatar\/2e747bc9a7d4e5a6ecca7d851e4175129f995f3f6d9ef18734d1ff623abe4a88?s=96&d=mm&r=g","contentUrl":"https:\/\/secure.gravatar.com\/avatar\/2e747bc9a7d4e5a6ecca7d851e4175129f995f3f6d9ef18734d1ff623abe4a88?s=96&d=mm&r=g","caption":"helpdesk"},"url":"https:\/\/wp.kristdemokraterna.se\/haninge\/author\/helpdesk\/"}]}},"_links":{"self":[{"href":"https:\/\/wp.kristdemokraterna.se\/haninge\/wp-json\/wp\/v2\/posts\/624","targetHints":{"allow":["GET"]}}],"collection":[{"href":"https:\/\/wp.kristdemokraterna.se\/haninge\/wp-json\/wp\/v2\/posts"}],"about":[{"href":"https:\/\/wp.kristdemokraterna.se\/haninge\/wp-json\/wp\/v2\/types\/post"}],"author":[{"embeddable":true,"href":"https:\/\/wp.kristdemokraterna.se\/haninge\/wp-json\/wp\/v2\/users\/444"}],"replies":[{"embeddable":true,"href":"https:\/\/wp.kristdemokraterna.se\/haninge\/wp-json\/wp\/v2\/comments?post=624"}],"version-history":[{"count":0,"href":"https:\/\/wp.kristdemokraterna.se\/haninge\/wp-json\/wp\/v2\/posts\/624\/revisions"}],"wp:featuredmedia":[{"embeddable":true,"href":"https:\/\/wp.kristdemokraterna.se\/haninge\/wp-json\/"}],"wp:attachment":[{"href":"https:\/\/wp.kristdemokraterna.se\/haninge\/wp-json\/wp\/v2\/media?parent=624"}],"wp:term":[{"taxonomy":"category","embeddable":true,"href":"https:\/\/wp.kristdemokraterna.se\/haninge\/wp-json\/wp\/v2\/categories?post=624"},{"taxonomy":"post_tag","embeddable":true,"href":"https:\/\/wp.kristdemokraterna.se\/haninge\/wp-json\/wp\/v2\/tags?post=624"}],"curies":[{"name":"wp","href":"https:\/\/api.w.org\/{rel}","templated":true}]}}