{"id":728,"date":"2018-01-03T12:12:45","date_gmt":"2018-01-03T11:12:45","guid":{"rendered":"http:\/\/wp.kristdemokraterna.se\/haninge\/?p=708"},"modified":"2018-01-03T12:12:45","modified_gmt":"2018-01-03T11:12:45","slug":"708-2","status":"publish","type":"post","link":"https:\/\/wp.kristdemokraterna.se\/haninge\/708-2\/","title":{"rendered":"Stor kritik mot ut\u00f6kad vistelsetid p\u00e5 f\u00f6rskolan"},"content":{"rendered":"<p>P\u00e5 grund-och f\u00f6rskolen\u00e4mndens sammantr\u00e4de sista sammantr\u00e4de under december m\u00e5nad redovisade f\u00f6rvaltningen en utv\u00e4rdering om vilka konsekvenser om ut\u00f6kad tid p\u00e5 f\u00f6rskolan har f\u00e5tt f\u00f6r verksamheten. <!--more-->Inf\u00f6randet av ut\u00f6kad tid p\u00e5 f\u00f6rskolan skedde f\u00f6r \u00f6ver ett \u00e5r sedan och innebar att barn med f\u00f6r\u00e4ldralediga och arbetss\u00f6kande f\u00f6r\u00e4ldrar f\u00e5r vara p\u00e5 f\u00f6rskolan uppemot 30 timmar i veckan ist\u00e4llet f\u00f6r 25 timmar som tidigare.<\/p>\n<p>&#8211; Jag anser att det \u00e4r djupt allvarligt att uppemot 74 % av pedagogerna och f\u00f6rskolornas ledning \u00e4r missn\u00f6jda \u00f6ver inf\u00f6randet av att inf\u00f6ra 30 timmar p\u00e5 f\u00f6rskola med barn f\u00f6r med f\u00f6r\u00e4ldrar som \u00e4r arbetss\u00f6kande eller f\u00f6r\u00e4ldralediga. Det \u00e4r uppr\u00f6rande att Socialdemokraterna inte lyssnar p\u00e5 kommunens f\u00f6rskoll\u00e4rare, s\u00e4ger Martin Str\u00f6mvall (KD)<\/p>\n<p>&#8211; V\u00e5r kritik mot att inf\u00f6ra 30 timmar p\u00e5 f\u00f6rskolan har i stora delar visat sig vara r\u00e4tt, och vi kommer aktivt att forts\u00e4tta arbeta f\u00f6r att det ska inf\u00f6ras 25 timmar f\u00f6rskola i veckan. Vi prioriterar mindre barngrupper, b\u00e4ttre arbetssituation f\u00f6r f\u00f6r v\u00e5ra f\u00f6rskoll\u00e4rare f\u00f6re att ut\u00f6ka tillg\u00e4ngligheten inom f\u00f6rskolan f\u00f6r barn med f\u00f6r\u00e4ldrar som \u00e4r arbetsl\u00f6sa eller f\u00f6r\u00e4ldralediga.<\/p>\n","protected":false},"excerpt":{"rendered":"<p>P\u00e5 grund-och f\u00f6rskolen\u00e4mndens sammantr\u00e4de sista sammantr\u00e4de under december m\u00e5nad redovisade f\u00f6rvaltningen en utv\u00e4rdering om vilka konsekvenser om ut\u00f6kad tid p\u00e5 f\u00f6rskolan har f\u00e5tt f\u00f6r verksamheten.<\/p>\n","protected":false},"author":444,"featured_media":670,"comment_status":"closed","ping_status":"closed","sticky":false,"template":"","format":"standard","meta":{"_acf_changed":false,"footnotes":""},"categories":[1],"tags":[],"class_list":["post-728","post","type-post","status-publish","format-standard","hentry","category-okategoriserade"],"acf":[],"yoast_head":"<!-- This site is optimized with the Yoast SEO plugin v27.5 - https:\/\/yoast.com\/product\/yoast-seo-wordpress\/ -->\n<title>Stor kritik mot ut\u00f6kad vistelsetid p\u00e5 f\u00f6rskolan &#8211;<\/title>\n<meta name=\"description\" content=\"V\u00e4lkommen till Kristdemokraterna i Haninges hemsida! Vi \u00e4r det trygga alternativet i Haninge kommun f\u00f6r ett samh\u00e4lle d\u00e4r m\u00e4nniskor vill bo och verka i.\" \/>\n<meta name=\"robots\" content=\"index, follow, max-snippet:-1, max-image-preview:large, max-video-preview:-1\" \/>\n<link rel=\"canonical\" href=\"https:\/\/wp.kristdemokraterna.se\/haninge\/708-2\/\" \/>\n<meta property=\"og:locale\" content=\"sv_SE\" \/>\n<meta property=\"og:type\" content=\"article\" \/>\n<meta property=\"og:title\" content=\"Stor kritik mot ut\u00f6kad vistelsetid p\u00e5 f\u00f6rskolan &#8211;\" \/>\n<meta property=\"og:description\" content=\"V\u00e4lkommen till Kristdemokraterna i Haninges hemsida! Vi \u00e4r det trygga alternativet i Haninge kommun f\u00f6r ett samh\u00e4lle d\u00e4r m\u00e4nniskor vill bo och verka i.\" \/>\n<meta property=\"og:url\" content=\"https:\/\/wp.kristdemokraterna.se\/haninge\/708-2\/\" \/>\n<meta property=\"og:site_name\" content=\"Kristdemokraterna i Haninge |\" \/>\n<meta property=\"article:published_time\" content=\"2018-01-03T11:12:45+00:00\" \/>\n<meta name=\"author\" content=\"helpdesk\" \/>\n<meta name=\"twitter:card\" content=\"summary_large_image\" \/>\n<meta name=\"twitter:label1\" content=\"Skriven av\" \/>\n\t<meta name=\"twitter:data1\" content=\"helpdesk\" \/>\n\t<meta name=\"twitter:label2\" content=\"Ber\u00e4knad l\u00e4stid\" \/>\n\t<meta name=\"twitter:data2\" content=\"1 minut\" \/>\n<script type=\"application\/ld+json\" class=\"yoast-schema-graph\">{\"@context\":\"https:\\\/\\\/schema.org\",\"@graph\":[{\"@type\":\"Article\",\"@id\":\"https:\\\/\\\/wp.kristdemokraterna.se\\\/haninge\\\/708-2\\\/#article\",\"isPartOf\":{\"@id\":\"https:\\\/\\\/wp.kristdemokraterna.se\\\/haninge\\\/708-2\\\/\"},\"author\":{\"name\":\"helpdesk\",\"@id\":\"https:\\\/\\\/wp.kristdemokraterna.se\\\/haninge\\\/#\\\/schema\\\/person\\\/98d27838d17178471da5e8a56aa604a4\"},\"headline\":\"Stor kritik mot ut\u00f6kad vistelsetid p\u00e5 f\u00f6rskolan\",\"datePublished\":\"2018-01-03T11:12:45+00:00\",\"mainEntityOfPage\":{\"@id\":\"https:\\\/\\\/wp.kristdemokraterna.se\\\/haninge\\\/708-2\\\/\"},\"wordCount\":239,\"publisher\":{\"@id\":\"https:\\\/\\\/wp.kristdemokraterna.se\\\/haninge\\\/#organization\"},\"image\":{\"@id\":\"https:\\\/\\\/wp.kristdemokraterna.se\\\/haninge\\\/708-2\\\/#primaryimage\"},\"thumbnailUrl\":\"\",\"inLanguage\":\"sv-SE\"},{\"@type\":\"WebPage\",\"@id\":\"https:\\\/\\\/wp.kristdemokraterna.se\\\/haninge\\\/708-2\\\/\",\"url\":\"https:\\\/\\\/wp.kristdemokraterna.se\\\/haninge\\\/708-2\\\/\",\"name\":\"Stor kritik mot ut\u00f6kad vistelsetid p\u00e5 f\u00f6rskolan &#8211;\",\"isPartOf\":{\"@id\":\"https:\\\/\\\/wp.kristdemokraterna.se\\\/haninge\\\/#website\"},\"primaryImageOfPage\":{\"@id\":\"https:\\\/\\\/wp.kristdemokraterna.se\\\/haninge\\\/708-2\\\/#primaryimage\"},\"image\":{\"@id\":\"https:\\\/\\\/wp.kristdemokraterna.se\\\/haninge\\\/708-2\\\/#primaryimage\"},\"thumbnailUrl\":\"\",\"datePublished\":\"2018-01-03T11:12:45+00:00\",\"description\":\"V\u00e4lkommen till Kristdemokraterna i Haninges hemsida! Vi \u00e4r det trygga alternativet i Haninge kommun f\u00f6r ett samh\u00e4lle d\u00e4r m\u00e4nniskor vill bo och verka i.\",\"breadcrumb\":{\"@id\":\"https:\\\/\\\/wp.kristdemokraterna.se\\\/haninge\\\/708-2\\\/#breadcrumb\"},\"inLanguage\":\"sv-SE\",\"potentialAction\":[{\"@type\":\"ReadAction\",\"target\":[\"https:\\\/\\\/wp.kristdemokraterna.se\\\/haninge\\\/708-2\\\/\"]}]},{\"@type\":\"ImageObject\",\"inLanguage\":\"sv-SE\",\"@id\":\"https:\\\/\\\/wp.kristdemokraterna.se\\\/haninge\\\/708-2\\\/#primaryimage\",\"url\":\"\",\"contentUrl\":\"\"},{\"@type\":\"BreadcrumbList\",\"@id\":\"https:\\\/\\\/wp.kristdemokraterna.se\\\/haninge\\\/708-2\\\/#breadcrumb\",\"itemListElement\":[{\"@type\":\"ListItem\",\"position\":1,\"name\":\"Hem\",\"item\":\"https:\\\/\\\/wp.kristdemokraterna.se\\\/haninge\\\/\"},{\"@type\":\"ListItem\",\"position\":2,\"name\":\"Stor kritik mot ut\u00f6kad vistelsetid p\u00e5 f\u00f6rskolan\"}]},{\"@type\":\"WebSite\",\"@id\":\"https:\\\/\\\/wp.kristdemokraterna.se\\\/haninge\\\/#website\",\"url\":\"https:\\\/\\\/wp.kristdemokraterna.se\\\/haninge\\\/\",\"name\":\"Kristdemokraterna i Haninge |\",\"description\":\"Det trygga alternativet\",\"publisher\":{\"@id\":\"https:\\\/\\\/wp.kristdemokraterna.se\\\/haninge\\\/#organization\"},\"inLanguage\":\"sv-SE\"},{\"@type\":\"Organization\",\"@id\":\"https:\\\/\\\/wp.kristdemokraterna.se\\\/haninge\\\/#organization\",\"name\":\"Kristdemokraterna i Haninge\",\"url\":\"https:\\\/\\\/wp.kristdemokraterna.se\\\/haninge\\\/\",\"logo\":{\"@type\":\"ImageObject\",\"inLanguage\":\"sv-SE\",\"@id\":\"https:\\\/\\\/wp.kristdemokraterna.se\\\/haninge\\\/#\\\/schema\\\/logo\\\/image\\\/\",\"url\":\"https:\\\/\\\/wp.kristdemokraterna.se\\\/haninge\\\/files\\\/2022\\\/01\\\/kd-logo-bla\u2560e.png\",\"contentUrl\":\"https:\\\/\\\/wp.kristdemokraterna.se\\\/haninge\\\/files\\\/2022\\\/01\\\/kd-logo-bla\u2560e.png\",\"width\":2032,\"height\":2031,\"caption\":\"Kristdemokraterna i Haninge\"},\"image\":{\"@id\":\"https:\\\/\\\/wp.kristdemokraterna.se\\\/haninge\\\/#\\\/schema\\\/logo\\\/image\\\/\"}},{\"@type\":\"Person\",\"@id\":\"https:\\\/\\\/wp.kristdemokraterna.se\\\/haninge\\\/#\\\/schema\\\/person\\\/98d27838d17178471da5e8a56aa604a4\",\"name\":\"helpdesk\",\"image\":{\"@type\":\"ImageObject\",\"inLanguage\":\"sv-SE\",\"@id\":\"https:\\\/\\\/secure.gravatar.com\\\/avatar\\\/2e747bc9a7d4e5a6ecca7d851e4175129f995f3f6d9ef18734d1ff623abe4a88?s=96&d=mm&r=g\",\"url\":\"https:\\\/\\\/secure.gravatar.com\\\/avatar\\\/2e747bc9a7d4e5a6ecca7d851e4175129f995f3f6d9ef18734d1ff623abe4a88?s=96&d=mm&r=g\",\"contentUrl\":\"https:\\\/\\\/secure.gravatar.com\\\/avatar\\\/2e747bc9a7d4e5a6ecca7d851e4175129f995f3f6d9ef18734d1ff623abe4a88?s=96&d=mm&r=g\",\"caption\":\"helpdesk\"},\"url\":\"https:\\\/\\\/wp.kristdemokraterna.se\\\/haninge\\\/author\\\/helpdesk\\\/\"}]}<\/script>\n<!-- \/ Yoast SEO plugin. -->","yoast_head_json":{"title":"Stor kritik mot ut\u00f6kad vistelsetid p\u00e5 f\u00f6rskolan &#8211;","description":"V\u00e4lkommen till Kristdemokraterna i Haninges hemsida! Vi \u00e4r det trygga alternativet i Haninge kommun f\u00f6r ett samh\u00e4lle d\u00e4r m\u00e4nniskor vill bo och verka i.","robots":{"index":"index","follow":"follow","max-snippet":"max-snippet:-1","max-image-preview":"max-image-preview:large","max-video-preview":"max-video-preview:-1"},"canonical":"https:\/\/wp.kristdemokraterna.se\/haninge\/708-2\/","og_locale":"sv_SE","og_type":"article","og_title":"Stor kritik mot ut\u00f6kad vistelsetid p\u00e5 f\u00f6rskolan &#8211;","og_description":"V\u00e4lkommen till Kristdemokraterna i Haninges hemsida! Vi \u00e4r det trygga alternativet i Haninge kommun f\u00f6r ett samh\u00e4lle d\u00e4r m\u00e4nniskor vill bo och verka i.","og_url":"https:\/\/wp.kristdemokraterna.se\/haninge\/708-2\/","og_site_name":"Kristdemokraterna i Haninge |","article_published_time":"2018-01-03T11:12:45+00:00","author":"helpdesk","twitter_card":"summary_large_image","twitter_misc":{"Skriven av":"helpdesk","Ber\u00e4knad l\u00e4stid":"1 minut"},"schema":{"@context":"https:\/\/schema.org","@graph":[{"@type":"Article","@id":"https:\/\/wp.kristdemokraterna.se\/haninge\/708-2\/#article","isPartOf":{"@id":"https:\/\/wp.kristdemokraterna.se\/haninge\/708-2\/"},"author":{"name":"helpdesk","@id":"https:\/\/wp.kristdemokraterna.se\/haninge\/#\/schema\/person\/98d27838d17178471da5e8a56aa604a4"},"headline":"Stor kritik mot ut\u00f6kad vistelsetid p\u00e5 f\u00f6rskolan","datePublished":"2018-01-03T11:12:45+00:00","mainEntityOfPage":{"@id":"https:\/\/wp.kristdemokraterna.se\/haninge\/708-2\/"},"wordCount":239,"publisher":{"@id":"https:\/\/wp.kristdemokraterna.se\/haninge\/#organization"},"image":{"@id":"https:\/\/wp.kristdemokraterna.se\/haninge\/708-2\/#primaryimage"},"thumbnailUrl":"","inLanguage":"sv-SE"},{"@type":"WebPage","@id":"https:\/\/wp.kristdemokraterna.se\/haninge\/708-2\/","url":"https:\/\/wp.kristdemokraterna.se\/haninge\/708-2\/","name":"Stor kritik mot ut\u00f6kad vistelsetid p\u00e5 f\u00f6rskolan &#8211;","isPartOf":{"@id":"https:\/\/wp.kristdemokraterna.se\/haninge\/#website"},"primaryImageOfPage":{"@id":"https:\/\/wp.kristdemokraterna.se\/haninge\/708-2\/#primaryimage"},"image":{"@id":"https:\/\/wp.kristdemokraterna.se\/haninge\/708-2\/#primaryimage"},"thumbnailUrl":"","datePublished":"2018-01-03T11:12:45+00:00","description":"V\u00e4lkommen till Kristdemokraterna i Haninges hemsida! Vi \u00e4r det trygga alternativet i Haninge kommun f\u00f6r ett samh\u00e4lle d\u00e4r m\u00e4nniskor vill bo och verka i.","breadcrumb":{"@id":"https:\/\/wp.kristdemokraterna.se\/haninge\/708-2\/#breadcrumb"},"inLanguage":"sv-SE","potentialAction":[{"@type":"ReadAction","target":["https:\/\/wp.kristdemokraterna.se\/haninge\/708-2\/"]}]},{"@type":"ImageObject","inLanguage":"sv-SE","@id":"https:\/\/wp.kristdemokraterna.se\/haninge\/708-2\/#primaryimage","url":"","contentUrl":""},{"@type":"BreadcrumbList","@id":"https:\/\/wp.kristdemokraterna.se\/haninge\/708-2\/#breadcrumb","itemListElement":[{"@type":"ListItem","position":1,"name":"Hem","item":"https:\/\/wp.kristdemokraterna.se\/haninge\/"},{"@type":"ListItem","position":2,"name":"Stor kritik mot ut\u00f6kad vistelsetid p\u00e5 f\u00f6rskolan"}]},{"@type":"WebSite","@id":"https:\/\/wp.kristdemokraterna.se\/haninge\/#website","url":"https:\/\/wp.kristdemokraterna.se\/haninge\/","name":"Kristdemokraterna i Haninge |","description":"Det trygga alternativet","publisher":{"@id":"https:\/\/wp.kristdemokraterna.se\/haninge\/#organization"},"inLanguage":"sv-SE"},{"@type":"Organization","@id":"https:\/\/wp.kristdemokraterna.se\/haninge\/#organization","name":"Kristdemokraterna i Haninge","url":"https:\/\/wp.kristdemokraterna.se\/haninge\/","logo":{"@type":"ImageObject","inLanguage":"sv-SE","@id":"https:\/\/wp.kristdemokraterna.se\/haninge\/#\/schema\/logo\/image\/","url":"https:\/\/wp.kristdemokraterna.se\/haninge\/files\/2022\/01\/kd-logo-bla\u2560e.png","contentUrl":"https:\/\/wp.kristdemokraterna.se\/haninge\/files\/2022\/01\/kd-logo-bla\u2560e.png","width":2032,"height":2031,"caption":"Kristdemokraterna i Haninge"},"image":{"@id":"https:\/\/wp.kristdemokraterna.se\/haninge\/#\/schema\/logo\/image\/"}},{"@type":"Person","@id":"https:\/\/wp.kristdemokraterna.se\/haninge\/#\/schema\/person\/98d27838d17178471da5e8a56aa604a4","name":"helpdesk","image":{"@type":"ImageObject","inLanguage":"sv-SE","@id":"https:\/\/secure.gravatar.com\/avatar\/2e747bc9a7d4e5a6ecca7d851e4175129f995f3f6d9ef18734d1ff623abe4a88?s=96&d=mm&r=g","url":"https:\/\/secure.gravatar.com\/avatar\/2e747bc9a7d4e5a6ecca7d851e4175129f995f3f6d9ef18734d1ff623abe4a88?s=96&d=mm&r=g","contentUrl":"https:\/\/secure.gravatar.com\/avatar\/2e747bc9a7d4e5a6ecca7d851e4175129f995f3f6d9ef18734d1ff623abe4a88?s=96&d=mm&r=g","caption":"helpdesk"},"url":"https:\/\/wp.kristdemokraterna.se\/haninge\/author\/helpdesk\/"}]}},"_links":{"self":[{"href":"https:\/\/wp.kristdemokraterna.se\/haninge\/wp-json\/wp\/v2\/posts\/728","targetHints":{"allow":["GET"]}}],"collection":[{"href":"https:\/\/wp.kristdemokraterna.se\/haninge\/wp-json\/wp\/v2\/posts"}],"about":[{"href":"https:\/\/wp.kristdemokraterna.se\/haninge\/wp-json\/wp\/v2\/types\/post"}],"author":[{"embeddable":true,"href":"https:\/\/wp.kristdemokraterna.se\/haninge\/wp-json\/wp\/v2\/users\/444"}],"replies":[{"embeddable":true,"href":"https:\/\/wp.kristdemokraterna.se\/haninge\/wp-json\/wp\/v2\/comments?post=728"}],"version-history":[{"count":0,"href":"https:\/\/wp.kristdemokraterna.se\/haninge\/wp-json\/wp\/v2\/posts\/728\/revisions"}],"wp:featuredmedia":[{"embeddable":true,"href":"https:\/\/wp.kristdemokraterna.se\/haninge\/wp-json\/"}],"wp:attachment":[{"href":"https:\/\/wp.kristdemokraterna.se\/haninge\/wp-json\/wp\/v2\/media?parent=728"}],"wp:term":[{"taxonomy":"category","embeddable":true,"href":"https:\/\/wp.kristdemokraterna.se\/haninge\/wp-json\/wp\/v2\/categories?post=728"},{"taxonomy":"post_tag","embeddable":true,"href":"https:\/\/wp.kristdemokraterna.se\/haninge\/wp-json\/wp\/v2\/tags?post=728"}],"curies":[{"name":"wp","href":"https:\/\/api.w.org\/{rel}","templated":true}]}}