{"id":781,"date":"2020-09-15T11:27:11","date_gmt":"2020-09-15T09:27:11","guid":{"rendered":"http:\/\/wp.kristdemokraterna.se\/haninge\/?p=781"},"modified":"2020-09-15T11:27:11","modified_gmt":"2020-09-15T09:27:11","slug":"flygbladsutdelning-i-vasterhaninge","status":"publish","type":"post","link":"https:\/\/wp.kristdemokraterna.se\/haninge\/flygbladsutdelning-i-vasterhaninge\/","title":{"rendered":"Flygbladsutdelning i V\u00e4sterhaninge"},"content":{"rendered":"<div class=\"kvgmc6g5 cxmmr5t8 oygrvhab hcukyx3x c1et5uql ii04i59q\">\n<div dir=\"auto\"><strong>F\u00f6rra veckan var vi i ett soligt V\u00e4sterhaninge och delade ut flygblad. Budskapen var \u201dBlankt nej till ny fastighetsskatt\u201d och \u201dH\u00e5rdare tag mot g\u00e4ngkriminaliteten\u201d.<\/strong><\/div>\n<div dir=\"auto\"><img decoding=\"async\" src=\"image\/gif;base64,R0lGODlhAQABAIAAAAAAAP\/\/\/yH5BAEAAAAALAAAAAABAAEAAAIBRAA7\" \/><img decoding=\"async\" src=\"image\/gif;base64,R0lGODlhAQABAIAAAAAAAP\/\/\/yH5BAEAAAAALAAAAAABAAEAAAIBRAA7\" \/><\/div>\n<\/div>\n<div class=\"o9v6fnle cxmmr5t8 oygrvhab hcukyx3x c1et5uql ii04i59q\">\n<div dir=\"auto\">Kristdemokraterna drev p\u00e5 avskaffandet av fastighetsskatten 2008. Nu finns planer p\u00e5 ett \u00e5terinf\u00f6rande av denna straffskatt som is\u00e5fall kommer att sl\u00e5 h\u00e5rt mot b\u00e5de hus och bostadsr\u00e4tter &#8211; n\u00e5got KD aldrig kommer att verka f\u00f6r.<\/div>\n<div dir=\"auto\"><\/div>\n<div dir=\"auto\">Vad g\u00e4ller kampen mot g\u00e4ngkriminaliteten \u00e4r det en lika aktuell som viktig fr\u00e5ga, d\u00e4r vi l\u00e4nge efterfr\u00e5gat h\u00e5rdare tag. Bland annat vill vi m\u00f6jligg\u00f6ra f\u00f6r anonyma vittnet, kronvittnen och slopa straffrabatter. L\u00e4s mer om v\u00e5r politik mot g\u00e4ngkriminaliteten;<\/div>\n<\/div>\n<div class=\"o9v6fnle cxmmr5t8 oygrvhab hcukyx3x c1et5uql ii04i59q\">\n<div dir=\"auto\"><a class=\"oajrlxb2 g5ia77u1 qu0x051f esr5mh6w e9989ue4 r7d6kgcz rq0escxv nhd2j8a9 nc684nl6 p7hjln8o kvgmc6g5 cxmmr5t8 oygrvhab hcukyx3x jb3vyjys rz4wbd8a qt6c0cv9 a8nywdso i1ao9s8h esuyzwwr f1sip0of lzcic4wl py34i1dx gpro0wi8\" role=\"link\" href=\"https:\/\/kristdemokraterna.se\/politik-a-o\/gangkriminalitet\/?fbclid=IwAR074LJTdkhweqg20H4q78KdbbMQ2Qs8duWTD1DhhcW0JohLrVc9q-wf8Ek\" target=\"_blank\" rel=\"nofollow noopener noreferrer\">https:\/\/kristdemokraterna.se\/politik-a-o\/gangkriminalitet\/<\/a><\/div>\n<\/div>\n<div dir=\"auto\"><\/div>\n<div dir=\"auto\"><\/div>\n","protected":false},"excerpt":{"rendered":"<p>F\u00f6rra veckan var vi i ett soligt V\u00e4sterhaninge och delade ut flygblad. Budskapen var \u201dBlankt nej till ny fastighetsskatt\u201d och \u201dH\u00e5rdare tag mot g\u00e4ngkriminaliteten\u201d. Kristdemokraterna drev p\u00e5 avskaffandet av fastighetsskatten 2008. Nu finns planer p\u00e5 ett \u00e5terinf\u00f6rande av denna straffskatt som is\u00e5fall kommer att sl\u00e5 h\u00e5rt mot b\u00e5de hus och bostadsr\u00e4tter &#8211; n\u00e5got KD aldrig <a class=\"read-more-link\" href=\"https:\/\/wp.kristdemokraterna.se\/haninge\/flygbladsutdelning-i-vasterhaninge\/\">L\u00e4s mer<\/a><\/p>\n","protected":false},"author":444,"featured_media":782,"comment_status":"closed","ping_status":"closed","sticky":false,"template":"","format":"standard","meta":{"_acf_changed":false,"footnotes":""},"categories":[1],"tags":[],"class_list":["post-781","post","type-post","status-publish","format-standard","hentry","category-okategoriserade"],"acf":[],"yoast_head":"<!-- This site is optimized with the Yoast SEO plugin v27.4 - https:\/\/yoast.com\/product\/yoast-seo-wordpress\/ -->\n<title>Flygbladsutdelning i V\u00e4sterhaninge &#8211;<\/title>\n<meta name=\"description\" content=\"V\u00e4lkommen till Kristdemokraterna i Haninges hemsida! Vi \u00e4r det trygga alternativet i Haninge kommun f\u00f6r ett samh\u00e4lle d\u00e4r m\u00e4nniskor vill bo och verka i.\" \/>\n<meta name=\"robots\" content=\"index, follow, max-snippet:-1, max-image-preview:large, max-video-preview:-1\" \/>\n<link rel=\"canonical\" href=\"https:\/\/wp.kristdemokraterna.se\/haninge\/flygbladsutdelning-i-vasterhaninge\/\" \/>\n<meta property=\"og:locale\" content=\"sv_SE\" \/>\n<meta property=\"og:type\" content=\"article\" \/>\n<meta property=\"og:title\" content=\"Flygbladsutdelning i V\u00e4sterhaninge &#8211;\" \/>\n<meta property=\"og:description\" content=\"V\u00e4lkommen till Kristdemokraterna i Haninges hemsida! Vi \u00e4r det trygga alternativet i Haninge kommun f\u00f6r ett samh\u00e4lle d\u00e4r m\u00e4nniskor vill bo och verka i.\" \/>\n<meta property=\"og:url\" content=\"https:\/\/wp.kristdemokraterna.se\/haninge\/flygbladsutdelning-i-vasterhaninge\/\" \/>\n<meta property=\"og:site_name\" content=\"Kristdemokraterna i Haninge |\" \/>\n<meta property=\"article:published_time\" content=\"2020-09-15T09:27:11+00:00\" \/>\n<meta name=\"author\" content=\"helpdesk\" \/>\n<meta name=\"twitter:card\" content=\"summary_large_image\" \/>\n<meta name=\"twitter:label1\" content=\"Skriven av\" \/>\n\t<meta name=\"twitter:data1\" content=\"helpdesk\" \/>\n\t<meta name=\"twitter:label2\" content=\"Ber\u00e4knad l\u00e4stid\" \/>\n\t<meta name=\"twitter:data2\" content=\"1 minut\" \/>\n<script type=\"application\/ld+json\" class=\"yoast-schema-graph\">{\"@context\":\"https:\\\/\\\/schema.org\",\"@graph\":[{\"@type\":\"NewsArticle\",\"@id\":\"https:\\\/\\\/wp.kristdemokraterna.se\\\/haninge\\\/flygbladsutdelning-i-vasterhaninge\\\/#article\",\"isPartOf\":{\"@id\":\"https:\\\/\\\/wp.kristdemokraterna.se\\\/haninge\\\/flygbladsutdelning-i-vasterhaninge\\\/\"},\"author\":{\"name\":\"helpdesk\",\"@id\":\"https:\\\/\\\/wp.kristdemokraterna.se\\\/haninge\\\/#\\\/schema\\\/person\\\/98d27838d17178471da5e8a56aa604a4\"},\"headline\":\"Flygbladsutdelning i V\u00e4sterhaninge\",\"datePublished\":\"2020-09-15T09:27:11+00:00\",\"mainEntityOfPage\":{\"@id\":\"https:\\\/\\\/wp.kristdemokraterna.se\\\/haninge\\\/flygbladsutdelning-i-vasterhaninge\\\/\"},\"wordCount\":129,\"publisher\":{\"@id\":\"https:\\\/\\\/wp.kristdemokraterna.se\\\/haninge\\\/#organization\"},\"image\":{\"@id\":\"https:\\\/\\\/wp.kristdemokraterna.se\\\/haninge\\\/flygbladsutdelning-i-vasterhaninge\\\/#primaryimage\"},\"thumbnailUrl\":\"\",\"inLanguage\":\"sv-SE\"},{\"@type\":\"WebPage\",\"@id\":\"https:\\\/\\\/wp.kristdemokraterna.se\\\/haninge\\\/flygbladsutdelning-i-vasterhaninge\\\/\",\"url\":\"https:\\\/\\\/wp.kristdemokraterna.se\\\/haninge\\\/flygbladsutdelning-i-vasterhaninge\\\/\",\"name\":\"Flygbladsutdelning i V\u00e4sterhaninge &#8211;\",\"isPartOf\":{\"@id\":\"https:\\\/\\\/wp.kristdemokraterna.se\\\/haninge\\\/#website\"},\"primaryImageOfPage\":{\"@id\":\"https:\\\/\\\/wp.kristdemokraterna.se\\\/haninge\\\/flygbladsutdelning-i-vasterhaninge\\\/#primaryimage\"},\"image\":{\"@id\":\"https:\\\/\\\/wp.kristdemokraterna.se\\\/haninge\\\/flygbladsutdelning-i-vasterhaninge\\\/#primaryimage\"},\"thumbnailUrl\":\"\",\"datePublished\":\"2020-09-15T09:27:11+00:00\",\"description\":\"V\u00e4lkommen till Kristdemokraterna i Haninges hemsida! Vi \u00e4r det trygga alternativet i Haninge kommun f\u00f6r ett samh\u00e4lle d\u00e4r m\u00e4nniskor vill bo och verka i.\",\"breadcrumb\":{\"@id\":\"https:\\\/\\\/wp.kristdemokraterna.se\\\/haninge\\\/flygbladsutdelning-i-vasterhaninge\\\/#breadcrumb\"},\"inLanguage\":\"sv-SE\",\"potentialAction\":[{\"@type\":\"ReadAction\",\"target\":[\"https:\\\/\\\/wp.kristdemokraterna.se\\\/haninge\\\/flygbladsutdelning-i-vasterhaninge\\\/\"]}]},{\"@type\":\"ImageObject\",\"inLanguage\":\"sv-SE\",\"@id\":\"https:\\\/\\\/wp.kristdemokraterna.se\\\/haninge\\\/flygbladsutdelning-i-vasterhaninge\\\/#primaryimage\",\"url\":\"\",\"contentUrl\":\"\"},{\"@type\":\"BreadcrumbList\",\"@id\":\"https:\\\/\\\/wp.kristdemokraterna.se\\\/haninge\\\/flygbladsutdelning-i-vasterhaninge\\\/#breadcrumb\",\"itemListElement\":[{\"@type\":\"ListItem\",\"position\":1,\"name\":\"Hem\",\"item\":\"https:\\\/\\\/wp.kristdemokraterna.se\\\/haninge\\\/\"},{\"@type\":\"ListItem\",\"position\":2,\"name\":\"Flygbladsutdelning i V\u00e4sterhaninge\"}]},{\"@type\":\"WebSite\",\"@id\":\"https:\\\/\\\/wp.kristdemokraterna.se\\\/haninge\\\/#website\",\"url\":\"https:\\\/\\\/wp.kristdemokraterna.se\\\/haninge\\\/\",\"name\":\"Kristdemokraterna i Haninge |\",\"description\":\"Det trygga alternativet\",\"publisher\":{\"@id\":\"https:\\\/\\\/wp.kristdemokraterna.se\\\/haninge\\\/#organization\"},\"inLanguage\":\"sv-SE\"},{\"@type\":\"Organization\",\"@id\":\"https:\\\/\\\/wp.kristdemokraterna.se\\\/haninge\\\/#organization\",\"name\":\"Kristdemokraterna i Haninge\",\"url\":\"https:\\\/\\\/wp.kristdemokraterna.se\\\/haninge\\\/\",\"logo\":{\"@type\":\"ImageObject\",\"inLanguage\":\"sv-SE\",\"@id\":\"https:\\\/\\\/wp.kristdemokraterna.se\\\/haninge\\\/#\\\/schema\\\/logo\\\/image\\\/\",\"url\":\"https:\\\/\\\/wp.kristdemokraterna.se\\\/haninge\\\/files\\\/2022\\\/01\\\/kd-logo-bla\u2560e.png\",\"contentUrl\":\"https:\\\/\\\/wp.kristdemokraterna.se\\\/haninge\\\/files\\\/2022\\\/01\\\/kd-logo-bla\u2560e.png\",\"width\":2032,\"height\":2031,\"caption\":\"Kristdemokraterna i Haninge\"},\"image\":{\"@id\":\"https:\\\/\\\/wp.kristdemokraterna.se\\\/haninge\\\/#\\\/schema\\\/logo\\\/image\\\/\"}},{\"@type\":\"Person\",\"@id\":\"https:\\\/\\\/wp.kristdemokraterna.se\\\/haninge\\\/#\\\/schema\\\/person\\\/98d27838d17178471da5e8a56aa604a4\",\"name\":\"helpdesk\",\"image\":{\"@type\":\"ImageObject\",\"inLanguage\":\"sv-SE\",\"@id\":\"https:\\\/\\\/secure.gravatar.com\\\/avatar\\\/2e747bc9a7d4e5a6ecca7d851e4175129f995f3f6d9ef18734d1ff623abe4a88?s=96&d=mm&r=g\",\"url\":\"https:\\\/\\\/secure.gravatar.com\\\/avatar\\\/2e747bc9a7d4e5a6ecca7d851e4175129f995f3f6d9ef18734d1ff623abe4a88?s=96&d=mm&r=g\",\"contentUrl\":\"https:\\\/\\\/secure.gravatar.com\\\/avatar\\\/2e747bc9a7d4e5a6ecca7d851e4175129f995f3f6d9ef18734d1ff623abe4a88?s=96&d=mm&r=g\",\"caption\":\"helpdesk\"},\"url\":\"https:\\\/\\\/wp.kristdemokraterna.se\\\/haninge\\\/author\\\/helpdesk\\\/\"}]}<\/script>\n<!-- \/ Yoast SEO plugin. -->","yoast_head_json":{"title":"Flygbladsutdelning i V\u00e4sterhaninge &#8211;","description":"V\u00e4lkommen till Kristdemokraterna i Haninges hemsida! Vi \u00e4r det trygga alternativet i Haninge kommun f\u00f6r ett samh\u00e4lle d\u00e4r m\u00e4nniskor vill bo och verka i.","robots":{"index":"index","follow":"follow","max-snippet":"max-snippet:-1","max-image-preview":"max-image-preview:large","max-video-preview":"max-video-preview:-1"},"canonical":"https:\/\/wp.kristdemokraterna.se\/haninge\/flygbladsutdelning-i-vasterhaninge\/","og_locale":"sv_SE","og_type":"article","og_title":"Flygbladsutdelning i V\u00e4sterhaninge &#8211;","og_description":"V\u00e4lkommen till Kristdemokraterna i Haninges hemsida! Vi \u00e4r det trygga alternativet i Haninge kommun f\u00f6r ett samh\u00e4lle d\u00e4r m\u00e4nniskor vill bo och verka i.","og_url":"https:\/\/wp.kristdemokraterna.se\/haninge\/flygbladsutdelning-i-vasterhaninge\/","og_site_name":"Kristdemokraterna i Haninge |","article_published_time":"2020-09-15T09:27:11+00:00","author":"helpdesk","twitter_card":"summary_large_image","twitter_misc":{"Skriven av":"helpdesk","Ber\u00e4knad l\u00e4stid":"1 minut"},"schema":{"@context":"https:\/\/schema.org","@graph":[{"@type":"NewsArticle","@id":"https:\/\/wp.kristdemokraterna.se\/haninge\/flygbladsutdelning-i-vasterhaninge\/#article","isPartOf":{"@id":"https:\/\/wp.kristdemokraterna.se\/haninge\/flygbladsutdelning-i-vasterhaninge\/"},"author":{"name":"helpdesk","@id":"https:\/\/wp.kristdemokraterna.se\/haninge\/#\/schema\/person\/98d27838d17178471da5e8a56aa604a4"},"headline":"Flygbladsutdelning i V\u00e4sterhaninge","datePublished":"2020-09-15T09:27:11+00:00","mainEntityOfPage":{"@id":"https:\/\/wp.kristdemokraterna.se\/haninge\/flygbladsutdelning-i-vasterhaninge\/"},"wordCount":129,"publisher":{"@id":"https:\/\/wp.kristdemokraterna.se\/haninge\/#organization"},"image":{"@id":"https:\/\/wp.kristdemokraterna.se\/haninge\/flygbladsutdelning-i-vasterhaninge\/#primaryimage"},"thumbnailUrl":"","inLanguage":"sv-SE"},{"@type":"WebPage","@id":"https:\/\/wp.kristdemokraterna.se\/haninge\/flygbladsutdelning-i-vasterhaninge\/","url":"https:\/\/wp.kristdemokraterna.se\/haninge\/flygbladsutdelning-i-vasterhaninge\/","name":"Flygbladsutdelning i V\u00e4sterhaninge &#8211;","isPartOf":{"@id":"https:\/\/wp.kristdemokraterna.se\/haninge\/#website"},"primaryImageOfPage":{"@id":"https:\/\/wp.kristdemokraterna.se\/haninge\/flygbladsutdelning-i-vasterhaninge\/#primaryimage"},"image":{"@id":"https:\/\/wp.kristdemokraterna.se\/haninge\/flygbladsutdelning-i-vasterhaninge\/#primaryimage"},"thumbnailUrl":"","datePublished":"2020-09-15T09:27:11+00:00","description":"V\u00e4lkommen till Kristdemokraterna i Haninges hemsida! Vi \u00e4r det trygga alternativet i Haninge kommun f\u00f6r ett samh\u00e4lle d\u00e4r m\u00e4nniskor vill bo och verka i.","breadcrumb":{"@id":"https:\/\/wp.kristdemokraterna.se\/haninge\/flygbladsutdelning-i-vasterhaninge\/#breadcrumb"},"inLanguage":"sv-SE","potentialAction":[{"@type":"ReadAction","target":["https:\/\/wp.kristdemokraterna.se\/haninge\/flygbladsutdelning-i-vasterhaninge\/"]}]},{"@type":"ImageObject","inLanguage":"sv-SE","@id":"https:\/\/wp.kristdemokraterna.se\/haninge\/flygbladsutdelning-i-vasterhaninge\/#primaryimage","url":"","contentUrl":""},{"@type":"BreadcrumbList","@id":"https:\/\/wp.kristdemokraterna.se\/haninge\/flygbladsutdelning-i-vasterhaninge\/#breadcrumb","itemListElement":[{"@type":"ListItem","position":1,"name":"Hem","item":"https:\/\/wp.kristdemokraterna.se\/haninge\/"},{"@type":"ListItem","position":2,"name":"Flygbladsutdelning i V\u00e4sterhaninge"}]},{"@type":"WebSite","@id":"https:\/\/wp.kristdemokraterna.se\/haninge\/#website","url":"https:\/\/wp.kristdemokraterna.se\/haninge\/","name":"Kristdemokraterna i Haninge |","description":"Det trygga alternativet","publisher":{"@id":"https:\/\/wp.kristdemokraterna.se\/haninge\/#organization"},"inLanguage":"sv-SE"},{"@type":"Organization","@id":"https:\/\/wp.kristdemokraterna.se\/haninge\/#organization","name":"Kristdemokraterna i Haninge","url":"https:\/\/wp.kristdemokraterna.se\/haninge\/","logo":{"@type":"ImageObject","inLanguage":"sv-SE","@id":"https:\/\/wp.kristdemokraterna.se\/haninge\/#\/schema\/logo\/image\/","url":"https:\/\/wp.kristdemokraterna.se\/haninge\/files\/2022\/01\/kd-logo-bla\u2560e.png","contentUrl":"https:\/\/wp.kristdemokraterna.se\/haninge\/files\/2022\/01\/kd-logo-bla\u2560e.png","width":2032,"height":2031,"caption":"Kristdemokraterna i Haninge"},"image":{"@id":"https:\/\/wp.kristdemokraterna.se\/haninge\/#\/schema\/logo\/image\/"}},{"@type":"Person","@id":"https:\/\/wp.kristdemokraterna.se\/haninge\/#\/schema\/person\/98d27838d17178471da5e8a56aa604a4","name":"helpdesk","image":{"@type":"ImageObject","inLanguage":"sv-SE","@id":"https:\/\/secure.gravatar.com\/avatar\/2e747bc9a7d4e5a6ecca7d851e4175129f995f3f6d9ef18734d1ff623abe4a88?s=96&d=mm&r=g","url":"https:\/\/secure.gravatar.com\/avatar\/2e747bc9a7d4e5a6ecca7d851e4175129f995f3f6d9ef18734d1ff623abe4a88?s=96&d=mm&r=g","contentUrl":"https:\/\/secure.gravatar.com\/avatar\/2e747bc9a7d4e5a6ecca7d851e4175129f995f3f6d9ef18734d1ff623abe4a88?s=96&d=mm&r=g","caption":"helpdesk"},"url":"https:\/\/wp.kristdemokraterna.se\/haninge\/author\/helpdesk\/"}]}},"_links":{"self":[{"href":"https:\/\/wp.kristdemokraterna.se\/haninge\/wp-json\/wp\/v2\/posts\/781","targetHints":{"allow":["GET"]}}],"collection":[{"href":"https:\/\/wp.kristdemokraterna.se\/haninge\/wp-json\/wp\/v2\/posts"}],"about":[{"href":"https:\/\/wp.kristdemokraterna.se\/haninge\/wp-json\/wp\/v2\/types\/post"}],"author":[{"embeddable":true,"href":"https:\/\/wp.kristdemokraterna.se\/haninge\/wp-json\/wp\/v2\/users\/444"}],"replies":[{"embeddable":true,"href":"https:\/\/wp.kristdemokraterna.se\/haninge\/wp-json\/wp\/v2\/comments?post=781"}],"version-history":[{"count":0,"href":"https:\/\/wp.kristdemokraterna.se\/haninge\/wp-json\/wp\/v2\/posts\/781\/revisions"}],"wp:featuredmedia":[{"embeddable":true,"href":"https:\/\/wp.kristdemokraterna.se\/haninge\/wp-json\/"}],"wp:attachment":[{"href":"https:\/\/wp.kristdemokraterna.se\/haninge\/wp-json\/wp\/v2\/media?parent=781"}],"wp:term":[{"taxonomy":"category","embeddable":true,"href":"https:\/\/wp.kristdemokraterna.se\/haninge\/wp-json\/wp\/v2\/categories?post=781"},{"taxonomy":"post_tag","embeddable":true,"href":"https:\/\/wp.kristdemokraterna.se\/haninge\/wp-json\/wp\/v2\/tags?post=781"}],"curies":[{"name":"wp","href":"https:\/\/api.w.org\/{rel}","templated":true}]}}