{"id":806,"date":"2020-11-26T11:45:06","date_gmt":"2020-11-26T10:45:06","guid":{"rendered":"http:\/\/wp.kristdemokraterna.se\/haninge\/?p=806"},"modified":"2021-04-29T14:49:03","modified_gmt":"2021-04-29T12:49:03","slug":"orangeday-tillsammans-mot-vald-mot-kvinnor","status":"publish","type":"post","link":"https:\/\/wp.kristdemokraterna.se\/haninge\/orangeday-tillsammans-mot-vald-mot-kvinnor\/","title":{"rendered":"#OrangeDay &#8211; Tillsammans mot v\u00e5ld mot kvinnor"},"content":{"rendered":"<div class=\"kvgmc6g5 cxmmr5t8 oygrvhab hcukyx3x c1et5uql ii04i59q\">\n<div dir=\"auto\"><strong>Ig\u00e5r var det <a class=\"oajrlxb2 g5ia77u1 qu0x051f esr5mh6w e9989ue4 r7d6kgcz rq0escxv nhd2j8a9 nc684nl6 p7hjln8o kvgmc6g5 cxmmr5t8 oygrvhab hcukyx3x jb3vyjys rz4wbd8a qt6c0cv9 a8nywdso i1ao9s8h esuyzwwr f1sip0of lzcic4wl q66pz984 gpro0wi8 b1v8xokw\" role=\"link\" href=\"https:\/\/www.facebook.com\/hashtag\/orangeday?__eep__=6&amp;__cft__[0]=AZWo_kImvrGhnMxFKuYwWwFXN3MdheBwF9EN90Dy8LH9H-AsHZf3gZZCtoqUzeJQRYNcaG2DhEP8FCkWuJr2BDkapNku2uXRBCR4XRDnrYX0WjVY9Si92Kj0f_OdcsP3L0Jsc58kvdqkaBB29bhzJ1UJIMsc4JiW1EqaZYNT6qsNX3ZHOsacHM3V2vIcTx4OCKg&amp;__tn__=*NK-R\">#OrangeDay<\/a>, FN:s internationella dag mot m\u00e4ns v\u00e5ld mot kvinnor, som uppm\u00e4rksammas runt om i landet under parollen &#8221;Tillsammans mot v\u00e5ld&#8221;.<\/strong><\/div>\n<div dir=\"auto\"><\/div>\n<div dir=\"auto\">Familjen \u00e4r den starkaste gemenskap vi har och hemmet ska vara v\u00e5r tryggaste plats. Men s\u00e5 ser det tyv\u00e4rr inte alltid ut. F\u00f6rra \u00e5ret begicks n\u00e4rmare en femtedel av alla anm\u00e4lda misshandelsfall i Sverige av en n\u00e4rst\u00e5ende till offret. Det faktiska antalet \u00e4r dock mycket st\u00f6rre d\u00e5 merparten av dessa brott inte polisanm\u00e4ls. S\u00e4rskilt illa \u00e4r det i pandemins sp\u00e5r och i m\u00e5ndags uppgav Haninge kvinnojour att att man f\u00e5tt ta emot dubbelt s\u00e5 m\u00e5nga samtal som innan pandemin (<a class=\"oajrlxb2 g5ia77u1 qu0x051f esr5mh6w e9989ue4 r7d6kgcz rq0escxv nhd2j8a9 nc684nl6 p7hjln8o kvgmc6g5 cxmmr5t8 oygrvhab hcukyx3x jb3vyjys rz4wbd8a qt6c0cv9 a8nywdso i1ao9s8h esuyzwwr f1sip0of lzcic4wl py34i1dx gpro0wi8\" role=\"link\" href=\"https:\/\/www.mitti.se\/nyheter\/okat-tryck-pa-kvinnojouren-i-haninge-under-pandemin\/reptkj!J4bUVwlv999@IYcBxBdThw\/?fbclid=IwAR1gdL3FqiOCqSpR3elfYgF5JrnDOY6Oog7fryeAyivR_6SLbBBwVfV3GM4\" target=\"_blank\" rel=\"nofollow noopener noreferrer\">https:\/\/www.mitti.se\/&#8230;\/reptkj!J4bUVwlv999@IYcBxBdThw\/<\/a>).<\/div>\n<\/div>\n<div dir=\"auto\">\n<p>Mittensamarbete f\u00f6r Haninge kommer p\u00e5 Socialn\u00e4mndens sammantr\u00e4de 15 december att f\u00f6resl\u00e5 368 000 kronor i fortsatta medel till Haninge kvinnojour, Mancentrum i Haninge och Haninge\/Nyn\u00e4shamns brottsofferjour, f\u00f6r att de ska kunna forts\u00e4tta sitt outtr\u00f6ttliga arbete.<\/p>\n<div class=\"kvgmc6g5 cxmmr5t8 oygrvhab hcukyx3x c1et5uql ii04i59q\">\n<div dir=\"auto\">&#8211; V\u00e5ld i n\u00e4ra relationer \u00e4r ett stort problem i samh\u00e4llet, d\u00e4r vi dessutom befarar ett stort m\u00f6rkertal. Dessa f\u00f6reningar har m\u00f6jlighet att hj\u00e4lpa m\u00e5nga som annars kan vara sv\u00e5ra att n\u00e5 och deras arbete \u00e4r ett livsviktigt komplement till polisens insatser, s\u00e4ger Jens Davidson (KD), Socialn\u00e4mndens vice ordf\u00f6rande och kommunalr\u00e5d med ansvar f\u00f6r trygghetsfr\u00e5gor.<\/div>\n<\/div>\n<\/div>\n<div dir=\"auto\">\n<div dir=\"auto\">\n<p>Kristdemokraterna vill se ytterligare lagsk\u00e4rpningar, st\u00f6rre brottsofferperspektiv och fortsatta satsningar p\u00e5 det f\u00f6rebyggande arbetet, i kampen mot v\u00e5ld i n\u00e4ra relationer.<\/p>\n<\/div>\n<\/div>\n<div class=\"o9v6fnle cxmmr5t8 oygrvhab hcukyx3x c1et5uql ii04i59q\">\n<div dir=\"auto\">\n<div dir=\"auto\">\n<p>Bland annat vill vi:<\/p>\n<\/div>\n<\/div>\n<ul>\n<li>Inf\u00f6ra en civilkuragelag<\/li>\n<li>Bryta sekretessen vid misstanke om v\u00e5ld i n\u00e4ra relationer<\/li>\n<li>Sk\u00e4rpa straffen f\u00f6r v\u00e5ldt\u00e4kt. Straffen ska st\u00e5 i proportion till brottet s\u00e5 att brottsoffret f\u00e5r uppr\u00e4ttelse<\/li>\n<li>St\u00e4rka landets kvinnojourer<\/li>\n<li>\u00c5terinf\u00f6rda specialenheter inom polisen mot sexualbrott<\/li>\n<li>Prioritera snabbare och mer effektiv handl\u00e4ggning av polis\u00e4renden som r\u00f6r v\u00e5ld i n\u00e4ra relationer<\/li>\n<li>G\u00f6ra hedersbrott till egen brottsrubricering<\/li>\n<\/ul>\n<\/div>\n<div class=\"o9v6fnle cxmmr5t8 oygrvhab hcukyx3x c1et5uql ii04i59q\">\n<div dir=\"auto\">P\u00e5 l\u00e4nkarna kan du l\u00e4sa mer om var du som lever i en v\u00e5ldsam relation kan v\u00e4nda dig, och vilket st\u00f6d som finns:<\/div>\n<div dir=\"auto\"><a class=\"oajrlxb2 g5ia77u1 qu0x051f esr5mh6w e9989ue4 r7d6kgcz rq0escxv nhd2j8a9 nc684nl6 p7hjln8o kvgmc6g5 cxmmr5t8 oygrvhab hcukyx3x jb3vyjys rz4wbd8a qt6c0cv9 a8nywdso i1ao9s8h esuyzwwr f1sip0of lzcic4wl py34i1dx gpro0wi8\" role=\"link\" href=\"https:\/\/www.haninge.se\/omsorg-och-stod\/om-nagon-far-illa\/vald-i-nara-relation\/?fbclid=IwAR2KZxEjqNyg9KnO3aMAZvjePw1jqOSpwy9ccmLbMrG_RJuCnzDKR2UqHZo\" target=\"_blank\" rel=\"nofollow noopener noreferrer\">https:\/\/www.haninge.se\/&#8230;\/om-nagon&#8230;\/vald-i-nara-relation\/<\/a><\/div>\n<div dir=\"auto\"><a class=\"oajrlxb2 g5ia77u1 qu0x051f esr5mh6w e9989ue4 r7d6kgcz rq0escxv nhd2j8a9 nc684nl6 p7hjln8o kvgmc6g5 cxmmr5t8 oygrvhab hcukyx3x jb3vyjys rz4wbd8a qt6c0cv9 a8nywdso i1ao9s8h esuyzwwr f1sip0of lzcic4wl py34i1dx gpro0wi8\" role=\"link\" href=\"http:\/\/haningekvinnojour.se\/?fbclid=IwAR3-oflgYDFAQHX9u3EjDH_nrs-NW9yqDjTSpdfd7o0GyGWpzBoAdnsPGXs\" target=\"_blank\" rel=\"nofollow noopener noreferrer\">http:\/\/haningekvinnojour.se\/<\/a><\/div>\n<div dir=\"auto\"><a class=\"oajrlxb2 g5ia77u1 qu0x051f esr5mh6w e9989ue4 r7d6kgcz rq0escxv nhd2j8a9 nc684nl6 p7hjln8o kvgmc6g5 cxmmr5t8 oygrvhab hcukyx3x jb3vyjys rz4wbd8a qt6c0cv9 a8nywdso i1ao9s8h esuyzwwr f1sip0of lzcic4wl py34i1dx gpro0wi8\" role=\"link\" href=\"https:\/\/www.manscentrumsodertorn.se\/?fbclid=IwAR2SJHv6-g7db-S2FyB1IvE-giquNmCtWYZiGDkvvqA2e99vYw6um5a3y1Q\" target=\"_blank\" rel=\"nofollow noopener noreferrer\">https:\/\/www.manscentrumsodertorn.se\/<\/a><\/div>\n<div dir=\"auto\"><a class=\"oajrlxb2 g5ia77u1 qu0x051f esr5mh6w e9989ue4 r7d6kgcz rq0escxv nhd2j8a9 nc684nl6 p7hjln8o kvgmc6g5 cxmmr5t8 oygrvhab hcukyx3x jb3vyjys rz4wbd8a qt6c0cv9 a8nywdso i1ao9s8h esuyzwwr f1sip0of lzcic4wl py34i1dx gpro0wi8\" role=\"link\" href=\"https:\/\/haninge.boj.se\/?fbclid=IwAR1AzwxSvE8I8BEt8ElJeoZf1cFL8r6KG3uXclJdUTDTh-H5irkOVMFltMQ\" target=\"_blank\" rel=\"nofollow noopener noreferrer\">https:\/\/haninge.boj.se\/<\/a><\/div>\n<\/div>\n","protected":false},"excerpt":{"rendered":"<p>Ig\u00e5r var det #OrangeDay, FN:s internationella dag mot m\u00e4ns v\u00e5ld mot kvinnor, som uppm\u00e4rksammas runt om i landet under parollen &#8221;Tillsammans mot v\u00e5ld&#8221;. Familjen \u00e4r den starkaste gemenskap vi har och hemmet ska vara v\u00e5r tryggaste plats. Men s\u00e5 ser det tyv\u00e4rr inte alltid ut. F\u00f6rra \u00e5ret begicks n\u00e4rmare en femtedel av alla anm\u00e4lda misshandelsfall <a class=\"read-more-link\" href=\"https:\/\/wp.kristdemokraterna.se\/haninge\/orangeday-tillsammans-mot-vald-mot-kvinnor\/\">L\u00e4s mer<\/a><\/p>\n","protected":false},"author":444,"featured_media":807,"comment_status":"closed","ping_status":"closed","sticky":false,"template":"","format":"standard","meta":{"_acf_changed":false,"footnotes":""},"categories":[4,1,11],"tags":[15],"class_list":["post-806","post","type-post","status-publish","format-standard","hentry","category-i-kommunen","category-okategoriserade","category-opinion","tag-vald-i-nara-relationer"],"acf":[],"yoast_head":"<!-- This site is optimized with the Yoast SEO plugin v27.4 - https:\/\/yoast.com\/product\/yoast-seo-wordpress\/ -->\n<title>#OrangeDay - Tillsammans mot v\u00e5ld mot kvinnor &#8211;<\/title>\n<meta name=\"description\" content=\"P\u00e5 den internationella dagen mot kvinnov\u00e5ld vill Kristdemokrater i Haninge lyfta en v\u00e4ldigt viktig fr\u00e5ga - v\u00e5ld i n\u00e4ra relationer.\" \/>\n<meta name=\"robots\" content=\"index, follow, max-snippet:-1, max-image-preview:large, max-video-preview:-1\" \/>\n<link rel=\"canonical\" href=\"https:\/\/wp.kristdemokraterna.se\/haninge\/orangeday-tillsammans-mot-vald-mot-kvinnor\/\" \/>\n<meta property=\"og:locale\" content=\"sv_SE\" \/>\n<meta property=\"og:type\" content=\"article\" \/>\n<meta property=\"og:title\" content=\"#OrangeDay - Tillsammans mot v\u00e5ld mot kvinnor &#8211;\" \/>\n<meta property=\"og:description\" content=\"P\u00e5 den internationella dagen mot kvinnov\u00e5ld vill Kristdemokrater i Haninge lyfta en v\u00e4ldigt viktig fr\u00e5ga - v\u00e5ld i n\u00e4ra relationer.\" \/>\n<meta property=\"og:url\" content=\"https:\/\/wp.kristdemokraterna.se\/haninge\/orangeday-tillsammans-mot-vald-mot-kvinnor\/\" \/>\n<meta property=\"og:site_name\" content=\"Kristdemokraterna i Haninge |\" \/>\n<meta property=\"article:published_time\" content=\"2020-11-26T10:45:06+00:00\" \/>\n<meta property=\"article:modified_time\" content=\"2021-04-29T12:49:03+00:00\" \/>\n<meta name=\"author\" content=\"helpdesk\" \/>\n<meta name=\"twitter:card\" content=\"summary_large_image\" \/>\n<meta name=\"twitter:label1\" content=\"Skriven av\" \/>\n\t<meta name=\"twitter:data1\" content=\"helpdesk\" \/>\n\t<meta name=\"twitter:label2\" content=\"Ber\u00e4knad l\u00e4stid\" \/>\n\t<meta name=\"twitter:data2\" content=\"2 minuter\" \/>\n<script type=\"application\/ld+json\" class=\"yoast-schema-graph\">{\"@context\":\"https:\\\/\\\/schema.org\",\"@graph\":[{\"@type\":\"Article\",\"@id\":\"https:\\\/\\\/wp.kristdemokraterna.se\\\/haninge\\\/orangeday-tillsammans-mot-vald-mot-kvinnor\\\/#article\",\"isPartOf\":{\"@id\":\"https:\\\/\\\/wp.kristdemokraterna.se\\\/haninge\\\/orangeday-tillsammans-mot-vald-mot-kvinnor\\\/\"},\"author\":{\"name\":\"helpdesk\",\"@id\":\"https:\\\/\\\/wp.kristdemokraterna.se\\\/haninge\\\/#\\\/schema\\\/person\\\/98d27838d17178471da5e8a56aa604a4\"},\"headline\":\"#OrangeDay &#8211; Tillsammans mot v\u00e5ld mot kvinnor\",\"datePublished\":\"2020-11-26T10:45:06+00:00\",\"dateModified\":\"2021-04-29T12:49:03+00:00\",\"mainEntityOfPage\":{\"@id\":\"https:\\\/\\\/wp.kristdemokraterna.se\\\/haninge\\\/orangeday-tillsammans-mot-vald-mot-kvinnor\\\/\"},\"wordCount\":398,\"publisher\":{\"@id\":\"https:\\\/\\\/wp.kristdemokraterna.se\\\/haninge\\\/#organization\"},\"image\":{\"@id\":\"https:\\\/\\\/wp.kristdemokraterna.se\\\/haninge\\\/orangeday-tillsammans-mot-vald-mot-kvinnor\\\/#primaryimage\"},\"thumbnailUrl\":\"\",\"keywords\":[\"v\u00e5ld i n\u00e4ra relationer\"],\"articleSection\":{\"0\":\"I Kommunen\",\"2\":\"V\u00e5r opinion\"},\"inLanguage\":\"sv-SE\"},{\"@type\":\"WebPage\",\"@id\":\"https:\\\/\\\/wp.kristdemokraterna.se\\\/haninge\\\/orangeday-tillsammans-mot-vald-mot-kvinnor\\\/\",\"url\":\"https:\\\/\\\/wp.kristdemokraterna.se\\\/haninge\\\/orangeday-tillsammans-mot-vald-mot-kvinnor\\\/\",\"name\":\"#OrangeDay - Tillsammans mot v\u00e5ld mot kvinnor &#8211;\",\"isPartOf\":{\"@id\":\"https:\\\/\\\/wp.kristdemokraterna.se\\\/haninge\\\/#website\"},\"primaryImageOfPage\":{\"@id\":\"https:\\\/\\\/wp.kristdemokraterna.se\\\/haninge\\\/orangeday-tillsammans-mot-vald-mot-kvinnor\\\/#primaryimage\"},\"image\":{\"@id\":\"https:\\\/\\\/wp.kristdemokraterna.se\\\/haninge\\\/orangeday-tillsammans-mot-vald-mot-kvinnor\\\/#primaryimage\"},\"thumbnailUrl\":\"\",\"datePublished\":\"2020-11-26T10:45:06+00:00\",\"dateModified\":\"2021-04-29T12:49:03+00:00\",\"description\":\"P\u00e5 den internationella dagen mot kvinnov\u00e5ld vill Kristdemokrater i Haninge lyfta en v\u00e4ldigt viktig fr\u00e5ga - v\u00e5ld i n\u00e4ra relationer.\",\"breadcrumb\":{\"@id\":\"https:\\\/\\\/wp.kristdemokraterna.se\\\/haninge\\\/orangeday-tillsammans-mot-vald-mot-kvinnor\\\/#breadcrumb\"},\"inLanguage\":\"sv-SE\",\"potentialAction\":[{\"@type\":\"ReadAction\",\"target\":[\"https:\\\/\\\/wp.kristdemokraterna.se\\\/haninge\\\/orangeday-tillsammans-mot-vald-mot-kvinnor\\\/\"]}]},{\"@type\":\"ImageObject\",\"inLanguage\":\"sv-SE\",\"@id\":\"https:\\\/\\\/wp.kristdemokraterna.se\\\/haninge\\\/orangeday-tillsammans-mot-vald-mot-kvinnor\\\/#primaryimage\",\"url\":\"\",\"contentUrl\":\"\"},{\"@type\":\"BreadcrumbList\",\"@id\":\"https:\\\/\\\/wp.kristdemokraterna.se\\\/haninge\\\/orangeday-tillsammans-mot-vald-mot-kvinnor\\\/#breadcrumb\",\"itemListElement\":[{\"@type\":\"ListItem\",\"position\":1,\"name\":\"Hem\",\"item\":\"https:\\\/\\\/wp.kristdemokraterna.se\\\/haninge\\\/\"},{\"@type\":\"ListItem\",\"position\":2,\"name\":\"#OrangeDay &#8211; Tillsammans mot v\u00e5ld mot kvinnor\"}]},{\"@type\":\"WebSite\",\"@id\":\"https:\\\/\\\/wp.kristdemokraterna.se\\\/haninge\\\/#website\",\"url\":\"https:\\\/\\\/wp.kristdemokraterna.se\\\/haninge\\\/\",\"name\":\"Kristdemokraterna i Haninge |\",\"description\":\"Det trygga alternativet\",\"publisher\":{\"@id\":\"https:\\\/\\\/wp.kristdemokraterna.se\\\/haninge\\\/#organization\"},\"inLanguage\":\"sv-SE\"},{\"@type\":\"Organization\",\"@id\":\"https:\\\/\\\/wp.kristdemokraterna.se\\\/haninge\\\/#organization\",\"name\":\"Kristdemokraterna i Haninge\",\"url\":\"https:\\\/\\\/wp.kristdemokraterna.se\\\/haninge\\\/\",\"logo\":{\"@type\":\"ImageObject\",\"inLanguage\":\"sv-SE\",\"@id\":\"https:\\\/\\\/wp.kristdemokraterna.se\\\/haninge\\\/#\\\/schema\\\/logo\\\/image\\\/\",\"url\":\"https:\\\/\\\/wp.kristdemokraterna.se\\\/haninge\\\/files\\\/2022\\\/01\\\/kd-logo-bla\u2560e.png\",\"contentUrl\":\"https:\\\/\\\/wp.kristdemokraterna.se\\\/haninge\\\/files\\\/2022\\\/01\\\/kd-logo-bla\u2560e.png\",\"width\":2032,\"height\":2031,\"caption\":\"Kristdemokraterna i Haninge\"},\"image\":{\"@id\":\"https:\\\/\\\/wp.kristdemokraterna.se\\\/haninge\\\/#\\\/schema\\\/logo\\\/image\\\/\"}},{\"@type\":\"Person\",\"@id\":\"https:\\\/\\\/wp.kristdemokraterna.se\\\/haninge\\\/#\\\/schema\\\/person\\\/98d27838d17178471da5e8a56aa604a4\",\"name\":\"helpdesk\",\"image\":{\"@type\":\"ImageObject\",\"inLanguage\":\"sv-SE\",\"@id\":\"https:\\\/\\\/secure.gravatar.com\\\/avatar\\\/2e747bc9a7d4e5a6ecca7d851e4175129f995f3f6d9ef18734d1ff623abe4a88?s=96&d=mm&r=g\",\"url\":\"https:\\\/\\\/secure.gravatar.com\\\/avatar\\\/2e747bc9a7d4e5a6ecca7d851e4175129f995f3f6d9ef18734d1ff623abe4a88?s=96&d=mm&r=g\",\"contentUrl\":\"https:\\\/\\\/secure.gravatar.com\\\/avatar\\\/2e747bc9a7d4e5a6ecca7d851e4175129f995f3f6d9ef18734d1ff623abe4a88?s=96&d=mm&r=g\",\"caption\":\"helpdesk\"},\"url\":\"https:\\\/\\\/wp.kristdemokraterna.se\\\/haninge\\\/author\\\/helpdesk\\\/\"}]}<\/script>\n<!-- \/ Yoast SEO plugin. -->","yoast_head_json":{"title":"#OrangeDay - Tillsammans mot v\u00e5ld mot kvinnor &#8211;","description":"P\u00e5 den internationella dagen mot kvinnov\u00e5ld vill Kristdemokrater i Haninge lyfta en v\u00e4ldigt viktig fr\u00e5ga - v\u00e5ld i n\u00e4ra relationer.","robots":{"index":"index","follow":"follow","max-snippet":"max-snippet:-1","max-image-preview":"max-image-preview:large","max-video-preview":"max-video-preview:-1"},"canonical":"https:\/\/wp.kristdemokraterna.se\/haninge\/orangeday-tillsammans-mot-vald-mot-kvinnor\/","og_locale":"sv_SE","og_type":"article","og_title":"#OrangeDay - Tillsammans mot v\u00e5ld mot kvinnor &#8211;","og_description":"P\u00e5 den internationella dagen mot kvinnov\u00e5ld vill Kristdemokrater i Haninge lyfta en v\u00e4ldigt viktig fr\u00e5ga - v\u00e5ld i n\u00e4ra relationer.","og_url":"https:\/\/wp.kristdemokraterna.se\/haninge\/orangeday-tillsammans-mot-vald-mot-kvinnor\/","og_site_name":"Kristdemokraterna i Haninge |","article_published_time":"2020-11-26T10:45:06+00:00","article_modified_time":"2021-04-29T12:49:03+00:00","author":"helpdesk","twitter_card":"summary_large_image","twitter_misc":{"Skriven av":"helpdesk","Ber\u00e4knad l\u00e4stid":"2 minuter"},"schema":{"@context":"https:\/\/schema.org","@graph":[{"@type":"Article","@id":"https:\/\/wp.kristdemokraterna.se\/haninge\/orangeday-tillsammans-mot-vald-mot-kvinnor\/#article","isPartOf":{"@id":"https:\/\/wp.kristdemokraterna.se\/haninge\/orangeday-tillsammans-mot-vald-mot-kvinnor\/"},"author":{"name":"helpdesk","@id":"https:\/\/wp.kristdemokraterna.se\/haninge\/#\/schema\/person\/98d27838d17178471da5e8a56aa604a4"},"headline":"#OrangeDay &#8211; Tillsammans mot v\u00e5ld mot kvinnor","datePublished":"2020-11-26T10:45:06+00:00","dateModified":"2021-04-29T12:49:03+00:00","mainEntityOfPage":{"@id":"https:\/\/wp.kristdemokraterna.se\/haninge\/orangeday-tillsammans-mot-vald-mot-kvinnor\/"},"wordCount":398,"publisher":{"@id":"https:\/\/wp.kristdemokraterna.se\/haninge\/#organization"},"image":{"@id":"https:\/\/wp.kristdemokraterna.se\/haninge\/orangeday-tillsammans-mot-vald-mot-kvinnor\/#primaryimage"},"thumbnailUrl":"","keywords":["v\u00e5ld i n\u00e4ra relationer"],"articleSection":{"0":"I Kommunen","2":"V\u00e5r opinion"},"inLanguage":"sv-SE"},{"@type":"WebPage","@id":"https:\/\/wp.kristdemokraterna.se\/haninge\/orangeday-tillsammans-mot-vald-mot-kvinnor\/","url":"https:\/\/wp.kristdemokraterna.se\/haninge\/orangeday-tillsammans-mot-vald-mot-kvinnor\/","name":"#OrangeDay - Tillsammans mot v\u00e5ld mot kvinnor &#8211;","isPartOf":{"@id":"https:\/\/wp.kristdemokraterna.se\/haninge\/#website"},"primaryImageOfPage":{"@id":"https:\/\/wp.kristdemokraterna.se\/haninge\/orangeday-tillsammans-mot-vald-mot-kvinnor\/#primaryimage"},"image":{"@id":"https:\/\/wp.kristdemokraterna.se\/haninge\/orangeday-tillsammans-mot-vald-mot-kvinnor\/#primaryimage"},"thumbnailUrl":"","datePublished":"2020-11-26T10:45:06+00:00","dateModified":"2021-04-29T12:49:03+00:00","description":"P\u00e5 den internationella dagen mot kvinnov\u00e5ld vill Kristdemokrater i Haninge lyfta en v\u00e4ldigt viktig fr\u00e5ga - v\u00e5ld i n\u00e4ra relationer.","breadcrumb":{"@id":"https:\/\/wp.kristdemokraterna.se\/haninge\/orangeday-tillsammans-mot-vald-mot-kvinnor\/#breadcrumb"},"inLanguage":"sv-SE","potentialAction":[{"@type":"ReadAction","target":["https:\/\/wp.kristdemokraterna.se\/haninge\/orangeday-tillsammans-mot-vald-mot-kvinnor\/"]}]},{"@type":"ImageObject","inLanguage":"sv-SE","@id":"https:\/\/wp.kristdemokraterna.se\/haninge\/orangeday-tillsammans-mot-vald-mot-kvinnor\/#primaryimage","url":"","contentUrl":""},{"@type":"BreadcrumbList","@id":"https:\/\/wp.kristdemokraterna.se\/haninge\/orangeday-tillsammans-mot-vald-mot-kvinnor\/#breadcrumb","itemListElement":[{"@type":"ListItem","position":1,"name":"Hem","item":"https:\/\/wp.kristdemokraterna.se\/haninge\/"},{"@type":"ListItem","position":2,"name":"#OrangeDay &#8211; Tillsammans mot v\u00e5ld mot kvinnor"}]},{"@type":"WebSite","@id":"https:\/\/wp.kristdemokraterna.se\/haninge\/#website","url":"https:\/\/wp.kristdemokraterna.se\/haninge\/","name":"Kristdemokraterna i Haninge |","description":"Det trygga alternativet","publisher":{"@id":"https:\/\/wp.kristdemokraterna.se\/haninge\/#organization"},"inLanguage":"sv-SE"},{"@type":"Organization","@id":"https:\/\/wp.kristdemokraterna.se\/haninge\/#organization","name":"Kristdemokraterna i Haninge","url":"https:\/\/wp.kristdemokraterna.se\/haninge\/","logo":{"@type":"ImageObject","inLanguage":"sv-SE","@id":"https:\/\/wp.kristdemokraterna.se\/haninge\/#\/schema\/logo\/image\/","url":"https:\/\/wp.kristdemokraterna.se\/haninge\/files\/2022\/01\/kd-logo-bla\u2560e.png","contentUrl":"https:\/\/wp.kristdemokraterna.se\/haninge\/files\/2022\/01\/kd-logo-bla\u2560e.png","width":2032,"height":2031,"caption":"Kristdemokraterna i Haninge"},"image":{"@id":"https:\/\/wp.kristdemokraterna.se\/haninge\/#\/schema\/logo\/image\/"}},{"@type":"Person","@id":"https:\/\/wp.kristdemokraterna.se\/haninge\/#\/schema\/person\/98d27838d17178471da5e8a56aa604a4","name":"helpdesk","image":{"@type":"ImageObject","inLanguage":"sv-SE","@id":"https:\/\/secure.gravatar.com\/avatar\/2e747bc9a7d4e5a6ecca7d851e4175129f995f3f6d9ef18734d1ff623abe4a88?s=96&d=mm&r=g","url":"https:\/\/secure.gravatar.com\/avatar\/2e747bc9a7d4e5a6ecca7d851e4175129f995f3f6d9ef18734d1ff623abe4a88?s=96&d=mm&r=g","contentUrl":"https:\/\/secure.gravatar.com\/avatar\/2e747bc9a7d4e5a6ecca7d851e4175129f995f3f6d9ef18734d1ff623abe4a88?s=96&d=mm&r=g","caption":"helpdesk"},"url":"https:\/\/wp.kristdemokraterna.se\/haninge\/author\/helpdesk\/"}]}},"_links":{"self":[{"href":"https:\/\/wp.kristdemokraterna.se\/haninge\/wp-json\/wp\/v2\/posts\/806","targetHints":{"allow":["GET"]}}],"collection":[{"href":"https:\/\/wp.kristdemokraterna.se\/haninge\/wp-json\/wp\/v2\/posts"}],"about":[{"href":"https:\/\/wp.kristdemokraterna.se\/haninge\/wp-json\/wp\/v2\/types\/post"}],"author":[{"embeddable":true,"href":"https:\/\/wp.kristdemokraterna.se\/haninge\/wp-json\/wp\/v2\/users\/444"}],"replies":[{"embeddable":true,"href":"https:\/\/wp.kristdemokraterna.se\/haninge\/wp-json\/wp\/v2\/comments?post=806"}],"version-history":[{"count":2,"href":"https:\/\/wp.kristdemokraterna.se\/haninge\/wp-json\/wp\/v2\/posts\/806\/revisions"}],"predecessor-version":[{"id":869,"href":"https:\/\/wp.kristdemokraterna.se\/haninge\/wp-json\/wp\/v2\/posts\/806\/revisions\/869"}],"wp:featuredmedia":[{"embeddable":true,"href":"https:\/\/wp.kristdemokraterna.se\/haninge\/wp-json\/"}],"wp:attachment":[{"href":"https:\/\/wp.kristdemokraterna.se\/haninge\/wp-json\/wp\/v2\/media?parent=806"}],"wp:term":[{"taxonomy":"category","embeddable":true,"href":"https:\/\/wp.kristdemokraterna.se\/haninge\/wp-json\/wp\/v2\/categories?post=806"},{"taxonomy":"post_tag","embeddable":true,"href":"https:\/\/wp.kristdemokraterna.se\/haninge\/wp-json\/wp\/v2\/tags?post=806"}],"curies":[{"name":"wp","href":"https:\/\/api.w.org\/{rel}","templated":true}]}}