{"id":942,"date":"2022-02-02T16:51:51","date_gmt":"2022-02-02T15:51:51","guid":{"rendered":"https:\/\/wp.kristdemokraterna.se\/haninge\/?p=942"},"modified":"2022-02-02T16:54:49","modified_gmt":"2022-02-02T15:54:49","slug":"arhundradets-sjukvardsreform","status":"publish","type":"post","link":"https:\/\/wp.kristdemokraterna.se\/haninge\/arhundradets-sjukvardsreform\/","title":{"rendered":"\u00c5RHUNDRADETS SJUKV\u00c5RDSREFORM"},"content":{"rendered":"<div class=\"kvgmc6g5 cxmmr5t8 oygrvhab hcukyx3x c1et5uql ii04i59q\">\n<div dir=\"auto\"><\/div>\n<div dir=\"auto\">Mot slutet av 2021 hade \u00f6ver 180 000 m\u00e4nniskor v\u00e4ntat olagligt l\u00e4nge p\u00e5 att f\u00e5 v\u00e5rd i Sverige. Nu ska v\u00e5rdk\u00f6n bort. Det \u00e4r en viktig politisk m\u00e5ls\u00e4ttning n\u00e4r vi nu f\u00f6rbereder oss f\u00f6r regeringsskifte i h\u00f6st. V\u00e5rdk\u00f6n \u00e4r ett gigantiskt politiskt misslyckande. Bakom varje siffra i v\u00e5rdk\u00f6n finns en m\u00e4nniska. Vi har kapat v\u00e5rdk\u00f6erna f\u00f6rr och vi kommer g\u00f6ra det igen. Vi b\u00f6rjar med att inf\u00f6ra en nationell v\u00e5rdf\u00f6rmedling. V\u00e5rdk\u00f6er t\u00e4r p\u00e5 tilliten och samh\u00e4llsgemenskapen. Sverige beh\u00f6ver en reformagenda f\u00f6r en b\u00e4ttre och mer tillg\u00e4nglig v\u00e5rd. Sverige beh\u00f6ver en ny regering. Vi vill skala bort de politiska mellanlager som tynger ner sjukv\u00e5rden, skrota regionerna och ers\u00e4tta dem med en organisation som staten ansvarar f\u00f6r.<\/div>\n<\/div>\n<div dir=\"auto\"><\/div>\n<div dir=\"auto\">L\u00e4s mer om v\u00e5ra reformer f\u00f6r sjukv\u00e5rden <a href=\"https:\/\/kristdemokraterna.se\/vard-och-omsorg\/\">h\u00e4r<\/a>.<\/div>\n<div class=\"cxmmr5t8 oygrvhab hcukyx3x c1et5uql o9v6fnle ii04i59q\">\n<div dir=\"auto\">\n<div><\/div>\n<div class=\"cxmmr5t8 oygrvhab hcukyx3x c1et5uql o9v6fnle ii04i59q\"><\/div>\n<\/div>\n<\/div>\n","protected":false},"excerpt":{"rendered":"<p>Mot slutet av 2021 hade \u00f6ver 180 000 m\u00e4nniskor v\u00e4ntat olagligt l\u00e4nge p\u00e5 att f\u00e5 v\u00e5rd i Sverige. Nu ska v\u00e5rdk\u00f6n bort. Det \u00e4r en viktig politisk m\u00e5ls\u00e4ttning n\u00e4r vi nu f\u00f6rbereder oss f\u00f6r regeringsskifte i h\u00f6st. V\u00e5rdk\u00f6n \u00e4r ett gigantiskt politiskt misslyckande. Bakom varje siffra i v\u00e5rdk\u00f6n finns en m\u00e4nniska. Vi har kapat v\u00e5rdk\u00f6erna <a class=\"read-more-link\" href=\"https:\/\/wp.kristdemokraterna.se\/haninge\/arhundradets-sjukvardsreform\/\">L\u00e4s mer<\/a><\/p>\n","protected":false},"author":967,"featured_media":880,"comment_status":"closed","ping_status":"closed","sticky":false,"template":"","format":"standard","meta":{"_acf_changed":false,"footnotes":""},"categories":[4],"tags":[],"class_list":["post-942","post","type-post","status-publish","format-standard","hentry","category-i-kommunen"],"acf":[],"yoast_head":"<!-- This site is optimized with the Yoast SEO plugin v27.5 - https:\/\/yoast.com\/product\/yoast-seo-wordpress\/ -->\n<title>\u00c5RHUNDRADETS SJUKV\u00c5RDSREFORM &#8211;<\/title>\n<meta name=\"description\" content=\"V\u00e5rdk\u00f6n \u00e4r ett gigantiskt politiskt misslyckande. Bakom varje siffra i sjukv\u00e5rdsk\u00f6n finns en m\u00e4nniska. Vi har kapat k\u00f6er f\u00f6rr - vi kan det h\u00e4r.\" \/>\n<meta name=\"robots\" content=\"index, follow, max-snippet:-1, max-image-preview:large, max-video-preview:-1\" \/>\n<link rel=\"canonical\" href=\"https:\/\/wp.kristdemokraterna.se\/haninge\/arhundradets-sjukvardsreform\/\" \/>\n<meta property=\"og:locale\" content=\"sv_SE\" \/>\n<meta property=\"og:type\" content=\"article\" \/>\n<meta property=\"og:title\" content=\"\u00c5RHUNDRADETS SJUKV\u00c5RDSREFORM &#8211;\" \/>\n<meta property=\"og:description\" content=\"V\u00e5rdk\u00f6n \u00e4r ett gigantiskt politiskt misslyckande. Bakom varje siffra i sjukv\u00e5rdsk\u00f6n finns en m\u00e4nniska. Vi har kapat k\u00f6er f\u00f6rr - vi kan det h\u00e4r.\" \/>\n<meta property=\"og:url\" content=\"https:\/\/wp.kristdemokraterna.se\/haninge\/arhundradets-sjukvardsreform\/\" \/>\n<meta property=\"og:site_name\" content=\"Kristdemokraterna i Haninge |\" \/>\n<meta property=\"article:published_time\" content=\"2022-02-02T15:51:51+00:00\" \/>\n<meta property=\"article:modified_time\" content=\"2022-02-02T15:54:49+00:00\" \/>\n<meta name=\"author\" content=\"haninge\" \/>\n<meta name=\"twitter:card\" content=\"summary_large_image\" \/>\n<meta name=\"twitter:label1\" content=\"Skriven av\" \/>\n\t<meta name=\"twitter:data1\" content=\"haninge\" \/>\n\t<meta name=\"twitter:label2\" content=\"Ber\u00e4knad l\u00e4stid\" \/>\n\t<meta name=\"twitter:data2\" content=\"1 minut\" \/>\n<script type=\"application\/ld+json\" class=\"yoast-schema-graph\">{\"@context\":\"https:\\\/\\\/schema.org\",\"@graph\":[{\"@type\":\"Article\",\"@id\":\"https:\\\/\\\/wp.kristdemokraterna.se\\\/haninge\\\/arhundradets-sjukvardsreform\\\/#article\",\"isPartOf\":{\"@id\":\"https:\\\/\\\/wp.kristdemokraterna.se\\\/haninge\\\/arhundradets-sjukvardsreform\\\/\"},\"author\":{\"name\":\"haninge\",\"@id\":\"https:\\\/\\\/wp.kristdemokraterna.se\\\/haninge\\\/#\\\/schema\\\/person\\\/19d30c7c550e573c5037a61192d2b502\"},\"headline\":\"\u00c5RHUNDRADETS SJUKV\u00c5RDSREFORM\",\"datePublished\":\"2022-02-02T15:51:51+00:00\",\"dateModified\":\"2022-02-02T15:54:49+00:00\",\"mainEntityOfPage\":{\"@id\":\"https:\\\/\\\/wp.kristdemokraterna.se\\\/haninge\\\/arhundradets-sjukvardsreform\\\/\"},\"wordCount\":166,\"publisher\":{\"@id\":\"https:\\\/\\\/wp.kristdemokraterna.se\\\/haninge\\\/#organization\"},\"image\":{\"@id\":\"https:\\\/\\\/wp.kristdemokraterna.se\\\/haninge\\\/arhundradets-sjukvardsreform\\\/#primaryimage\"},\"thumbnailUrl\":\"https:\\\/\\\/wp.kristdemokraterna.se\\\/haninge\\\/files\\\/2022\\\/01\\\/kd-logo-bla\u2560e.png\",\"articleSection\":[\"I Kommunen\"],\"inLanguage\":\"sv-SE\"},{\"@type\":\"WebPage\",\"@id\":\"https:\\\/\\\/wp.kristdemokraterna.se\\\/haninge\\\/arhundradets-sjukvardsreform\\\/\",\"url\":\"https:\\\/\\\/wp.kristdemokraterna.se\\\/haninge\\\/arhundradets-sjukvardsreform\\\/\",\"name\":\"\u00c5RHUNDRADETS SJUKV\u00c5RDSREFORM &#8211;\",\"isPartOf\":{\"@id\":\"https:\\\/\\\/wp.kristdemokraterna.se\\\/haninge\\\/#website\"},\"primaryImageOfPage\":{\"@id\":\"https:\\\/\\\/wp.kristdemokraterna.se\\\/haninge\\\/arhundradets-sjukvardsreform\\\/#primaryimage\"},\"image\":{\"@id\":\"https:\\\/\\\/wp.kristdemokraterna.se\\\/haninge\\\/arhundradets-sjukvardsreform\\\/#primaryimage\"},\"thumbnailUrl\":\"https:\\\/\\\/wp.kristdemokraterna.se\\\/haninge\\\/files\\\/2022\\\/01\\\/kd-logo-bla\u2560e.png\",\"datePublished\":\"2022-02-02T15:51:51+00:00\",\"dateModified\":\"2022-02-02T15:54:49+00:00\",\"description\":\"V\u00e5rdk\u00f6n \u00e4r ett gigantiskt politiskt misslyckande. Bakom varje siffra i sjukv\u00e5rdsk\u00f6n finns en m\u00e4nniska. Vi har kapat k\u00f6er f\u00f6rr - vi kan det h\u00e4r.\",\"breadcrumb\":{\"@id\":\"https:\\\/\\\/wp.kristdemokraterna.se\\\/haninge\\\/arhundradets-sjukvardsreform\\\/#breadcrumb\"},\"inLanguage\":\"sv-SE\",\"potentialAction\":[{\"@type\":\"ReadAction\",\"target\":[\"https:\\\/\\\/wp.kristdemokraterna.se\\\/haninge\\\/arhundradets-sjukvardsreform\\\/\"]}]},{\"@type\":\"ImageObject\",\"inLanguage\":\"sv-SE\",\"@id\":\"https:\\\/\\\/wp.kristdemokraterna.se\\\/haninge\\\/arhundradets-sjukvardsreform\\\/#primaryimage\",\"url\":\"https:\\\/\\\/wp.kristdemokraterna.se\\\/haninge\\\/files\\\/2022\\\/01\\\/kd-logo-bla\u2560e.png\",\"contentUrl\":\"https:\\\/\\\/wp.kristdemokraterna.se\\\/haninge\\\/files\\\/2022\\\/01\\\/kd-logo-bla\u2560e.png\",\"width\":2032,\"height\":2031,\"caption\":\"Kristdemokraterna\"},{\"@type\":\"BreadcrumbList\",\"@id\":\"https:\\\/\\\/wp.kristdemokraterna.se\\\/haninge\\\/arhundradets-sjukvardsreform\\\/#breadcrumb\",\"itemListElement\":[{\"@type\":\"ListItem\",\"position\":1,\"name\":\"Hem\",\"item\":\"https:\\\/\\\/wp.kristdemokraterna.se\\\/haninge\\\/\"},{\"@type\":\"ListItem\",\"position\":2,\"name\":\"\u00c5RHUNDRADETS SJUKV\u00c5RDSREFORM\"}]},{\"@type\":\"WebSite\",\"@id\":\"https:\\\/\\\/wp.kristdemokraterna.se\\\/haninge\\\/#website\",\"url\":\"https:\\\/\\\/wp.kristdemokraterna.se\\\/haninge\\\/\",\"name\":\"Kristdemokraterna i Haninge |\",\"description\":\"Det trygga alternativet\",\"publisher\":{\"@id\":\"https:\\\/\\\/wp.kristdemokraterna.se\\\/haninge\\\/#organization\"},\"inLanguage\":\"sv-SE\"},{\"@type\":\"Organization\",\"@id\":\"https:\\\/\\\/wp.kristdemokraterna.se\\\/haninge\\\/#organization\",\"name\":\"Kristdemokraterna i Haninge\",\"url\":\"https:\\\/\\\/wp.kristdemokraterna.se\\\/haninge\\\/\",\"logo\":{\"@type\":\"ImageObject\",\"inLanguage\":\"sv-SE\",\"@id\":\"https:\\\/\\\/wp.kristdemokraterna.se\\\/haninge\\\/#\\\/schema\\\/logo\\\/image\\\/\",\"url\":\"https:\\\/\\\/wp.kristdemokraterna.se\\\/haninge\\\/files\\\/2022\\\/01\\\/kd-logo-bla\u2560e.png\",\"contentUrl\":\"https:\\\/\\\/wp.kristdemokraterna.se\\\/haninge\\\/files\\\/2022\\\/01\\\/kd-logo-bla\u2560e.png\",\"width\":2032,\"height\":2031,\"caption\":\"Kristdemokraterna i Haninge\"},\"image\":{\"@id\":\"https:\\\/\\\/wp.kristdemokraterna.se\\\/haninge\\\/#\\\/schema\\\/logo\\\/image\\\/\"}},{\"@type\":\"Person\",\"@id\":\"https:\\\/\\\/wp.kristdemokraterna.se\\\/haninge\\\/#\\\/schema\\\/person\\\/19d30c7c550e573c5037a61192d2b502\",\"name\":\"haninge\",\"image\":{\"@type\":\"ImageObject\",\"inLanguage\":\"sv-SE\",\"@id\":\"https:\\\/\\\/secure.gravatar.com\\\/avatar\\\/939905367bca66e6687c16c12f16de86b66062d5b6684e19fffa7d0fec1c5c83?s=96&d=mm&r=g\",\"url\":\"https:\\\/\\\/secure.gravatar.com\\\/avatar\\\/939905367bca66e6687c16c12f16de86b66062d5b6684e19fffa7d0fec1c5c83?s=96&d=mm&r=g\",\"contentUrl\":\"https:\\\/\\\/secure.gravatar.com\\\/avatar\\\/939905367bca66e6687c16c12f16de86b66062d5b6684e19fffa7d0fec1c5c83?s=96&d=mm&r=g\",\"caption\":\"haninge\"},\"url\":\"https:\\\/\\\/wp.kristdemokraterna.se\\\/haninge\\\/author\\\/haninge2\\\/\"}]}<\/script>\n<!-- \/ Yoast SEO plugin. -->","yoast_head_json":{"title":"\u00c5RHUNDRADETS SJUKV\u00c5RDSREFORM &#8211;","description":"V\u00e5rdk\u00f6n \u00e4r ett gigantiskt politiskt misslyckande. Bakom varje siffra i sjukv\u00e5rdsk\u00f6n finns en m\u00e4nniska. Vi har kapat k\u00f6er f\u00f6rr - vi kan det h\u00e4r.","robots":{"index":"index","follow":"follow","max-snippet":"max-snippet:-1","max-image-preview":"max-image-preview:large","max-video-preview":"max-video-preview:-1"},"canonical":"https:\/\/wp.kristdemokraterna.se\/haninge\/arhundradets-sjukvardsreform\/","og_locale":"sv_SE","og_type":"article","og_title":"\u00c5RHUNDRADETS SJUKV\u00c5RDSREFORM &#8211;","og_description":"V\u00e5rdk\u00f6n \u00e4r ett gigantiskt politiskt misslyckande. Bakom varje siffra i sjukv\u00e5rdsk\u00f6n finns en m\u00e4nniska. Vi har kapat k\u00f6er f\u00f6rr - vi kan det h\u00e4r.","og_url":"https:\/\/wp.kristdemokraterna.se\/haninge\/arhundradets-sjukvardsreform\/","og_site_name":"Kristdemokraterna i Haninge |","article_published_time":"2022-02-02T15:51:51+00:00","article_modified_time":"2022-02-02T15:54:49+00:00","author":"haninge","twitter_card":"summary_large_image","twitter_misc":{"Skriven av":"haninge","Ber\u00e4knad l\u00e4stid":"1 minut"},"schema":{"@context":"https:\/\/schema.org","@graph":[{"@type":"Article","@id":"https:\/\/wp.kristdemokraterna.se\/haninge\/arhundradets-sjukvardsreform\/#article","isPartOf":{"@id":"https:\/\/wp.kristdemokraterna.se\/haninge\/arhundradets-sjukvardsreform\/"},"author":{"name":"haninge","@id":"https:\/\/wp.kristdemokraterna.se\/haninge\/#\/schema\/person\/19d30c7c550e573c5037a61192d2b502"},"headline":"\u00c5RHUNDRADETS SJUKV\u00c5RDSREFORM","datePublished":"2022-02-02T15:51:51+00:00","dateModified":"2022-02-02T15:54:49+00:00","mainEntityOfPage":{"@id":"https:\/\/wp.kristdemokraterna.se\/haninge\/arhundradets-sjukvardsreform\/"},"wordCount":166,"publisher":{"@id":"https:\/\/wp.kristdemokraterna.se\/haninge\/#organization"},"image":{"@id":"https:\/\/wp.kristdemokraterna.se\/haninge\/arhundradets-sjukvardsreform\/#primaryimage"},"thumbnailUrl":"https:\/\/wp.kristdemokraterna.se\/haninge\/files\/2022\/01\/kd-logo-bla\u2560e.png","articleSection":["I Kommunen"],"inLanguage":"sv-SE"},{"@type":"WebPage","@id":"https:\/\/wp.kristdemokraterna.se\/haninge\/arhundradets-sjukvardsreform\/","url":"https:\/\/wp.kristdemokraterna.se\/haninge\/arhundradets-sjukvardsreform\/","name":"\u00c5RHUNDRADETS SJUKV\u00c5RDSREFORM &#8211;","isPartOf":{"@id":"https:\/\/wp.kristdemokraterna.se\/haninge\/#website"},"primaryImageOfPage":{"@id":"https:\/\/wp.kristdemokraterna.se\/haninge\/arhundradets-sjukvardsreform\/#primaryimage"},"image":{"@id":"https:\/\/wp.kristdemokraterna.se\/haninge\/arhundradets-sjukvardsreform\/#primaryimage"},"thumbnailUrl":"https:\/\/wp.kristdemokraterna.se\/haninge\/files\/2022\/01\/kd-logo-bla\u2560e.png","datePublished":"2022-02-02T15:51:51+00:00","dateModified":"2022-02-02T15:54:49+00:00","description":"V\u00e5rdk\u00f6n \u00e4r ett gigantiskt politiskt misslyckande. Bakom varje siffra i sjukv\u00e5rdsk\u00f6n finns en m\u00e4nniska. Vi har kapat k\u00f6er f\u00f6rr - vi kan det h\u00e4r.","breadcrumb":{"@id":"https:\/\/wp.kristdemokraterna.se\/haninge\/arhundradets-sjukvardsreform\/#breadcrumb"},"inLanguage":"sv-SE","potentialAction":[{"@type":"ReadAction","target":["https:\/\/wp.kristdemokraterna.se\/haninge\/arhundradets-sjukvardsreform\/"]}]},{"@type":"ImageObject","inLanguage":"sv-SE","@id":"https:\/\/wp.kristdemokraterna.se\/haninge\/arhundradets-sjukvardsreform\/#primaryimage","url":"https:\/\/wp.kristdemokraterna.se\/haninge\/files\/2022\/01\/kd-logo-bla\u2560e.png","contentUrl":"https:\/\/wp.kristdemokraterna.se\/haninge\/files\/2022\/01\/kd-logo-bla\u2560e.png","width":2032,"height":2031,"caption":"Kristdemokraterna"},{"@type":"BreadcrumbList","@id":"https:\/\/wp.kristdemokraterna.se\/haninge\/arhundradets-sjukvardsreform\/#breadcrumb","itemListElement":[{"@type":"ListItem","position":1,"name":"Hem","item":"https:\/\/wp.kristdemokraterna.se\/haninge\/"},{"@type":"ListItem","position":2,"name":"\u00c5RHUNDRADETS SJUKV\u00c5RDSREFORM"}]},{"@type":"WebSite","@id":"https:\/\/wp.kristdemokraterna.se\/haninge\/#website","url":"https:\/\/wp.kristdemokraterna.se\/haninge\/","name":"Kristdemokraterna i Haninge |","description":"Det trygga alternativet","publisher":{"@id":"https:\/\/wp.kristdemokraterna.se\/haninge\/#organization"},"inLanguage":"sv-SE"},{"@type":"Organization","@id":"https:\/\/wp.kristdemokraterna.se\/haninge\/#organization","name":"Kristdemokraterna i Haninge","url":"https:\/\/wp.kristdemokraterna.se\/haninge\/","logo":{"@type":"ImageObject","inLanguage":"sv-SE","@id":"https:\/\/wp.kristdemokraterna.se\/haninge\/#\/schema\/logo\/image\/","url":"https:\/\/wp.kristdemokraterna.se\/haninge\/files\/2022\/01\/kd-logo-bla\u2560e.png","contentUrl":"https:\/\/wp.kristdemokraterna.se\/haninge\/files\/2022\/01\/kd-logo-bla\u2560e.png","width":2032,"height":2031,"caption":"Kristdemokraterna i Haninge"},"image":{"@id":"https:\/\/wp.kristdemokraterna.se\/haninge\/#\/schema\/logo\/image\/"}},{"@type":"Person","@id":"https:\/\/wp.kristdemokraterna.se\/haninge\/#\/schema\/person\/19d30c7c550e573c5037a61192d2b502","name":"haninge","image":{"@type":"ImageObject","inLanguage":"sv-SE","@id":"https:\/\/secure.gravatar.com\/avatar\/939905367bca66e6687c16c12f16de86b66062d5b6684e19fffa7d0fec1c5c83?s=96&d=mm&r=g","url":"https:\/\/secure.gravatar.com\/avatar\/939905367bca66e6687c16c12f16de86b66062d5b6684e19fffa7d0fec1c5c83?s=96&d=mm&r=g","contentUrl":"https:\/\/secure.gravatar.com\/avatar\/939905367bca66e6687c16c12f16de86b66062d5b6684e19fffa7d0fec1c5c83?s=96&d=mm&r=g","caption":"haninge"},"url":"https:\/\/wp.kristdemokraterna.se\/haninge\/author\/haninge2\/"}]}},"_links":{"self":[{"href":"https:\/\/wp.kristdemokraterna.se\/haninge\/wp-json\/wp\/v2\/posts\/942","targetHints":{"allow":["GET"]}}],"collection":[{"href":"https:\/\/wp.kristdemokraterna.se\/haninge\/wp-json\/wp\/v2\/posts"}],"about":[{"href":"https:\/\/wp.kristdemokraterna.se\/haninge\/wp-json\/wp\/v2\/types\/post"}],"author":[{"embeddable":true,"href":"https:\/\/wp.kristdemokraterna.se\/haninge\/wp-json\/wp\/v2\/users\/967"}],"replies":[{"embeddable":true,"href":"https:\/\/wp.kristdemokraterna.se\/haninge\/wp-json\/wp\/v2\/comments?post=942"}],"version-history":[{"count":11,"href":"https:\/\/wp.kristdemokraterna.se\/haninge\/wp-json\/wp\/v2\/posts\/942\/revisions"}],"predecessor-version":[{"id":954,"href":"https:\/\/wp.kristdemokraterna.se\/haninge\/wp-json\/wp\/v2\/posts\/942\/revisions\/954"}],"wp:featuredmedia":[{"embeddable":true,"href":"https:\/\/wp.kristdemokraterna.se\/haninge\/wp-json\/wp\/v2\/media\/880"}],"wp:attachment":[{"href":"https:\/\/wp.kristdemokraterna.se\/haninge\/wp-json\/wp\/v2\/media?parent=942"}],"wp:term":[{"taxonomy":"category","embeddable":true,"href":"https:\/\/wp.kristdemokraterna.se\/haninge\/wp-json\/wp\/v2\/categories?post=942"},{"taxonomy":"post_tag","embeddable":true,"href":"https:\/\/wp.kristdemokraterna.se\/haninge\/wp-json\/wp\/v2\/tags?post=942"}],"curies":[{"name":"wp","href":"https:\/\/api.w.org\/{rel}","templated":true}]}}