{"id":382,"date":"2013-03-13T16:27:03","date_gmt":"2013-03-13T16:27:03","guid":{"rendered":"http:\/\/wpskane.kristdemokraterna.se\/hassleholm\/?p=382"},"modified":"2013-03-13T16:27:03","modified_gmt":"2013-03-13T16:27:03","slug":"arsmotesreferat","status":"publish","type":"post","link":"https:\/\/wp.kristdemokraterna.se\/hassleholm\/arsmotesreferat\/","title":{"rendered":"\u00c5rsm\u00f6tesreferat"},"content":{"rendered":"<p><b>Referat fr\u00e5n Kristdemokraternas \u00c5rsm\u00f6te 2013<\/b><\/p>\n<p>&nbsp;<\/p>\n<p>Kristdemokraterna i H\u00e4ssleholm h\u00f6ll sitt \u00e5rsm\u00f6te 2013-02-13, Ebenesersalen, H\u00e4ssleholm.<\/p>\n<p>&nbsp;<\/p>\n<p>Vid m\u00f6tet utdelades Kristdemokraternas Vitsippepris f\u00f6r \u00e5r 2012, en tavla j\u00e4mte diplom, till M\u00f6tesplats Ljungdala, mottagare var f\u00f6rest\u00e5ndare Edina Burazerovic. Hon informerade om arbetet p\u00e5 M\u00f6tesplatsen som omfattar en mycket bred verksamhet.<\/p>\n<p>Priset hade f\u00f6ljande motivering:<\/p>\n<p>&nbsp;<\/p>\n<h4><i>\u201d\u00c5RETS VITSIPPEPRIS G\u00c5R TILL EN VERKSAMHET SOM \u00c4R EN M\u00d6TESPLATS F\u00d6R BARN OCH VUXNA<\/i><\/h4>\n<p><i>MED EN BREDD AV AKTIVITETER &#8211; D\u00c4R GODA RELATIONER SKAPAS OCH MEDARBETARNAS OLIKA KOMPETENS &#8211; \u00a0F\u00d6RTJ\u00c4NSTFULLA OCH STORA ENGAGEMANG &#8211; UTG\u00d6R FRAMG\u00c5NGSFAKTORERNA.<\/i><\/p>\n<p><i>VI GER M\u00d6TESPLATS LJUNGDALA EN ELOGE F\u00d6R DET GODA ARBETET\u201d<\/i><\/p>\n<p>&nbsp;<\/p>\n<p>Ordf\u00f6randen Robin Gustavsson informerade om verksamheten inom socialn\u00e4mnden samt \u00f6vergripande fr\u00e5gor fr\u00e5n det kommunala arbetet i \u00f6vrigt. Han betonade att <i>vi s\u00e4rskilt fokuserar p\u00e5 barnen och deras uppv\u00e4xtvillkor\u201d.<\/i><\/p>\n<p>Han tog \u00e4ven upp fr\u00e5gan om den politiska turbulensen och hur vi skall \u00e5terf\u00e5 en stabil verksamhet i kommunen. Fr\u00e5n Kristdemokraterna ska vi forts\u00e4tta arbeta och ta ansvar f\u00f6r ett \u00f6kat samf\u00f6rst\u00e5nd i l\u00e5ngsiktiga och \u00f6vergripande fr\u00e5gor.<\/p>\n<p>&nbsp;<\/p>\n<p>Till styrelseordf\u00f6rande omvaldes Robin Gustavsson och till vice ordf\u00f6rande Eva-Marie Lid\u00e9n.<\/p>\n<p>Till styrelseledam\u00f6ter valdes Gunnel Br\u00e4nnstr\u00f6m, Mikael Andersson, Gunnel Gustavsson, Margareta Lindqvist, Stig R\u00e5lund, Agnes Somogyi och Bo Wahlgren.<\/p>\n<p>Till ers\u00e4ttare valdes Christer Caesar, Josef Ander, Arne Dahlstr\u00f6m och Nenna Zithrine.<\/p>\n<p>F\u00f6r KDU valdes Marcus Davidsson och f\u00f6r Seniorerna Kenneth Wir\u00f6dal.<\/p>\n<p>D\u00e4rut\u00f6ver valdes ombud och ers\u00e4ttare till Kristianstadsdistriktets st\u00e4mma samt nominerades till ledam\u00f6ter i partifullm\u00e4ktige och ombud till Kristdemokraternas Riksting.<\/p>\n<p>Vid m\u00f6tet serverades kaffe och hembakade fastlagsbullar.<\/p>\n","protected":false},"excerpt":{"rendered":"<p>Referat fr\u00e5n Kristdemokraternas \u00c5rsm\u00f6te 2013 &nbsp; Kristdemokraterna i H\u00e4ssleholm h\u00f6ll sitt \u00e5rsm\u00f6te 2013-02-13, Ebenesersalen, H\u00e4ssleholm. &nbsp; Vid m\u00f6tet utdelades Kristdemokraternas Vitsippepris f\u00f6r \u00e5r 2012, en tavla j\u00e4mte diplom, till M\u00f6tesplats Ljungdala, mottagare var f\u00f6rest\u00e5ndare Edina Burazerovic. Hon informerade om arbetet p\u00e5 M\u00f6tesplatsen som omfattar en mycket bred verksamhet. Priset hade f\u00f6ljande motivering: &nbsp; \u201d\u00c5RETS VITSIPPEPRIS <a class=\"read-more-link\" href=\"https:\/\/wp.kristdemokraterna.se\/hassleholm\/arsmotesreferat\/\">L\u00e4s mer<\/a><\/p>\n","protected":false},"author":651,"featured_media":0,"comment_status":"open","ping_status":"open","sticky":false,"template":"","format":"standard","meta":{"_acf_changed":false,"footnotes":""},"categories":[37],"tags":[],"class_list":["post-382","post","type-post","status-publish","format-standard","hentry","category-gammalinfo"],"acf":[],"yoast_head":"<!-- This site is optimized with the Yoast SEO plugin v27.5 - https:\/\/yoast.com\/product\/yoast-seo-wordpress\/ -->\n<title>\u00c5rsm\u00f6tesreferat - Kristdemokraterna | H\u00e4ssleholm<\/title>\n<meta name=\"robots\" content=\"index, follow, max-snippet:-1, max-image-preview:large, max-video-preview:-1\" \/>\n<link rel=\"canonical\" href=\"https:\/\/wp.kristdemokraterna.se\/hassleholm\/arsmotesreferat\/\" \/>\n<meta property=\"og:locale\" content=\"sv_SE\" \/>\n<meta property=\"og:type\" content=\"article\" \/>\n<meta property=\"og:title\" content=\"\u00c5rsm\u00f6tesreferat - Kristdemokraterna | H\u00e4ssleholm\" \/>\n<meta property=\"og:description\" content=\"Referat fr\u00e5n Kristdemokraternas \u00c5rsm\u00f6te 2013 &nbsp; Kristdemokraterna i H\u00e4ssleholm h\u00f6ll sitt \u00e5rsm\u00f6te 2013-02-13, Ebenesersalen, H\u00e4ssleholm. &nbsp; Vid m\u00f6tet utdelades Kristdemokraternas Vitsippepris f\u00f6r \u00e5r 2012, en tavla j\u00e4mte diplom, till M\u00f6tesplats Ljungdala, mottagare var f\u00f6rest\u00e5ndare Edina Burazerovic. Hon informerade om arbetet p\u00e5 M\u00f6tesplatsen som omfattar en mycket bred verksamhet. Priset hade f\u00f6ljande motivering: &nbsp; \u201d\u00c5RETS VITSIPPEPRIS L\u00e4s mer\" \/>\n<meta property=\"og:url\" content=\"https:\/\/wp.kristdemokraterna.se\/hassleholm\/arsmotesreferat\/\" \/>\n<meta property=\"og:site_name\" content=\"Kristdemokraterna | H\u00e4ssleholm\" \/>\n<meta property=\"article:published_time\" content=\"2013-03-13T16:27:03+00:00\" \/>\n<meta name=\"author\" content=\"hassleholm\" \/>\n<meta name=\"twitter:card\" content=\"summary_large_image\" \/>\n<meta name=\"twitter:label1\" content=\"Skriven av\" \/>\n\t<meta name=\"twitter:data1\" content=\"hassleholm\" \/>\n\t<meta name=\"twitter:label2\" content=\"Ber\u00e4knad l\u00e4stid\" \/>\n\t<meta name=\"twitter:data2\" content=\"1 minut\" \/>\n<script type=\"application\/ld+json\" class=\"yoast-schema-graph\">{\"@context\":\"https:\\\/\\\/schema.org\",\"@graph\":[{\"@type\":\"Article\",\"@id\":\"https:\\\/\\\/wp.kristdemokraterna.se\\\/hassleholm\\\/arsmotesreferat\\\/#article\",\"isPartOf\":{\"@id\":\"https:\\\/\\\/wp.kristdemokraterna.se\\\/hassleholm\\\/arsmotesreferat\\\/\"},\"author\":{\"name\":\"hassleholm\",\"@id\":\"https:\\\/\\\/wp.kristdemokraterna.se\\\/hassleholm\\\/#\\\/schema\\\/person\\\/e65c1bd852d33dbdacdef7b09d328975\"},\"headline\":\"\u00c5rsm\u00f6tesreferat\",\"datePublished\":\"2013-03-13T16:27:03+00:00\",\"mainEntityOfPage\":{\"@id\":\"https:\\\/\\\/wp.kristdemokraterna.se\\\/hassleholm\\\/arsmotesreferat\\\/\"},\"wordCount\":301,\"commentCount\":0,\"articleSection\":[\"\u00c4ldre information\"],\"inLanguage\":\"sv-SE\"},{\"@type\":\"WebPage\",\"@id\":\"https:\\\/\\\/wp.kristdemokraterna.se\\\/hassleholm\\\/arsmotesreferat\\\/\",\"url\":\"https:\\\/\\\/wp.kristdemokraterna.se\\\/hassleholm\\\/arsmotesreferat\\\/\",\"name\":\"\u00c5rsm\u00f6tesreferat - Kristdemokraterna | H\u00e4ssleholm\",\"isPartOf\":{\"@id\":\"https:\\\/\\\/wp.kristdemokraterna.se\\\/hassleholm\\\/#website\"},\"datePublished\":\"2013-03-13T16:27:03+00:00\",\"author\":{\"@id\":\"https:\\\/\\\/wp.kristdemokraterna.se\\\/hassleholm\\\/#\\\/schema\\\/person\\\/e65c1bd852d33dbdacdef7b09d328975\"},\"breadcrumb\":{\"@id\":\"https:\\\/\\\/wp.kristdemokraterna.se\\\/hassleholm\\\/arsmotesreferat\\\/#breadcrumb\"},\"inLanguage\":\"sv-SE\",\"potentialAction\":[{\"@type\":\"ReadAction\",\"target\":[\"https:\\\/\\\/wp.kristdemokraterna.se\\\/hassleholm\\\/arsmotesreferat\\\/\"]}]},{\"@type\":\"BreadcrumbList\",\"@id\":\"https:\\\/\\\/wp.kristdemokraterna.se\\\/hassleholm\\\/arsmotesreferat\\\/#breadcrumb\",\"itemListElement\":[{\"@type\":\"ListItem\",\"position\":1,\"name\":\"Hem\",\"item\":\"https:\\\/\\\/wp.kristdemokraterna.se\\\/hassleholm\\\/\"},{\"@type\":\"ListItem\",\"position\":2,\"name\":\"\u00c5rsm\u00f6tesreferat\"}]},{\"@type\":\"WebSite\",\"@id\":\"https:\\\/\\\/wp.kristdemokraterna.se\\\/hassleholm\\\/#website\",\"url\":\"https:\\\/\\\/wp.kristdemokraterna.se\\\/hassleholm\\\/\",\"name\":\"Kristdemokraterna | H\u00e4ssleholm\",\"description\":\"\u00c4nnu en webbplats hos Kristdemokraterna\",\"inLanguage\":\"sv-SE\"},{\"@type\":\"Person\",\"@id\":\"https:\\\/\\\/wp.kristdemokraterna.se\\\/hassleholm\\\/#\\\/schema\\\/person\\\/e65c1bd852d33dbdacdef7b09d328975\",\"name\":\"hassleholm\",\"image\":{\"@type\":\"ImageObject\",\"inLanguage\":\"sv-SE\",\"@id\":\"https:\\\/\\\/secure.gravatar.com\\\/avatar\\\/c0785ca047b541ecbbefcff76c691dc80ef77cbcf5ca1fea0776ab8954c6683c?s=96&d=mm&r=g\",\"url\":\"https:\\\/\\\/secure.gravatar.com\\\/avatar\\\/c0785ca047b541ecbbefcff76c691dc80ef77cbcf5ca1fea0776ab8954c6683c?s=96&d=mm&r=g\",\"contentUrl\":\"https:\\\/\\\/secure.gravatar.com\\\/avatar\\\/c0785ca047b541ecbbefcff76c691dc80ef77cbcf5ca1fea0776ab8954c6683c?s=96&d=mm&r=g\",\"caption\":\"hassleholm\"},\"url\":\"https:\\\/\\\/wp.kristdemokraterna.se\\\/hassleholm\\\/author\\\/hassleholm\\\/\"}]}<\/script>\n<!-- \/ Yoast SEO plugin. -->","yoast_head_json":{"title":"\u00c5rsm\u00f6tesreferat - Kristdemokraterna | H\u00e4ssleholm","robots":{"index":"index","follow":"follow","max-snippet":"max-snippet:-1","max-image-preview":"max-image-preview:large","max-video-preview":"max-video-preview:-1"},"canonical":"https:\/\/wp.kristdemokraterna.se\/hassleholm\/arsmotesreferat\/","og_locale":"sv_SE","og_type":"article","og_title":"\u00c5rsm\u00f6tesreferat - Kristdemokraterna | H\u00e4ssleholm","og_description":"Referat fr\u00e5n Kristdemokraternas \u00c5rsm\u00f6te 2013 &nbsp; Kristdemokraterna i H\u00e4ssleholm h\u00f6ll sitt \u00e5rsm\u00f6te 2013-02-13, Ebenesersalen, H\u00e4ssleholm. &nbsp; Vid m\u00f6tet utdelades Kristdemokraternas Vitsippepris f\u00f6r \u00e5r 2012, en tavla j\u00e4mte diplom, till M\u00f6tesplats Ljungdala, mottagare var f\u00f6rest\u00e5ndare Edina Burazerovic. Hon informerade om arbetet p\u00e5 M\u00f6tesplatsen som omfattar en mycket bred verksamhet. Priset hade f\u00f6ljande motivering: &nbsp; \u201d\u00c5RETS VITSIPPEPRIS L\u00e4s mer","og_url":"https:\/\/wp.kristdemokraterna.se\/hassleholm\/arsmotesreferat\/","og_site_name":"Kristdemokraterna | H\u00e4ssleholm","article_published_time":"2013-03-13T16:27:03+00:00","author":"hassleholm","twitter_card":"summary_large_image","twitter_misc":{"Skriven av":"hassleholm","Ber\u00e4knad l\u00e4stid":"1 minut"},"schema":{"@context":"https:\/\/schema.org","@graph":[{"@type":"Article","@id":"https:\/\/wp.kristdemokraterna.se\/hassleholm\/arsmotesreferat\/#article","isPartOf":{"@id":"https:\/\/wp.kristdemokraterna.se\/hassleholm\/arsmotesreferat\/"},"author":{"name":"hassleholm","@id":"https:\/\/wp.kristdemokraterna.se\/hassleholm\/#\/schema\/person\/e65c1bd852d33dbdacdef7b09d328975"},"headline":"\u00c5rsm\u00f6tesreferat","datePublished":"2013-03-13T16:27:03+00:00","mainEntityOfPage":{"@id":"https:\/\/wp.kristdemokraterna.se\/hassleholm\/arsmotesreferat\/"},"wordCount":301,"commentCount":0,"articleSection":["\u00c4ldre information"],"inLanguage":"sv-SE"},{"@type":"WebPage","@id":"https:\/\/wp.kristdemokraterna.se\/hassleholm\/arsmotesreferat\/","url":"https:\/\/wp.kristdemokraterna.se\/hassleholm\/arsmotesreferat\/","name":"\u00c5rsm\u00f6tesreferat - Kristdemokraterna | H\u00e4ssleholm","isPartOf":{"@id":"https:\/\/wp.kristdemokraterna.se\/hassleholm\/#website"},"datePublished":"2013-03-13T16:27:03+00:00","author":{"@id":"https:\/\/wp.kristdemokraterna.se\/hassleholm\/#\/schema\/person\/e65c1bd852d33dbdacdef7b09d328975"},"breadcrumb":{"@id":"https:\/\/wp.kristdemokraterna.se\/hassleholm\/arsmotesreferat\/#breadcrumb"},"inLanguage":"sv-SE","potentialAction":[{"@type":"ReadAction","target":["https:\/\/wp.kristdemokraterna.se\/hassleholm\/arsmotesreferat\/"]}]},{"@type":"BreadcrumbList","@id":"https:\/\/wp.kristdemokraterna.se\/hassleholm\/arsmotesreferat\/#breadcrumb","itemListElement":[{"@type":"ListItem","position":1,"name":"Hem","item":"https:\/\/wp.kristdemokraterna.se\/hassleholm\/"},{"@type":"ListItem","position":2,"name":"\u00c5rsm\u00f6tesreferat"}]},{"@type":"WebSite","@id":"https:\/\/wp.kristdemokraterna.se\/hassleholm\/#website","url":"https:\/\/wp.kristdemokraterna.se\/hassleholm\/","name":"Kristdemokraterna | H\u00e4ssleholm","description":"\u00c4nnu en webbplats hos Kristdemokraterna","inLanguage":"sv-SE"},{"@type":"Person","@id":"https:\/\/wp.kristdemokraterna.se\/hassleholm\/#\/schema\/person\/e65c1bd852d33dbdacdef7b09d328975","name":"hassleholm","image":{"@type":"ImageObject","inLanguage":"sv-SE","@id":"https:\/\/secure.gravatar.com\/avatar\/c0785ca047b541ecbbefcff76c691dc80ef77cbcf5ca1fea0776ab8954c6683c?s=96&d=mm&r=g","url":"https:\/\/secure.gravatar.com\/avatar\/c0785ca047b541ecbbefcff76c691dc80ef77cbcf5ca1fea0776ab8954c6683c?s=96&d=mm&r=g","contentUrl":"https:\/\/secure.gravatar.com\/avatar\/c0785ca047b541ecbbefcff76c691dc80ef77cbcf5ca1fea0776ab8954c6683c?s=96&d=mm&r=g","caption":"hassleholm"},"url":"https:\/\/wp.kristdemokraterna.se\/hassleholm\/author\/hassleholm\/"}]}},"_links":{"self":[{"href":"https:\/\/wp.kristdemokraterna.se\/hassleholm\/wp-json\/wp\/v2\/posts\/382","targetHints":{"allow":["GET"]}}],"collection":[{"href":"https:\/\/wp.kristdemokraterna.se\/hassleholm\/wp-json\/wp\/v2\/posts"}],"about":[{"href":"https:\/\/wp.kristdemokraterna.se\/hassleholm\/wp-json\/wp\/v2\/types\/post"}],"author":[{"embeddable":true,"href":"https:\/\/wp.kristdemokraterna.se\/hassleholm\/wp-json\/wp\/v2\/users\/651"}],"replies":[{"embeddable":true,"href":"https:\/\/wp.kristdemokraterna.se\/hassleholm\/wp-json\/wp\/v2\/comments?post=382"}],"version-history":[{"count":0,"href":"https:\/\/wp.kristdemokraterna.se\/hassleholm\/wp-json\/wp\/v2\/posts\/382\/revisions"}],"wp:attachment":[{"href":"https:\/\/wp.kristdemokraterna.se\/hassleholm\/wp-json\/wp\/v2\/media?parent=382"}],"wp:term":[{"taxonomy":"category","embeddable":true,"href":"https:\/\/wp.kristdemokraterna.se\/hassleholm\/wp-json\/wp\/v2\/categories?post=382"},{"taxonomy":"post_tag","embeddable":true,"href":"https:\/\/wp.kristdemokraterna.se\/hassleholm\/wp-json\/wp\/v2\/tags?post=382"}],"curies":[{"name":"wp","href":"https:\/\/api.w.org\/{rel}","templated":true}]}}