{"id":434,"date":"2014-06-23T14:49:40","date_gmt":"2014-06-23T12:49:40","guid":{"rendered":"http:\/\/wpskane.kristdemokraterna.se\/hassleholm\/?p=434"},"modified":"2022-07-10T13:06:35","modified_gmt":"2022-07-10T11:06:35","slug":"val-2014","status":"publish","type":"post","link":"https:\/\/wp.kristdemokraterna.se\/hassleholm\/val-2014\/","title":{"rendered":"Valmanifest 2014: F\u00f6r ett tryggare och m\u00e4nskligare H\u00e4ssleholm."},"content":{"rendered":"<p><strong>Vi Kristdemokrater st\u00e5r upp f\u00f6r ett tryggare och m\u00e4nskligare H\u00e4ssleholm.<\/strong><\/p>\n<p>En l\u00e5ngsiktig ekonomisk politik \u00e4r avg\u00f6rande f\u00f6r att v\u00e5r v\u00e4lf\u00e4rd ska fungera med en tillv\u00e4xt som \u00e4r h\u00e5llbar \u00f6ver tid.<\/p>\n<p>Vi vill s\u00e4tta fokus p\u00e5 folkh\u00e4lsan och att m\u00e4nniskor ska k\u00e4nna sig trygga ute p\u00e5 gator och torg.<\/p>\n<p>M\u00f6jlighet till kultur- och fritidsaktiviteter skall underst\u00f6djas genom tillg\u00e5ng till fritidsanl\u00e4ggningar och m\u00f6tesplatser.<\/p>\n<p>Det beh\u00f6vs uppmuntran och st\u00f6d till ideella sektorn och dess ledare.<\/p>\n<p>Vi vill lyssna av och bygga v\u00e5r politik p\u00e5 kommunmedborgarnas v\u00e4rderingar i en demokrati d\u00e4r allas r\u00f6ster blir h\u00f6rda.<\/p>\n<p>Som politiker tar vi ett socialt ansvar d\u00e4r m\u00e5ngfald ger alla m\u00e4nniskor lika v\u00e4rde.<\/p>\n<p>I v\u00e5r kommun ska alla m\u00e5 bra och d\u00e4rf\u00f6r har vi ett uppdrag hj\u00e4lpa dem som har det sv\u00e5rt. V\u00e5rt skyddsn\u00e4t f\u00e5r inte bli stormaskigt.<\/p>\n<p>Familjens r\u00f6st och barnens b\u00e4sta \u00e4r v\u00e5r h\u00f6rnsten i samh\u00e4llsbygget.<\/p>\n<p>Robin Gustavsson\u00a0\u00a0\u00a0\u00a0\u00a0 Christer Caesar<\/p>\n<p>Eva-Marie Lid\u00e9n\u00a0\u00a0 \u00a0\u00a0\u00a0\u00a0\u00a0 Gunnel Gustavsson<\/p>\n<p>&nbsp;<\/p>\n<p>&nbsp;<\/p>\n<p><strong>Det h\u00e4r vill Kristdemokraterna i H\u00e4ssleholm:<\/strong><\/p>\n<p>L\u00e5ngsiktig politik med ansvarsfull ekonomi, effektiv resursanv\u00e4ndning,<\/p>\n<p>social och h\u00e5llbar utveckling med ansvar f\u00f6r medborgarnas b\u00e4sta p\u00e5 kort och l\u00e5ng sikt<\/p>\n<p>* Varje elev i skolan ska m\u00f6tas efter sina f\u00f6ruts\u00e4ttningar<\/p>\n<p>* Samarbete mellan skola, social och omsorg<\/p>\n<p>* Personer med funktionsneds\u00e4ttning ska ha goda m\u00f6jligheter till idrott, kultur- och fritidsaktiviteter<\/p>\n<p>* Fokus p\u00e5 n\u00e4ringslivsutveckling<\/p>\n<p>* Infrastruktur\/kollektivtrafik f\u00f6r b\u00e5de stad och landsbygd<\/p>\n<p>* Resurser till \u00e4ldreomsorgen f\u00f6r trygghet, v\u00e4rdighet och delaktighet<\/p>\n<p>&nbsp;<\/p>\n<p>&nbsp;<\/p>\n<p><strong>En bra kommun att v\u00e4xa upp i<\/strong><\/p>\n<p>Goda villkor f\u00f6r familjerna ger v\u00e5ra barn en bra start i livet. F\u00f6r\u00e4ldrar och barn beh\u00f6ver tid med varandra.<\/p>\n<p>Genom att satsa p\u00e5 de minsta bygger vi ett gott samh\u00e4lle och en b\u00e4ttre framtid f\u00f6r oss alla.<\/p>\n<p>Familjer b\u00f6r sj\u00e4lva kunna v\u00e4lja barnomsorg och skola som passar dem b\u00e4st. F\u00f6r de minsta \u00e4r tryggheten i den lilla gruppen viktig och d\u00e4rf\u00f6r b\u00f6r ett maxtal inf\u00f6ras. Skolan ska ge kunskap f\u00f6r arbetslivet, men ocks\u00e5 bildning f\u00f6r hela livet. Varje elev ska f\u00e5 m\u00f6jlighet att utvecklas utifr\u00e5n sina egna f\u00f6ruts\u00e4ttningar.<\/p>\n<p>L\u00e4rare och annan skolpersonal ska ges bra utvecklings- och anst\u00e4llningsvillkor, de \u00e4r viktiga f\u00f6r att barnen skall n\u00e5 goda resultat.<\/p>\n<p>En bra skolmilj\u00f6 \u00e4r viktig. Barnen ska k\u00e4nna sig trygga i skolan och d\u00e4rf\u00f6r kr\u00e4ver vi nolltolerans mot mobbing och kr\u00e4nkande behandling.<\/p>\n<p>H\u00e4ssleholm ska ha fortsatt fokus p\u00e5 barnperspektivet utifr\u00e5n barnkonventionens olika artiklar. Barnens b\u00e4sta ska alltid ges f\u00f6rtur.<\/p>\n<p>Vi vill m\u00f6jligg\u00f6ra fritidssyssels\u00e4ttningar till f\u00f6reningar f\u00f6r s\u00e5v\u00e4l kultur, idrott- som annan ideell f\u00f6reningsverksamhet.<\/p>\n<p>F\u00f6r att kommunen ska utvecklas och vara attraktiv beh\u00f6vs fler jobb och h\u00f6gre tillv\u00e4xt. Vi vill skapa ett n\u00e4ringslivsklimat som uppmuntrar till nya id\u00e9er och underl\u00e4ttar f\u00f6r entrepren\u00f6rskap och f\u00f6retag. Det hj\u00e4lper \u00e4ven v\u00e5ra unga in p\u00e5 arbetsmarknaden.<\/p>\n<p>Vi vill satsa p\u00e5 barn och unga.<\/p>\n<p>&nbsp;<\/p>\n<p>&nbsp;<\/p>\n<p><strong>Hela kommunen och varje t\u00e4tort och landsbygd ska leva och utvecklas<\/strong><\/p>\n<p>D\u00e4rf\u00f6r vill vi s\u00e4rskilt fokusera p\u00e5:<\/p>\n<p>* Infrastruktur och kommunikation f\u00f6r att st\u00e4rka landsbygden<\/p>\n<p>* Uppr\u00e4tta bostadsf\u00f6rs\u00f6rjningsplan med en l\u00e5ngsiktig planering f\u00f6r olika behov av boende<\/p>\n<p>* Markplanering f\u00f6r industri och n\u00e4ringsliv<\/p>\n<p>* Tillg\u00e4nglighet f\u00f6r funktionsnedsatta<\/p>\n<p>* Omv\u00e4rldsanalys och planering f\u00f6r allt fler \u00e4ldres omsorgsbehov<\/p>\n<p>* H\u00f6g klimat och milj\u00f6medvetenhet i alla fr\u00e5gor<\/p>\n<p>* Bred politisk samverkan i st\u00f6rre viktiga investeringar<\/p>\n<p>* F\u00f6rankra beslut och st\u00e4rka f\u00f6rtroendet f\u00f6r politikerna i H\u00e4ssleholm<\/p>\n","protected":false},"excerpt":{"rendered":"<p>Vi Kristdemokrater st\u00e5r upp f\u00f6r ett tryggare och m\u00e4nskligare H\u00e4ssleholm. En l\u00e5ngsiktig ekonomisk politik \u00e4r avg\u00f6rande f\u00f6r att v\u00e5r v\u00e4lf\u00e4rd ska fungera med en tillv\u00e4xt som \u00e4r h\u00e5llbar \u00f6ver tid. Vi vill s\u00e4tta fokus p\u00e5 folkh\u00e4lsan och att m\u00e4nniskor ska k\u00e4nna sig trygga ute p\u00e5 gator och torg. M\u00f6jlighet till kultur- och fritidsaktiviteter skall underst\u00f6djas <a class=\"read-more-link\" href=\"https:\/\/wp.kristdemokraterna.se\/hassleholm\/val-2014\/\">L\u00e4s mer<\/a><\/p>\n","protected":false},"author":651,"featured_media":0,"comment_status":"closed","ping_status":"closed","sticky":false,"template":"","format":"standard","meta":{"_acf_changed":false,"footnotes":""},"categories":[20],"tags":[],"class_list":["post-434","post","type-post","status-publish","format-standard","hentry","category-valmanifest"],"acf":[],"yoast_head":"<!-- This site is optimized with the Yoast SEO plugin v27.4 - https:\/\/yoast.com\/product\/yoast-seo-wordpress\/ -->\n<title>Valmanifest 2014: F\u00f6r ett tryggare och m\u00e4nskligare H\u00e4ssleholm. - Kristdemokraterna | H\u00e4ssleholm<\/title>\n<meta name=\"robots\" content=\"index, follow, max-snippet:-1, max-image-preview:large, max-video-preview:-1\" \/>\n<link rel=\"canonical\" href=\"https:\/\/wp.kristdemokraterna.se\/hassleholm\/val-2014\/\" \/>\n<meta property=\"og:locale\" content=\"sv_SE\" \/>\n<meta property=\"og:type\" content=\"article\" \/>\n<meta property=\"og:title\" content=\"Valmanifest 2014: F\u00f6r ett tryggare och m\u00e4nskligare H\u00e4ssleholm. - Kristdemokraterna | H\u00e4ssleholm\" \/>\n<meta property=\"og:description\" content=\"Vi Kristdemokrater st\u00e5r upp f\u00f6r ett tryggare och m\u00e4nskligare H\u00e4ssleholm. En l\u00e5ngsiktig ekonomisk politik \u00e4r avg\u00f6rande f\u00f6r att v\u00e5r v\u00e4lf\u00e4rd ska fungera med en tillv\u00e4xt som \u00e4r h\u00e5llbar \u00f6ver tid. Vi vill s\u00e4tta fokus p\u00e5 folkh\u00e4lsan och att m\u00e4nniskor ska k\u00e4nna sig trygga ute p\u00e5 gator och torg. M\u00f6jlighet till kultur- och fritidsaktiviteter skall underst\u00f6djas L\u00e4s mer\" \/>\n<meta property=\"og:url\" content=\"https:\/\/wp.kristdemokraterna.se\/hassleholm\/val-2014\/\" \/>\n<meta property=\"og:site_name\" content=\"Kristdemokraterna | H\u00e4ssleholm\" \/>\n<meta property=\"article:published_time\" content=\"2014-06-23T12:49:40+00:00\" \/>\n<meta property=\"article:modified_time\" content=\"2022-07-10T11:06:35+00:00\" \/>\n<meta name=\"author\" content=\"hassleholm\" \/>\n<meta name=\"twitter:card\" content=\"summary_large_image\" \/>\n<meta name=\"twitter:label1\" content=\"Skriven av\" \/>\n\t<meta name=\"twitter:data1\" content=\"hassleholm\" \/>\n\t<meta name=\"twitter:label2\" content=\"Ber\u00e4knad l\u00e4stid\" \/>\n\t<meta name=\"twitter:data2\" content=\"3 minuter\" \/>\n<script type=\"application\/ld+json\" class=\"yoast-schema-graph\">{\"@context\":\"https:\\\/\\\/schema.org\",\"@graph\":[{\"@type\":\"Article\",\"@id\":\"https:\\\/\\\/wp.kristdemokraterna.se\\\/hassleholm\\\/val-2014\\\/#article\",\"isPartOf\":{\"@id\":\"https:\\\/\\\/wp.kristdemokraterna.se\\\/hassleholm\\\/val-2014\\\/\"},\"author\":{\"name\":\"hassleholm\",\"@id\":\"https:\\\/\\\/wp.kristdemokraterna.se\\\/hassleholm\\\/#\\\/schema\\\/person\\\/e65c1bd852d33dbdacdef7b09d328975\"},\"headline\":\"Valmanifest 2014: F\u00f6r ett tryggare och m\u00e4nskligare H\u00e4ssleholm.\",\"datePublished\":\"2014-06-23T12:49:40+00:00\",\"dateModified\":\"2022-07-10T11:06:35+00:00\",\"mainEntityOfPage\":{\"@id\":\"https:\\\/\\\/wp.kristdemokraterna.se\\\/hassleholm\\\/val-2014\\\/\"},\"wordCount\":669,\"articleSection\":[\"Valmanifest\"],\"inLanguage\":\"sv-SE\"},{\"@type\":\"WebPage\",\"@id\":\"https:\\\/\\\/wp.kristdemokraterna.se\\\/hassleholm\\\/val-2014\\\/\",\"url\":\"https:\\\/\\\/wp.kristdemokraterna.se\\\/hassleholm\\\/val-2014\\\/\",\"name\":\"Valmanifest 2014: F\u00f6r ett tryggare och m\u00e4nskligare H\u00e4ssleholm. - Kristdemokraterna | H\u00e4ssleholm\",\"isPartOf\":{\"@id\":\"https:\\\/\\\/wp.kristdemokraterna.se\\\/hassleholm\\\/#website\"},\"datePublished\":\"2014-06-23T12:49:40+00:00\",\"dateModified\":\"2022-07-10T11:06:35+00:00\",\"author\":{\"@id\":\"https:\\\/\\\/wp.kristdemokraterna.se\\\/hassleholm\\\/#\\\/schema\\\/person\\\/e65c1bd852d33dbdacdef7b09d328975\"},\"breadcrumb\":{\"@id\":\"https:\\\/\\\/wp.kristdemokraterna.se\\\/hassleholm\\\/val-2014\\\/#breadcrumb\"},\"inLanguage\":\"sv-SE\",\"potentialAction\":[{\"@type\":\"ReadAction\",\"target\":[\"https:\\\/\\\/wp.kristdemokraterna.se\\\/hassleholm\\\/val-2014\\\/\"]}]},{\"@type\":\"BreadcrumbList\",\"@id\":\"https:\\\/\\\/wp.kristdemokraterna.se\\\/hassleholm\\\/val-2014\\\/#breadcrumb\",\"itemListElement\":[{\"@type\":\"ListItem\",\"position\":1,\"name\":\"Hem\",\"item\":\"https:\\\/\\\/wp.kristdemokraterna.se\\\/hassleholm\\\/\"},{\"@type\":\"ListItem\",\"position\":2,\"name\":\"Valmanifest 2014: F\u00f6r ett tryggare och m\u00e4nskligare H\u00e4ssleholm.\"}]},{\"@type\":\"WebSite\",\"@id\":\"https:\\\/\\\/wp.kristdemokraterna.se\\\/hassleholm\\\/#website\",\"url\":\"https:\\\/\\\/wp.kristdemokraterna.se\\\/hassleholm\\\/\",\"name\":\"Kristdemokraterna | H\u00e4ssleholm\",\"description\":\"\u00c4nnu en webbplats hos Kristdemokraterna\",\"inLanguage\":\"sv-SE\"},{\"@type\":\"Person\",\"@id\":\"https:\\\/\\\/wp.kristdemokraterna.se\\\/hassleholm\\\/#\\\/schema\\\/person\\\/e65c1bd852d33dbdacdef7b09d328975\",\"name\":\"hassleholm\",\"image\":{\"@type\":\"ImageObject\",\"inLanguage\":\"sv-SE\",\"@id\":\"https:\\\/\\\/secure.gravatar.com\\\/avatar\\\/c0785ca047b541ecbbefcff76c691dc80ef77cbcf5ca1fea0776ab8954c6683c?s=96&d=mm&r=g\",\"url\":\"https:\\\/\\\/secure.gravatar.com\\\/avatar\\\/c0785ca047b541ecbbefcff76c691dc80ef77cbcf5ca1fea0776ab8954c6683c?s=96&d=mm&r=g\",\"contentUrl\":\"https:\\\/\\\/secure.gravatar.com\\\/avatar\\\/c0785ca047b541ecbbefcff76c691dc80ef77cbcf5ca1fea0776ab8954c6683c?s=96&d=mm&r=g\",\"caption\":\"hassleholm\"},\"url\":\"https:\\\/\\\/wp.kristdemokraterna.se\\\/hassleholm\\\/author\\\/hassleholm\\\/\"}]}<\/script>\n<!-- \/ Yoast SEO plugin. -->","yoast_head_json":{"title":"Valmanifest 2014: F\u00f6r ett tryggare och m\u00e4nskligare H\u00e4ssleholm. - Kristdemokraterna | H\u00e4ssleholm","robots":{"index":"index","follow":"follow","max-snippet":"max-snippet:-1","max-image-preview":"max-image-preview:large","max-video-preview":"max-video-preview:-1"},"canonical":"https:\/\/wp.kristdemokraterna.se\/hassleholm\/val-2014\/","og_locale":"sv_SE","og_type":"article","og_title":"Valmanifest 2014: F\u00f6r ett tryggare och m\u00e4nskligare H\u00e4ssleholm. - Kristdemokraterna | H\u00e4ssleholm","og_description":"Vi Kristdemokrater st\u00e5r upp f\u00f6r ett tryggare och m\u00e4nskligare H\u00e4ssleholm. En l\u00e5ngsiktig ekonomisk politik \u00e4r avg\u00f6rande f\u00f6r att v\u00e5r v\u00e4lf\u00e4rd ska fungera med en tillv\u00e4xt som \u00e4r h\u00e5llbar \u00f6ver tid. Vi vill s\u00e4tta fokus p\u00e5 folkh\u00e4lsan och att m\u00e4nniskor ska k\u00e4nna sig trygga ute p\u00e5 gator och torg. M\u00f6jlighet till kultur- och fritidsaktiviteter skall underst\u00f6djas L\u00e4s mer","og_url":"https:\/\/wp.kristdemokraterna.se\/hassleholm\/val-2014\/","og_site_name":"Kristdemokraterna | H\u00e4ssleholm","article_published_time":"2014-06-23T12:49:40+00:00","article_modified_time":"2022-07-10T11:06:35+00:00","author":"hassleholm","twitter_card":"summary_large_image","twitter_misc":{"Skriven av":"hassleholm","Ber\u00e4knad l\u00e4stid":"3 minuter"},"schema":{"@context":"https:\/\/schema.org","@graph":[{"@type":"Article","@id":"https:\/\/wp.kristdemokraterna.se\/hassleholm\/val-2014\/#article","isPartOf":{"@id":"https:\/\/wp.kristdemokraterna.se\/hassleholm\/val-2014\/"},"author":{"name":"hassleholm","@id":"https:\/\/wp.kristdemokraterna.se\/hassleholm\/#\/schema\/person\/e65c1bd852d33dbdacdef7b09d328975"},"headline":"Valmanifest 2014: F\u00f6r ett tryggare och m\u00e4nskligare H\u00e4ssleholm.","datePublished":"2014-06-23T12:49:40+00:00","dateModified":"2022-07-10T11:06:35+00:00","mainEntityOfPage":{"@id":"https:\/\/wp.kristdemokraterna.se\/hassleholm\/val-2014\/"},"wordCount":669,"articleSection":["Valmanifest"],"inLanguage":"sv-SE"},{"@type":"WebPage","@id":"https:\/\/wp.kristdemokraterna.se\/hassleholm\/val-2014\/","url":"https:\/\/wp.kristdemokraterna.se\/hassleholm\/val-2014\/","name":"Valmanifest 2014: F\u00f6r ett tryggare och m\u00e4nskligare H\u00e4ssleholm. - Kristdemokraterna | H\u00e4ssleholm","isPartOf":{"@id":"https:\/\/wp.kristdemokraterna.se\/hassleholm\/#website"},"datePublished":"2014-06-23T12:49:40+00:00","dateModified":"2022-07-10T11:06:35+00:00","author":{"@id":"https:\/\/wp.kristdemokraterna.se\/hassleholm\/#\/schema\/person\/e65c1bd852d33dbdacdef7b09d328975"},"breadcrumb":{"@id":"https:\/\/wp.kristdemokraterna.se\/hassleholm\/val-2014\/#breadcrumb"},"inLanguage":"sv-SE","potentialAction":[{"@type":"ReadAction","target":["https:\/\/wp.kristdemokraterna.se\/hassleholm\/val-2014\/"]}]},{"@type":"BreadcrumbList","@id":"https:\/\/wp.kristdemokraterna.se\/hassleholm\/val-2014\/#breadcrumb","itemListElement":[{"@type":"ListItem","position":1,"name":"Hem","item":"https:\/\/wp.kristdemokraterna.se\/hassleholm\/"},{"@type":"ListItem","position":2,"name":"Valmanifest 2014: F\u00f6r ett tryggare och m\u00e4nskligare H\u00e4ssleholm."}]},{"@type":"WebSite","@id":"https:\/\/wp.kristdemokraterna.se\/hassleholm\/#website","url":"https:\/\/wp.kristdemokraterna.se\/hassleholm\/","name":"Kristdemokraterna | H\u00e4ssleholm","description":"\u00c4nnu en webbplats hos Kristdemokraterna","inLanguage":"sv-SE"},{"@type":"Person","@id":"https:\/\/wp.kristdemokraterna.se\/hassleholm\/#\/schema\/person\/e65c1bd852d33dbdacdef7b09d328975","name":"hassleholm","image":{"@type":"ImageObject","inLanguage":"sv-SE","@id":"https:\/\/secure.gravatar.com\/avatar\/c0785ca047b541ecbbefcff76c691dc80ef77cbcf5ca1fea0776ab8954c6683c?s=96&d=mm&r=g","url":"https:\/\/secure.gravatar.com\/avatar\/c0785ca047b541ecbbefcff76c691dc80ef77cbcf5ca1fea0776ab8954c6683c?s=96&d=mm&r=g","contentUrl":"https:\/\/secure.gravatar.com\/avatar\/c0785ca047b541ecbbefcff76c691dc80ef77cbcf5ca1fea0776ab8954c6683c?s=96&d=mm&r=g","caption":"hassleholm"},"url":"https:\/\/wp.kristdemokraterna.se\/hassleholm\/author\/hassleholm\/"}]}},"_links":{"self":[{"href":"https:\/\/wp.kristdemokraterna.se\/hassleholm\/wp-json\/wp\/v2\/posts\/434","targetHints":{"allow":["GET"]}}],"collection":[{"href":"https:\/\/wp.kristdemokraterna.se\/hassleholm\/wp-json\/wp\/v2\/posts"}],"about":[{"href":"https:\/\/wp.kristdemokraterna.se\/hassleholm\/wp-json\/wp\/v2\/types\/post"}],"author":[{"embeddable":true,"href":"https:\/\/wp.kristdemokraterna.se\/hassleholm\/wp-json\/wp\/v2\/users\/651"}],"replies":[{"embeddable":true,"href":"https:\/\/wp.kristdemokraterna.se\/hassleholm\/wp-json\/wp\/v2\/comments?post=434"}],"version-history":[{"count":3,"href":"https:\/\/wp.kristdemokraterna.se\/hassleholm\/wp-json\/wp\/v2\/posts\/434\/revisions"}],"predecessor-version":[{"id":635,"href":"https:\/\/wp.kristdemokraterna.se\/hassleholm\/wp-json\/wp\/v2\/posts\/434\/revisions\/635"}],"wp:attachment":[{"href":"https:\/\/wp.kristdemokraterna.se\/hassleholm\/wp-json\/wp\/v2\/media?parent=434"}],"wp:term":[{"taxonomy":"category","embeddable":true,"href":"https:\/\/wp.kristdemokraterna.se\/hassleholm\/wp-json\/wp\/v2\/categories?post=434"},{"taxonomy":"post_tag","embeddable":true,"href":"https:\/\/wp.kristdemokraterna.se\/hassleholm\/wp-json\/wp\/v2\/tags?post=434"}],"curies":[{"name":"wp","href":"https:\/\/api.w.org\/{rel}","templated":true}]}}