{"id":557,"date":"2013-03-13T16:30:52","date_gmt":"2013-03-13T16:30:52","guid":{"rendered":"http:\/\/wpskane.kristdemokraterna.se\/hassleholm\/?p=387"},"modified":"2013-03-13T16:30:52","modified_gmt":"2013-03-13T16:30:52","slug":"fullmaktige-25-februari","status":"publish","type":"post","link":"https:\/\/wp.kristdemokraterna.se\/hassleholm\/fullmaktige-25-februari\/","title":{"rendered":"Fullm\u00e4ktige 25 februari"},"content":{"rendered":"<p>Fullm\u00e4ktigem\u00f6tet den 25 februari gick i vad Kristdemokraterna hade \u00f6nskat sig. Se ins\u00e4ndare<\/p>\n<p>Svaret p\u00e5 interpellationen st\u00e4lld av socialdemokraterna besvarades med behovet av en b\u00e4ttre samordning och samf\u00f6rst\u00e5nd f\u00f6r H\u00e4ssleholms b\u00e4sta. Samtliga politiska f\u00f6retr\u00e4dare utom SD valde att tala om framtida arbete och f\u00f6rs\u00f6ka l\u00e4mna turbulenta f\u00f6rekomster bakom sig.<\/p>\n<p>Fr\u00e5n Kristdemokraterna kan bara s\u00e4gas att det blev en bra debatt med framtidstro. Vi har fr\u00e5n v\u00e5rt parti under l\u00e5ng tid f\u00f6rt fram fr\u00e5gor om ansvar fr\u00e5n politiken mot tj\u00e4nstem\u00e4n och samh\u00e4llet i \u00f6vrigt, nu har andra ocks\u00e5 f\u00f6rhoppningsvis insett detta.<\/p>\n","protected":false},"excerpt":{"rendered":"<p>Fullm\u00e4ktigem\u00f6tet den 25 februari gick i vad Kristdemokraterna hade \u00f6nskat sig. Se ins\u00e4ndare Svaret p\u00e5 interpellationen st\u00e4lld av socialdemokraterna besvarades med behovet av en b\u00e4ttre samordning och samf\u00f6rst\u00e5nd f\u00f6r H\u00e4ssleholms b\u00e4sta. Samtliga politiska f\u00f6retr\u00e4dare utom SD valde att tala om framtida arbete och f\u00f6rs\u00f6ka l\u00e4mna turbulenta f\u00f6rekomster bakom sig. Fr\u00e5n Kristdemokraterna kan bara s\u00e4gas att <a class=\"read-more-link\" href=\"https:\/\/wp.kristdemokraterna.se\/hassleholm\/fullmaktige-25-februari\/\">L\u00e4s mer<\/a><\/p>\n","protected":false},"author":651,"featured_media":0,"comment_status":"open","ping_status":"open","sticky":false,"template":"","format":"standard","meta":{"_acf_changed":false,"footnotes":""},"categories":[37],"tags":[],"class_list":["post-557","post","type-post","status-publish","format-standard","hentry","category-gammalinfo"],"acf":[],"yoast_head":"<!-- This site is optimized with the Yoast SEO plugin v27.5 - https:\/\/yoast.com\/product\/yoast-seo-wordpress\/ -->\n<title>Fullm\u00e4ktige 25 februari - Kristdemokraterna | H\u00e4ssleholm<\/title>\n<meta name=\"robots\" content=\"index, follow, max-snippet:-1, max-image-preview:large, max-video-preview:-1\" \/>\n<link rel=\"canonical\" href=\"https:\/\/wp.kristdemokraterna.se\/hassleholm\/fullmaktige-25-februari\/\" \/>\n<meta property=\"og:locale\" content=\"sv_SE\" \/>\n<meta property=\"og:type\" content=\"article\" \/>\n<meta property=\"og:title\" content=\"Fullm\u00e4ktige 25 februari - Kristdemokraterna | H\u00e4ssleholm\" \/>\n<meta property=\"og:description\" content=\"Fullm\u00e4ktigem\u00f6tet den 25 februari gick i vad Kristdemokraterna hade \u00f6nskat sig. Se ins\u00e4ndare Svaret p\u00e5 interpellationen st\u00e4lld av socialdemokraterna besvarades med behovet av en b\u00e4ttre samordning och samf\u00f6rst\u00e5nd f\u00f6r H\u00e4ssleholms b\u00e4sta. Samtliga politiska f\u00f6retr\u00e4dare utom SD valde att tala om framtida arbete och f\u00f6rs\u00f6ka l\u00e4mna turbulenta f\u00f6rekomster bakom sig. Fr\u00e5n Kristdemokraterna kan bara s\u00e4gas att L\u00e4s mer\" \/>\n<meta property=\"og:url\" content=\"https:\/\/wp.kristdemokraterna.se\/hassleholm\/fullmaktige-25-februari\/\" \/>\n<meta property=\"og:site_name\" content=\"Kristdemokraterna | H\u00e4ssleholm\" \/>\n<meta property=\"article:published_time\" content=\"2013-03-13T16:30:52+00:00\" \/>\n<meta name=\"author\" content=\"hassleholm\" \/>\n<meta name=\"twitter:card\" content=\"summary_large_image\" \/>\n<meta name=\"twitter:label1\" content=\"Skriven av\" \/>\n\t<meta name=\"twitter:data1\" content=\"hassleholm\" \/>\n\t<meta name=\"twitter:label2\" content=\"Ber\u00e4knad l\u00e4stid\" \/>\n\t<meta name=\"twitter:data2\" content=\"1 minut\" \/>\n<script type=\"application\/ld+json\" class=\"yoast-schema-graph\">{\"@context\":\"https:\\\/\\\/schema.org\",\"@graph\":[{\"@type\":\"Article\",\"@id\":\"https:\\\/\\\/wp.kristdemokraterna.se\\\/hassleholm\\\/fullmaktige-25-februari\\\/#article\",\"isPartOf\":{\"@id\":\"https:\\\/\\\/wp.kristdemokraterna.se\\\/hassleholm\\\/fullmaktige-25-februari\\\/\"},\"author\":{\"name\":\"hassleholm\",\"@id\":\"https:\\\/\\\/wp.kristdemokraterna.se\\\/hassleholm\\\/#\\\/schema\\\/person\\\/e65c1bd852d33dbdacdef7b09d328975\"},\"headline\":\"Fullm\u00e4ktige 25 februari\",\"datePublished\":\"2013-03-13T16:30:52+00:00\",\"mainEntityOfPage\":{\"@id\":\"https:\\\/\\\/wp.kristdemokraterna.se\\\/hassleholm\\\/fullmaktige-25-februari\\\/\"},\"wordCount\":120,\"commentCount\":0,\"articleSection\":[\"\u00c4ldre information\"],\"inLanguage\":\"sv-SE\"},{\"@type\":\"WebPage\",\"@id\":\"https:\\\/\\\/wp.kristdemokraterna.se\\\/hassleholm\\\/fullmaktige-25-februari\\\/\",\"url\":\"https:\\\/\\\/wp.kristdemokraterna.se\\\/hassleholm\\\/fullmaktige-25-februari\\\/\",\"name\":\"Fullm\u00e4ktige 25 februari - Kristdemokraterna | H\u00e4ssleholm\",\"isPartOf\":{\"@id\":\"https:\\\/\\\/wp.kristdemokraterna.se\\\/hassleholm\\\/#website\"},\"datePublished\":\"2013-03-13T16:30:52+00:00\",\"author\":{\"@id\":\"https:\\\/\\\/wp.kristdemokraterna.se\\\/hassleholm\\\/#\\\/schema\\\/person\\\/e65c1bd852d33dbdacdef7b09d328975\"},\"breadcrumb\":{\"@id\":\"https:\\\/\\\/wp.kristdemokraterna.se\\\/hassleholm\\\/fullmaktige-25-februari\\\/#breadcrumb\"},\"inLanguage\":\"sv-SE\",\"potentialAction\":[{\"@type\":\"ReadAction\",\"target\":[\"https:\\\/\\\/wp.kristdemokraterna.se\\\/hassleholm\\\/fullmaktige-25-februari\\\/\"]}]},{\"@type\":\"BreadcrumbList\",\"@id\":\"https:\\\/\\\/wp.kristdemokraterna.se\\\/hassleholm\\\/fullmaktige-25-februari\\\/#breadcrumb\",\"itemListElement\":[{\"@type\":\"ListItem\",\"position\":1,\"name\":\"Hem\",\"item\":\"https:\\\/\\\/wp.kristdemokraterna.se\\\/hassleholm\\\/\"},{\"@type\":\"ListItem\",\"position\":2,\"name\":\"Fullm\u00e4ktige 25 februari\"}]},{\"@type\":\"WebSite\",\"@id\":\"https:\\\/\\\/wp.kristdemokraterna.se\\\/hassleholm\\\/#website\",\"url\":\"https:\\\/\\\/wp.kristdemokraterna.se\\\/hassleholm\\\/\",\"name\":\"Kristdemokraterna | H\u00e4ssleholm\",\"description\":\"\u00c4nnu en webbplats hos Kristdemokraterna\",\"inLanguage\":\"sv-SE\"},{\"@type\":\"Person\",\"@id\":\"https:\\\/\\\/wp.kristdemokraterna.se\\\/hassleholm\\\/#\\\/schema\\\/person\\\/e65c1bd852d33dbdacdef7b09d328975\",\"name\":\"hassleholm\",\"image\":{\"@type\":\"ImageObject\",\"inLanguage\":\"sv-SE\",\"@id\":\"https:\\\/\\\/secure.gravatar.com\\\/avatar\\\/c0785ca047b541ecbbefcff76c691dc80ef77cbcf5ca1fea0776ab8954c6683c?s=96&d=mm&r=g\",\"url\":\"https:\\\/\\\/secure.gravatar.com\\\/avatar\\\/c0785ca047b541ecbbefcff76c691dc80ef77cbcf5ca1fea0776ab8954c6683c?s=96&d=mm&r=g\",\"contentUrl\":\"https:\\\/\\\/secure.gravatar.com\\\/avatar\\\/c0785ca047b541ecbbefcff76c691dc80ef77cbcf5ca1fea0776ab8954c6683c?s=96&d=mm&r=g\",\"caption\":\"hassleholm\"},\"url\":\"https:\\\/\\\/wp.kristdemokraterna.se\\\/hassleholm\\\/author\\\/hassleholm\\\/\"}]}<\/script>\n<!-- \/ Yoast SEO plugin. -->","yoast_head_json":{"title":"Fullm\u00e4ktige 25 februari - Kristdemokraterna | H\u00e4ssleholm","robots":{"index":"index","follow":"follow","max-snippet":"max-snippet:-1","max-image-preview":"max-image-preview:large","max-video-preview":"max-video-preview:-1"},"canonical":"https:\/\/wp.kristdemokraterna.se\/hassleholm\/fullmaktige-25-februari\/","og_locale":"sv_SE","og_type":"article","og_title":"Fullm\u00e4ktige 25 februari - Kristdemokraterna | H\u00e4ssleholm","og_description":"Fullm\u00e4ktigem\u00f6tet den 25 februari gick i vad Kristdemokraterna hade \u00f6nskat sig. Se ins\u00e4ndare Svaret p\u00e5 interpellationen st\u00e4lld av socialdemokraterna besvarades med behovet av en b\u00e4ttre samordning och samf\u00f6rst\u00e5nd f\u00f6r H\u00e4ssleholms b\u00e4sta. Samtliga politiska f\u00f6retr\u00e4dare utom SD valde att tala om framtida arbete och f\u00f6rs\u00f6ka l\u00e4mna turbulenta f\u00f6rekomster bakom sig. Fr\u00e5n Kristdemokraterna kan bara s\u00e4gas att L\u00e4s mer","og_url":"https:\/\/wp.kristdemokraterna.se\/hassleholm\/fullmaktige-25-februari\/","og_site_name":"Kristdemokraterna | H\u00e4ssleholm","article_published_time":"2013-03-13T16:30:52+00:00","author":"hassleholm","twitter_card":"summary_large_image","twitter_misc":{"Skriven av":"hassleholm","Ber\u00e4knad l\u00e4stid":"1 minut"},"schema":{"@context":"https:\/\/schema.org","@graph":[{"@type":"Article","@id":"https:\/\/wp.kristdemokraterna.se\/hassleholm\/fullmaktige-25-februari\/#article","isPartOf":{"@id":"https:\/\/wp.kristdemokraterna.se\/hassleholm\/fullmaktige-25-februari\/"},"author":{"name":"hassleholm","@id":"https:\/\/wp.kristdemokraterna.se\/hassleholm\/#\/schema\/person\/e65c1bd852d33dbdacdef7b09d328975"},"headline":"Fullm\u00e4ktige 25 februari","datePublished":"2013-03-13T16:30:52+00:00","mainEntityOfPage":{"@id":"https:\/\/wp.kristdemokraterna.se\/hassleholm\/fullmaktige-25-februari\/"},"wordCount":120,"commentCount":0,"articleSection":["\u00c4ldre information"],"inLanguage":"sv-SE"},{"@type":"WebPage","@id":"https:\/\/wp.kristdemokraterna.se\/hassleholm\/fullmaktige-25-februari\/","url":"https:\/\/wp.kristdemokraterna.se\/hassleholm\/fullmaktige-25-februari\/","name":"Fullm\u00e4ktige 25 februari - Kristdemokraterna | H\u00e4ssleholm","isPartOf":{"@id":"https:\/\/wp.kristdemokraterna.se\/hassleholm\/#website"},"datePublished":"2013-03-13T16:30:52+00:00","author":{"@id":"https:\/\/wp.kristdemokraterna.se\/hassleholm\/#\/schema\/person\/e65c1bd852d33dbdacdef7b09d328975"},"breadcrumb":{"@id":"https:\/\/wp.kristdemokraterna.se\/hassleholm\/fullmaktige-25-februari\/#breadcrumb"},"inLanguage":"sv-SE","potentialAction":[{"@type":"ReadAction","target":["https:\/\/wp.kristdemokraterna.se\/hassleholm\/fullmaktige-25-februari\/"]}]},{"@type":"BreadcrumbList","@id":"https:\/\/wp.kristdemokraterna.se\/hassleholm\/fullmaktige-25-februari\/#breadcrumb","itemListElement":[{"@type":"ListItem","position":1,"name":"Hem","item":"https:\/\/wp.kristdemokraterna.se\/hassleholm\/"},{"@type":"ListItem","position":2,"name":"Fullm\u00e4ktige 25 februari"}]},{"@type":"WebSite","@id":"https:\/\/wp.kristdemokraterna.se\/hassleholm\/#website","url":"https:\/\/wp.kristdemokraterna.se\/hassleholm\/","name":"Kristdemokraterna | H\u00e4ssleholm","description":"\u00c4nnu en webbplats hos Kristdemokraterna","inLanguage":"sv-SE"},{"@type":"Person","@id":"https:\/\/wp.kristdemokraterna.se\/hassleholm\/#\/schema\/person\/e65c1bd852d33dbdacdef7b09d328975","name":"hassleholm","image":{"@type":"ImageObject","inLanguage":"sv-SE","@id":"https:\/\/secure.gravatar.com\/avatar\/c0785ca047b541ecbbefcff76c691dc80ef77cbcf5ca1fea0776ab8954c6683c?s=96&d=mm&r=g","url":"https:\/\/secure.gravatar.com\/avatar\/c0785ca047b541ecbbefcff76c691dc80ef77cbcf5ca1fea0776ab8954c6683c?s=96&d=mm&r=g","contentUrl":"https:\/\/secure.gravatar.com\/avatar\/c0785ca047b541ecbbefcff76c691dc80ef77cbcf5ca1fea0776ab8954c6683c?s=96&d=mm&r=g","caption":"hassleholm"},"url":"https:\/\/wp.kristdemokraterna.se\/hassleholm\/author\/hassleholm\/"}]}},"_links":{"self":[{"href":"https:\/\/wp.kristdemokraterna.se\/hassleholm\/wp-json\/wp\/v2\/posts\/557","targetHints":{"allow":["GET"]}}],"collection":[{"href":"https:\/\/wp.kristdemokraterna.se\/hassleholm\/wp-json\/wp\/v2\/posts"}],"about":[{"href":"https:\/\/wp.kristdemokraterna.se\/hassleholm\/wp-json\/wp\/v2\/types\/post"}],"author":[{"embeddable":true,"href":"https:\/\/wp.kristdemokraterna.se\/hassleholm\/wp-json\/wp\/v2\/users\/651"}],"replies":[{"embeddable":true,"href":"https:\/\/wp.kristdemokraterna.se\/hassleholm\/wp-json\/wp\/v2\/comments?post=557"}],"version-history":[{"count":0,"href":"https:\/\/wp.kristdemokraterna.se\/hassleholm\/wp-json\/wp\/v2\/posts\/557\/revisions"}],"wp:attachment":[{"href":"https:\/\/wp.kristdemokraterna.se\/hassleholm\/wp-json\/wp\/v2\/media?parent=557"}],"wp:term":[{"taxonomy":"category","embeddable":true,"href":"https:\/\/wp.kristdemokraterna.se\/hassleholm\/wp-json\/wp\/v2\/categories?post=557"},{"taxonomy":"post_tag","embeddable":true,"href":"https:\/\/wp.kristdemokraterna.se\/hassleholm\/wp-json\/wp\/v2\/tags?post=557"}],"curies":[{"name":"wp","href":"https:\/\/api.w.org\/{rel}","templated":true}]}}