{"id":651,"date":"2022-10-30T11:54:33","date_gmt":"2022-10-30T10:54:33","guid":{"rendered":"https:\/\/wp.kristdemokraterna.se\/hassleholm\/?p=651"},"modified":"2022-10-31T10:18:00","modified_gmt":"2022-10-31T09:18:00","slug":"budget-2022-tillsammans-for-hassleholms-kommuns-framtid","status":"publish","type":"post","link":"https:\/\/wp.kristdemokraterna.se\/hassleholm\/budget-2022-tillsammans-for-hassleholms-kommuns-framtid\/","title":{"rendered":"Budget 2022: Tillsammans f\u00f6r H\u00e4ssleholms kommuns framtid"},"content":{"rendered":"<p>Vi kommer ha tv\u00e5 tuffa \u00e5r framf\u00f6r oss med h\u00f6g inflation, \u00f6kade elkostnader, \u00f6kade drivmedelskostnader, \u00f6kade kostnader i samband med det nya pensionsavtalet och dessutom krig i v\u00e5r omv\u00e4rld.<\/p>\n<p>Tillsammans kommer vi ta oss igenom detta, vi kommer kanske g\u00f6ra en halvhalt i vissa projekt, avvakta i n\u00e5gra satsningar. Vi kommer ta detta som en m\u00f6jlighet till att se \u00f6ver hela kommunens organisation och ta ett djupdyk i om vi verkligen jobbar med r\u00e4tt saker. En sak kan vi lova er kommuninv\u00e5nare, i dessa tuffa tider kommer vi inte tynga er med h\u00f6gre kommunalskatt, vi vet att m\u00e5nga redan har det k\u00e4mpigt att f\u00e5 privatekonomin att g\u00e5 ihop.<\/p>\n<p>N\u00e4r vi b\u00f6rjade med denna budget hade vi ett utg\u00e5ngsl\u00e4ge med -130 miljoner 2023, \u2013159 miljoner 2024 och -42 miljoner 2025. D\u00e4rtill presenterade n\u00e4mnderna ett ut\u00f6kat behov inf\u00f6r 2023 p\u00e5 ytterligare 85 miljoner.<\/p>\n<p>Som ni alla f\u00f6rst\u00e5r var detta inte det mest optimala eller \u00f6nskv\u00e4rda utg\u00e5ngsl\u00e4get f\u00f6r ett nytt styre. Men vi har tillsammans tagit fram v\u00e5ra prioriteringar och effektiviseringar, inte bara kortsiktigt utan \u00e4ven l\u00e5ngsiktigt f\u00f6r att f\u00f6rb\u00e4ttra kommunens ekonomiska f\u00f6ruts\u00e4ttningar \u00e4ven f\u00f6r kommande mandatperioder.<\/p>\n<p>V\u00e5r genomg\u00e5ende prioritering i hela budgeten \u00e4r v\u00e5ra k\u00e4rnverksamheter och att dra in kostnader p\u00e5 det som inte gynnar barn, unga, \u00e4ldre och kommuninv\u00e5narnas v\u00e4lf\u00e4rd i stort. Samtliga n\u00e4mnder har f\u00e5tt kostnadseffektiviseringar, vissa mer, vissa mindre. Men alla v\u00e5ra verksamheter m\u00e5ste solidariskt ta ansvar f\u00f6r att klara den ekonomiska situationen som vi m\u00e5ste ta oss igenom under de kommande tv\u00e5 \u00e5ren.<\/p>\n<p>Under den kommande mandatperioden har vi i det nya styret valt fyra \u00f6vergripande m\u00e5l som vi kommer jobba med: H\u00e5llbar ekonomisk utveckling, en attraktiv plats f\u00f6r medborgare och f\u00f6retag, livskvalitet och trygghet hela livet och attraktiv arbetsgivare. Mer om dessa m\u00e5l kan ni l\u00e4sa om l\u00e4ngre fram i denna budget.<\/p>\n<p>Trygghet \u00e4r en fr\u00e5ga som vi i det nya styret tar p\u00e5 st\u00f6rsta allvar. V\u00e5r kommun ska vara en plats d\u00e4r tryggheten prioriteras och brottsligheten bek\u00e4mpas. Denna mandatperiod kommer vi att politiskt jobba med tryggheten i samh\u00e4llet bland annat genom trygghetsskapande \u00e5tg\u00e4rder rent visuellt, exempelvis belysning vid m\u00f6rka passager. \u00d6vervakningskameror \u00e4r n\u00e5got vi kommer verka f\u00f6r att ut\u00f6ka p\u00e5 strategiskt valda platser. Vi kommer samordna v\u00e5ra v\u00e4ktare och trygghetsinsatser till en gemensam och samordnad kommunal insats f\u00f6r en trygg kommun och ett tryggt centrum.<\/p>\n<p>I skolan kommer vi att jobba med trygghet genom \u00f6kad studiero och minskat st\u00f6k\/mobbing. Just d\u00e4rf\u00f6r kommer vi under mandatperioden inr\u00e4tta minst en resursskola med goda pedagoger och f\u00f6rebilder, dit elever tillf\u00e4lligt eller l\u00e5ngsiktigt kan f\u00e5 sin skolg\u00e5ng, detta i samarbete med f\u00f6r\u00e4ldrar och v\u00e5rdnadshavare. V\u00e5rt m\u00e5l \u00e4r att hj\u00e4lpa dessa barn och ungdomar att f\u00e5 goda f\u00f6ruts\u00e4ttningar och inte hamna i en d\u00e5lig ned\u00e5tg\u00e5ende spiral som kan leda till utanf\u00f6rskap och kriminalitet. Samtidigt ger vi b\u00e4ttre f\u00f6ruts\u00e4ttningar f\u00f6r de barn och elever som blir mobbade, utsatta eller st\u00f6rda under skoltiden av de elever som inte m\u00e5r bra och \u00e4r ut\u00e5tagerande. Detta kommer p\u00e5 sikt ge lugnare, tryggare skolmilj\u00f6er d\u00e4r f\u00f6ruts\u00e4ttningarna f\u00f6r goda skolresultat och god arbetsmilj\u00f6 \u00e4r optimala f\u00f6r alla.<\/p>\n<p>Vi kommer att jobba h\u00e5rt f\u00f6r en f\u00f6rb\u00e4ttring av f\u00f6retagsklimatet i kommunen och vi har stor tro p\u00e5 H\u00e4ssleholm som en kommun f\u00f6r f\u00f6retagande. Tillsammans kommer vi p\u00e5 olika niv\u00e5er att jobba f\u00f6r att gemensamt n\u00e5 m\u00e5let att bli attraktiva och proaktiva tillsammans med H\u00e4ssleholms n\u00e4ringsliv. Vi kommer prioritera v\u00e5rt arbete mot n\u00e4ringslivet genom att omorganisera tillv\u00e4xtavdelningen och g\u00e5 fr\u00e5n tillv\u00e4xtfokus till n\u00e4ringslivsfokus. N\u00e4ringslivschefen ska jobba t\u00e4tt ihop med kommunledningen och politiken f\u00f6r att ytterligare satsa p\u00e5 det n\u00e4ringsliv och f\u00f6retagande som \u00e4r s\u00e5 viktigt f\u00f6r oss som kommun.<\/p>\n<p>Europaforum kommer l\u00e4ggas ner redan 2023, detta f\u00f6r v\u00e5rt m\u00e5l att prioritera k\u00e4rnverksamheterna i tuffa tider. Vi kommer \u00e4ven sluta jobba med projektet Nya stambanor som syftat p\u00e5 de nya h\u00f6ghastighetsbanorna som inte kommer genomf\u00f6ras.<\/p>\n<p>Administrationen kommer ses \u00f6ver p\u00e5 de olika f\u00f6rvaltningarna liksom lokalutnyttjandet med utg\u00e5ng att vi kan effektivisera i de kostsamma processerna.<\/p>\n<p>F\u00f6r att ut\u00f6ka tillg\u00e4ngligheten i centrum och f\u00f6renkla f\u00f6r v\u00e5ra kommuninv\u00e5nare avser vi under 2025 inf\u00f6ra P-skiva i kommunen. Hur och var detta ska genomf\u00f6ras f\u00e5r utredningen p\u00e5visa.<\/p>\n<p>Vi kommer fortsatt ut\u00f6ka v\u00e5rt gemensamma arbete med Hesslecity med str\u00e4van mot en ny gemensam samverkansorganisation f\u00f6r att utveckla centrum. Dock ger ekonomin oss ingen f\u00f6ruts\u00e4ttning att starta den f\u00f6reslagna nya samverkansorganisationen under 2023 utan f\u00e5r skjutas p\u00e5 framtiden.<\/p>\n<p>Tv\u00e5 f\u00f6rvaltningar har f\u00e5tt tillskott, kommunledningens tillskott p\u00e5 3 miljoner innefattas av r\u00e4ddningstj\u00e4nstens ut\u00f6kade kostnader fr\u00e4mst i form av drivmedel. Arbetsmarknadsn\u00e4mndens tillskott p\u00e5 9 miljoner best\u00e5r helt av det ut\u00f6kade behovet av ekonomiskt bist\u00e5nd, som \u00e4r viktigt i dessa tider med \u00f6kade levnadskostnader.<\/p>\n<p>F\u00f6r att underl\u00e4tta f\u00f6r medborgare att ans\u00f6ka hos kommunen, s\u00e5 vill vi skapa en personlig inloggning \u201dMina sidor\u201d f\u00f6r alla ans\u00f6kningar som exempelvis bygglov, ekonomiskt bist\u00e5nd och skolval.<\/p>\n<p>Vi kommer prioritera ungdomsverksamheten p\u00e5 M\u00f6tesplats Ljungdala och minska p\u00e5 den vuxenverksamhet som idag finns d\u00e4r.<\/p>\n<p>Ang\u00e5ende ridhuset p\u00e5 \u00d6ster\u00e5s kommer vi l\u00f6sa ut fr\u00e5gan om \u00e4garskapet redan 2023\/2024 d\u00e4refter kommer vi p\u00e5b\u00f6rja byggnationen av den nya anl\u00e4ggningen under 2025. Vi \u00e4r v\u00e4ldigt glada f\u00f6r att kunna g\u00f6ra denna satsning och skapa f\u00f6ruts\u00e4ttning f\u00f6r ridsporten som \u00e4r en av de dyraste sporterna med mest tjejer engagerade.<\/p>\n<p>Badhusbygget i H\u00e4ssleholm forts\u00e4tter enligt plan och ett nytt badhus kommer st\u00e5 klart p\u00e5 \u00d6ster\u00e5s 2025 om inga ov\u00e4ntade f\u00f6rseningar intr\u00e4ffar. N\u00e4r det g\u00e4ller S\u00f6sdala simhall s\u00e5 har inga anbud alls kommit in p\u00e5 den upphandling som gick ut 2022. D\u00e4rf\u00f6r v\u00e4ljer vi att ytterligare avvakta och se hur omv\u00e4rldsl\u00e4get utvecklas f\u00f6r att eventuellt g\u00e5 ut med en ny upphandling och d\u00e4refter ta st\u00e4llning till tidplan och budget f\u00f6r byggnation.<\/p>\n<p>En v\u00e4ldigt viktig fr\u00e5ga f\u00f6r det nya styret \u00e4r att se till att tillg\u00e5ngen p\u00e5 byggbar mark ut\u00f6kas. H\u00e4r kommer vi prioritera villa-\/sm\u00e5hustomter. I H\u00e4ssleholms t\u00e4tort kommer vi prioritera att ta fram tomter f\u00f6r bostads\u00e4ndam\u00e5l p\u00e5 Garnisonsomr\u00e5det f\u00f6ljt av \u00c5husf\u00e4ltet och Norden.<\/p>\n<p>Byggbar mark f\u00f6r industri\u00e4ndam\u00e5l kommer prioriteras p\u00e5 Gena industriomr\u00e5de och mer l\u00e5ngsiktigt p\u00e5 H\u00e4ssleholm Nord samt i s\u00e5 stor utstr\u00e4ckning som m\u00f6jligt p\u00e5 andra l\u00e4mpliga platser i hela kommunen.<\/p>\n<p>En satsning inom omsorgens verksamhet \u00e4r etablering av arbetsterapeut vid bist\u00e5ndsbed\u00f6mning. Detta ger ett f\u00f6rebyggande arbetss\u00e4tt samt \u00f6kad sj\u00e4lvst\u00e4ndighet f\u00f6r v\u00e5ra \u00e4ldre med behov av hemtj\u00e4nst.<\/p>\n<p><strong>En gemensam riktning f\u00f6r kommunkoncernen med tydliga m\u00e5l ger b\u00e4ttre kvalitet till medborgarna och f\u00f6retagen. Detta \u00e4r v\u00e5r riktlinje i det nya styret.<\/strong><\/p>\n<p>Hanna Nilsson, kommunstyrelsens ordf\u00f6rande (SD)<\/p>\n<p>Lina Bengtsson, 1:e vice ordf\u00f6rande i kommunstyrelsen (M)<\/p>\n<p>Christer Caesar, gruppledare (KD)<\/p>\n","protected":false},"excerpt":{"rendered":"<p>Vi kommer ha tv\u00e5 tuffa \u00e5r framf\u00f6r oss med h\u00f6g inflation, \u00f6kade elkostnader, \u00f6kade drivmedelskostnader, \u00f6kade kostnader i samband med det nya pensionsavtalet och dessutom krig i v\u00e5r omv\u00e4rld. Tillsammans kommer vi ta oss igenom detta, vi kommer kanske g\u00f6ra en halvhalt i vissa projekt, avvakta i n\u00e5gra satsningar. Vi kommer ta detta som en <a class=\"read-more-link\" href=\"https:\/\/wp.kristdemokraterna.se\/hassleholm\/budget-2022-tillsammans-for-hassleholms-kommuns-framtid\/\">L\u00e4s mer<\/a><\/p>\n","protected":false},"author":874,"featured_media":0,"comment_status":"closed","ping_status":"closed","sticky":false,"template":"","format":"standard","meta":{"_acf_changed":false,"footnotes":""},"categories":[10,11],"tags":[45],"class_list":["post-651","post","type-post","status-publish","format-standard","hentry","category-nyheter","category-inlagg","tag-budget-2022"],"acf":[],"yoast_head":"<!-- This site is optimized with the Yoast SEO plugin v27.5 - https:\/\/yoast.com\/product\/yoast-seo-wordpress\/ -->\n<title>Budget 2022: Tillsammans f\u00f6r H\u00e4ssleholms kommuns framtid - Kristdemokraterna | H\u00e4ssleholm Budget 2022: Tillsammans f\u00f6r H\u00e4ssleholms kommuns framtid<\/title>\n<meta name=\"description\" content=\"Tillsammans kommer vi ta oss igenom detta, vi kommer kanske g\u00f6ra en halvhalt i vissa projekt, avvakta i n\u00e5gra satsningar. Vi kommer ta detta som en m\u00f6jlighet till att se \u00f6ver hela kommunens organisation och ta ett djupdyk i om vi verkligen jobbar med r\u00e4tt saker. En sak kan vi lova er kommuninv\u00e5nare, i dessa tuffa tider kommer vi inte tynga er med h\u00f6gre kommunalskatt, vi vet att m\u00e5nga redan har det k\u00e4mpigt att f\u00e5 privatekonomin att g\u00e5 ihop.\" \/>\n<meta name=\"robots\" content=\"index, follow, max-snippet:-1, max-image-preview:large, max-video-preview:-1\" \/>\n<link rel=\"canonical\" href=\"https:\/\/wp.kristdemokraterna.se\/hassleholm\/budget-2022-tillsammans-for-hassleholms-kommuns-framtid\/\" \/>\n<meta property=\"og:locale\" content=\"sv_SE\" \/>\n<meta property=\"og:type\" content=\"article\" \/>\n<meta property=\"og:title\" content=\"Budget 2022: Tillsammans f\u00f6r H\u00e4ssleholms kommuns framtid - Kristdemokraterna | H\u00e4ssleholm Budget 2022: Tillsammans f\u00f6r H\u00e4ssleholms kommuns framtid\" \/>\n<meta property=\"og:description\" content=\"Tillsammans kommer vi ta oss igenom detta, vi kommer kanske g\u00f6ra en halvhalt i vissa projekt, avvakta i n\u00e5gra satsningar. Vi kommer ta detta som en m\u00f6jlighet till att se \u00f6ver hela kommunens organisation och ta ett djupdyk i om vi verkligen jobbar med r\u00e4tt saker. En sak kan vi lova er kommuninv\u00e5nare, i dessa tuffa tider kommer vi inte tynga er med h\u00f6gre kommunalskatt, vi vet att m\u00e5nga redan har det k\u00e4mpigt att f\u00e5 privatekonomin att g\u00e5 ihop.\" \/>\n<meta property=\"og:url\" content=\"https:\/\/wp.kristdemokraterna.se\/hassleholm\/budget-2022-tillsammans-for-hassleholms-kommuns-framtid\/\" \/>\n<meta property=\"og:site_name\" content=\"Kristdemokraterna | H\u00e4ssleholm\" \/>\n<meta property=\"article:published_time\" content=\"2022-10-30T10:54:33+00:00\" \/>\n<meta property=\"article:modified_time\" content=\"2022-10-31T09:18:00+00:00\" \/>\n<meta name=\"author\" content=\"Simon Berneblad\" \/>\n<meta name=\"twitter:card\" content=\"summary_large_image\" \/>\n<meta name=\"twitter:label1\" content=\"Skriven av\" \/>\n\t<meta name=\"twitter:data1\" content=\"Simon Berneblad\" \/>\n\t<meta name=\"twitter:label2\" content=\"Ber\u00e4knad l\u00e4stid\" \/>\n\t<meta name=\"twitter:data2\" content=\"6 minuter\" \/>\n<script type=\"application\/ld+json\" class=\"yoast-schema-graph\">{\"@context\":\"https:\\\/\\\/schema.org\",\"@graph\":[{\"@type\":\"Article\",\"@id\":\"https:\\\/\\\/wp.kristdemokraterna.se\\\/hassleholm\\\/budget-2022-tillsammans-for-hassleholms-kommuns-framtid\\\/#article\",\"isPartOf\":{\"@id\":\"https:\\\/\\\/wp.kristdemokraterna.se\\\/hassleholm\\\/budget-2022-tillsammans-for-hassleholms-kommuns-framtid\\\/\"},\"author\":{\"name\":\"Simon Berneblad\",\"@id\":\"https:\\\/\\\/wp.kristdemokraterna.se\\\/hassleholm\\\/#\\\/schema\\\/person\\\/b684b3b78c0af159382758027b70c4e7\"},\"headline\":\"Budget 2022: Tillsammans f\u00f6r H\u00e4ssleholms kommuns framtid\",\"datePublished\":\"2022-10-30T10:54:33+00:00\",\"dateModified\":\"2022-10-31T09:18:00+00:00\",\"mainEntityOfPage\":{\"@id\":\"https:\\\/\\\/wp.kristdemokraterna.se\\\/hassleholm\\\/budget-2022-tillsammans-for-hassleholms-kommuns-framtid\\\/\"},\"wordCount\":1295,\"keywords\":[\"Budget 2022\"],\"articleSection\":[\"Nyheter\",\"Senaste nytt\"],\"inLanguage\":\"sv-SE\"},{\"@type\":\"WebPage\",\"@id\":\"https:\\\/\\\/wp.kristdemokraterna.se\\\/hassleholm\\\/budget-2022-tillsammans-for-hassleholms-kommuns-framtid\\\/\",\"url\":\"https:\\\/\\\/wp.kristdemokraterna.se\\\/hassleholm\\\/budget-2022-tillsammans-for-hassleholms-kommuns-framtid\\\/\",\"name\":\"Budget 2022: Tillsammans f\u00f6r H\u00e4ssleholms kommuns framtid - Kristdemokraterna | H\u00e4ssleholm Budget 2022: Tillsammans f\u00f6r H\u00e4ssleholms kommuns framtid\",\"isPartOf\":{\"@id\":\"https:\\\/\\\/wp.kristdemokraterna.se\\\/hassleholm\\\/#website\"},\"datePublished\":\"2022-10-30T10:54:33+00:00\",\"dateModified\":\"2022-10-31T09:18:00+00:00\",\"author\":{\"@id\":\"https:\\\/\\\/wp.kristdemokraterna.se\\\/hassleholm\\\/#\\\/schema\\\/person\\\/b684b3b78c0af159382758027b70c4e7\"},\"description\":\"Tillsammans kommer vi ta oss igenom detta, vi kommer kanske g\u00f6ra en halvhalt i vissa projekt, avvakta i n\u00e5gra satsningar. Vi kommer ta detta som en m\u00f6jlighet till att se \u00f6ver hela kommunens organisation och ta ett djupdyk i om vi verkligen jobbar med r\u00e4tt saker. En sak kan vi lova er kommuninv\u00e5nare, i dessa tuffa tider kommer vi inte tynga er med h\u00f6gre kommunalskatt, vi vet att m\u00e5nga redan har det k\u00e4mpigt att f\u00e5 privatekonomin att g\u00e5 ihop.\",\"breadcrumb\":{\"@id\":\"https:\\\/\\\/wp.kristdemokraterna.se\\\/hassleholm\\\/budget-2022-tillsammans-for-hassleholms-kommuns-framtid\\\/#breadcrumb\"},\"inLanguage\":\"sv-SE\",\"potentialAction\":[{\"@type\":\"ReadAction\",\"target\":[\"https:\\\/\\\/wp.kristdemokraterna.se\\\/hassleholm\\\/budget-2022-tillsammans-for-hassleholms-kommuns-framtid\\\/\"]}]},{\"@type\":\"BreadcrumbList\",\"@id\":\"https:\\\/\\\/wp.kristdemokraterna.se\\\/hassleholm\\\/budget-2022-tillsammans-for-hassleholms-kommuns-framtid\\\/#breadcrumb\",\"itemListElement\":[{\"@type\":\"ListItem\",\"position\":1,\"name\":\"Hem\",\"item\":\"https:\\\/\\\/wp.kristdemokraterna.se\\\/hassleholm\\\/\"},{\"@type\":\"ListItem\",\"position\":2,\"name\":\"Budget 2022: Tillsammans f\u00f6r H\u00e4ssleholms kommuns framtid\"}]},{\"@type\":\"WebSite\",\"@id\":\"https:\\\/\\\/wp.kristdemokraterna.se\\\/hassleholm\\\/#website\",\"url\":\"https:\\\/\\\/wp.kristdemokraterna.se\\\/hassleholm\\\/\",\"name\":\"Kristdemokraterna | H\u00e4ssleholm\",\"description\":\"\u00c4nnu en webbplats hos Kristdemokraterna\",\"inLanguage\":\"sv-SE\"},{\"@type\":\"Person\",\"@id\":\"https:\\\/\\\/wp.kristdemokraterna.se\\\/hassleholm\\\/#\\\/schema\\\/person\\\/b684b3b78c0af159382758027b70c4e7\",\"name\":\"Simon Berneblad\",\"image\":{\"@type\":\"ImageObject\",\"inLanguage\":\"sv-SE\",\"@id\":\"https:\\\/\\\/secure.gravatar.com\\\/avatar\\\/9258771e5d1d637f8501ed75672e23913a067e2603291093501dce7a17464f5c?s=96&d=mm&r=g\",\"url\":\"https:\\\/\\\/secure.gravatar.com\\\/avatar\\\/9258771e5d1d637f8501ed75672e23913a067e2603291093501dce7a17464f5c?s=96&d=mm&r=g\",\"contentUrl\":\"https:\\\/\\\/secure.gravatar.com\\\/avatar\\\/9258771e5d1d637f8501ed75672e23913a067e2603291093501dce7a17464f5c?s=96&d=mm&r=g\",\"caption\":\"Simon Berneblad\"},\"url\":\"https:\\\/\\\/wp.kristdemokraterna.se\\\/hassleholm\\\/author\\\/sberneblad\\\/\"}]}<\/script>\n<!-- \/ Yoast SEO plugin. -->","yoast_head_json":{"title":"Budget 2022: Tillsammans f\u00f6r H\u00e4ssleholms kommuns framtid - Kristdemokraterna | H\u00e4ssleholm Budget 2022: Tillsammans f\u00f6r H\u00e4ssleholms kommuns framtid","description":"Tillsammans kommer vi ta oss igenom detta, vi kommer kanske g\u00f6ra en halvhalt i vissa projekt, avvakta i n\u00e5gra satsningar. Vi kommer ta detta som en m\u00f6jlighet till att se \u00f6ver hela kommunens organisation och ta ett djupdyk i om vi verkligen jobbar med r\u00e4tt saker. En sak kan vi lova er kommuninv\u00e5nare, i dessa tuffa tider kommer vi inte tynga er med h\u00f6gre kommunalskatt, vi vet att m\u00e5nga redan har det k\u00e4mpigt att f\u00e5 privatekonomin att g\u00e5 ihop.","robots":{"index":"index","follow":"follow","max-snippet":"max-snippet:-1","max-image-preview":"max-image-preview:large","max-video-preview":"max-video-preview:-1"},"canonical":"https:\/\/wp.kristdemokraterna.se\/hassleholm\/budget-2022-tillsammans-for-hassleholms-kommuns-framtid\/","og_locale":"sv_SE","og_type":"article","og_title":"Budget 2022: Tillsammans f\u00f6r H\u00e4ssleholms kommuns framtid - Kristdemokraterna | H\u00e4ssleholm Budget 2022: Tillsammans f\u00f6r H\u00e4ssleholms kommuns framtid","og_description":"Tillsammans kommer vi ta oss igenom detta, vi kommer kanske g\u00f6ra en halvhalt i vissa projekt, avvakta i n\u00e5gra satsningar. Vi kommer ta detta som en m\u00f6jlighet till att se \u00f6ver hela kommunens organisation och ta ett djupdyk i om vi verkligen jobbar med r\u00e4tt saker. En sak kan vi lova er kommuninv\u00e5nare, i dessa tuffa tider kommer vi inte tynga er med h\u00f6gre kommunalskatt, vi vet att m\u00e5nga redan har det k\u00e4mpigt att f\u00e5 privatekonomin att g\u00e5 ihop.","og_url":"https:\/\/wp.kristdemokraterna.se\/hassleholm\/budget-2022-tillsammans-for-hassleholms-kommuns-framtid\/","og_site_name":"Kristdemokraterna | H\u00e4ssleholm","article_published_time":"2022-10-30T10:54:33+00:00","article_modified_time":"2022-10-31T09:18:00+00:00","author":"Simon Berneblad","twitter_card":"summary_large_image","twitter_misc":{"Skriven av":"Simon Berneblad","Ber\u00e4knad l\u00e4stid":"6 minuter"},"schema":{"@context":"https:\/\/schema.org","@graph":[{"@type":"Article","@id":"https:\/\/wp.kristdemokraterna.se\/hassleholm\/budget-2022-tillsammans-for-hassleholms-kommuns-framtid\/#article","isPartOf":{"@id":"https:\/\/wp.kristdemokraterna.se\/hassleholm\/budget-2022-tillsammans-for-hassleholms-kommuns-framtid\/"},"author":{"name":"Simon Berneblad","@id":"https:\/\/wp.kristdemokraterna.se\/hassleholm\/#\/schema\/person\/b684b3b78c0af159382758027b70c4e7"},"headline":"Budget 2022: Tillsammans f\u00f6r H\u00e4ssleholms kommuns framtid","datePublished":"2022-10-30T10:54:33+00:00","dateModified":"2022-10-31T09:18:00+00:00","mainEntityOfPage":{"@id":"https:\/\/wp.kristdemokraterna.se\/hassleholm\/budget-2022-tillsammans-for-hassleholms-kommuns-framtid\/"},"wordCount":1295,"keywords":["Budget 2022"],"articleSection":["Nyheter","Senaste nytt"],"inLanguage":"sv-SE"},{"@type":"WebPage","@id":"https:\/\/wp.kristdemokraterna.se\/hassleholm\/budget-2022-tillsammans-for-hassleholms-kommuns-framtid\/","url":"https:\/\/wp.kristdemokraterna.se\/hassleholm\/budget-2022-tillsammans-for-hassleholms-kommuns-framtid\/","name":"Budget 2022: Tillsammans f\u00f6r H\u00e4ssleholms kommuns framtid - Kristdemokraterna | H\u00e4ssleholm Budget 2022: Tillsammans f\u00f6r H\u00e4ssleholms kommuns framtid","isPartOf":{"@id":"https:\/\/wp.kristdemokraterna.se\/hassleholm\/#website"},"datePublished":"2022-10-30T10:54:33+00:00","dateModified":"2022-10-31T09:18:00+00:00","author":{"@id":"https:\/\/wp.kristdemokraterna.se\/hassleholm\/#\/schema\/person\/b684b3b78c0af159382758027b70c4e7"},"description":"Tillsammans kommer vi ta oss igenom detta, vi kommer kanske g\u00f6ra en halvhalt i vissa projekt, avvakta i n\u00e5gra satsningar. Vi kommer ta detta som en m\u00f6jlighet till att se \u00f6ver hela kommunens organisation och ta ett djupdyk i om vi verkligen jobbar med r\u00e4tt saker. En sak kan vi lova er kommuninv\u00e5nare, i dessa tuffa tider kommer vi inte tynga er med h\u00f6gre kommunalskatt, vi vet att m\u00e5nga redan har det k\u00e4mpigt att f\u00e5 privatekonomin att g\u00e5 ihop.","breadcrumb":{"@id":"https:\/\/wp.kristdemokraterna.se\/hassleholm\/budget-2022-tillsammans-for-hassleholms-kommuns-framtid\/#breadcrumb"},"inLanguage":"sv-SE","potentialAction":[{"@type":"ReadAction","target":["https:\/\/wp.kristdemokraterna.se\/hassleholm\/budget-2022-tillsammans-for-hassleholms-kommuns-framtid\/"]}]},{"@type":"BreadcrumbList","@id":"https:\/\/wp.kristdemokraterna.se\/hassleholm\/budget-2022-tillsammans-for-hassleholms-kommuns-framtid\/#breadcrumb","itemListElement":[{"@type":"ListItem","position":1,"name":"Hem","item":"https:\/\/wp.kristdemokraterna.se\/hassleholm\/"},{"@type":"ListItem","position":2,"name":"Budget 2022: Tillsammans f\u00f6r H\u00e4ssleholms kommuns framtid"}]},{"@type":"WebSite","@id":"https:\/\/wp.kristdemokraterna.se\/hassleholm\/#website","url":"https:\/\/wp.kristdemokraterna.se\/hassleholm\/","name":"Kristdemokraterna | H\u00e4ssleholm","description":"\u00c4nnu en webbplats hos Kristdemokraterna","inLanguage":"sv-SE"},{"@type":"Person","@id":"https:\/\/wp.kristdemokraterna.se\/hassleholm\/#\/schema\/person\/b684b3b78c0af159382758027b70c4e7","name":"Simon Berneblad","image":{"@type":"ImageObject","inLanguage":"sv-SE","@id":"https:\/\/secure.gravatar.com\/avatar\/9258771e5d1d637f8501ed75672e23913a067e2603291093501dce7a17464f5c?s=96&d=mm&r=g","url":"https:\/\/secure.gravatar.com\/avatar\/9258771e5d1d637f8501ed75672e23913a067e2603291093501dce7a17464f5c?s=96&d=mm&r=g","contentUrl":"https:\/\/secure.gravatar.com\/avatar\/9258771e5d1d637f8501ed75672e23913a067e2603291093501dce7a17464f5c?s=96&d=mm&r=g","caption":"Simon Berneblad"},"url":"https:\/\/wp.kristdemokraterna.se\/hassleholm\/author\/sberneblad\/"}]}},"_links":{"self":[{"href":"https:\/\/wp.kristdemokraterna.se\/hassleholm\/wp-json\/wp\/v2\/posts\/651","targetHints":{"allow":["GET"]}}],"collection":[{"href":"https:\/\/wp.kristdemokraterna.se\/hassleholm\/wp-json\/wp\/v2\/posts"}],"about":[{"href":"https:\/\/wp.kristdemokraterna.se\/hassleholm\/wp-json\/wp\/v2\/types\/post"}],"author":[{"embeddable":true,"href":"https:\/\/wp.kristdemokraterna.se\/hassleholm\/wp-json\/wp\/v2\/users\/874"}],"replies":[{"embeddable":true,"href":"https:\/\/wp.kristdemokraterna.se\/hassleholm\/wp-json\/wp\/v2\/comments?post=651"}],"version-history":[{"count":4,"href":"https:\/\/wp.kristdemokraterna.se\/hassleholm\/wp-json\/wp\/v2\/posts\/651\/revisions"}],"predecessor-version":[{"id":657,"href":"https:\/\/wp.kristdemokraterna.se\/hassleholm\/wp-json\/wp\/v2\/posts\/651\/revisions\/657"}],"wp:attachment":[{"href":"https:\/\/wp.kristdemokraterna.se\/hassleholm\/wp-json\/wp\/v2\/media?parent=651"}],"wp:term":[{"taxonomy":"category","embeddable":true,"href":"https:\/\/wp.kristdemokraterna.se\/hassleholm\/wp-json\/wp\/v2\/categories?post=651"},{"taxonomy":"post_tag","embeddable":true,"href":"https:\/\/wp.kristdemokraterna.se\/hassleholm\/wp-json\/wp\/v2\/tags?post=651"}],"curies":[{"name":"wp","href":"https:\/\/api.w.org\/{rel}","templated":true}]}}