{"id":674,"date":"2023-02-17T12:57:22","date_gmt":"2023-02-17T11:57:22","guid":{"rendered":"https:\/\/wp.kristdemokraterna.se\/hassleholm\/?p=674"},"modified":"2023-02-17T12:59:53","modified_gmt":"2023-02-17T11:59:53","slug":"arsmotereferat-kristdemokraterna-i-hassleholm-holl-sitt-arsmote-2023-02-14","status":"publish","type":"post","link":"https:\/\/wp.kristdemokraterna.se\/hassleholm\/arsmotereferat-kristdemokraterna-i-hassleholm-holl-sitt-arsmote-2023-02-14\/","title":{"rendered":"\u00c5rsm\u00f6tereferat: Kristdemokraterna i H\u00e4ssleholm h\u00f6ll sitt \u00e5rsm\u00f6te 2023-02-14"},"content":{"rendered":"<p>Inbjuden g\u00e4sttalare var<strong>\u00a0Per Einarsson<\/strong>\u00a0(KD) regionr\u00e5d och ordf\u00f6rande i Region Sk\u00e5nes psykiatri-, habilitering- och hj\u00e4lpmedelsn\u00e4mnd, med ansvar f\u00f6r bland annat fr\u00e5gor kring psykisk h\u00e4lsa.\u00a0Han informerade om Region Sk\u00e5nes organisation och verksamhet f\u00f6r den nya mandatperioden med s\u00e4rskild tonvikt p\u00e5 sitt ansvarsomr\u00e5de.<\/p>\n<p>R\u00f6ke Buss Vd Lars Erlingsson och hans f\u00f6retag uppvaktades med Kristdemokraternas Vitsippepris 2022 i form av diplom, glasstaty och blomma.<\/p>\n<p>Utm\u00e4rkelsen hade f\u00f6ljande motivering<\/p>\n<p><em>Lars Erlingsson med sitt f\u00f6retag R\u00f6ke buss har p\u00e5 ett oegennyttigt och engagerat s\u00e4tt medverkat i en f\u00f6r enskilda m\u00e4nniskors mycket utsatta situation g\u00e5tt in med en betydande hj\u00e4lpverksamhet. <\/em><\/p>\n<p><em>N\u00e4r Lars Erlingsson ins\u00e5g konsekvenserna av det ryska angreppskriget mot Ukraina och fick k\u00e4nnedom om m\u00e4nniskor som f\u00f6rs\u00f6kte fly best\u00e4mde han sig tillsammans med medarbetare f\u00f6r att med sin dubbeld\u00e4ckade buss med plats f\u00f6r \u00e5ttio personer k\u00f6ra till Polsk-Ukrainska gr\u00e4nsen f\u00f6r att hj\u00e4lpa m\u00e4nniskor till en tryggare tillvaro i Sverige.<\/em><\/p>\n<p><em>Insatsen f\u00f6rtj\u00e4nar ett s\u00e4rskilt erk\u00e4nnande som visar f\u00f6retagets engagemang f\u00f6r att leva upp till alla m\u00e4nniskors lika v\u00e4rde.<\/em><\/p>\n<p>Till styrelseordf\u00f6rande omvaldes Robin Gustavsson och till vice ordf\u00f6rande Christer Caesar.<\/p>\n<p>Till ledam\u00f6ter valdes Simon Berneblad, Erika Heil-Utbult, Margaretha Lindquist, Andr\u00e9 L\u00e5d\u00f6, Tommy Malenstr\u00f6m, Stefan Svensson och Mats Bj\u00f6rklund. Till ers\u00e4ttare i styrelsen valdes<br \/>\nGunnel Br\u00e4nnstr\u00f6m, Berit Wir\u00f6dal, Roland Blomqvist och Greger Gustafsson<\/p>\n<p>D\u00e4rut\u00f6ver valdes ombud och ers\u00e4ttare till Sk\u00e5nedistriktets st\u00e4mma, val ledare samt \u00f6vriga uppdrag.<\/p>\n<p>Verksamhets- och f\u00f6rvaltningsber\u00e4ttelser godk\u00e4ndes samt verksamhetsplan och budget f\u00f6r 2023 fastst\u00e4lldes.<\/p>\n<p>M\u00f6tet avslutades med kaffe och semla.<\/p>\n","protected":false},"excerpt":{"rendered":"<p>Inbjuden g\u00e4sttalare var\u00a0Per Einarsson\u00a0(KD) regionr\u00e5d och ordf\u00f6rande i Region Sk\u00e5nes psykiatri-, habilitering- och hj\u00e4lpmedelsn\u00e4mnd, med ansvar f\u00f6r bland annat fr\u00e5gor kring psykisk h\u00e4lsa.\u00a0Han informerade om Region Sk\u00e5nes organisation och verksamhet f\u00f6r den nya mandatperioden med s\u00e4rskild tonvikt p\u00e5 sitt ansvarsomr\u00e5de. R\u00f6ke Buss Vd Lars Erlingsson och hans f\u00f6retag uppvaktades med Kristdemokraternas Vitsippepris 2022 i form <a class=\"read-more-link\" href=\"https:\/\/wp.kristdemokraterna.se\/hassleholm\/arsmotereferat-kristdemokraterna-i-hassleholm-holl-sitt-arsmote-2023-02-14\/\">L\u00e4s mer<\/a><\/p>\n","protected":false},"author":874,"featured_media":0,"comment_status":"closed","ping_status":"closed","sticky":false,"template":"","format":"standard","meta":{"_acf_changed":false,"footnotes":""},"categories":[10,11],"tags":[46],"class_list":["post-674","post","type-post","status-publish","format-standard","hentry","category-nyheter","category-inlagg","tag-kd2023"],"acf":[],"yoast_head":"<!-- This site is optimized with the Yoast SEO plugin v27.5 - https:\/\/yoast.com\/product\/yoast-seo-wordpress\/ -->\n<title>\u00c5rsm\u00f6tereferat: Kristdemokraterna i H\u00e4ssleholm h\u00f6ll sitt \u00e5rsm\u00f6te 2023-02-14 - Kristdemokraterna | H\u00e4ssleholm<\/title>\n<meta name=\"robots\" content=\"index, follow, max-snippet:-1, max-image-preview:large, max-video-preview:-1\" \/>\n<link rel=\"canonical\" href=\"https:\/\/wp.kristdemokraterna.se\/hassleholm\/arsmotereferat-kristdemokraterna-i-hassleholm-holl-sitt-arsmote-2023-02-14\/\" \/>\n<meta property=\"og:locale\" content=\"sv_SE\" \/>\n<meta property=\"og:type\" content=\"article\" \/>\n<meta property=\"og:title\" content=\"\u00c5rsm\u00f6tereferat: Kristdemokraterna i H\u00e4ssleholm h\u00f6ll sitt \u00e5rsm\u00f6te 2023-02-14 - Kristdemokraterna | H\u00e4ssleholm\" \/>\n<meta property=\"og:description\" content=\"Inbjuden g\u00e4sttalare var\u00a0Per Einarsson\u00a0(KD) regionr\u00e5d och ordf\u00f6rande i Region Sk\u00e5nes psykiatri-, habilitering- och hj\u00e4lpmedelsn\u00e4mnd, med ansvar f\u00f6r bland annat fr\u00e5gor kring psykisk h\u00e4lsa.\u00a0Han informerade om Region Sk\u00e5nes organisation och verksamhet f\u00f6r den nya mandatperioden med s\u00e4rskild tonvikt p\u00e5 sitt ansvarsomr\u00e5de. R\u00f6ke Buss Vd Lars Erlingsson och hans f\u00f6retag uppvaktades med Kristdemokraternas Vitsippepris 2022 i form L\u00e4s mer\" \/>\n<meta property=\"og:url\" content=\"https:\/\/wp.kristdemokraterna.se\/hassleholm\/arsmotereferat-kristdemokraterna-i-hassleholm-holl-sitt-arsmote-2023-02-14\/\" \/>\n<meta property=\"og:site_name\" content=\"Kristdemokraterna | H\u00e4ssleholm\" \/>\n<meta property=\"article:published_time\" content=\"2023-02-17T11:57:22+00:00\" \/>\n<meta property=\"article:modified_time\" content=\"2023-02-17T11:59:53+00:00\" \/>\n<meta name=\"author\" content=\"Simon Berneblad\" \/>\n<meta name=\"twitter:card\" content=\"summary_large_image\" \/>\n<meta name=\"twitter:label1\" content=\"Skriven av\" \/>\n\t<meta name=\"twitter:data1\" content=\"Simon Berneblad\" \/>\n\t<meta name=\"twitter:label2\" content=\"Ber\u00e4knad l\u00e4stid\" \/>\n\t<meta name=\"twitter:data2\" content=\"2 minuter\" \/>\n<script type=\"application\/ld+json\" class=\"yoast-schema-graph\">{\"@context\":\"https:\\\/\\\/schema.org\",\"@graph\":[{\"@type\":\"Article\",\"@id\":\"https:\\\/\\\/wp.kristdemokraterna.se\\\/hassleholm\\\/arsmotereferat-kristdemokraterna-i-hassleholm-holl-sitt-arsmote-2023-02-14\\\/#article\",\"isPartOf\":{\"@id\":\"https:\\\/\\\/wp.kristdemokraterna.se\\\/hassleholm\\\/arsmotereferat-kristdemokraterna-i-hassleholm-holl-sitt-arsmote-2023-02-14\\\/\"},\"author\":{\"name\":\"Simon Berneblad\",\"@id\":\"https:\\\/\\\/wp.kristdemokraterna.se\\\/hassleholm\\\/#\\\/schema\\\/person\\\/b684b3b78c0af159382758027b70c4e7\"},\"headline\":\"\u00c5rsm\u00f6tereferat: Kristdemokraterna i H\u00e4ssleholm h\u00f6ll sitt \u00e5rsm\u00f6te 2023-02-14\",\"datePublished\":\"2023-02-17T11:57:22+00:00\",\"dateModified\":\"2023-02-17T11:59:53+00:00\",\"mainEntityOfPage\":{\"@id\":\"https:\\\/\\\/wp.kristdemokraterna.se\\\/hassleholm\\\/arsmotereferat-kristdemokraterna-i-hassleholm-holl-sitt-arsmote-2023-02-14\\\/\"},\"wordCount\":316,\"keywords\":[\"KD2023\"],\"articleSection\":[\"Nyheter\",\"Senaste nytt\"],\"inLanguage\":\"sv-SE\"},{\"@type\":\"WebPage\",\"@id\":\"https:\\\/\\\/wp.kristdemokraterna.se\\\/hassleholm\\\/arsmotereferat-kristdemokraterna-i-hassleholm-holl-sitt-arsmote-2023-02-14\\\/\",\"url\":\"https:\\\/\\\/wp.kristdemokraterna.se\\\/hassleholm\\\/arsmotereferat-kristdemokraterna-i-hassleholm-holl-sitt-arsmote-2023-02-14\\\/\",\"name\":\"\u00c5rsm\u00f6tereferat: Kristdemokraterna i H\u00e4ssleholm h\u00f6ll sitt \u00e5rsm\u00f6te 2023-02-14 - Kristdemokraterna | H\u00e4ssleholm\",\"isPartOf\":{\"@id\":\"https:\\\/\\\/wp.kristdemokraterna.se\\\/hassleholm\\\/#website\"},\"datePublished\":\"2023-02-17T11:57:22+00:00\",\"dateModified\":\"2023-02-17T11:59:53+00:00\",\"author\":{\"@id\":\"https:\\\/\\\/wp.kristdemokraterna.se\\\/hassleholm\\\/#\\\/schema\\\/person\\\/b684b3b78c0af159382758027b70c4e7\"},\"breadcrumb\":{\"@id\":\"https:\\\/\\\/wp.kristdemokraterna.se\\\/hassleholm\\\/arsmotereferat-kristdemokraterna-i-hassleholm-holl-sitt-arsmote-2023-02-14\\\/#breadcrumb\"},\"inLanguage\":\"sv-SE\",\"potentialAction\":[{\"@type\":\"ReadAction\",\"target\":[\"https:\\\/\\\/wp.kristdemokraterna.se\\\/hassleholm\\\/arsmotereferat-kristdemokraterna-i-hassleholm-holl-sitt-arsmote-2023-02-14\\\/\"]}]},{\"@type\":\"BreadcrumbList\",\"@id\":\"https:\\\/\\\/wp.kristdemokraterna.se\\\/hassleholm\\\/arsmotereferat-kristdemokraterna-i-hassleholm-holl-sitt-arsmote-2023-02-14\\\/#breadcrumb\",\"itemListElement\":[{\"@type\":\"ListItem\",\"position\":1,\"name\":\"Hem\",\"item\":\"https:\\\/\\\/wp.kristdemokraterna.se\\\/hassleholm\\\/\"},{\"@type\":\"ListItem\",\"position\":2,\"name\":\"\u00c5rsm\u00f6tereferat: Kristdemokraterna i H\u00e4ssleholm h\u00f6ll sitt \u00e5rsm\u00f6te 2023-02-14\"}]},{\"@type\":\"WebSite\",\"@id\":\"https:\\\/\\\/wp.kristdemokraterna.se\\\/hassleholm\\\/#website\",\"url\":\"https:\\\/\\\/wp.kristdemokraterna.se\\\/hassleholm\\\/\",\"name\":\"Kristdemokraterna | H\u00e4ssleholm\",\"description\":\"\u00c4nnu en webbplats hos Kristdemokraterna\",\"inLanguage\":\"sv-SE\"},{\"@type\":\"Person\",\"@id\":\"https:\\\/\\\/wp.kristdemokraterna.se\\\/hassleholm\\\/#\\\/schema\\\/person\\\/b684b3b78c0af159382758027b70c4e7\",\"name\":\"Simon Berneblad\",\"image\":{\"@type\":\"ImageObject\",\"inLanguage\":\"sv-SE\",\"@id\":\"https:\\\/\\\/secure.gravatar.com\\\/avatar\\\/9258771e5d1d637f8501ed75672e23913a067e2603291093501dce7a17464f5c?s=96&d=mm&r=g\",\"url\":\"https:\\\/\\\/secure.gravatar.com\\\/avatar\\\/9258771e5d1d637f8501ed75672e23913a067e2603291093501dce7a17464f5c?s=96&d=mm&r=g\",\"contentUrl\":\"https:\\\/\\\/secure.gravatar.com\\\/avatar\\\/9258771e5d1d637f8501ed75672e23913a067e2603291093501dce7a17464f5c?s=96&d=mm&r=g\",\"caption\":\"Simon Berneblad\"},\"url\":\"https:\\\/\\\/wp.kristdemokraterna.se\\\/hassleholm\\\/author\\\/sberneblad\\\/\"}]}<\/script>\n<!-- \/ Yoast SEO plugin. -->","yoast_head_json":{"title":"\u00c5rsm\u00f6tereferat: Kristdemokraterna i H\u00e4ssleholm h\u00f6ll sitt \u00e5rsm\u00f6te 2023-02-14 - Kristdemokraterna | H\u00e4ssleholm","robots":{"index":"index","follow":"follow","max-snippet":"max-snippet:-1","max-image-preview":"max-image-preview:large","max-video-preview":"max-video-preview:-1"},"canonical":"https:\/\/wp.kristdemokraterna.se\/hassleholm\/arsmotereferat-kristdemokraterna-i-hassleholm-holl-sitt-arsmote-2023-02-14\/","og_locale":"sv_SE","og_type":"article","og_title":"\u00c5rsm\u00f6tereferat: Kristdemokraterna i H\u00e4ssleholm h\u00f6ll sitt \u00e5rsm\u00f6te 2023-02-14 - Kristdemokraterna | H\u00e4ssleholm","og_description":"Inbjuden g\u00e4sttalare var\u00a0Per Einarsson\u00a0(KD) regionr\u00e5d och ordf\u00f6rande i Region Sk\u00e5nes psykiatri-, habilitering- och hj\u00e4lpmedelsn\u00e4mnd, med ansvar f\u00f6r bland annat fr\u00e5gor kring psykisk h\u00e4lsa.\u00a0Han informerade om Region Sk\u00e5nes organisation och verksamhet f\u00f6r den nya mandatperioden med s\u00e4rskild tonvikt p\u00e5 sitt ansvarsomr\u00e5de. R\u00f6ke Buss Vd Lars Erlingsson och hans f\u00f6retag uppvaktades med Kristdemokraternas Vitsippepris 2022 i form L\u00e4s mer","og_url":"https:\/\/wp.kristdemokraterna.se\/hassleholm\/arsmotereferat-kristdemokraterna-i-hassleholm-holl-sitt-arsmote-2023-02-14\/","og_site_name":"Kristdemokraterna | H\u00e4ssleholm","article_published_time":"2023-02-17T11:57:22+00:00","article_modified_time":"2023-02-17T11:59:53+00:00","author":"Simon Berneblad","twitter_card":"summary_large_image","twitter_misc":{"Skriven av":"Simon Berneblad","Ber\u00e4knad l\u00e4stid":"2 minuter"},"schema":{"@context":"https:\/\/schema.org","@graph":[{"@type":"Article","@id":"https:\/\/wp.kristdemokraterna.se\/hassleholm\/arsmotereferat-kristdemokraterna-i-hassleholm-holl-sitt-arsmote-2023-02-14\/#article","isPartOf":{"@id":"https:\/\/wp.kristdemokraterna.se\/hassleholm\/arsmotereferat-kristdemokraterna-i-hassleholm-holl-sitt-arsmote-2023-02-14\/"},"author":{"name":"Simon Berneblad","@id":"https:\/\/wp.kristdemokraterna.se\/hassleholm\/#\/schema\/person\/b684b3b78c0af159382758027b70c4e7"},"headline":"\u00c5rsm\u00f6tereferat: Kristdemokraterna i H\u00e4ssleholm h\u00f6ll sitt \u00e5rsm\u00f6te 2023-02-14","datePublished":"2023-02-17T11:57:22+00:00","dateModified":"2023-02-17T11:59:53+00:00","mainEntityOfPage":{"@id":"https:\/\/wp.kristdemokraterna.se\/hassleholm\/arsmotereferat-kristdemokraterna-i-hassleholm-holl-sitt-arsmote-2023-02-14\/"},"wordCount":316,"keywords":["KD2023"],"articleSection":["Nyheter","Senaste nytt"],"inLanguage":"sv-SE"},{"@type":"WebPage","@id":"https:\/\/wp.kristdemokraterna.se\/hassleholm\/arsmotereferat-kristdemokraterna-i-hassleholm-holl-sitt-arsmote-2023-02-14\/","url":"https:\/\/wp.kristdemokraterna.se\/hassleholm\/arsmotereferat-kristdemokraterna-i-hassleholm-holl-sitt-arsmote-2023-02-14\/","name":"\u00c5rsm\u00f6tereferat: Kristdemokraterna i H\u00e4ssleholm h\u00f6ll sitt \u00e5rsm\u00f6te 2023-02-14 - Kristdemokraterna | H\u00e4ssleholm","isPartOf":{"@id":"https:\/\/wp.kristdemokraterna.se\/hassleholm\/#website"},"datePublished":"2023-02-17T11:57:22+00:00","dateModified":"2023-02-17T11:59:53+00:00","author":{"@id":"https:\/\/wp.kristdemokraterna.se\/hassleholm\/#\/schema\/person\/b684b3b78c0af159382758027b70c4e7"},"breadcrumb":{"@id":"https:\/\/wp.kristdemokraterna.se\/hassleholm\/arsmotereferat-kristdemokraterna-i-hassleholm-holl-sitt-arsmote-2023-02-14\/#breadcrumb"},"inLanguage":"sv-SE","potentialAction":[{"@type":"ReadAction","target":["https:\/\/wp.kristdemokraterna.se\/hassleholm\/arsmotereferat-kristdemokraterna-i-hassleholm-holl-sitt-arsmote-2023-02-14\/"]}]},{"@type":"BreadcrumbList","@id":"https:\/\/wp.kristdemokraterna.se\/hassleholm\/arsmotereferat-kristdemokraterna-i-hassleholm-holl-sitt-arsmote-2023-02-14\/#breadcrumb","itemListElement":[{"@type":"ListItem","position":1,"name":"Hem","item":"https:\/\/wp.kristdemokraterna.se\/hassleholm\/"},{"@type":"ListItem","position":2,"name":"\u00c5rsm\u00f6tereferat: Kristdemokraterna i H\u00e4ssleholm h\u00f6ll sitt \u00e5rsm\u00f6te 2023-02-14"}]},{"@type":"WebSite","@id":"https:\/\/wp.kristdemokraterna.se\/hassleholm\/#website","url":"https:\/\/wp.kristdemokraterna.se\/hassleholm\/","name":"Kristdemokraterna | H\u00e4ssleholm","description":"\u00c4nnu en webbplats hos Kristdemokraterna","inLanguage":"sv-SE"},{"@type":"Person","@id":"https:\/\/wp.kristdemokraterna.se\/hassleholm\/#\/schema\/person\/b684b3b78c0af159382758027b70c4e7","name":"Simon Berneblad","image":{"@type":"ImageObject","inLanguage":"sv-SE","@id":"https:\/\/secure.gravatar.com\/avatar\/9258771e5d1d637f8501ed75672e23913a067e2603291093501dce7a17464f5c?s=96&d=mm&r=g","url":"https:\/\/secure.gravatar.com\/avatar\/9258771e5d1d637f8501ed75672e23913a067e2603291093501dce7a17464f5c?s=96&d=mm&r=g","contentUrl":"https:\/\/secure.gravatar.com\/avatar\/9258771e5d1d637f8501ed75672e23913a067e2603291093501dce7a17464f5c?s=96&d=mm&r=g","caption":"Simon Berneblad"},"url":"https:\/\/wp.kristdemokraterna.se\/hassleholm\/author\/sberneblad\/"}]}},"_links":{"self":[{"href":"https:\/\/wp.kristdemokraterna.se\/hassleholm\/wp-json\/wp\/v2\/posts\/674","targetHints":{"allow":["GET"]}}],"collection":[{"href":"https:\/\/wp.kristdemokraterna.se\/hassleholm\/wp-json\/wp\/v2\/posts"}],"about":[{"href":"https:\/\/wp.kristdemokraterna.se\/hassleholm\/wp-json\/wp\/v2\/types\/post"}],"author":[{"embeddable":true,"href":"https:\/\/wp.kristdemokraterna.se\/hassleholm\/wp-json\/wp\/v2\/users\/874"}],"replies":[{"embeddable":true,"href":"https:\/\/wp.kristdemokraterna.se\/hassleholm\/wp-json\/wp\/v2\/comments?post=674"}],"version-history":[{"count":3,"href":"https:\/\/wp.kristdemokraterna.se\/hassleholm\/wp-json\/wp\/v2\/posts\/674\/revisions"}],"predecessor-version":[{"id":679,"href":"https:\/\/wp.kristdemokraterna.se\/hassleholm\/wp-json\/wp\/v2\/posts\/674\/revisions\/679"}],"wp:attachment":[{"href":"https:\/\/wp.kristdemokraterna.se\/hassleholm\/wp-json\/wp\/v2\/media?parent=674"}],"wp:term":[{"taxonomy":"category","embeddable":true,"href":"https:\/\/wp.kristdemokraterna.se\/hassleholm\/wp-json\/wp\/v2\/categories?post=674"},{"taxonomy":"post_tag","embeddable":true,"href":"https:\/\/wp.kristdemokraterna.se\/hassleholm\/wp-json\/wp\/v2\/tags?post=674"}],"curies":[{"name":"wp","href":"https:\/\/api.w.org\/{rel}","templated":true}]}}