{"id":687,"date":"2023-05-23T15:02:16","date_gmt":"2023-05-23T13:02:16","guid":{"rendered":"https:\/\/wp.kristdemokraterna.se\/hassleholm\/?p=687"},"modified":"2023-05-23T15:02:16","modified_gmt":"2023-05-23T13:02:16","slug":"interpellation-till-kommunstyrelsens-ordforande-om-det-nya-styrets-planer-for-att-starka-foretagsklimatet-i-kommunen","status":"publish","type":"post","link":"https:\/\/wp.kristdemokraterna.se\/hassleholm\/interpellation-till-kommunstyrelsens-ordforande-om-det-nya-styrets-planer-for-att-starka-foretagsklimatet-i-kommunen\/","title":{"rendered":"Interpellation till kommunstyrelsens ordf\u00f6rande om det nya styrets planer f\u00f6r att st\u00e4rka f\u00f6retagsklimatet i kommunen."},"content":{"rendered":"<p>H\u00e4ssleholms kommun har konsekvent hamnat p\u00e5 bottenplats n\u00e4r det kommer till f\u00f6retagares bed\u00f6mning av servicen och f\u00f6retagsklimatet. En f\u00e4rsk unders\u00f6kning fr\u00e5n Svenskt N\u00e4ringsliv placerade H\u00e4ssleholm sist i Sk\u00e5ne i den \u00f6vergripande bed\u00f6mningen av f\u00f6retagsklimatet i kommunen. Trots att H\u00e4ssleholm i \u00f6vrigt \u00e4r en tillg\u00e4nglig och fantastisk kommun s\u00e5 \u00e4r detta oerh\u00f6rt alarmerande. Det \u00e4r br\u00e5dskande att v\u00e4nda den ned\u00e5tg\u00e5ende trenden och hitta nya strategier f\u00f6r att locka hit f\u00f6retag. Kommunens framtid st\u00e5r p\u00e5 spel.<\/p>\n<p>Det tidigare majoritetsstyret p\u00e5b\u00f6rjade en omorganisation f\u00f6r att avskaffa gamla arbetss\u00e4tt och s\u00f6ka efter nya innovativa l\u00f6sningar f\u00f6r att f\u00f6rb\u00e4ttra f\u00f6retagsklimatet. Kristdemokraterna ans\u00e5g att det var s\u00e4rskilt viktigt att kommunen \u00f6vergick fr\u00e5n att fokusera p\u00e5 tillv\u00e4xt till att ist\u00e4llet prioritera n\u00e4ringslivet. M\u00e5let var att f\u00f6rst skapa en trivsam milj\u00f6 f\u00f6r befintliga f\u00f6retag och sedan s\u00e4tta fokus p\u00e5 tillv\u00e4xt. Denna strategi m\u00f6tte dock motst\u00e5nd fr\u00e5n andra partier som nu har makten och d\u00e4rmed ansvarar f\u00f6r att st\u00e4rka f\u00f6retagsverksamheten. Det \u00e4r d\u00e4rf\u00f6r intressant att veta hur det nya styret t\u00e4nker bem\u00f6ta dessa utmaningar och vart de ser att kommunen st\u00e5r om ett \u00e5r.<\/p>\n<p>Det \u00e4r trots allt kommunstyrelsens ordf\u00f6rande och kommundirekt\u00f6ren som dagligen m\u00e5ste ta itu med f\u00f6retagarnas behov och samtidigt fr\u00e4mja kommunens utveckling.<\/p>\n<p><strong>Med anledning av detta undrar Kristdemokraterna i H\u00e4ssleholm: <\/strong><\/p>\n<ul>\n<li>Hur \u00e4mnar det nya styret och kommunstyrelsens ordf\u00f6rande st\u00e4rka det \u00f6vergripande f\u00f6retagsklimatet i kommunen?<\/li>\n<\/ul>\n<p><strong>Simon Berneblad <\/strong><\/p>\n<p>Vice gruppledare f\u00f6r Kristdemokraterna<\/p>\n<p>&nbsp;<\/p>\n<p>&nbsp;<\/p>\n","protected":false},"excerpt":{"rendered":"<p>H\u00e4ssleholms kommun har konsekvent hamnat p\u00e5 bottenplats n\u00e4r det kommer till f\u00f6retagares bed\u00f6mning av servicen och f\u00f6retagsklimatet. En f\u00e4rsk unders\u00f6kning fr\u00e5n Svenskt N\u00e4ringsliv placerade H\u00e4ssleholm sist i Sk\u00e5ne i den \u00f6vergripande bed\u00f6mningen av f\u00f6retagsklimatet i kommunen. Trots att H\u00e4ssleholm i \u00f6vrigt \u00e4r en tillg\u00e4nglig och fantastisk kommun s\u00e5 \u00e4r detta oerh\u00f6rt alarmerande. Det \u00e4r br\u00e5dskande <a class=\"read-more-link\" href=\"https:\/\/wp.kristdemokraterna.se\/hassleholm\/interpellation-till-kommunstyrelsens-ordforande-om-det-nya-styrets-planer-for-att-starka-foretagsklimatet-i-kommunen\/\">L\u00e4s mer<\/a><\/p>\n","protected":false},"author":874,"featured_media":0,"comment_status":"closed","ping_status":"closed","sticky":false,"template":"","format":"standard","meta":{"_acf_changed":false,"footnotes":""},"categories":[1],"tags":[],"class_list":["post-687","post","type-post","status-publish","format-standard","hentry","category-okategoriserade"],"acf":[],"yoast_head":"<!-- This site is optimized with the Yoast SEO plugin v27.5 - https:\/\/yoast.com\/product\/yoast-seo-wordpress\/ -->\n<title>Interpellation till kommunstyrelsens ordf\u00f6rande om det nya styrets planer f\u00f6r att st\u00e4rka f\u00f6retagsklimatet i kommunen. - Kristdemokraterna | H\u00e4ssleholm<\/title>\n<meta name=\"robots\" content=\"index, follow, max-snippet:-1, max-image-preview:large, max-video-preview:-1\" \/>\n<link rel=\"canonical\" href=\"https:\/\/wp.kristdemokraterna.se\/hassleholm\/interpellation-till-kommunstyrelsens-ordforande-om-det-nya-styrets-planer-for-att-starka-foretagsklimatet-i-kommunen\/\" \/>\n<meta property=\"og:locale\" content=\"sv_SE\" \/>\n<meta property=\"og:type\" content=\"article\" \/>\n<meta property=\"og:title\" content=\"Interpellation till kommunstyrelsens ordf\u00f6rande om det nya styrets planer f\u00f6r att st\u00e4rka f\u00f6retagsklimatet i kommunen. - Kristdemokraterna | H\u00e4ssleholm\" \/>\n<meta property=\"og:description\" content=\"H\u00e4ssleholms kommun har konsekvent hamnat p\u00e5 bottenplats n\u00e4r det kommer till f\u00f6retagares bed\u00f6mning av servicen och f\u00f6retagsklimatet. En f\u00e4rsk unders\u00f6kning fr\u00e5n Svenskt N\u00e4ringsliv placerade H\u00e4ssleholm sist i Sk\u00e5ne i den \u00f6vergripande bed\u00f6mningen av f\u00f6retagsklimatet i kommunen. Trots att H\u00e4ssleholm i \u00f6vrigt \u00e4r en tillg\u00e4nglig och fantastisk kommun s\u00e5 \u00e4r detta oerh\u00f6rt alarmerande. Det \u00e4r br\u00e5dskande L\u00e4s mer\" \/>\n<meta property=\"og:url\" content=\"https:\/\/wp.kristdemokraterna.se\/hassleholm\/interpellation-till-kommunstyrelsens-ordforande-om-det-nya-styrets-planer-for-att-starka-foretagsklimatet-i-kommunen\/\" \/>\n<meta property=\"og:site_name\" content=\"Kristdemokraterna | H\u00e4ssleholm\" \/>\n<meta property=\"article:published_time\" content=\"2023-05-23T13:02:16+00:00\" \/>\n<meta name=\"author\" content=\"Simon Berneblad\" \/>\n<meta name=\"twitter:card\" content=\"summary_large_image\" \/>\n<meta name=\"twitter:label1\" content=\"Skriven av\" \/>\n\t<meta name=\"twitter:data1\" content=\"Simon Berneblad\" \/>\n\t<meta name=\"twitter:label2\" content=\"Ber\u00e4knad l\u00e4stid\" \/>\n\t<meta name=\"twitter:data2\" content=\"2 minuter\" \/>\n<script type=\"application\/ld+json\" class=\"yoast-schema-graph\">{\"@context\":\"https:\\\/\\\/schema.org\",\"@graph\":[{\"@type\":\"Article\",\"@id\":\"https:\\\/\\\/wp.kristdemokraterna.se\\\/hassleholm\\\/interpellation-till-kommunstyrelsens-ordforande-om-det-nya-styrets-planer-for-att-starka-foretagsklimatet-i-kommunen\\\/#article\",\"isPartOf\":{\"@id\":\"https:\\\/\\\/wp.kristdemokraterna.se\\\/hassleholm\\\/interpellation-till-kommunstyrelsens-ordforande-om-det-nya-styrets-planer-for-att-starka-foretagsklimatet-i-kommunen\\\/\"},\"author\":{\"name\":\"Simon Berneblad\",\"@id\":\"https:\\\/\\\/wp.kristdemokraterna.se\\\/hassleholm\\\/#\\\/schema\\\/person\\\/b684b3b78c0af159382758027b70c4e7\"},\"headline\":\"Interpellation till kommunstyrelsens ordf\u00f6rande om det nya styrets planer f\u00f6r att st\u00e4rka f\u00f6retagsklimatet i kommunen.\",\"datePublished\":\"2023-05-23T13:02:16+00:00\",\"mainEntityOfPage\":{\"@id\":\"https:\\\/\\\/wp.kristdemokraterna.se\\\/hassleholm\\\/interpellation-till-kommunstyrelsens-ordforande-om-det-nya-styrets-planer-for-att-starka-foretagsklimatet-i-kommunen\\\/\"},\"wordCount\":312,\"articleSection\":[\"\u00d6vrigt\"],\"inLanguage\":\"sv-SE\"},{\"@type\":\"WebPage\",\"@id\":\"https:\\\/\\\/wp.kristdemokraterna.se\\\/hassleholm\\\/interpellation-till-kommunstyrelsens-ordforande-om-det-nya-styrets-planer-for-att-starka-foretagsklimatet-i-kommunen\\\/\",\"url\":\"https:\\\/\\\/wp.kristdemokraterna.se\\\/hassleholm\\\/interpellation-till-kommunstyrelsens-ordforande-om-det-nya-styrets-planer-for-att-starka-foretagsklimatet-i-kommunen\\\/\",\"name\":\"Interpellation till kommunstyrelsens ordf\u00f6rande om det nya styrets planer f\u00f6r att st\u00e4rka f\u00f6retagsklimatet i kommunen. - Kristdemokraterna | H\u00e4ssleholm\",\"isPartOf\":{\"@id\":\"https:\\\/\\\/wp.kristdemokraterna.se\\\/hassleholm\\\/#website\"},\"datePublished\":\"2023-05-23T13:02:16+00:00\",\"author\":{\"@id\":\"https:\\\/\\\/wp.kristdemokraterna.se\\\/hassleholm\\\/#\\\/schema\\\/person\\\/b684b3b78c0af159382758027b70c4e7\"},\"breadcrumb\":{\"@id\":\"https:\\\/\\\/wp.kristdemokraterna.se\\\/hassleholm\\\/interpellation-till-kommunstyrelsens-ordforande-om-det-nya-styrets-planer-for-att-starka-foretagsklimatet-i-kommunen\\\/#breadcrumb\"},\"inLanguage\":\"sv-SE\",\"potentialAction\":[{\"@type\":\"ReadAction\",\"target\":[\"https:\\\/\\\/wp.kristdemokraterna.se\\\/hassleholm\\\/interpellation-till-kommunstyrelsens-ordforande-om-det-nya-styrets-planer-for-att-starka-foretagsklimatet-i-kommunen\\\/\"]}]},{\"@type\":\"BreadcrumbList\",\"@id\":\"https:\\\/\\\/wp.kristdemokraterna.se\\\/hassleholm\\\/interpellation-till-kommunstyrelsens-ordforande-om-det-nya-styrets-planer-for-att-starka-foretagsklimatet-i-kommunen\\\/#breadcrumb\",\"itemListElement\":[{\"@type\":\"ListItem\",\"position\":1,\"name\":\"Hem\",\"item\":\"https:\\\/\\\/wp.kristdemokraterna.se\\\/hassleholm\\\/\"},{\"@type\":\"ListItem\",\"position\":2,\"name\":\"Interpellation till kommunstyrelsens ordf\u00f6rande om det nya styrets planer f\u00f6r att st\u00e4rka f\u00f6retagsklimatet i kommunen.\"}]},{\"@type\":\"WebSite\",\"@id\":\"https:\\\/\\\/wp.kristdemokraterna.se\\\/hassleholm\\\/#website\",\"url\":\"https:\\\/\\\/wp.kristdemokraterna.se\\\/hassleholm\\\/\",\"name\":\"Kristdemokraterna | H\u00e4ssleholm\",\"description\":\"\u00c4nnu en webbplats hos Kristdemokraterna\",\"inLanguage\":\"sv-SE\"},{\"@type\":\"Person\",\"@id\":\"https:\\\/\\\/wp.kristdemokraterna.se\\\/hassleholm\\\/#\\\/schema\\\/person\\\/b684b3b78c0af159382758027b70c4e7\",\"name\":\"Simon Berneblad\",\"image\":{\"@type\":\"ImageObject\",\"inLanguage\":\"sv-SE\",\"@id\":\"https:\\\/\\\/secure.gravatar.com\\\/avatar\\\/9258771e5d1d637f8501ed75672e23913a067e2603291093501dce7a17464f5c?s=96&d=mm&r=g\",\"url\":\"https:\\\/\\\/secure.gravatar.com\\\/avatar\\\/9258771e5d1d637f8501ed75672e23913a067e2603291093501dce7a17464f5c?s=96&d=mm&r=g\",\"contentUrl\":\"https:\\\/\\\/secure.gravatar.com\\\/avatar\\\/9258771e5d1d637f8501ed75672e23913a067e2603291093501dce7a17464f5c?s=96&d=mm&r=g\",\"caption\":\"Simon Berneblad\"},\"url\":\"https:\\\/\\\/wp.kristdemokraterna.se\\\/hassleholm\\\/author\\\/sberneblad\\\/\"}]}<\/script>\n<!-- \/ Yoast SEO plugin. -->","yoast_head_json":{"title":"Interpellation till kommunstyrelsens ordf\u00f6rande om det nya styrets planer f\u00f6r att st\u00e4rka f\u00f6retagsklimatet i kommunen. - Kristdemokraterna | H\u00e4ssleholm","robots":{"index":"index","follow":"follow","max-snippet":"max-snippet:-1","max-image-preview":"max-image-preview:large","max-video-preview":"max-video-preview:-1"},"canonical":"https:\/\/wp.kristdemokraterna.se\/hassleholm\/interpellation-till-kommunstyrelsens-ordforande-om-det-nya-styrets-planer-for-att-starka-foretagsklimatet-i-kommunen\/","og_locale":"sv_SE","og_type":"article","og_title":"Interpellation till kommunstyrelsens ordf\u00f6rande om det nya styrets planer f\u00f6r att st\u00e4rka f\u00f6retagsklimatet i kommunen. - Kristdemokraterna | H\u00e4ssleholm","og_description":"H\u00e4ssleholms kommun har konsekvent hamnat p\u00e5 bottenplats n\u00e4r det kommer till f\u00f6retagares bed\u00f6mning av servicen och f\u00f6retagsklimatet. En f\u00e4rsk unders\u00f6kning fr\u00e5n Svenskt N\u00e4ringsliv placerade H\u00e4ssleholm sist i Sk\u00e5ne i den \u00f6vergripande bed\u00f6mningen av f\u00f6retagsklimatet i kommunen. Trots att H\u00e4ssleholm i \u00f6vrigt \u00e4r en tillg\u00e4nglig och fantastisk kommun s\u00e5 \u00e4r detta oerh\u00f6rt alarmerande. Det \u00e4r br\u00e5dskande L\u00e4s mer","og_url":"https:\/\/wp.kristdemokraterna.se\/hassleholm\/interpellation-till-kommunstyrelsens-ordforande-om-det-nya-styrets-planer-for-att-starka-foretagsklimatet-i-kommunen\/","og_site_name":"Kristdemokraterna | H\u00e4ssleholm","article_published_time":"2023-05-23T13:02:16+00:00","author":"Simon Berneblad","twitter_card":"summary_large_image","twitter_misc":{"Skriven av":"Simon Berneblad","Ber\u00e4knad l\u00e4stid":"2 minuter"},"schema":{"@context":"https:\/\/schema.org","@graph":[{"@type":"Article","@id":"https:\/\/wp.kristdemokraterna.se\/hassleholm\/interpellation-till-kommunstyrelsens-ordforande-om-det-nya-styrets-planer-for-att-starka-foretagsklimatet-i-kommunen\/#article","isPartOf":{"@id":"https:\/\/wp.kristdemokraterna.se\/hassleholm\/interpellation-till-kommunstyrelsens-ordforande-om-det-nya-styrets-planer-for-att-starka-foretagsklimatet-i-kommunen\/"},"author":{"name":"Simon Berneblad","@id":"https:\/\/wp.kristdemokraterna.se\/hassleholm\/#\/schema\/person\/b684b3b78c0af159382758027b70c4e7"},"headline":"Interpellation till kommunstyrelsens ordf\u00f6rande om det nya styrets planer f\u00f6r att st\u00e4rka f\u00f6retagsklimatet i kommunen.","datePublished":"2023-05-23T13:02:16+00:00","mainEntityOfPage":{"@id":"https:\/\/wp.kristdemokraterna.se\/hassleholm\/interpellation-till-kommunstyrelsens-ordforande-om-det-nya-styrets-planer-for-att-starka-foretagsklimatet-i-kommunen\/"},"wordCount":312,"articleSection":["\u00d6vrigt"],"inLanguage":"sv-SE"},{"@type":"WebPage","@id":"https:\/\/wp.kristdemokraterna.se\/hassleholm\/interpellation-till-kommunstyrelsens-ordforande-om-det-nya-styrets-planer-for-att-starka-foretagsklimatet-i-kommunen\/","url":"https:\/\/wp.kristdemokraterna.se\/hassleholm\/interpellation-till-kommunstyrelsens-ordforande-om-det-nya-styrets-planer-for-att-starka-foretagsklimatet-i-kommunen\/","name":"Interpellation till kommunstyrelsens ordf\u00f6rande om det nya styrets planer f\u00f6r att st\u00e4rka f\u00f6retagsklimatet i kommunen. - Kristdemokraterna | H\u00e4ssleholm","isPartOf":{"@id":"https:\/\/wp.kristdemokraterna.se\/hassleholm\/#website"},"datePublished":"2023-05-23T13:02:16+00:00","author":{"@id":"https:\/\/wp.kristdemokraterna.se\/hassleholm\/#\/schema\/person\/b684b3b78c0af159382758027b70c4e7"},"breadcrumb":{"@id":"https:\/\/wp.kristdemokraterna.se\/hassleholm\/interpellation-till-kommunstyrelsens-ordforande-om-det-nya-styrets-planer-for-att-starka-foretagsklimatet-i-kommunen\/#breadcrumb"},"inLanguage":"sv-SE","potentialAction":[{"@type":"ReadAction","target":["https:\/\/wp.kristdemokraterna.se\/hassleholm\/interpellation-till-kommunstyrelsens-ordforande-om-det-nya-styrets-planer-for-att-starka-foretagsklimatet-i-kommunen\/"]}]},{"@type":"BreadcrumbList","@id":"https:\/\/wp.kristdemokraterna.se\/hassleholm\/interpellation-till-kommunstyrelsens-ordforande-om-det-nya-styrets-planer-for-att-starka-foretagsklimatet-i-kommunen\/#breadcrumb","itemListElement":[{"@type":"ListItem","position":1,"name":"Hem","item":"https:\/\/wp.kristdemokraterna.se\/hassleholm\/"},{"@type":"ListItem","position":2,"name":"Interpellation till kommunstyrelsens ordf\u00f6rande om det nya styrets planer f\u00f6r att st\u00e4rka f\u00f6retagsklimatet i kommunen."}]},{"@type":"WebSite","@id":"https:\/\/wp.kristdemokraterna.se\/hassleholm\/#website","url":"https:\/\/wp.kristdemokraterna.se\/hassleholm\/","name":"Kristdemokraterna | H\u00e4ssleholm","description":"\u00c4nnu en webbplats hos Kristdemokraterna","inLanguage":"sv-SE"},{"@type":"Person","@id":"https:\/\/wp.kristdemokraterna.se\/hassleholm\/#\/schema\/person\/b684b3b78c0af159382758027b70c4e7","name":"Simon Berneblad","image":{"@type":"ImageObject","inLanguage":"sv-SE","@id":"https:\/\/secure.gravatar.com\/avatar\/9258771e5d1d637f8501ed75672e23913a067e2603291093501dce7a17464f5c?s=96&d=mm&r=g","url":"https:\/\/secure.gravatar.com\/avatar\/9258771e5d1d637f8501ed75672e23913a067e2603291093501dce7a17464f5c?s=96&d=mm&r=g","contentUrl":"https:\/\/secure.gravatar.com\/avatar\/9258771e5d1d637f8501ed75672e23913a067e2603291093501dce7a17464f5c?s=96&d=mm&r=g","caption":"Simon Berneblad"},"url":"https:\/\/wp.kristdemokraterna.se\/hassleholm\/author\/sberneblad\/"}]}},"_links":{"self":[{"href":"https:\/\/wp.kristdemokraterna.se\/hassleholm\/wp-json\/wp\/v2\/posts\/687","targetHints":{"allow":["GET"]}}],"collection":[{"href":"https:\/\/wp.kristdemokraterna.se\/hassleholm\/wp-json\/wp\/v2\/posts"}],"about":[{"href":"https:\/\/wp.kristdemokraterna.se\/hassleholm\/wp-json\/wp\/v2\/types\/post"}],"author":[{"embeddable":true,"href":"https:\/\/wp.kristdemokraterna.se\/hassleholm\/wp-json\/wp\/v2\/users\/874"}],"replies":[{"embeddable":true,"href":"https:\/\/wp.kristdemokraterna.se\/hassleholm\/wp-json\/wp\/v2\/comments?post=687"}],"version-history":[{"count":1,"href":"https:\/\/wp.kristdemokraterna.se\/hassleholm\/wp-json\/wp\/v2\/posts\/687\/revisions"}],"predecessor-version":[{"id":689,"href":"https:\/\/wp.kristdemokraterna.se\/hassleholm\/wp-json\/wp\/v2\/posts\/687\/revisions\/689"}],"wp:attachment":[{"href":"https:\/\/wp.kristdemokraterna.se\/hassleholm\/wp-json\/wp\/v2\/media?parent=687"}],"wp:term":[{"taxonomy":"category","embeddable":true,"href":"https:\/\/wp.kristdemokraterna.se\/hassleholm\/wp-json\/wp\/v2\/categories?post=687"},{"taxonomy":"post_tag","embeddable":true,"href":"https:\/\/wp.kristdemokraterna.se\/hassleholm\/wp-json\/wp\/v2\/tags?post=687"}],"curies":[{"name":"wp","href":"https:\/\/api.w.org\/{rel}","templated":true}]}}