{"id":694,"date":"2023-08-23T10:35:59","date_gmt":"2023-08-23T08:35:59","guid":{"rendered":"https:\/\/wp.kristdemokraterna.se\/hassleholm\/?p=694"},"modified":"2023-08-23T10:36:43","modified_gmt":"2023-08-23T08:36:43","slug":"radda-liv-pa-arbetstid-donera-blod","status":"publish","type":"post","link":"https:\/\/wp.kristdemokraterna.se\/hassleholm\/radda-liv-pa-arbetstid-donera-blod\/","title":{"rendered":"R\u00e4dda liv p\u00e5 arbetstid &#8211; donera blod!"},"content":{"rendered":"<p>Region Sk\u00e5ne \u00e4r alltid i behov av mer blod. Ofta faller tiderna att donera blod under arbetstid &#8211; detta p\u00e5verkar enskildas m\u00f6jligheter att aktivt donera blod.\u00a0 I tider av kris m\u00e5ste reserverna fyllas och det \u00e4r ett kollektivt ansvar. Olika incitament inf\u00f6rs regelbundet f\u00f6r att \u00f6ka blodkapacitet fr\u00e5n regionens sida men det m\u00e5ste ocks\u00e5 finnas en insats fr\u00e5n kommuner och civilsamh\u00e4llet. Ut\u00f6ver informationsansvar har vi \u00e4ven som arbetsgivare att underl\u00e4tta f\u00f6r den som vill donera blod att ocks\u00e5 kunna g\u00f6ra det.<\/p>\n<p>Enligt Region Sk\u00e5nes blodgivarstatistik ger enbart 3688 blod i H\u00e4ssleholms kommun, vi n\u00e5r inte ens upp till det angivna m\u00e5let om antal bloddonationer. Givetvis har regionen sitt ansvar men det finns inget som s\u00e4ger att vi inte kan hj\u00e4lpa till.<\/p>\n<p>Ett s\u00e4tt att g\u00f6ra detta \u00e4r att m\u00f6jligg\u00f6ra f\u00f6r kommunens anst\u00e4llda att kunna donera blod under arbetstid.\u00a0 De anst\u00e4llda ska inte beh\u00f6va drabbas ekonomiskt f\u00f6r att de v\u00e4ljer ge sitt blod och r\u00e4dda liv. En av de vanligaste anledningarna att fler inte donerar blod \u00e4r just tidsbrist och gl\u00f6mska, att kommunen blir en informant och sprider vikten av att de anst\u00e4llda st\u00e4rker blodreserverna kan vara skillnaden mellan liv och d\u00f6d n\u00e4r en st\u00f6rre olycka v\u00e4l \u00e4r framme.<\/p>\n<p><strong>Med anledning av ovanst\u00e5ende yrkar Kristdemokraterna d\u00e4rf\u00f6r att:<\/strong><\/p>\n<ul>\n<li>H\u00e4ssleholm kommun m\u00f6jligg\u00f6r f\u00f6r att kommunanst\u00e4llda ska kunna donera blod under arbetstid.<em>\u00a0<\/em><\/li>\n<\/ul>\n<p><strong>Simon Berneblad (KD)<br \/>\n<\/strong>Kristdemokraterna i H\u00e4ssleholm<\/p>\n<p><strong>Erika Heil Utbult (KD)<\/strong><br \/>\nKristdemokraterna i H\u00e4ssleholm<\/p>\n","protected":false},"excerpt":{"rendered":"<p>Region Sk\u00e5ne \u00e4r alltid i behov av mer blod. Ofta faller tiderna att donera blod under arbetstid &#8211; detta p\u00e5verkar enskildas m\u00f6jligheter att aktivt donera blod.\u00a0 I tider av kris m\u00e5ste reserverna fyllas och det \u00e4r ett kollektivt ansvar. Olika incitament inf\u00f6rs regelbundet f\u00f6r att \u00f6ka blodkapacitet fr\u00e5n regionens sida men det m\u00e5ste ocks\u00e5 finnas <a class=\"read-more-link\" href=\"https:\/\/wp.kristdemokraterna.se\/hassleholm\/radda-liv-pa-arbetstid-donera-blod\/\">L\u00e4s mer<\/a><\/p>\n","protected":false},"author":874,"featured_media":0,"comment_status":"closed","ping_status":"closed","sticky":false,"template":"","format":"standard","meta":{"_acf_changed":false,"footnotes":""},"categories":[10,11],"tags":[],"class_list":["post-694","post","type-post","status-publish","format-standard","hentry","category-nyheter","category-inlagg"],"acf":[],"yoast_head":"<!-- This site is optimized with the Yoast SEO plugin v27.5 - https:\/\/yoast.com\/product\/yoast-seo-wordpress\/ -->\n<title>R\u00e4dda liv p\u00e5 arbetstid - donera blod! - Kristdemokraterna | H\u00e4ssleholm<\/title>\n<meta name=\"robots\" content=\"index, follow, max-snippet:-1, max-image-preview:large, max-video-preview:-1\" \/>\n<link rel=\"canonical\" href=\"https:\/\/wp.kristdemokraterna.se\/hassleholm\/radda-liv-pa-arbetstid-donera-blod\/\" \/>\n<meta property=\"og:locale\" content=\"sv_SE\" \/>\n<meta property=\"og:type\" content=\"article\" \/>\n<meta property=\"og:title\" content=\"R\u00e4dda liv p\u00e5 arbetstid - donera blod! - Kristdemokraterna | H\u00e4ssleholm\" \/>\n<meta property=\"og:description\" content=\"Region Sk\u00e5ne \u00e4r alltid i behov av mer blod. Ofta faller tiderna att donera blod under arbetstid &#8211; detta p\u00e5verkar enskildas m\u00f6jligheter att aktivt donera blod.\u00a0 I tider av kris m\u00e5ste reserverna fyllas och det \u00e4r ett kollektivt ansvar. Olika incitament inf\u00f6rs regelbundet f\u00f6r att \u00f6ka blodkapacitet fr\u00e5n regionens sida men det m\u00e5ste ocks\u00e5 finnas L\u00e4s mer\" \/>\n<meta property=\"og:url\" content=\"https:\/\/wp.kristdemokraterna.se\/hassleholm\/radda-liv-pa-arbetstid-donera-blod\/\" \/>\n<meta property=\"og:site_name\" content=\"Kristdemokraterna | H\u00e4ssleholm\" \/>\n<meta property=\"article:published_time\" content=\"2023-08-23T08:35:59+00:00\" \/>\n<meta property=\"article:modified_time\" content=\"2023-08-23T08:36:43+00:00\" \/>\n<meta name=\"author\" content=\"Simon Berneblad\" \/>\n<meta name=\"twitter:card\" content=\"summary_large_image\" \/>\n<meta name=\"twitter:label1\" content=\"Skriven av\" \/>\n\t<meta name=\"twitter:data1\" content=\"Simon Berneblad\" \/>\n\t<meta name=\"twitter:label2\" content=\"Ber\u00e4knad l\u00e4stid\" \/>\n\t<meta name=\"twitter:data2\" content=\"2 minuter\" \/>\n<script type=\"application\/ld+json\" class=\"yoast-schema-graph\">{\"@context\":\"https:\\\/\\\/schema.org\",\"@graph\":[{\"@type\":\"Article\",\"@id\":\"https:\\\/\\\/wp.kristdemokraterna.se\\\/hassleholm\\\/radda-liv-pa-arbetstid-donera-blod\\\/#article\",\"isPartOf\":{\"@id\":\"https:\\\/\\\/wp.kristdemokraterna.se\\\/hassleholm\\\/radda-liv-pa-arbetstid-donera-blod\\\/\"},\"author\":{\"name\":\"Simon Berneblad\",\"@id\":\"https:\\\/\\\/wp.kristdemokraterna.se\\\/hassleholm\\\/#\\\/schema\\\/person\\\/b684b3b78c0af159382758027b70c4e7\"},\"headline\":\"R\u00e4dda liv p\u00e5 arbetstid &#8211; donera blod!\",\"datePublished\":\"2023-08-23T08:35:59+00:00\",\"dateModified\":\"2023-08-23T08:36:43+00:00\",\"mainEntityOfPage\":{\"@id\":\"https:\\\/\\\/wp.kristdemokraterna.se\\\/hassleholm\\\/radda-liv-pa-arbetstid-donera-blod\\\/\"},\"wordCount\":286,\"articleSection\":[\"Nyheter\",\"Senaste nytt\"],\"inLanguage\":\"sv-SE\"},{\"@type\":\"WebPage\",\"@id\":\"https:\\\/\\\/wp.kristdemokraterna.se\\\/hassleholm\\\/radda-liv-pa-arbetstid-donera-blod\\\/\",\"url\":\"https:\\\/\\\/wp.kristdemokraterna.se\\\/hassleholm\\\/radda-liv-pa-arbetstid-donera-blod\\\/\",\"name\":\"R\u00e4dda liv p\u00e5 arbetstid - donera blod! - Kristdemokraterna | H\u00e4ssleholm\",\"isPartOf\":{\"@id\":\"https:\\\/\\\/wp.kristdemokraterna.se\\\/hassleholm\\\/#website\"},\"datePublished\":\"2023-08-23T08:35:59+00:00\",\"dateModified\":\"2023-08-23T08:36:43+00:00\",\"author\":{\"@id\":\"https:\\\/\\\/wp.kristdemokraterna.se\\\/hassleholm\\\/#\\\/schema\\\/person\\\/b684b3b78c0af159382758027b70c4e7\"},\"breadcrumb\":{\"@id\":\"https:\\\/\\\/wp.kristdemokraterna.se\\\/hassleholm\\\/radda-liv-pa-arbetstid-donera-blod\\\/#breadcrumb\"},\"inLanguage\":\"sv-SE\",\"potentialAction\":[{\"@type\":\"ReadAction\",\"target\":[\"https:\\\/\\\/wp.kristdemokraterna.se\\\/hassleholm\\\/radda-liv-pa-arbetstid-donera-blod\\\/\"]}]},{\"@type\":\"BreadcrumbList\",\"@id\":\"https:\\\/\\\/wp.kristdemokraterna.se\\\/hassleholm\\\/radda-liv-pa-arbetstid-donera-blod\\\/#breadcrumb\",\"itemListElement\":[{\"@type\":\"ListItem\",\"position\":1,\"name\":\"Hem\",\"item\":\"https:\\\/\\\/wp.kristdemokraterna.se\\\/hassleholm\\\/\"},{\"@type\":\"ListItem\",\"position\":2,\"name\":\"R\u00e4dda liv p\u00e5 arbetstid &#8211; donera blod!\"}]},{\"@type\":\"WebSite\",\"@id\":\"https:\\\/\\\/wp.kristdemokraterna.se\\\/hassleholm\\\/#website\",\"url\":\"https:\\\/\\\/wp.kristdemokraterna.se\\\/hassleholm\\\/\",\"name\":\"Kristdemokraterna | H\u00e4ssleholm\",\"description\":\"\u00c4nnu en webbplats hos Kristdemokraterna\",\"inLanguage\":\"sv-SE\"},{\"@type\":\"Person\",\"@id\":\"https:\\\/\\\/wp.kristdemokraterna.se\\\/hassleholm\\\/#\\\/schema\\\/person\\\/b684b3b78c0af159382758027b70c4e7\",\"name\":\"Simon Berneblad\",\"image\":{\"@type\":\"ImageObject\",\"inLanguage\":\"sv-SE\",\"@id\":\"https:\\\/\\\/secure.gravatar.com\\\/avatar\\\/9258771e5d1d637f8501ed75672e23913a067e2603291093501dce7a17464f5c?s=96&d=mm&r=g\",\"url\":\"https:\\\/\\\/secure.gravatar.com\\\/avatar\\\/9258771e5d1d637f8501ed75672e23913a067e2603291093501dce7a17464f5c?s=96&d=mm&r=g\",\"contentUrl\":\"https:\\\/\\\/secure.gravatar.com\\\/avatar\\\/9258771e5d1d637f8501ed75672e23913a067e2603291093501dce7a17464f5c?s=96&d=mm&r=g\",\"caption\":\"Simon Berneblad\"},\"url\":\"https:\\\/\\\/wp.kristdemokraterna.se\\\/hassleholm\\\/author\\\/sberneblad\\\/\"}]}<\/script>\n<!-- \/ Yoast SEO plugin. -->","yoast_head_json":{"title":"R\u00e4dda liv p\u00e5 arbetstid - donera blod! - Kristdemokraterna | H\u00e4ssleholm","robots":{"index":"index","follow":"follow","max-snippet":"max-snippet:-1","max-image-preview":"max-image-preview:large","max-video-preview":"max-video-preview:-1"},"canonical":"https:\/\/wp.kristdemokraterna.se\/hassleholm\/radda-liv-pa-arbetstid-donera-blod\/","og_locale":"sv_SE","og_type":"article","og_title":"R\u00e4dda liv p\u00e5 arbetstid - donera blod! - Kristdemokraterna | H\u00e4ssleholm","og_description":"Region Sk\u00e5ne \u00e4r alltid i behov av mer blod. Ofta faller tiderna att donera blod under arbetstid &#8211; detta p\u00e5verkar enskildas m\u00f6jligheter att aktivt donera blod.\u00a0 I tider av kris m\u00e5ste reserverna fyllas och det \u00e4r ett kollektivt ansvar. Olika incitament inf\u00f6rs regelbundet f\u00f6r att \u00f6ka blodkapacitet fr\u00e5n regionens sida men det m\u00e5ste ocks\u00e5 finnas L\u00e4s mer","og_url":"https:\/\/wp.kristdemokraterna.se\/hassleholm\/radda-liv-pa-arbetstid-donera-blod\/","og_site_name":"Kristdemokraterna | H\u00e4ssleholm","article_published_time":"2023-08-23T08:35:59+00:00","article_modified_time":"2023-08-23T08:36:43+00:00","author":"Simon Berneblad","twitter_card":"summary_large_image","twitter_misc":{"Skriven av":"Simon Berneblad","Ber\u00e4knad l\u00e4stid":"2 minuter"},"schema":{"@context":"https:\/\/schema.org","@graph":[{"@type":"Article","@id":"https:\/\/wp.kristdemokraterna.se\/hassleholm\/radda-liv-pa-arbetstid-donera-blod\/#article","isPartOf":{"@id":"https:\/\/wp.kristdemokraterna.se\/hassleholm\/radda-liv-pa-arbetstid-donera-blod\/"},"author":{"name":"Simon Berneblad","@id":"https:\/\/wp.kristdemokraterna.se\/hassleholm\/#\/schema\/person\/b684b3b78c0af159382758027b70c4e7"},"headline":"R\u00e4dda liv p\u00e5 arbetstid &#8211; donera blod!","datePublished":"2023-08-23T08:35:59+00:00","dateModified":"2023-08-23T08:36:43+00:00","mainEntityOfPage":{"@id":"https:\/\/wp.kristdemokraterna.se\/hassleholm\/radda-liv-pa-arbetstid-donera-blod\/"},"wordCount":286,"articleSection":["Nyheter","Senaste nytt"],"inLanguage":"sv-SE"},{"@type":"WebPage","@id":"https:\/\/wp.kristdemokraterna.se\/hassleholm\/radda-liv-pa-arbetstid-donera-blod\/","url":"https:\/\/wp.kristdemokraterna.se\/hassleholm\/radda-liv-pa-arbetstid-donera-blod\/","name":"R\u00e4dda liv p\u00e5 arbetstid - donera blod! - Kristdemokraterna | H\u00e4ssleholm","isPartOf":{"@id":"https:\/\/wp.kristdemokraterna.se\/hassleholm\/#website"},"datePublished":"2023-08-23T08:35:59+00:00","dateModified":"2023-08-23T08:36:43+00:00","author":{"@id":"https:\/\/wp.kristdemokraterna.se\/hassleholm\/#\/schema\/person\/b684b3b78c0af159382758027b70c4e7"},"breadcrumb":{"@id":"https:\/\/wp.kristdemokraterna.se\/hassleholm\/radda-liv-pa-arbetstid-donera-blod\/#breadcrumb"},"inLanguage":"sv-SE","potentialAction":[{"@type":"ReadAction","target":["https:\/\/wp.kristdemokraterna.se\/hassleholm\/radda-liv-pa-arbetstid-donera-blod\/"]}]},{"@type":"BreadcrumbList","@id":"https:\/\/wp.kristdemokraterna.se\/hassleholm\/radda-liv-pa-arbetstid-donera-blod\/#breadcrumb","itemListElement":[{"@type":"ListItem","position":1,"name":"Hem","item":"https:\/\/wp.kristdemokraterna.se\/hassleholm\/"},{"@type":"ListItem","position":2,"name":"R\u00e4dda liv p\u00e5 arbetstid &#8211; donera blod!"}]},{"@type":"WebSite","@id":"https:\/\/wp.kristdemokraterna.se\/hassleholm\/#website","url":"https:\/\/wp.kristdemokraterna.se\/hassleholm\/","name":"Kristdemokraterna | H\u00e4ssleholm","description":"\u00c4nnu en webbplats hos Kristdemokraterna","inLanguage":"sv-SE"},{"@type":"Person","@id":"https:\/\/wp.kristdemokraterna.se\/hassleholm\/#\/schema\/person\/b684b3b78c0af159382758027b70c4e7","name":"Simon Berneblad","image":{"@type":"ImageObject","inLanguage":"sv-SE","@id":"https:\/\/secure.gravatar.com\/avatar\/9258771e5d1d637f8501ed75672e23913a067e2603291093501dce7a17464f5c?s=96&d=mm&r=g","url":"https:\/\/secure.gravatar.com\/avatar\/9258771e5d1d637f8501ed75672e23913a067e2603291093501dce7a17464f5c?s=96&d=mm&r=g","contentUrl":"https:\/\/secure.gravatar.com\/avatar\/9258771e5d1d637f8501ed75672e23913a067e2603291093501dce7a17464f5c?s=96&d=mm&r=g","caption":"Simon Berneblad"},"url":"https:\/\/wp.kristdemokraterna.se\/hassleholm\/author\/sberneblad\/"}]}},"_links":{"self":[{"href":"https:\/\/wp.kristdemokraterna.se\/hassleholm\/wp-json\/wp\/v2\/posts\/694","targetHints":{"allow":["GET"]}}],"collection":[{"href":"https:\/\/wp.kristdemokraterna.se\/hassleholm\/wp-json\/wp\/v2\/posts"}],"about":[{"href":"https:\/\/wp.kristdemokraterna.se\/hassleholm\/wp-json\/wp\/v2\/types\/post"}],"author":[{"embeddable":true,"href":"https:\/\/wp.kristdemokraterna.se\/hassleholm\/wp-json\/wp\/v2\/users\/874"}],"replies":[{"embeddable":true,"href":"https:\/\/wp.kristdemokraterna.se\/hassleholm\/wp-json\/wp\/v2\/comments?post=694"}],"version-history":[{"count":2,"href":"https:\/\/wp.kristdemokraterna.se\/hassleholm\/wp-json\/wp\/v2\/posts\/694\/revisions"}],"predecessor-version":[{"id":697,"href":"https:\/\/wp.kristdemokraterna.se\/hassleholm\/wp-json\/wp\/v2\/posts\/694\/revisions\/697"}],"wp:attachment":[{"href":"https:\/\/wp.kristdemokraterna.se\/hassleholm\/wp-json\/wp\/v2\/media?parent=694"}],"wp:term":[{"taxonomy":"category","embeddable":true,"href":"https:\/\/wp.kristdemokraterna.se\/hassleholm\/wp-json\/wp\/v2\/categories?post=694"},{"taxonomy":"post_tag","embeddable":true,"href":"https:\/\/wp.kristdemokraterna.se\/hassleholm\/wp-json\/wp\/v2\/tags?post=694"}],"curies":[{"name":"wp","href":"https:\/\/api.w.org\/{rel}","templated":true}]}}