{"id":711,"date":"2023-09-25T13:53:53","date_gmt":"2023-09-25T11:53:53","guid":{"rendered":"https:\/\/wp.kristdemokraterna.se\/hassleholm\/?p=711"},"modified":"2023-09-25T13:53:53","modified_gmt":"2023-09-25T11:53:53","slug":"underlatta-for-aldre-och-engagerade","status":"publish","type":"post","link":"https:\/\/wp.kristdemokraterna.se\/hassleholm\/underlatta-for-aldre-och-engagerade\/","title":{"rendered":"Underl\u00e4tta f\u00f6r \u00e4ldre och engagerade!"},"content":{"rendered":"<p>F\u00f6reningsliv och engagemang \u00e4r en viktig grundsten i att f\u00e5 ett starkt och stabilt samh\u00e4lle. Ett naturligt samlingsst\u00e4lle f\u00f6r \u00e4ldre och engagerade \u00e4r fastigheten Nybyggaren 1 p\u00e5 Tingshusgatan 4, i folkmun k\u00e4nt som Senioren d\u00e4r flera f\u00f6reningar, d\u00e4ribland Astma- och allergif\u00f6reningen, PRO och SPF huserar.<\/p>\n<p>Efter ombyggnationen p\u00e5 J\u00e4rnv\u00e4gsgatan tappade de engagerade i byggnaden sin parkeringsplats och avlastningsplats utanf\u00f6r Nybyggaren 1 som hade en viktig funktion f\u00f6r bes\u00f6kare och deltagare. Inte minst vid avlastning inf\u00f6r evenemang och aktiviteter f\u00f6r en \u00e5ldrande eller utsatt grupp. Parkeringsfr\u00e5gorna \u00e4r st\u00e4ndigt diskuterade och emellertid kontroversiella, men att tillgodose f\u00f6reningar, \u00e4ldre och engagemang ett smidigt s\u00e4tt att verka b\u00f6r prioriteras.<\/p>\n<p><strong>Med anledning av ovanst\u00e5ende f\u00f6resl\u00e5r Kristdemokraterna i H\u00e4ssleholm: <\/strong><\/p>\n<ul>\n<li>Att tekniska f\u00f6rvaltningen f\u00e5r i uppdrag att uppr\u00e4tta en avlastningsplats i n\u00e4ra anslutning till Nybyggaren 1<\/li>\n<li>Att \u00e4rendet samt den reserverade ytan ombes\u00f6rjs skyndsamt<\/li>\n<\/ul>\n<p><strong>Simon Berneblad<br \/>\n<\/strong>Kristdemokraterna i H\u00e4ssleholm<\/p>\n","protected":false},"excerpt":{"rendered":"<p>F\u00f6reningsliv och engagemang \u00e4r en viktig grundsten i att f\u00e5 ett starkt och stabilt samh\u00e4lle. Ett naturligt samlingsst\u00e4lle f\u00f6r \u00e4ldre och engagerade \u00e4r fastigheten Nybyggaren 1 p\u00e5 Tingshusgatan 4, i folkmun k\u00e4nt som Senioren d\u00e4r flera f\u00f6reningar, d\u00e4ribland Astma- och allergif\u00f6reningen, PRO och SPF huserar. Efter ombyggnationen p\u00e5 J\u00e4rnv\u00e4gsgatan tappade de engagerade i byggnaden sin <a class=\"read-more-link\" href=\"https:\/\/wp.kristdemokraterna.se\/hassleholm\/underlatta-for-aldre-och-engagerade\/\">L\u00e4s mer<\/a><\/p>\n","protected":false},"author":874,"featured_media":0,"comment_status":"closed","ping_status":"closed","sticky":false,"template":"","format":"standard","meta":{"_acf_changed":false,"footnotes":""},"categories":[10,11],"tags":[],"class_list":["post-711","post","type-post","status-publish","format-standard","hentry","category-nyheter","category-inlagg"],"acf":[],"yoast_head":"<!-- This site is optimized with the Yoast SEO plugin v27.5 - https:\/\/yoast.com\/product\/yoast-seo-wordpress\/ -->\n<title>Underl\u00e4tta f\u00f6r \u00e4ldre och engagerade! - Kristdemokraterna | H\u00e4ssleholm<\/title>\n<meta name=\"description\" content=\"Senioren i H\u00e4ssleholm \u00e4r en viktig m\u00f6tesplats f\u00f6r de \u00e4ldre. Nu har Kristdemokraterna tagit initiativ att inf\u00f6ra en avlastnings- eller parkeringsyta.\" \/>\n<meta name=\"robots\" content=\"index, follow, max-snippet:-1, max-image-preview:large, max-video-preview:-1\" \/>\n<link rel=\"canonical\" href=\"https:\/\/wp.kristdemokraterna.se\/hassleholm\/underlatta-for-aldre-och-engagerade\/\" \/>\n<meta property=\"og:locale\" content=\"sv_SE\" \/>\n<meta property=\"og:type\" content=\"article\" \/>\n<meta property=\"og:title\" content=\"Underl\u00e4tta f\u00f6r \u00e4ldre och engagerade! - Kristdemokraterna | H\u00e4ssleholm\" \/>\n<meta property=\"og:description\" content=\"Senioren i H\u00e4ssleholm \u00e4r en viktig m\u00f6tesplats f\u00f6r de \u00e4ldre. Nu har Kristdemokraterna tagit initiativ att inf\u00f6ra en avlastnings- eller parkeringsyta.\" \/>\n<meta property=\"og:url\" content=\"https:\/\/wp.kristdemokraterna.se\/hassleholm\/underlatta-for-aldre-och-engagerade\/\" \/>\n<meta property=\"og:site_name\" content=\"Kristdemokraterna | H\u00e4ssleholm\" \/>\n<meta property=\"article:published_time\" content=\"2023-09-25T11:53:53+00:00\" \/>\n<meta name=\"author\" content=\"Simon Berneblad\" \/>\n<meta name=\"twitter:card\" content=\"summary_large_image\" \/>\n<meta name=\"twitter:label1\" content=\"Skriven av\" \/>\n\t<meta name=\"twitter:data1\" content=\"Simon Berneblad\" \/>\n\t<meta name=\"twitter:label2\" content=\"Ber\u00e4knad l\u00e4stid\" \/>\n\t<meta name=\"twitter:data2\" content=\"1 minut\" \/>\n<script type=\"application\/ld+json\" class=\"yoast-schema-graph\">{\"@context\":\"https:\\\/\\\/schema.org\",\"@graph\":[{\"@type\":\"Article\",\"@id\":\"https:\\\/\\\/wp.kristdemokraterna.se\\\/hassleholm\\\/underlatta-for-aldre-och-engagerade\\\/#article\",\"isPartOf\":{\"@id\":\"https:\\\/\\\/wp.kristdemokraterna.se\\\/hassleholm\\\/underlatta-for-aldre-och-engagerade\\\/\"},\"author\":{\"name\":\"Simon Berneblad\",\"@id\":\"https:\\\/\\\/wp.kristdemokraterna.se\\\/hassleholm\\\/#\\\/schema\\\/person\\\/b684b3b78c0af159382758027b70c4e7\"},\"headline\":\"Underl\u00e4tta f\u00f6r \u00e4ldre och engagerade!\",\"datePublished\":\"2023-09-25T11:53:53+00:00\",\"mainEntityOfPage\":{\"@id\":\"https:\\\/\\\/wp.kristdemokraterna.se\\\/hassleholm\\\/underlatta-for-aldre-och-engagerade\\\/\"},\"wordCount\":176,\"articleSection\":[\"Nyheter\",\"Senaste nytt\"],\"inLanguage\":\"sv-SE\"},{\"@type\":\"WebPage\",\"@id\":\"https:\\\/\\\/wp.kristdemokraterna.se\\\/hassleholm\\\/underlatta-for-aldre-och-engagerade\\\/\",\"url\":\"https:\\\/\\\/wp.kristdemokraterna.se\\\/hassleholm\\\/underlatta-for-aldre-och-engagerade\\\/\",\"name\":\"Underl\u00e4tta f\u00f6r \u00e4ldre och engagerade! - Kristdemokraterna | H\u00e4ssleholm\",\"isPartOf\":{\"@id\":\"https:\\\/\\\/wp.kristdemokraterna.se\\\/hassleholm\\\/#website\"},\"datePublished\":\"2023-09-25T11:53:53+00:00\",\"author\":{\"@id\":\"https:\\\/\\\/wp.kristdemokraterna.se\\\/hassleholm\\\/#\\\/schema\\\/person\\\/b684b3b78c0af159382758027b70c4e7\"},\"description\":\"Senioren i H\u00e4ssleholm \u00e4r en viktig m\u00f6tesplats f\u00f6r de \u00e4ldre. Nu har Kristdemokraterna tagit initiativ att inf\u00f6ra en avlastnings- eller parkeringsyta.\",\"breadcrumb\":{\"@id\":\"https:\\\/\\\/wp.kristdemokraterna.se\\\/hassleholm\\\/underlatta-for-aldre-och-engagerade\\\/#breadcrumb\"},\"inLanguage\":\"sv-SE\",\"potentialAction\":[{\"@type\":\"ReadAction\",\"target\":[\"https:\\\/\\\/wp.kristdemokraterna.se\\\/hassleholm\\\/underlatta-for-aldre-och-engagerade\\\/\"]}]},{\"@type\":\"BreadcrumbList\",\"@id\":\"https:\\\/\\\/wp.kristdemokraterna.se\\\/hassleholm\\\/underlatta-for-aldre-och-engagerade\\\/#breadcrumb\",\"itemListElement\":[{\"@type\":\"ListItem\",\"position\":1,\"name\":\"Hem\",\"item\":\"https:\\\/\\\/wp.kristdemokraterna.se\\\/hassleholm\\\/\"},{\"@type\":\"ListItem\",\"position\":2,\"name\":\"Underl\u00e4tta f\u00f6r \u00e4ldre och engagerade!\"}]},{\"@type\":\"WebSite\",\"@id\":\"https:\\\/\\\/wp.kristdemokraterna.se\\\/hassleholm\\\/#website\",\"url\":\"https:\\\/\\\/wp.kristdemokraterna.se\\\/hassleholm\\\/\",\"name\":\"Kristdemokraterna | H\u00e4ssleholm\",\"description\":\"\u00c4nnu en webbplats hos Kristdemokraterna\",\"inLanguage\":\"sv-SE\"},{\"@type\":\"Person\",\"@id\":\"https:\\\/\\\/wp.kristdemokraterna.se\\\/hassleholm\\\/#\\\/schema\\\/person\\\/b684b3b78c0af159382758027b70c4e7\",\"name\":\"Simon Berneblad\",\"image\":{\"@type\":\"ImageObject\",\"inLanguage\":\"sv-SE\",\"@id\":\"https:\\\/\\\/secure.gravatar.com\\\/avatar\\\/9258771e5d1d637f8501ed75672e23913a067e2603291093501dce7a17464f5c?s=96&d=mm&r=g\",\"url\":\"https:\\\/\\\/secure.gravatar.com\\\/avatar\\\/9258771e5d1d637f8501ed75672e23913a067e2603291093501dce7a17464f5c?s=96&d=mm&r=g\",\"contentUrl\":\"https:\\\/\\\/secure.gravatar.com\\\/avatar\\\/9258771e5d1d637f8501ed75672e23913a067e2603291093501dce7a17464f5c?s=96&d=mm&r=g\",\"caption\":\"Simon Berneblad\"},\"url\":\"https:\\\/\\\/wp.kristdemokraterna.se\\\/hassleholm\\\/author\\\/sberneblad\\\/\"}]}<\/script>\n<!-- \/ Yoast SEO plugin. -->","yoast_head_json":{"title":"Underl\u00e4tta f\u00f6r \u00e4ldre och engagerade! - Kristdemokraterna | H\u00e4ssleholm","description":"Senioren i H\u00e4ssleholm \u00e4r en viktig m\u00f6tesplats f\u00f6r de \u00e4ldre. Nu har Kristdemokraterna tagit initiativ att inf\u00f6ra en avlastnings- eller parkeringsyta.","robots":{"index":"index","follow":"follow","max-snippet":"max-snippet:-1","max-image-preview":"max-image-preview:large","max-video-preview":"max-video-preview:-1"},"canonical":"https:\/\/wp.kristdemokraterna.se\/hassleholm\/underlatta-for-aldre-och-engagerade\/","og_locale":"sv_SE","og_type":"article","og_title":"Underl\u00e4tta f\u00f6r \u00e4ldre och engagerade! - Kristdemokraterna | H\u00e4ssleholm","og_description":"Senioren i H\u00e4ssleholm \u00e4r en viktig m\u00f6tesplats f\u00f6r de \u00e4ldre. Nu har Kristdemokraterna tagit initiativ att inf\u00f6ra en avlastnings- eller parkeringsyta.","og_url":"https:\/\/wp.kristdemokraterna.se\/hassleholm\/underlatta-for-aldre-och-engagerade\/","og_site_name":"Kristdemokraterna | H\u00e4ssleholm","article_published_time":"2023-09-25T11:53:53+00:00","author":"Simon Berneblad","twitter_card":"summary_large_image","twitter_misc":{"Skriven av":"Simon Berneblad","Ber\u00e4knad l\u00e4stid":"1 minut"},"schema":{"@context":"https:\/\/schema.org","@graph":[{"@type":"Article","@id":"https:\/\/wp.kristdemokraterna.se\/hassleholm\/underlatta-for-aldre-och-engagerade\/#article","isPartOf":{"@id":"https:\/\/wp.kristdemokraterna.se\/hassleholm\/underlatta-for-aldre-och-engagerade\/"},"author":{"name":"Simon Berneblad","@id":"https:\/\/wp.kristdemokraterna.se\/hassleholm\/#\/schema\/person\/b684b3b78c0af159382758027b70c4e7"},"headline":"Underl\u00e4tta f\u00f6r \u00e4ldre och engagerade!","datePublished":"2023-09-25T11:53:53+00:00","mainEntityOfPage":{"@id":"https:\/\/wp.kristdemokraterna.se\/hassleholm\/underlatta-for-aldre-och-engagerade\/"},"wordCount":176,"articleSection":["Nyheter","Senaste nytt"],"inLanguage":"sv-SE"},{"@type":"WebPage","@id":"https:\/\/wp.kristdemokraterna.se\/hassleholm\/underlatta-for-aldre-och-engagerade\/","url":"https:\/\/wp.kristdemokraterna.se\/hassleholm\/underlatta-for-aldre-och-engagerade\/","name":"Underl\u00e4tta f\u00f6r \u00e4ldre och engagerade! - Kristdemokraterna | H\u00e4ssleholm","isPartOf":{"@id":"https:\/\/wp.kristdemokraterna.se\/hassleholm\/#website"},"datePublished":"2023-09-25T11:53:53+00:00","author":{"@id":"https:\/\/wp.kristdemokraterna.se\/hassleholm\/#\/schema\/person\/b684b3b78c0af159382758027b70c4e7"},"description":"Senioren i H\u00e4ssleholm \u00e4r en viktig m\u00f6tesplats f\u00f6r de \u00e4ldre. Nu har Kristdemokraterna tagit initiativ att inf\u00f6ra en avlastnings- eller parkeringsyta.","breadcrumb":{"@id":"https:\/\/wp.kristdemokraterna.se\/hassleholm\/underlatta-for-aldre-och-engagerade\/#breadcrumb"},"inLanguage":"sv-SE","potentialAction":[{"@type":"ReadAction","target":["https:\/\/wp.kristdemokraterna.se\/hassleholm\/underlatta-for-aldre-och-engagerade\/"]}]},{"@type":"BreadcrumbList","@id":"https:\/\/wp.kristdemokraterna.se\/hassleholm\/underlatta-for-aldre-och-engagerade\/#breadcrumb","itemListElement":[{"@type":"ListItem","position":1,"name":"Hem","item":"https:\/\/wp.kristdemokraterna.se\/hassleholm\/"},{"@type":"ListItem","position":2,"name":"Underl\u00e4tta f\u00f6r \u00e4ldre och engagerade!"}]},{"@type":"WebSite","@id":"https:\/\/wp.kristdemokraterna.se\/hassleholm\/#website","url":"https:\/\/wp.kristdemokraterna.se\/hassleholm\/","name":"Kristdemokraterna | H\u00e4ssleholm","description":"\u00c4nnu en webbplats hos Kristdemokraterna","inLanguage":"sv-SE"},{"@type":"Person","@id":"https:\/\/wp.kristdemokraterna.se\/hassleholm\/#\/schema\/person\/b684b3b78c0af159382758027b70c4e7","name":"Simon Berneblad","image":{"@type":"ImageObject","inLanguage":"sv-SE","@id":"https:\/\/secure.gravatar.com\/avatar\/9258771e5d1d637f8501ed75672e23913a067e2603291093501dce7a17464f5c?s=96&d=mm&r=g","url":"https:\/\/secure.gravatar.com\/avatar\/9258771e5d1d637f8501ed75672e23913a067e2603291093501dce7a17464f5c?s=96&d=mm&r=g","contentUrl":"https:\/\/secure.gravatar.com\/avatar\/9258771e5d1d637f8501ed75672e23913a067e2603291093501dce7a17464f5c?s=96&d=mm&r=g","caption":"Simon Berneblad"},"url":"https:\/\/wp.kristdemokraterna.se\/hassleholm\/author\/sberneblad\/"}]}},"_links":{"self":[{"href":"https:\/\/wp.kristdemokraterna.se\/hassleholm\/wp-json\/wp\/v2\/posts\/711","targetHints":{"allow":["GET"]}}],"collection":[{"href":"https:\/\/wp.kristdemokraterna.se\/hassleholm\/wp-json\/wp\/v2\/posts"}],"about":[{"href":"https:\/\/wp.kristdemokraterna.se\/hassleholm\/wp-json\/wp\/v2\/types\/post"}],"author":[{"embeddable":true,"href":"https:\/\/wp.kristdemokraterna.se\/hassleholm\/wp-json\/wp\/v2\/users\/874"}],"replies":[{"embeddable":true,"href":"https:\/\/wp.kristdemokraterna.se\/hassleholm\/wp-json\/wp\/v2\/comments?post=711"}],"version-history":[{"count":1,"href":"https:\/\/wp.kristdemokraterna.se\/hassleholm\/wp-json\/wp\/v2\/posts\/711\/revisions"}],"predecessor-version":[{"id":713,"href":"https:\/\/wp.kristdemokraterna.se\/hassleholm\/wp-json\/wp\/v2\/posts\/711\/revisions\/713"}],"wp:attachment":[{"href":"https:\/\/wp.kristdemokraterna.se\/hassleholm\/wp-json\/wp\/v2\/media?parent=711"}],"wp:term":[{"taxonomy":"category","embeddable":true,"href":"https:\/\/wp.kristdemokraterna.se\/hassleholm\/wp-json\/wp\/v2\/categories?post=711"},{"taxonomy":"post_tag","embeddable":true,"href":"https:\/\/wp.kristdemokraterna.se\/hassleholm\/wp-json\/wp\/v2\/tags?post=711"}],"curies":[{"name":"wp","href":"https:\/\/api.w.org\/{rel}","templated":true}]}}