{"id":714,"date":"2023-09-25T14:01:06","date_gmt":"2023-09-25T12:01:06","guid":{"rendered":"https:\/\/wp.kristdemokraterna.se\/hassleholm\/?p=714"},"modified":"2023-09-27T09:29:46","modified_gmt":"2023-09-27T07:29:46","slug":"fraga-till-stefan-larsson-m-om-hur-kommunen-hanterar-privata-foretag","status":"publish","type":"post","link":"https:\/\/wp.kristdemokraterna.se\/hassleholm\/fraga-till-stefan-larsson-m-om-hur-kommunen-hanterar-privata-foretag\/","title":{"rendered":"Fr\u00e5ga till Stefan Larsson (M) om hur kommunen hanterar privata f\u00f6retag!"},"content":{"rendered":"<p>Fr\u00e5ga till Stefan Larsson (M) i egenskap av ordf. f\u00f6r BUN:<\/p>\n<p>Vid senaste sammantr\u00e4det i Barn- och utbildningsn\u00e4mnden kom ett \u00e4rende om Avtal f\u00f6r Citronfj\u00e4rilen AB nattomsorg upp, utan att vara med p\u00e5 dagordningen. N\u00e4mnden godk\u00e4nde att \u00e4rendet skulle f\u00e5 behandlas. Det fanns dock inget underlag distribuerat f\u00f6rr\u00e4n mot slutet av sammantr\u00e4det, varf\u00f6r ledam\u00f6terna inte hade n\u00e5gon rimlig chans att s\u00e4tta sig in i avtalet och inte heller j\u00e4mf\u00f6ra det med tidigare slutet avtal.<\/p>\n<p>Min fr\u00e5ga till Stefan Larsson blir d\u00e4rf\u00f6r:<\/p>\n<ul>\n<li>Varf\u00f6r fick ledam\u00f6terna inte n\u00e5got underlag i f\u00f6rv\u00e4g, d\u00e5 det var klart flera dagar i f\u00f6rv\u00e4g innan n\u00e4mndens m\u00f6te?<\/li>\n<li>Varf\u00f6r finns ingen m\u00f6jlighet till ut\u00f6kad ers\u00e4ttning i Avtalet med Citronfj\u00e4rilen AB f\u00f6r barn med s\u00e4rskilda behov, n\u00e4r denna m\u00f6jlighet finns i Gr\u00f6n\u00e4ngens Nattomsorg? Hur st\u00e4mmer detta med likabehandlingsprincipen i kommunallagen?<\/li>\n<\/ul>\n<p>Stefan Svensson (KD)<\/p>\n","protected":false},"excerpt":{"rendered":"<p>Fr\u00e5ga till Stefan Larsson (M) i egenskap av ordf. f\u00f6r BUN: Vid senaste sammantr\u00e4det i Barn- och utbildningsn\u00e4mnden kom ett \u00e4rende om Avtal f\u00f6r Citronfj\u00e4rilen AB nattomsorg upp, utan att vara med p\u00e5 dagordningen. N\u00e4mnden godk\u00e4nde att \u00e4rendet skulle f\u00e5 behandlas. Det fanns dock inget underlag distribuerat f\u00f6rr\u00e4n mot slutet av sammantr\u00e4det, varf\u00f6r ledam\u00f6terna inte <a class=\"read-more-link\" href=\"https:\/\/wp.kristdemokraterna.se\/hassleholm\/fraga-till-stefan-larsson-m-om-hur-kommunen-hanterar-privata-foretag\/\">L\u00e4s mer<\/a><\/p>\n","protected":false},"author":874,"featured_media":0,"comment_status":"closed","ping_status":"closed","sticky":false,"template":"","format":"standard","meta":{"_acf_changed":false,"footnotes":""},"categories":[10],"tags":[],"class_list":["post-714","post","type-post","status-publish","format-standard","hentry","category-nyheter"],"acf":[],"yoast_head":"<!-- This site is optimized with the Yoast SEO plugin v27.4 - https:\/\/yoast.com\/product\/yoast-seo-wordpress\/ -->\n<title>Fr\u00e5ga till Stefan Larsson (M) om hur kommunen hanterar privata f\u00f6retag! - Kristdemokraterna | H\u00e4ssleholm<\/title>\n<meta name=\"description\" content=\"Moderaterna i H\u00e4ssleholm tenderar till att skada f\u00f6r de privata f\u00f6rskolorna i H\u00e4ssleholm, fr\u00e5gan fr\u00e5n KD \u00e4r hur M st\u00e4ller sig till likabehandlingsprincipen?\" \/>\n<meta name=\"robots\" content=\"index, follow, max-snippet:-1, max-image-preview:large, max-video-preview:-1\" \/>\n<link rel=\"canonical\" href=\"https:\/\/wp.kristdemokraterna.se\/hassleholm\/fraga-till-stefan-larsson-m-om-hur-kommunen-hanterar-privata-foretag\/\" \/>\n<meta property=\"og:locale\" content=\"sv_SE\" \/>\n<meta property=\"og:type\" content=\"article\" \/>\n<meta property=\"og:title\" content=\"Fr\u00e5ga till Stefan Larsson (M) om hur kommunen hanterar privata f\u00f6retag! - Kristdemokraterna | H\u00e4ssleholm\" \/>\n<meta property=\"og:description\" content=\"Moderaterna i H\u00e4ssleholm tenderar till att skada f\u00f6r de privata f\u00f6rskolorna i H\u00e4ssleholm, fr\u00e5gan fr\u00e5n KD \u00e4r hur M st\u00e4ller sig till likabehandlingsprincipen?\" \/>\n<meta property=\"og:url\" content=\"https:\/\/wp.kristdemokraterna.se\/hassleholm\/fraga-till-stefan-larsson-m-om-hur-kommunen-hanterar-privata-foretag\/\" \/>\n<meta property=\"og:site_name\" content=\"Kristdemokraterna | H\u00e4ssleholm\" \/>\n<meta property=\"article:published_time\" content=\"2023-09-25T12:01:06+00:00\" \/>\n<meta property=\"article:modified_time\" content=\"2023-09-27T07:29:46+00:00\" \/>\n<meta name=\"author\" content=\"Simon Berneblad\" \/>\n<meta name=\"twitter:card\" content=\"summary_large_image\" \/>\n<meta name=\"twitter:label1\" content=\"Skriven av\" \/>\n\t<meta name=\"twitter:data1\" content=\"Simon Berneblad\" \/>\n\t<meta name=\"twitter:label2\" content=\"Ber\u00e4knad l\u00e4stid\" \/>\n\t<meta name=\"twitter:data2\" content=\"1 minut\" \/>\n<script type=\"application\/ld+json\" class=\"yoast-schema-graph\">{\"@context\":\"https:\\\/\\\/schema.org\",\"@graph\":[{\"@type\":\"Article\",\"@id\":\"https:\\\/\\\/wp.kristdemokraterna.se\\\/hassleholm\\\/fraga-till-stefan-larsson-m-om-hur-kommunen-hanterar-privata-foretag\\\/#article\",\"isPartOf\":{\"@id\":\"https:\\\/\\\/wp.kristdemokraterna.se\\\/hassleholm\\\/fraga-till-stefan-larsson-m-om-hur-kommunen-hanterar-privata-foretag\\\/\"},\"author\":{\"name\":\"Simon Berneblad\",\"@id\":\"https:\\\/\\\/wp.kristdemokraterna.se\\\/hassleholm\\\/#\\\/schema\\\/person\\\/b684b3b78c0af159382758027b70c4e7\"},\"headline\":\"Fr\u00e5ga till Stefan Larsson (M) om hur kommunen hanterar privata f\u00f6retag!\",\"datePublished\":\"2023-09-25T12:01:06+00:00\",\"dateModified\":\"2023-09-27T07:29:46+00:00\",\"mainEntityOfPage\":{\"@id\":\"https:\\\/\\\/wp.kristdemokraterna.se\\\/hassleholm\\\/fraga-till-stefan-larsson-m-om-hur-kommunen-hanterar-privata-foretag\\\/\"},\"wordCount\":188,\"articleSection\":[\"Nyheter\"],\"inLanguage\":\"sv-SE\"},{\"@type\":\"WebPage\",\"@id\":\"https:\\\/\\\/wp.kristdemokraterna.se\\\/hassleholm\\\/fraga-till-stefan-larsson-m-om-hur-kommunen-hanterar-privata-foretag\\\/\",\"url\":\"https:\\\/\\\/wp.kristdemokraterna.se\\\/hassleholm\\\/fraga-till-stefan-larsson-m-om-hur-kommunen-hanterar-privata-foretag\\\/\",\"name\":\"Fr\u00e5ga till Stefan Larsson (M) om hur kommunen hanterar privata f\u00f6retag! - Kristdemokraterna | H\u00e4ssleholm\",\"isPartOf\":{\"@id\":\"https:\\\/\\\/wp.kristdemokraterna.se\\\/hassleholm\\\/#website\"},\"datePublished\":\"2023-09-25T12:01:06+00:00\",\"dateModified\":\"2023-09-27T07:29:46+00:00\",\"author\":{\"@id\":\"https:\\\/\\\/wp.kristdemokraterna.se\\\/hassleholm\\\/#\\\/schema\\\/person\\\/b684b3b78c0af159382758027b70c4e7\"},\"description\":\"Moderaterna i H\u00e4ssleholm tenderar till att skada f\u00f6r de privata f\u00f6rskolorna i H\u00e4ssleholm, fr\u00e5gan fr\u00e5n KD \u00e4r hur M st\u00e4ller sig till likabehandlingsprincipen?\",\"breadcrumb\":{\"@id\":\"https:\\\/\\\/wp.kristdemokraterna.se\\\/hassleholm\\\/fraga-till-stefan-larsson-m-om-hur-kommunen-hanterar-privata-foretag\\\/#breadcrumb\"},\"inLanguage\":\"sv-SE\",\"potentialAction\":[{\"@type\":\"ReadAction\",\"target\":[\"https:\\\/\\\/wp.kristdemokraterna.se\\\/hassleholm\\\/fraga-till-stefan-larsson-m-om-hur-kommunen-hanterar-privata-foretag\\\/\"]}]},{\"@type\":\"BreadcrumbList\",\"@id\":\"https:\\\/\\\/wp.kristdemokraterna.se\\\/hassleholm\\\/fraga-till-stefan-larsson-m-om-hur-kommunen-hanterar-privata-foretag\\\/#breadcrumb\",\"itemListElement\":[{\"@type\":\"ListItem\",\"position\":1,\"name\":\"Hem\",\"item\":\"https:\\\/\\\/wp.kristdemokraterna.se\\\/hassleholm\\\/\"},{\"@type\":\"ListItem\",\"position\":2,\"name\":\"Fr\u00e5ga till Stefan Larsson (M) om hur kommunen hanterar privata f\u00f6retag!\"}]},{\"@type\":\"WebSite\",\"@id\":\"https:\\\/\\\/wp.kristdemokraterna.se\\\/hassleholm\\\/#website\",\"url\":\"https:\\\/\\\/wp.kristdemokraterna.se\\\/hassleholm\\\/\",\"name\":\"Kristdemokraterna | H\u00e4ssleholm\",\"description\":\"\u00c4nnu en webbplats hos Kristdemokraterna\",\"inLanguage\":\"sv-SE\"},{\"@type\":\"Person\",\"@id\":\"https:\\\/\\\/wp.kristdemokraterna.se\\\/hassleholm\\\/#\\\/schema\\\/person\\\/b684b3b78c0af159382758027b70c4e7\",\"name\":\"Simon Berneblad\",\"image\":{\"@type\":\"ImageObject\",\"inLanguage\":\"sv-SE\",\"@id\":\"https:\\\/\\\/secure.gravatar.com\\\/avatar\\\/9258771e5d1d637f8501ed75672e23913a067e2603291093501dce7a17464f5c?s=96&d=mm&r=g\",\"url\":\"https:\\\/\\\/secure.gravatar.com\\\/avatar\\\/9258771e5d1d637f8501ed75672e23913a067e2603291093501dce7a17464f5c?s=96&d=mm&r=g\",\"contentUrl\":\"https:\\\/\\\/secure.gravatar.com\\\/avatar\\\/9258771e5d1d637f8501ed75672e23913a067e2603291093501dce7a17464f5c?s=96&d=mm&r=g\",\"caption\":\"Simon Berneblad\"},\"url\":\"https:\\\/\\\/wp.kristdemokraterna.se\\\/hassleholm\\\/author\\\/sberneblad\\\/\"}]}<\/script>\n<!-- \/ Yoast SEO plugin. -->","yoast_head_json":{"title":"Fr\u00e5ga till Stefan Larsson (M) om hur kommunen hanterar privata f\u00f6retag! - Kristdemokraterna | H\u00e4ssleholm","description":"Moderaterna i H\u00e4ssleholm tenderar till att skada f\u00f6r de privata f\u00f6rskolorna i H\u00e4ssleholm, fr\u00e5gan fr\u00e5n KD \u00e4r hur M st\u00e4ller sig till likabehandlingsprincipen?","robots":{"index":"index","follow":"follow","max-snippet":"max-snippet:-1","max-image-preview":"max-image-preview:large","max-video-preview":"max-video-preview:-1"},"canonical":"https:\/\/wp.kristdemokraterna.se\/hassleholm\/fraga-till-stefan-larsson-m-om-hur-kommunen-hanterar-privata-foretag\/","og_locale":"sv_SE","og_type":"article","og_title":"Fr\u00e5ga till Stefan Larsson (M) om hur kommunen hanterar privata f\u00f6retag! - Kristdemokraterna | H\u00e4ssleholm","og_description":"Moderaterna i H\u00e4ssleholm tenderar till att skada f\u00f6r de privata f\u00f6rskolorna i H\u00e4ssleholm, fr\u00e5gan fr\u00e5n KD \u00e4r hur M st\u00e4ller sig till likabehandlingsprincipen?","og_url":"https:\/\/wp.kristdemokraterna.se\/hassleholm\/fraga-till-stefan-larsson-m-om-hur-kommunen-hanterar-privata-foretag\/","og_site_name":"Kristdemokraterna | H\u00e4ssleholm","article_published_time":"2023-09-25T12:01:06+00:00","article_modified_time":"2023-09-27T07:29:46+00:00","author":"Simon Berneblad","twitter_card":"summary_large_image","twitter_misc":{"Skriven av":"Simon Berneblad","Ber\u00e4knad l\u00e4stid":"1 minut"},"schema":{"@context":"https:\/\/schema.org","@graph":[{"@type":"Article","@id":"https:\/\/wp.kristdemokraterna.se\/hassleholm\/fraga-till-stefan-larsson-m-om-hur-kommunen-hanterar-privata-foretag\/#article","isPartOf":{"@id":"https:\/\/wp.kristdemokraterna.se\/hassleholm\/fraga-till-stefan-larsson-m-om-hur-kommunen-hanterar-privata-foretag\/"},"author":{"name":"Simon Berneblad","@id":"https:\/\/wp.kristdemokraterna.se\/hassleholm\/#\/schema\/person\/b684b3b78c0af159382758027b70c4e7"},"headline":"Fr\u00e5ga till Stefan Larsson (M) om hur kommunen hanterar privata f\u00f6retag!","datePublished":"2023-09-25T12:01:06+00:00","dateModified":"2023-09-27T07:29:46+00:00","mainEntityOfPage":{"@id":"https:\/\/wp.kristdemokraterna.se\/hassleholm\/fraga-till-stefan-larsson-m-om-hur-kommunen-hanterar-privata-foretag\/"},"wordCount":188,"articleSection":["Nyheter"],"inLanguage":"sv-SE"},{"@type":"WebPage","@id":"https:\/\/wp.kristdemokraterna.se\/hassleholm\/fraga-till-stefan-larsson-m-om-hur-kommunen-hanterar-privata-foretag\/","url":"https:\/\/wp.kristdemokraterna.se\/hassleholm\/fraga-till-stefan-larsson-m-om-hur-kommunen-hanterar-privata-foretag\/","name":"Fr\u00e5ga till Stefan Larsson (M) om hur kommunen hanterar privata f\u00f6retag! - Kristdemokraterna | H\u00e4ssleholm","isPartOf":{"@id":"https:\/\/wp.kristdemokraterna.se\/hassleholm\/#website"},"datePublished":"2023-09-25T12:01:06+00:00","dateModified":"2023-09-27T07:29:46+00:00","author":{"@id":"https:\/\/wp.kristdemokraterna.se\/hassleholm\/#\/schema\/person\/b684b3b78c0af159382758027b70c4e7"},"description":"Moderaterna i H\u00e4ssleholm tenderar till att skada f\u00f6r de privata f\u00f6rskolorna i H\u00e4ssleholm, fr\u00e5gan fr\u00e5n KD \u00e4r hur M st\u00e4ller sig till likabehandlingsprincipen?","breadcrumb":{"@id":"https:\/\/wp.kristdemokraterna.se\/hassleholm\/fraga-till-stefan-larsson-m-om-hur-kommunen-hanterar-privata-foretag\/#breadcrumb"},"inLanguage":"sv-SE","potentialAction":[{"@type":"ReadAction","target":["https:\/\/wp.kristdemokraterna.se\/hassleholm\/fraga-till-stefan-larsson-m-om-hur-kommunen-hanterar-privata-foretag\/"]}]},{"@type":"BreadcrumbList","@id":"https:\/\/wp.kristdemokraterna.se\/hassleholm\/fraga-till-stefan-larsson-m-om-hur-kommunen-hanterar-privata-foretag\/#breadcrumb","itemListElement":[{"@type":"ListItem","position":1,"name":"Hem","item":"https:\/\/wp.kristdemokraterna.se\/hassleholm\/"},{"@type":"ListItem","position":2,"name":"Fr\u00e5ga till Stefan Larsson (M) om hur kommunen hanterar privata f\u00f6retag!"}]},{"@type":"WebSite","@id":"https:\/\/wp.kristdemokraterna.se\/hassleholm\/#website","url":"https:\/\/wp.kristdemokraterna.se\/hassleholm\/","name":"Kristdemokraterna | H\u00e4ssleholm","description":"\u00c4nnu en webbplats hos Kristdemokraterna","inLanguage":"sv-SE"},{"@type":"Person","@id":"https:\/\/wp.kristdemokraterna.se\/hassleholm\/#\/schema\/person\/b684b3b78c0af159382758027b70c4e7","name":"Simon Berneblad","image":{"@type":"ImageObject","inLanguage":"sv-SE","@id":"https:\/\/secure.gravatar.com\/avatar\/9258771e5d1d637f8501ed75672e23913a067e2603291093501dce7a17464f5c?s=96&d=mm&r=g","url":"https:\/\/secure.gravatar.com\/avatar\/9258771e5d1d637f8501ed75672e23913a067e2603291093501dce7a17464f5c?s=96&d=mm&r=g","contentUrl":"https:\/\/secure.gravatar.com\/avatar\/9258771e5d1d637f8501ed75672e23913a067e2603291093501dce7a17464f5c?s=96&d=mm&r=g","caption":"Simon Berneblad"},"url":"https:\/\/wp.kristdemokraterna.se\/hassleholm\/author\/sberneblad\/"}]}},"_links":{"self":[{"href":"https:\/\/wp.kristdemokraterna.se\/hassleholm\/wp-json\/wp\/v2\/posts\/714","targetHints":{"allow":["GET"]}}],"collection":[{"href":"https:\/\/wp.kristdemokraterna.se\/hassleholm\/wp-json\/wp\/v2\/posts"}],"about":[{"href":"https:\/\/wp.kristdemokraterna.se\/hassleholm\/wp-json\/wp\/v2\/types\/post"}],"author":[{"embeddable":true,"href":"https:\/\/wp.kristdemokraterna.se\/hassleholm\/wp-json\/wp\/v2\/users\/874"}],"replies":[{"embeddable":true,"href":"https:\/\/wp.kristdemokraterna.se\/hassleholm\/wp-json\/wp\/v2\/comments?post=714"}],"version-history":[{"count":2,"href":"https:\/\/wp.kristdemokraterna.se\/hassleholm\/wp-json\/wp\/v2\/posts\/714\/revisions"}],"predecessor-version":[{"id":717,"href":"https:\/\/wp.kristdemokraterna.se\/hassleholm\/wp-json\/wp\/v2\/posts\/714\/revisions\/717"}],"wp:attachment":[{"href":"https:\/\/wp.kristdemokraterna.se\/hassleholm\/wp-json\/wp\/v2\/media?parent=714"}],"wp:term":[{"taxonomy":"category","embeddable":true,"href":"https:\/\/wp.kristdemokraterna.se\/hassleholm\/wp-json\/wp\/v2\/categories?post=714"},{"taxonomy":"post_tag","embeddable":true,"href":"https:\/\/wp.kristdemokraterna.se\/hassleholm\/wp-json\/wp\/v2\/tags?post=714"}],"curies":[{"name":"wp","href":"https:\/\/api.w.org\/{rel}","templated":true}]}}