{"id":725,"date":"2023-11-14T15:06:27","date_gmt":"2023-11-14T14:06:27","guid":{"rendered":"https:\/\/wp.kristdemokraterna.se\/hassleholm\/?p=725"},"modified":"2023-11-14T15:07:17","modified_gmt":"2023-11-14T14:07:17","slug":"725-2","status":"publish","type":"post","link":"https:\/\/wp.kristdemokraterna.se\/hassleholm\/725-2\/","title":{"rendered":"KD Budget 2023: Med sikte p\u00e5 2043"},"content":{"rendered":"<div class=\"xdj266r x11i5rnm xat24cr x1mh8g0r x1vvkbs x126k92a\">\n<div dir=\"auto\">Kristdemokraternas budget &#8211; med sikte p\u00e5 2043 sl\u00e4pptes ig\u00e5r. Det \u00e4r en historisk h\u00e4ndelse, eftersom det \u00e4r v\u00e5r absolut f\u00f6rsta egna budget n\u00e5gonsin.<\/div>\n<\/div>\n<div class=\"x11i5rnm xat24cr x1mh8g0r x1vvkbs xtlvy1s x126k92a\">\n<div dir=\"auto\"><\/div>\n<div dir=\"auto\">Vi tror p\u00e5 en borgerlig framtid i H\u00e4ssleholm d\u00e4r ekonomin \u00e4r i balans, med nuvarande l\u00e5nehysteri fr\u00e5n minoriteten kommer kommunen dessv\u00e4rre bel\u00e5na framtidens unga. S\u00e5 vill vi inte ha det, delar av v\u00e5ra tankar och id\u00e9er \u00e4r n\u00e4mligen:<\/div>\n<div dir=\"auto\"><\/div>\n<\/div>\n<div class=\"x11i5rnm xat24cr x1mh8g0r x1vvkbs xtlvy1s x126k92a\">\n<div dir=\"auto\">\u2022 F\u00f6rst\u00e4rkta resurser p\u00e5 Milj\u00f6- och stadsbyggnadsf\u00f6rvaltningen f\u00f6r att f\u00f6rbereda kommunen inf\u00f6r att konjunkturen v\u00e4nder.<\/div>\n<\/div>\n<div class=\"x11i5rnm xat24cr x1mh8g0r x1vvkbs xtlvy1s x126k92a\">\n<div dir=\"auto\">\u2022 Hastigt g\u00e5 vidare med utbyggnaden av Garnisonen i enlighet med Tr\u00e4dg\u00e5rdsstadens principer.<\/div>\n<\/div>\n<div class=\"x11i5rnm xat24cr x1mh8g0r x1vvkbs xtlvy1s x126k92a\">\n<div dir=\"auto\">\u2022 Prioritera sanering av klotter och fyllning av potth\u00e5l i hela kommunen.<\/div>\n<\/div>\n<div class=\"x11i5rnm xat24cr x1mh8g0r x1vvkbs xtlvy1s x126k92a\">\n<div dir=\"auto\">\u2022 Inf\u00f6ra P-skiva i stadens centrumn\u00e4ra omr\u00e5den f\u00f6r att p\u00e5 s\u00e5 s\u00e4tt st\u00e4rka centrumhandeln.<\/div>\n<\/div>\n<div class=\"x11i5rnm xat24cr x1mh8g0r x1vvkbs xtlvy1s x126k92a\">\n<div dir=\"auto\">\u2022 Inr\u00e4tta kvalitetsh\u00f6jande funktioner inom omsorgen genom att anst\u00e4lla kvalitets\/utbildningssjuksk\u00f6terskor.<\/div>\n<\/div>\n<div class=\"x11i5rnm xat24cr x1mh8g0r x1vvkbs xtlvy1s x126k92a\">\n<div dir=\"auto\">\u2022 \u00c5terstarta H\u00e4ssleholms tekniska skolas unika Internationella inriktning p\u00e5 samh\u00e4lls- och naturprogrammet.<\/div>\n<\/div>\n<div class=\"x11i5rnm xat24cr x1mh8g0r x1vvkbs xtlvy1s x126k92a\">\n<div dir=\"auto\">\u2022 Inr\u00e4tta ett landsbygdsutskott under kommunstyrelsen eller ut\u00f6ka en befintlig n\u00e4mndsverksamhetsomr\u00e5de f\u00f6r att ytterligare lyfta upp landsbygdens m\u00f6jligheter och utmaningar upp p\u00e5<\/div>\n<div dir=\"auto\">dagordningen.<\/div>\n<\/div>\n<div class=\"x11i5rnm xat24cr x1mh8g0r x1vvkbs xtlvy1s x126k92a\">\n<div dir=\"auto\">\u2022 Minska l\u00e5neskulden f\u00f6r att p\u00e5 ett h\u00e5llbart och balanserat s\u00e4tt inte bel\u00e5na framtidens unga, d\u00e4rf\u00f6r pausar vi arbetet med att bygga ut Bj\u00f6rklunda.<\/div>\n<\/div>\n<div class=\"x11i5rnm xat24cr x1mh8g0r x1vvkbs xtlvy1s x126k92a\">\n<div dir=\"auto\">\u2022 Utreda m\u00f6jligheterna att inf\u00f6ra s\u00e5 att alla \u00f6ver 85 \u00e5r ska ges r\u00e4tten att vid upplevt behov f\u00e5 en garanterad plats p\u00e5 s\u00e4rskilt boende.<\/div>\n<\/div>\n<div class=\"x11i5rnm xat24cr x1mh8g0r x1vvkbs xtlvy1s x126k92a\">\n<div dir=\"auto\">\u2022 Utreda m\u00f6jligheterna att succesivt inf\u00f6ra principen om nollbasbudget i H\u00e4ssleholm kommun, f\u00f6r att p\u00e5 sikt f\u00e5 b\u00e4ttre kontroll \u00f6ver ekonomistyrningen i kommunen. Detta sker med start p\u00e5 de st\u00f6rsta n\u00e4mnderna i samband med budget 2025.<\/div>\n<\/div>\n<div class=\"x11i5rnm xat24cr x1mh8g0r x1vvkbs xtlvy1s x126k92a\">\n<div dir=\"auto\">\u2022 Tillf\u00f6r medel f\u00f6r att kultur- och fritidsf\u00f6rvaltningen ska ges m\u00f6jlighet att plocka fram en kultur och fritidsplan.<\/div>\n<\/div>\n<div class=\"x11i5rnm xat24cr x1mh8g0r x1vvkbs xtlvy1s x126k92a\">\n<div dir=\"auto\">\u2022 I samr\u00e5d med Kultur- och fritidsf\u00f6rvaltningen samt Tekniska f\u00f6rvaltningen utreda badhusorganisationens behov, drift och investeringssituation f\u00f6r att d\u00e4refter kunna fatta beslut om dess framtid.<\/div>\n<div dir=\"auto\">\u2022 Satsning p\u00e5 framtida ungdomsverksamhet och lokaliseringen f\u00f6r bland annat ungdomar med bil och motorintresse.<\/div>\n<\/div>\n<div class=\"x11i5rnm xat24cr x1mh8g0r x1vvkbs xtlvy1s x126k92a\">\n<div dir=\"auto\">\u2022 Tidigarel\u00e4ggande av investering i fler fotbollsplaner.<\/div>\n<\/div>\n<div dir=\"auto\"><\/div>\n<div dir=\"auto\"><strong><a href=\"https:\/\/www.hassleholm.se\/download\/18.1da3c2818bab6b26653d674\/1699956038268\/Kristdemokraternas%20f%C3%B6rslag%20till%20Strategisk%20plan%202024-2026%20med%20Budget%202024%20och%20fler%C3%A5rsplan%202025-2026.pdf\">L\u00e4s hela budgetf\u00f6rslaget h\u00e4r<\/a><\/strong><\/div>\n","protected":false},"excerpt":{"rendered":"<p>Kristdemokraternas budget &#8211; med sikte p\u00e5 2043 sl\u00e4pptes ig\u00e5r. Det \u00e4r en historisk h\u00e4ndelse, eftersom det \u00e4r v\u00e5r absolut f\u00f6rsta egna budget n\u00e5gonsin. Vi tror p\u00e5 en borgerlig framtid i H\u00e4ssleholm d\u00e4r ekonomin \u00e4r i balans, med nuvarande l\u00e5nehysteri fr\u00e5n minoriteten kommer kommunen dessv\u00e4rre bel\u00e5na framtidens unga. S\u00e5 vill vi inte ha det, delar av <a class=\"read-more-link\" href=\"https:\/\/wp.kristdemokraterna.se\/hassleholm\/725-2\/\">L\u00e4s mer<\/a><\/p>\n","protected":false},"author":874,"featured_media":0,"comment_status":"closed","ping_status":"closed","sticky":false,"template":"","format":"standard","meta":{"_acf_changed":false,"footnotes":""},"categories":[10,11],"tags":[],"class_list":["post-725","post","type-post","status-publish","format-standard","hentry","category-nyheter","category-inlagg"],"acf":[],"yoast_head":"<!-- This site is optimized with the Yoast SEO plugin v27.4 - https:\/\/yoast.com\/product\/yoast-seo-wordpress\/ -->\n<title>KD Budget 2023: Med sikte p\u00e5 2043 - Kristdemokraterna | H\u00e4ssleholm<\/title>\n<meta name=\"robots\" content=\"index, follow, max-snippet:-1, max-image-preview:large, max-video-preview:-1\" \/>\n<link rel=\"canonical\" href=\"https:\/\/wp.kristdemokraterna.se\/hassleholm\/725-2\/\" \/>\n<meta property=\"og:locale\" content=\"sv_SE\" \/>\n<meta property=\"og:type\" content=\"article\" \/>\n<meta property=\"og:title\" content=\"KD Budget 2023: Med sikte p\u00e5 2043 - Kristdemokraterna | H\u00e4ssleholm\" \/>\n<meta property=\"og:description\" content=\"Kristdemokraternas budget &#8211; med sikte p\u00e5 2043 sl\u00e4pptes ig\u00e5r. Det \u00e4r en historisk h\u00e4ndelse, eftersom det \u00e4r v\u00e5r absolut f\u00f6rsta egna budget n\u00e5gonsin. Vi tror p\u00e5 en borgerlig framtid i H\u00e4ssleholm d\u00e4r ekonomin \u00e4r i balans, med nuvarande l\u00e5nehysteri fr\u00e5n minoriteten kommer kommunen dessv\u00e4rre bel\u00e5na framtidens unga. S\u00e5 vill vi inte ha det, delar av L\u00e4s mer\" \/>\n<meta property=\"og:url\" content=\"https:\/\/wp.kristdemokraterna.se\/hassleholm\/725-2\/\" \/>\n<meta property=\"og:site_name\" content=\"Kristdemokraterna | H\u00e4ssleholm\" \/>\n<meta property=\"article:published_time\" content=\"2023-11-14T14:06:27+00:00\" \/>\n<meta property=\"article:modified_time\" content=\"2023-11-14T14:07:17+00:00\" \/>\n<meta name=\"author\" content=\"Simon Berneblad\" \/>\n<meta name=\"twitter:card\" content=\"summary_large_image\" \/>\n<meta name=\"twitter:label1\" content=\"Skriven av\" \/>\n\t<meta name=\"twitter:data1\" content=\"Simon Berneblad\" \/>\n\t<meta name=\"twitter:label2\" content=\"Ber\u00e4knad l\u00e4stid\" \/>\n\t<meta name=\"twitter:data2\" content=\"2 minuter\" \/>\n<script type=\"application\/ld+json\" class=\"yoast-schema-graph\">{\"@context\":\"https:\\\/\\\/schema.org\",\"@graph\":[{\"@type\":\"Article\",\"@id\":\"https:\\\/\\\/wp.kristdemokraterna.se\\\/hassleholm\\\/725-2\\\/#article\",\"isPartOf\":{\"@id\":\"https:\\\/\\\/wp.kristdemokraterna.se\\\/hassleholm\\\/725-2\\\/\"},\"author\":{\"name\":\"Simon Berneblad\",\"@id\":\"https:\\\/\\\/wp.kristdemokraterna.se\\\/hassleholm\\\/#\\\/schema\\\/person\\\/b684b3b78c0af159382758027b70c4e7\"},\"headline\":\"KD Budget 2023: Med sikte p\u00e5 2043\",\"datePublished\":\"2023-11-14T14:06:27+00:00\",\"dateModified\":\"2023-11-14T14:07:17+00:00\",\"mainEntityOfPage\":{\"@id\":\"https:\\\/\\\/wp.kristdemokraterna.se\\\/hassleholm\\\/725-2\\\/\"},\"wordCount\":380,\"articleSection\":[\"Nyheter\",\"Senaste nytt\"],\"inLanguage\":\"sv-SE\"},{\"@type\":\"WebPage\",\"@id\":\"https:\\\/\\\/wp.kristdemokraterna.se\\\/hassleholm\\\/725-2\\\/\",\"url\":\"https:\\\/\\\/wp.kristdemokraterna.se\\\/hassleholm\\\/725-2\\\/\",\"name\":\"KD Budget 2023: Med sikte p\u00e5 2043 - Kristdemokraterna | H\u00e4ssleholm\",\"isPartOf\":{\"@id\":\"https:\\\/\\\/wp.kristdemokraterna.se\\\/hassleholm\\\/#website\"},\"datePublished\":\"2023-11-14T14:06:27+00:00\",\"dateModified\":\"2023-11-14T14:07:17+00:00\",\"author\":{\"@id\":\"https:\\\/\\\/wp.kristdemokraterna.se\\\/hassleholm\\\/#\\\/schema\\\/person\\\/b684b3b78c0af159382758027b70c4e7\"},\"breadcrumb\":{\"@id\":\"https:\\\/\\\/wp.kristdemokraterna.se\\\/hassleholm\\\/725-2\\\/#breadcrumb\"},\"inLanguage\":\"sv-SE\",\"potentialAction\":[{\"@type\":\"ReadAction\",\"target\":[\"https:\\\/\\\/wp.kristdemokraterna.se\\\/hassleholm\\\/725-2\\\/\"]}]},{\"@type\":\"BreadcrumbList\",\"@id\":\"https:\\\/\\\/wp.kristdemokraterna.se\\\/hassleholm\\\/725-2\\\/#breadcrumb\",\"itemListElement\":[{\"@type\":\"ListItem\",\"position\":1,\"name\":\"Hem\",\"item\":\"https:\\\/\\\/wp.kristdemokraterna.se\\\/hassleholm\\\/\"},{\"@type\":\"ListItem\",\"position\":2,\"name\":\"KD Budget 2023: Med sikte p\u00e5 2043\"}]},{\"@type\":\"WebSite\",\"@id\":\"https:\\\/\\\/wp.kristdemokraterna.se\\\/hassleholm\\\/#website\",\"url\":\"https:\\\/\\\/wp.kristdemokraterna.se\\\/hassleholm\\\/\",\"name\":\"Kristdemokraterna | H\u00e4ssleholm\",\"description\":\"\u00c4nnu en webbplats hos Kristdemokraterna\",\"inLanguage\":\"sv-SE\"},{\"@type\":\"Person\",\"@id\":\"https:\\\/\\\/wp.kristdemokraterna.se\\\/hassleholm\\\/#\\\/schema\\\/person\\\/b684b3b78c0af159382758027b70c4e7\",\"name\":\"Simon Berneblad\",\"image\":{\"@type\":\"ImageObject\",\"inLanguage\":\"sv-SE\",\"@id\":\"https:\\\/\\\/secure.gravatar.com\\\/avatar\\\/9258771e5d1d637f8501ed75672e23913a067e2603291093501dce7a17464f5c?s=96&d=mm&r=g\",\"url\":\"https:\\\/\\\/secure.gravatar.com\\\/avatar\\\/9258771e5d1d637f8501ed75672e23913a067e2603291093501dce7a17464f5c?s=96&d=mm&r=g\",\"contentUrl\":\"https:\\\/\\\/secure.gravatar.com\\\/avatar\\\/9258771e5d1d637f8501ed75672e23913a067e2603291093501dce7a17464f5c?s=96&d=mm&r=g\",\"caption\":\"Simon Berneblad\"},\"url\":\"https:\\\/\\\/wp.kristdemokraterna.se\\\/hassleholm\\\/author\\\/sberneblad\\\/\"}]}<\/script>\n<!-- \/ Yoast SEO plugin. -->","yoast_head_json":{"title":"KD Budget 2023: Med sikte p\u00e5 2043 - Kristdemokraterna | H\u00e4ssleholm","robots":{"index":"index","follow":"follow","max-snippet":"max-snippet:-1","max-image-preview":"max-image-preview:large","max-video-preview":"max-video-preview:-1"},"canonical":"https:\/\/wp.kristdemokraterna.se\/hassleholm\/725-2\/","og_locale":"sv_SE","og_type":"article","og_title":"KD Budget 2023: Med sikte p\u00e5 2043 - Kristdemokraterna | H\u00e4ssleholm","og_description":"Kristdemokraternas budget &#8211; med sikte p\u00e5 2043 sl\u00e4pptes ig\u00e5r. Det \u00e4r en historisk h\u00e4ndelse, eftersom det \u00e4r v\u00e5r absolut f\u00f6rsta egna budget n\u00e5gonsin. Vi tror p\u00e5 en borgerlig framtid i H\u00e4ssleholm d\u00e4r ekonomin \u00e4r i balans, med nuvarande l\u00e5nehysteri fr\u00e5n minoriteten kommer kommunen dessv\u00e4rre bel\u00e5na framtidens unga. S\u00e5 vill vi inte ha det, delar av L\u00e4s mer","og_url":"https:\/\/wp.kristdemokraterna.se\/hassleholm\/725-2\/","og_site_name":"Kristdemokraterna | H\u00e4ssleholm","article_published_time":"2023-11-14T14:06:27+00:00","article_modified_time":"2023-11-14T14:07:17+00:00","author":"Simon Berneblad","twitter_card":"summary_large_image","twitter_misc":{"Skriven av":"Simon Berneblad","Ber\u00e4knad l\u00e4stid":"2 minuter"},"schema":{"@context":"https:\/\/schema.org","@graph":[{"@type":"Article","@id":"https:\/\/wp.kristdemokraterna.se\/hassleholm\/725-2\/#article","isPartOf":{"@id":"https:\/\/wp.kristdemokraterna.se\/hassleholm\/725-2\/"},"author":{"name":"Simon Berneblad","@id":"https:\/\/wp.kristdemokraterna.se\/hassleholm\/#\/schema\/person\/b684b3b78c0af159382758027b70c4e7"},"headline":"KD Budget 2023: Med sikte p\u00e5 2043","datePublished":"2023-11-14T14:06:27+00:00","dateModified":"2023-11-14T14:07:17+00:00","mainEntityOfPage":{"@id":"https:\/\/wp.kristdemokraterna.se\/hassleholm\/725-2\/"},"wordCount":380,"articleSection":["Nyheter","Senaste nytt"],"inLanguage":"sv-SE"},{"@type":"WebPage","@id":"https:\/\/wp.kristdemokraterna.se\/hassleholm\/725-2\/","url":"https:\/\/wp.kristdemokraterna.se\/hassleholm\/725-2\/","name":"KD Budget 2023: Med sikte p\u00e5 2043 - Kristdemokraterna | H\u00e4ssleholm","isPartOf":{"@id":"https:\/\/wp.kristdemokraterna.se\/hassleholm\/#website"},"datePublished":"2023-11-14T14:06:27+00:00","dateModified":"2023-11-14T14:07:17+00:00","author":{"@id":"https:\/\/wp.kristdemokraterna.se\/hassleholm\/#\/schema\/person\/b684b3b78c0af159382758027b70c4e7"},"breadcrumb":{"@id":"https:\/\/wp.kristdemokraterna.se\/hassleholm\/725-2\/#breadcrumb"},"inLanguage":"sv-SE","potentialAction":[{"@type":"ReadAction","target":["https:\/\/wp.kristdemokraterna.se\/hassleholm\/725-2\/"]}]},{"@type":"BreadcrumbList","@id":"https:\/\/wp.kristdemokraterna.se\/hassleholm\/725-2\/#breadcrumb","itemListElement":[{"@type":"ListItem","position":1,"name":"Hem","item":"https:\/\/wp.kristdemokraterna.se\/hassleholm\/"},{"@type":"ListItem","position":2,"name":"KD Budget 2023: Med sikte p\u00e5 2043"}]},{"@type":"WebSite","@id":"https:\/\/wp.kristdemokraterna.se\/hassleholm\/#website","url":"https:\/\/wp.kristdemokraterna.se\/hassleholm\/","name":"Kristdemokraterna | H\u00e4ssleholm","description":"\u00c4nnu en webbplats hos Kristdemokraterna","inLanguage":"sv-SE"},{"@type":"Person","@id":"https:\/\/wp.kristdemokraterna.se\/hassleholm\/#\/schema\/person\/b684b3b78c0af159382758027b70c4e7","name":"Simon Berneblad","image":{"@type":"ImageObject","inLanguage":"sv-SE","@id":"https:\/\/secure.gravatar.com\/avatar\/9258771e5d1d637f8501ed75672e23913a067e2603291093501dce7a17464f5c?s=96&d=mm&r=g","url":"https:\/\/secure.gravatar.com\/avatar\/9258771e5d1d637f8501ed75672e23913a067e2603291093501dce7a17464f5c?s=96&d=mm&r=g","contentUrl":"https:\/\/secure.gravatar.com\/avatar\/9258771e5d1d637f8501ed75672e23913a067e2603291093501dce7a17464f5c?s=96&d=mm&r=g","caption":"Simon Berneblad"},"url":"https:\/\/wp.kristdemokraterna.se\/hassleholm\/author\/sberneblad\/"}]}},"_links":{"self":[{"href":"https:\/\/wp.kristdemokraterna.se\/hassleholm\/wp-json\/wp\/v2\/posts\/725","targetHints":{"allow":["GET"]}}],"collection":[{"href":"https:\/\/wp.kristdemokraterna.se\/hassleholm\/wp-json\/wp\/v2\/posts"}],"about":[{"href":"https:\/\/wp.kristdemokraterna.se\/hassleholm\/wp-json\/wp\/v2\/types\/post"}],"author":[{"embeddable":true,"href":"https:\/\/wp.kristdemokraterna.se\/hassleholm\/wp-json\/wp\/v2\/users\/874"}],"replies":[{"embeddable":true,"href":"https:\/\/wp.kristdemokraterna.se\/hassleholm\/wp-json\/wp\/v2\/comments?post=725"}],"version-history":[{"count":3,"href":"https:\/\/wp.kristdemokraterna.se\/hassleholm\/wp-json\/wp\/v2\/posts\/725\/revisions"}],"predecessor-version":[{"id":729,"href":"https:\/\/wp.kristdemokraterna.se\/hassleholm\/wp-json\/wp\/v2\/posts\/725\/revisions\/729"}],"wp:attachment":[{"href":"https:\/\/wp.kristdemokraterna.se\/hassleholm\/wp-json\/wp\/v2\/media?parent=725"}],"wp:term":[{"taxonomy":"category","embeddable":true,"href":"https:\/\/wp.kristdemokraterna.se\/hassleholm\/wp-json\/wp\/v2\/categories?post=725"},{"taxonomy":"post_tag","embeddable":true,"href":"https:\/\/wp.kristdemokraterna.se\/hassleholm\/wp-json\/wp\/v2\/tags?post=725"}],"curies":[{"name":"wp","href":"https:\/\/api.w.org\/{rel}","templated":true}]}}