{"id":223,"date":"2014-03-02T16:26:58","date_gmt":"2014-03-02T16:26:58","guid":{"rendered":"http:\/\/wpskane.kristdemokraterna.se\/hoganas\/?p=223"},"modified":"2014-03-02T16:26:58","modified_gmt":"2014-03-02T16:26:58","slug":"var-nya-styrelse","status":"publish","type":"post","link":"https:\/\/wp.kristdemokraterna.se\/hoganas\/var-nya-styrelse\/","title":{"rendered":"V\u00e5r nya styrelse"},"content":{"rendered":"<h5>Ny ordf\u00f6rande f\u00f6r Kristdemokraterna i H\u00f6gan\u00e4s \u00e4r Jon Rickardsson. Vice ordf\u00f6rande \u00e4r fortsatt Fredrik Johannesson och \u00f6vriga styrelseledam\u00f6ter \u00e4r Barbara Struglics-Bogs, Anita B\u00e4ck och Lennart Sil\u00e9n Alfredsson. Ers\u00e4ttare \u00e4r Bertil Toreson och Inga-Maj Hult.<\/h5>\n<h5>\u00c5rsm\u00f6tet tackade Irmeli Hermansson f\u00f6r hennes \u00e5r som ordf\u00f6rande med en blomma.<\/h5>\n","protected":false},"excerpt":{"rendered":"<p>Ny ordf\u00f6rande f\u00f6r Kristdemokraterna i H\u00f6gan\u00e4s \u00e4r Jon Rickardsson. Vice ordf\u00f6rande \u00e4r fortsatt Fredrik Johannesson och \u00f6vriga styrelseledam\u00f6ter \u00e4r Barbara Struglics-Bogs, Anita B\u00e4ck och Lennart Sil\u00e9n Alfredsson. Ers\u00e4ttare \u00e4r Bertil Toreson och Inga-Maj Hult. \u00c5rsm\u00f6tet tackade Irmeli Hermansson f\u00f6r hennes \u00e5r som ordf\u00f6rande med en blomma.<\/p>\n","protected":false},"author":933,"featured_media":0,"comment_status":"open","ping_status":"open","sticky":false,"template":"","format":"standard","meta":{"_acf_changed":false,"footnotes":""},"categories":[11,16],"tags":[],"class_list":["post-223","post","type-post","status-publish","format-standard","hentry","category-inlagg","category-medlemsinfo"],"acf":[],"yoast_head":"<!-- This site is optimized with the Yoast SEO plugin v27.5 - https:\/\/yoast.com\/product\/yoast-seo-wordpress\/ -->\n<title>V\u00e5r nya styrelse - Kristdemokraterna | H\u00f6gan\u00e4s<\/title>\n<meta name=\"robots\" content=\"index, follow, max-snippet:-1, max-image-preview:large, max-video-preview:-1\" \/>\n<link rel=\"canonical\" href=\"https:\/\/wp.kristdemokraterna.se\/hoganas\/var-nya-styrelse\/\" \/>\n<meta property=\"og:locale\" content=\"sv_SE\" \/>\n<meta property=\"og:type\" content=\"article\" \/>\n<meta property=\"og:title\" content=\"V\u00e5r nya styrelse - Kristdemokraterna | H\u00f6gan\u00e4s\" \/>\n<meta property=\"og:description\" content=\"Ny ordf\u00f6rande f\u00f6r Kristdemokraterna i H\u00f6gan\u00e4s \u00e4r Jon Rickardsson. Vice ordf\u00f6rande \u00e4r fortsatt Fredrik Johannesson och \u00f6vriga styrelseledam\u00f6ter \u00e4r Barbara Struglics-Bogs, Anita B\u00e4ck och Lennart Sil\u00e9n Alfredsson. Ers\u00e4ttare \u00e4r Bertil Toreson och Inga-Maj Hult. \u00c5rsm\u00f6tet tackade Irmeli Hermansson f\u00f6r hennes \u00e5r som ordf\u00f6rande med en blomma.\" \/>\n<meta property=\"og:url\" content=\"https:\/\/wp.kristdemokraterna.se\/hoganas\/var-nya-styrelse\/\" \/>\n<meta property=\"og:site_name\" content=\"Kristdemokraterna | H\u00f6gan\u00e4s\" \/>\n<meta property=\"article:published_time\" content=\"2014-03-02T16:26:58+00:00\" \/>\n<meta name=\"author\" content=\"Fredrik Johannesson\" \/>\n<meta name=\"twitter:card\" content=\"summary_large_image\" \/>\n<meta name=\"twitter:label1\" content=\"Skriven av\" \/>\n\t<meta name=\"twitter:data1\" content=\"Fredrik Johannesson\" \/>\n<script type=\"application\/ld+json\" class=\"yoast-schema-graph\">{\"@context\":\"https:\\\/\\\/schema.org\",\"@graph\":[{\"@type\":\"Article\",\"@id\":\"https:\\\/\\\/wp.kristdemokraterna.se\\\/hoganas\\\/var-nya-styrelse\\\/#article\",\"isPartOf\":{\"@id\":\"https:\\\/\\\/wp.kristdemokraterna.se\\\/hoganas\\\/var-nya-styrelse\\\/\"},\"author\":{\"name\":\"Fredrik Johannesson\",\"@id\":\"https:\\\/\\\/wp.kristdemokraterna.se\\\/hoganas\\\/#\\\/schema\\\/person\\\/1edde3871d901c0d78998c665b2773af\"},\"headline\":\"V\u00e5r nya styrelse\",\"datePublished\":\"2014-03-02T16:26:58+00:00\",\"mainEntityOfPage\":{\"@id\":\"https:\\\/\\\/wp.kristdemokraterna.se\\\/hoganas\\\/var-nya-styrelse\\\/\"},\"wordCount\":62,\"commentCount\":0,\"articleSection\":[\"inl\u00e4gg\",\"Medlemsinformation\"],\"inLanguage\":\"sv-SE\"},{\"@type\":\"WebPage\",\"@id\":\"https:\\\/\\\/wp.kristdemokraterna.se\\\/hoganas\\\/var-nya-styrelse\\\/\",\"url\":\"https:\\\/\\\/wp.kristdemokraterna.se\\\/hoganas\\\/var-nya-styrelse\\\/\",\"name\":\"V\u00e5r nya styrelse - Kristdemokraterna | H\u00f6gan\u00e4s\",\"isPartOf\":{\"@id\":\"https:\\\/\\\/wp.kristdemokraterna.se\\\/hoganas\\\/#website\"},\"datePublished\":\"2014-03-02T16:26:58+00:00\",\"author\":{\"@id\":\"https:\\\/\\\/wp.kristdemokraterna.se\\\/hoganas\\\/#\\\/schema\\\/person\\\/1edde3871d901c0d78998c665b2773af\"},\"breadcrumb\":{\"@id\":\"https:\\\/\\\/wp.kristdemokraterna.se\\\/hoganas\\\/var-nya-styrelse\\\/#breadcrumb\"},\"inLanguage\":\"sv-SE\",\"potentialAction\":[{\"@type\":\"ReadAction\",\"target\":[\"https:\\\/\\\/wp.kristdemokraterna.se\\\/hoganas\\\/var-nya-styrelse\\\/\"]}]},{\"@type\":\"BreadcrumbList\",\"@id\":\"https:\\\/\\\/wp.kristdemokraterna.se\\\/hoganas\\\/var-nya-styrelse\\\/#breadcrumb\",\"itemListElement\":[{\"@type\":\"ListItem\",\"position\":1,\"name\":\"Hem\",\"item\":\"https:\\\/\\\/wp.kristdemokraterna.se\\\/hoganas\\\/\"},{\"@type\":\"ListItem\",\"position\":2,\"name\":\"V\u00e5r nya styrelse\"}]},{\"@type\":\"WebSite\",\"@id\":\"https:\\\/\\\/wp.kristdemokraterna.se\\\/hoganas\\\/#website\",\"url\":\"https:\\\/\\\/wp.kristdemokraterna.se\\\/hoganas\\\/\",\"name\":\"Kristdemokraterna | H\u00f6gan\u00e4s\",\"description\":\"En till Kristdemokraterna webbplats\",\"inLanguage\":\"sv-SE\"},{\"@type\":\"Person\",\"@id\":\"https:\\\/\\\/wp.kristdemokraterna.se\\\/hoganas\\\/#\\\/schema\\\/person\\\/1edde3871d901c0d78998c665b2773af\",\"name\":\"Fredrik Johannesson\",\"image\":{\"@type\":\"ImageObject\",\"inLanguage\":\"sv-SE\",\"@id\":\"https:\\\/\\\/secure.gravatar.com\\\/avatar\\\/052662746575b72e10fc0ddece7a430c76ae70dc3bf36c7c447813bbf504bcb6?s=96&d=mm&r=g\",\"url\":\"https:\\\/\\\/secure.gravatar.com\\\/avatar\\\/052662746575b72e10fc0ddece7a430c76ae70dc3bf36c7c447813bbf504bcb6?s=96&d=mm&r=g\",\"contentUrl\":\"https:\\\/\\\/secure.gravatar.com\\\/avatar\\\/052662746575b72e10fc0ddece7a430c76ae70dc3bf36c7c447813bbf504bcb6?s=96&d=mm&r=g\",\"caption\":\"Fredrik Johannesson\"},\"url\":\"https:\\\/\\\/wp.kristdemokraterna.se\\\/hoganas\\\/author\\\/fredrik\\\/\"}]}<\/script>\n<!-- \/ Yoast SEO plugin. -->","yoast_head_json":{"title":"V\u00e5r nya styrelse - Kristdemokraterna | H\u00f6gan\u00e4s","robots":{"index":"index","follow":"follow","max-snippet":"max-snippet:-1","max-image-preview":"max-image-preview:large","max-video-preview":"max-video-preview:-1"},"canonical":"https:\/\/wp.kristdemokraterna.se\/hoganas\/var-nya-styrelse\/","og_locale":"sv_SE","og_type":"article","og_title":"V\u00e5r nya styrelse - Kristdemokraterna | H\u00f6gan\u00e4s","og_description":"Ny ordf\u00f6rande f\u00f6r Kristdemokraterna i H\u00f6gan\u00e4s \u00e4r Jon Rickardsson. Vice ordf\u00f6rande \u00e4r fortsatt Fredrik Johannesson och \u00f6vriga styrelseledam\u00f6ter \u00e4r Barbara Struglics-Bogs, Anita B\u00e4ck och Lennart Sil\u00e9n Alfredsson. Ers\u00e4ttare \u00e4r Bertil Toreson och Inga-Maj Hult. \u00c5rsm\u00f6tet tackade Irmeli Hermansson f\u00f6r hennes \u00e5r som ordf\u00f6rande med en blomma.","og_url":"https:\/\/wp.kristdemokraterna.se\/hoganas\/var-nya-styrelse\/","og_site_name":"Kristdemokraterna | H\u00f6gan\u00e4s","article_published_time":"2014-03-02T16:26:58+00:00","author":"Fredrik Johannesson","twitter_card":"summary_large_image","twitter_misc":{"Skriven av":"Fredrik Johannesson"},"schema":{"@context":"https:\/\/schema.org","@graph":[{"@type":"Article","@id":"https:\/\/wp.kristdemokraterna.se\/hoganas\/var-nya-styrelse\/#article","isPartOf":{"@id":"https:\/\/wp.kristdemokraterna.se\/hoganas\/var-nya-styrelse\/"},"author":{"name":"Fredrik Johannesson","@id":"https:\/\/wp.kristdemokraterna.se\/hoganas\/#\/schema\/person\/1edde3871d901c0d78998c665b2773af"},"headline":"V\u00e5r nya styrelse","datePublished":"2014-03-02T16:26:58+00:00","mainEntityOfPage":{"@id":"https:\/\/wp.kristdemokraterna.se\/hoganas\/var-nya-styrelse\/"},"wordCount":62,"commentCount":0,"articleSection":["inl\u00e4gg","Medlemsinformation"],"inLanguage":"sv-SE"},{"@type":"WebPage","@id":"https:\/\/wp.kristdemokraterna.se\/hoganas\/var-nya-styrelse\/","url":"https:\/\/wp.kristdemokraterna.se\/hoganas\/var-nya-styrelse\/","name":"V\u00e5r nya styrelse - Kristdemokraterna | H\u00f6gan\u00e4s","isPartOf":{"@id":"https:\/\/wp.kristdemokraterna.se\/hoganas\/#website"},"datePublished":"2014-03-02T16:26:58+00:00","author":{"@id":"https:\/\/wp.kristdemokraterna.se\/hoganas\/#\/schema\/person\/1edde3871d901c0d78998c665b2773af"},"breadcrumb":{"@id":"https:\/\/wp.kristdemokraterna.se\/hoganas\/var-nya-styrelse\/#breadcrumb"},"inLanguage":"sv-SE","potentialAction":[{"@type":"ReadAction","target":["https:\/\/wp.kristdemokraterna.se\/hoganas\/var-nya-styrelse\/"]}]},{"@type":"BreadcrumbList","@id":"https:\/\/wp.kristdemokraterna.se\/hoganas\/var-nya-styrelse\/#breadcrumb","itemListElement":[{"@type":"ListItem","position":1,"name":"Hem","item":"https:\/\/wp.kristdemokraterna.se\/hoganas\/"},{"@type":"ListItem","position":2,"name":"V\u00e5r nya styrelse"}]},{"@type":"WebSite","@id":"https:\/\/wp.kristdemokraterna.se\/hoganas\/#website","url":"https:\/\/wp.kristdemokraterna.se\/hoganas\/","name":"Kristdemokraterna | H\u00f6gan\u00e4s","description":"En till Kristdemokraterna webbplats","inLanguage":"sv-SE"},{"@type":"Person","@id":"https:\/\/wp.kristdemokraterna.se\/hoganas\/#\/schema\/person\/1edde3871d901c0d78998c665b2773af","name":"Fredrik Johannesson","image":{"@type":"ImageObject","inLanguage":"sv-SE","@id":"https:\/\/secure.gravatar.com\/avatar\/052662746575b72e10fc0ddece7a430c76ae70dc3bf36c7c447813bbf504bcb6?s=96&d=mm&r=g","url":"https:\/\/secure.gravatar.com\/avatar\/052662746575b72e10fc0ddece7a430c76ae70dc3bf36c7c447813bbf504bcb6?s=96&d=mm&r=g","contentUrl":"https:\/\/secure.gravatar.com\/avatar\/052662746575b72e10fc0ddece7a430c76ae70dc3bf36c7c447813bbf504bcb6?s=96&d=mm&r=g","caption":"Fredrik Johannesson"},"url":"https:\/\/wp.kristdemokraterna.se\/hoganas\/author\/fredrik\/"}]}},"_links":{"self":[{"href":"https:\/\/wp.kristdemokraterna.se\/hoganas\/wp-json\/wp\/v2\/posts\/223","targetHints":{"allow":["GET"]}}],"collection":[{"href":"https:\/\/wp.kristdemokraterna.se\/hoganas\/wp-json\/wp\/v2\/posts"}],"about":[{"href":"https:\/\/wp.kristdemokraterna.se\/hoganas\/wp-json\/wp\/v2\/types\/post"}],"author":[{"embeddable":true,"href":"https:\/\/wp.kristdemokraterna.se\/hoganas\/wp-json\/wp\/v2\/users\/933"}],"replies":[{"embeddable":true,"href":"https:\/\/wp.kristdemokraterna.se\/hoganas\/wp-json\/wp\/v2\/comments?post=223"}],"version-history":[{"count":0,"href":"https:\/\/wp.kristdemokraterna.se\/hoganas\/wp-json\/wp\/v2\/posts\/223\/revisions"}],"wp:attachment":[{"href":"https:\/\/wp.kristdemokraterna.se\/hoganas\/wp-json\/wp\/v2\/media?parent=223"}],"wp:term":[{"taxonomy":"category","embeddable":true,"href":"https:\/\/wp.kristdemokraterna.se\/hoganas\/wp-json\/wp\/v2\/categories?post=223"},{"taxonomy":"post_tag","embeddable":true,"href":"https:\/\/wp.kristdemokraterna.se\/hoganas\/wp-json\/wp\/v2\/tags?post=223"}],"curies":[{"name":"wp","href":"https:\/\/api.w.org\/{rel}","templated":true}]}}