{"id":260,"date":"2014-04-03T17:20:53","date_gmt":"2014-04-03T17:20:53","guid":{"rendered":"http:\/\/wpskane.kristdemokraterna.se\/hoganas\/?p=260"},"modified":"2014-04-03T17:20:53","modified_gmt":"2014-04-03T17:20:53","slug":"janne-eneroth-far-vitsippspris-2013","status":"publish","type":"post","link":"https:\/\/wp.kristdemokraterna.se\/hoganas\/janne-eneroth-far-vitsippspris-2013\/","title":{"rendered":"Janne Eneroth f\u00e5r Vitsippspris 2013"},"content":{"rendered":"<p><a href=\"http:\/\/wp.kristdemokraterna.se\/hoganas\/files\/2014\/04\/bilder_fran_iphone_janne_014.jpg\"><img loading=\"lazy\" decoding=\"async\" class=\"aligncenter size-full wp-image-261\" alt=\"Bilder_fr\u00e5n_Iphone_Janne_014\" src=\"http:\/\/wp.kristdemokraterna.se\/hoganas\/files\/2014\/04\/bilder_fran_iphone_janne_014.jpg\" width=\"640\" height=\"478\" srcset=\"https:\/\/wp.kristdemokraterna.se\/hoganas\/files\/2014\/04\/bilder_fran_iphone_janne_014.jpg 640w, https:\/\/wp.kristdemokraterna.se\/hoganas\/files\/2014\/04\/bilder_fran_iphone_janne_014-300x224.jpg 300w, https:\/\/wp.kristdemokraterna.se\/hoganas\/files\/2014\/04\/bilder_fran_iphone_janne_014-268x200.jpg 268w, https:\/\/wp.kristdemokraterna.se\/hoganas\/files\/2014\/04\/bilder_fran_iphone_janne_014-370x276.jpg 370w, https:\/\/wp.kristdemokraterna.se\/hoganas\/files\/2014\/04\/bilder_fran_iphone_janne_014-450x336.jpg 450w, https:\/\/wp.kristdemokraterna.se\/hoganas\/files\/2014\/04\/bilder_fran_iphone_janne_014-280x209.jpg 280w, https:\/\/wp.kristdemokraterna.se\/hoganas\/files\/2014\/04\/bilder_fran_iphone_janne_014-340x254.jpg 340w, https:\/\/wp.kristdemokraterna.se\/hoganas\/files\/2014\/04\/bilder_fran_iphone_janne_014-200x149.jpg 200w, https:\/\/wp.kristdemokraterna.se\/hoganas\/files\/2014\/04\/bilder_fran_iphone_janne_014-75x56.jpg 75w\" sizes=\"auto, (max-width: 640px) 100vw, 640px\" \/><\/a><\/p>\n<p>&nbsp;<\/p>\n<h5>L\u00f6rdagen 14 september delade Kristdemokraterna i H\u00f6gan\u00e4s ut \u00e5rets Vitsippspris till Janne Eneroth p\u00e5 scenen vid Skateparken i H\u00f6gan\u00e4s.<br \/>\nJanne Eneroth har arbetat som f\u00e4ltassistent i H\u00f6gan\u00e4s kommun i ca 5 \u00e5r och \u00e4ven under m\u00e5nga \u00e5r dessf\u00f6rinnan hj\u00e4lpt och varit ett st\u00f6d f\u00f6r m\u00e5nga ungdomar i v\u00e5r kommun som haft det sv\u00e5rt p\u00e5 olika s\u00e4tt. Janne har inte bara jobbat med dessa ungdomar under sin arbetstid, utan \u00e4ven funnits tillg\u00e4nglig n\u00e4stan dygnet runt, \u00e5ret om. Janne har tagit personlig kontakt med m\u00e5nga unga som hamnat utanf\u00f6r i samh\u00e4llet och funnits till hands f\u00f6r dem.<\/h5>\n<h4><strong>Motivering<\/strong>:<br \/>\n\u201dF\u00f6r Janne Eneroths engagemang och passion, att hj\u00e4lpa v\u00e5ra ungdomar som beh\u00f6ver extra st\u00f6d f\u00f6r att hitta r\u00e4tt i livet vill vi i Kristdemokraterna H\u00f6gan\u00e4s tilldela Janne Eneroth 2013-\u00e5rs Vitsippspris.\u00a0Vi hoppas och tror, att Janne Eneroth kommer att forts\u00e4tta finnas till hands f\u00f6r v\u00e5ra ungdomar och utg\u00f6ra en ov\u00e4rderlig del i v\u00e5rt samh\u00e4lle f\u00f6r att ge barn och ungdomar i H\u00f6gan\u00e4s kommun justa uppv\u00e4xtvillkor.&#8221;<\/h4>\n","protected":false},"excerpt":{"rendered":"<p>&nbsp; L\u00f6rdagen 14 september delade Kristdemokraterna i H\u00f6gan\u00e4s ut \u00e5rets Vitsippspris till Janne Eneroth p\u00e5 scenen vid Skateparken i H\u00f6gan\u00e4s. Janne Eneroth har arbetat som f\u00e4ltassistent i H\u00f6gan\u00e4s kommun i ca 5 \u00e5r och \u00e4ven under m\u00e5nga \u00e5r dessf\u00f6rinnan hj\u00e4lpt och varit ett st\u00f6d f\u00f6r m\u00e5nga ungdomar i v\u00e5r kommun som haft det sv\u00e5rt p\u00e5 <a class=\"read-more-link\" href=\"https:\/\/wp.kristdemokraterna.se\/hoganas\/janne-eneroth-far-vitsippspris-2013\/\">L\u00e4s mer<\/a><\/p>\n","protected":false},"author":933,"featured_media":0,"comment_status":"closed","ping_status":"open","sticky":false,"template":"","format":"standard","meta":{"_acf_changed":false,"footnotes":""},"categories":[11,16],"tags":[25,32],"class_list":["post-260","post","type-post","status-publish","format-standard","hentry","category-inlagg","category-medlemsinfo","tag-janne-eneroth","tag-vitsippspris"],"acf":[],"yoast_head":"<!-- This site is optimized with the Yoast SEO plugin v27.5 - https:\/\/yoast.com\/product\/yoast-seo-wordpress\/ -->\n<title>Janne Eneroth f\u00e5r Vitsippspris 2013 - Kristdemokraterna | H\u00f6gan\u00e4s<\/title>\n<meta name=\"robots\" content=\"index, follow, max-snippet:-1, max-image-preview:large, max-video-preview:-1\" \/>\n<link rel=\"canonical\" href=\"https:\/\/wp.kristdemokraterna.se\/hoganas\/janne-eneroth-far-vitsippspris-2013\/\" \/>\n<meta property=\"og:locale\" content=\"sv_SE\" \/>\n<meta property=\"og:type\" content=\"article\" \/>\n<meta property=\"og:title\" content=\"Janne Eneroth f\u00e5r Vitsippspris 2013 - Kristdemokraterna | H\u00f6gan\u00e4s\" \/>\n<meta property=\"og:description\" content=\"&nbsp; L\u00f6rdagen 14 september delade Kristdemokraterna i H\u00f6gan\u00e4s ut \u00e5rets Vitsippspris till Janne Eneroth p\u00e5 scenen vid Skateparken i H\u00f6gan\u00e4s. Janne Eneroth har arbetat som f\u00e4ltassistent i H\u00f6gan\u00e4s kommun i ca 5 \u00e5r och \u00e4ven under m\u00e5nga \u00e5r dessf\u00f6rinnan hj\u00e4lpt och varit ett st\u00f6d f\u00f6r m\u00e5nga ungdomar i v\u00e5r kommun som haft det sv\u00e5rt p\u00e5 L\u00e4s mer\" \/>\n<meta property=\"og:url\" content=\"https:\/\/wp.kristdemokraterna.se\/hoganas\/janne-eneroth-far-vitsippspris-2013\/\" \/>\n<meta property=\"og:site_name\" content=\"Kristdemokraterna | H\u00f6gan\u00e4s\" \/>\n<meta property=\"article:published_time\" content=\"2014-04-03T17:20:53+00:00\" \/>\n<meta property=\"og:image\" content=\"http:\/\/wp.kristdemokraterna.se\/hoganas\/files\/2014\/04\/bilder_fran_iphone_janne_014.jpg\" \/>\n<meta name=\"author\" content=\"Fredrik Johannesson\" \/>\n<meta name=\"twitter:card\" content=\"summary_large_image\" \/>\n<meta name=\"twitter:label1\" content=\"Skriven av\" \/>\n\t<meta name=\"twitter:data1\" content=\"Fredrik Johannesson\" \/>\n\t<meta name=\"twitter:label2\" content=\"Ber\u00e4knad l\u00e4stid\" \/>\n\t<meta name=\"twitter:data2\" content=\"1 minut\" \/>\n<script type=\"application\/ld+json\" class=\"yoast-schema-graph\">{\"@context\":\"https:\\\/\\\/schema.org\",\"@graph\":[{\"@type\":\"Article\",\"@id\":\"https:\\\/\\\/wp.kristdemokraterna.se\\\/hoganas\\\/janne-eneroth-far-vitsippspris-2013\\\/#article\",\"isPartOf\":{\"@id\":\"https:\\\/\\\/wp.kristdemokraterna.se\\\/hoganas\\\/janne-eneroth-far-vitsippspris-2013\\\/\"},\"author\":{\"name\":\"Fredrik Johannesson\",\"@id\":\"https:\\\/\\\/wp.kristdemokraterna.se\\\/hoganas\\\/#\\\/schema\\\/person\\\/1edde3871d901c0d78998c665b2773af\"},\"headline\":\"Janne Eneroth f\u00e5r Vitsippspris 2013\",\"datePublished\":\"2014-04-03T17:20:53+00:00\",\"mainEntityOfPage\":{\"@id\":\"https:\\\/\\\/wp.kristdemokraterna.se\\\/hoganas\\\/janne-eneroth-far-vitsippspris-2013\\\/\"},\"wordCount\":209,\"image\":{\"@id\":\"https:\\\/\\\/wp.kristdemokraterna.se\\\/hoganas\\\/janne-eneroth-far-vitsippspris-2013\\\/#primaryimage\"},\"thumbnailUrl\":\"http:\\\/\\\/wp.kristdemokraterna.se\\\/hoganas\\\/files\\\/2014\\\/04\\\/bilder_fran_iphone_janne_014.jpg\",\"keywords\":[\"Janne Eneroth\",\"Vitsippspris\"],\"articleSection\":[\"inl\u00e4gg\",\"Medlemsinformation\"],\"inLanguage\":\"sv-SE\"},{\"@type\":\"WebPage\",\"@id\":\"https:\\\/\\\/wp.kristdemokraterna.se\\\/hoganas\\\/janne-eneroth-far-vitsippspris-2013\\\/\",\"url\":\"https:\\\/\\\/wp.kristdemokraterna.se\\\/hoganas\\\/janne-eneroth-far-vitsippspris-2013\\\/\",\"name\":\"Janne Eneroth f\u00e5r Vitsippspris 2013 - Kristdemokraterna | H\u00f6gan\u00e4s\",\"isPartOf\":{\"@id\":\"https:\\\/\\\/wp.kristdemokraterna.se\\\/hoganas\\\/#website\"},\"primaryImageOfPage\":{\"@id\":\"https:\\\/\\\/wp.kristdemokraterna.se\\\/hoganas\\\/janne-eneroth-far-vitsippspris-2013\\\/#primaryimage\"},\"image\":{\"@id\":\"https:\\\/\\\/wp.kristdemokraterna.se\\\/hoganas\\\/janne-eneroth-far-vitsippspris-2013\\\/#primaryimage\"},\"thumbnailUrl\":\"http:\\\/\\\/wp.kristdemokraterna.se\\\/hoganas\\\/files\\\/2014\\\/04\\\/bilder_fran_iphone_janne_014.jpg\",\"datePublished\":\"2014-04-03T17:20:53+00:00\",\"author\":{\"@id\":\"https:\\\/\\\/wp.kristdemokraterna.se\\\/hoganas\\\/#\\\/schema\\\/person\\\/1edde3871d901c0d78998c665b2773af\"},\"breadcrumb\":{\"@id\":\"https:\\\/\\\/wp.kristdemokraterna.se\\\/hoganas\\\/janne-eneroth-far-vitsippspris-2013\\\/#breadcrumb\"},\"inLanguage\":\"sv-SE\",\"potentialAction\":[{\"@type\":\"ReadAction\",\"target\":[\"https:\\\/\\\/wp.kristdemokraterna.se\\\/hoganas\\\/janne-eneroth-far-vitsippspris-2013\\\/\"]}]},{\"@type\":\"ImageObject\",\"inLanguage\":\"sv-SE\",\"@id\":\"https:\\\/\\\/wp.kristdemokraterna.se\\\/hoganas\\\/janne-eneroth-far-vitsippspris-2013\\\/#primaryimage\",\"url\":\"https:\\\/\\\/wp.kristdemokraterna.se\\\/hoganas\\\/files\\\/2014\\\/04\\\/bilder_fran_iphone_janne_014.jpg\",\"contentUrl\":\"https:\\\/\\\/wp.kristdemokraterna.se\\\/hoganas\\\/files\\\/2014\\\/04\\\/bilder_fran_iphone_janne_014.jpg\",\"width\":640,\"height\":478},{\"@type\":\"BreadcrumbList\",\"@id\":\"https:\\\/\\\/wp.kristdemokraterna.se\\\/hoganas\\\/janne-eneroth-far-vitsippspris-2013\\\/#breadcrumb\",\"itemListElement\":[{\"@type\":\"ListItem\",\"position\":1,\"name\":\"Hem\",\"item\":\"https:\\\/\\\/wp.kristdemokraterna.se\\\/hoganas\\\/\"},{\"@type\":\"ListItem\",\"position\":2,\"name\":\"Janne Eneroth f\u00e5r Vitsippspris 2013\"}]},{\"@type\":\"WebSite\",\"@id\":\"https:\\\/\\\/wp.kristdemokraterna.se\\\/hoganas\\\/#website\",\"url\":\"https:\\\/\\\/wp.kristdemokraterna.se\\\/hoganas\\\/\",\"name\":\"Kristdemokraterna | H\u00f6gan\u00e4s\",\"description\":\"En till Kristdemokraterna webbplats\",\"inLanguage\":\"sv-SE\"},{\"@type\":\"Person\",\"@id\":\"https:\\\/\\\/wp.kristdemokraterna.se\\\/hoganas\\\/#\\\/schema\\\/person\\\/1edde3871d901c0d78998c665b2773af\",\"name\":\"Fredrik Johannesson\",\"image\":{\"@type\":\"ImageObject\",\"inLanguage\":\"sv-SE\",\"@id\":\"https:\\\/\\\/secure.gravatar.com\\\/avatar\\\/052662746575b72e10fc0ddece7a430c76ae70dc3bf36c7c447813bbf504bcb6?s=96&d=mm&r=g\",\"url\":\"https:\\\/\\\/secure.gravatar.com\\\/avatar\\\/052662746575b72e10fc0ddece7a430c76ae70dc3bf36c7c447813bbf504bcb6?s=96&d=mm&r=g\",\"contentUrl\":\"https:\\\/\\\/secure.gravatar.com\\\/avatar\\\/052662746575b72e10fc0ddece7a430c76ae70dc3bf36c7c447813bbf504bcb6?s=96&d=mm&r=g\",\"caption\":\"Fredrik Johannesson\"},\"url\":\"https:\\\/\\\/wp.kristdemokraterna.se\\\/hoganas\\\/author\\\/fredrik\\\/\"}]}<\/script>\n<!-- \/ Yoast SEO plugin. -->","yoast_head_json":{"title":"Janne Eneroth f\u00e5r Vitsippspris 2013 - Kristdemokraterna | H\u00f6gan\u00e4s","robots":{"index":"index","follow":"follow","max-snippet":"max-snippet:-1","max-image-preview":"max-image-preview:large","max-video-preview":"max-video-preview:-1"},"canonical":"https:\/\/wp.kristdemokraterna.se\/hoganas\/janne-eneroth-far-vitsippspris-2013\/","og_locale":"sv_SE","og_type":"article","og_title":"Janne Eneroth f\u00e5r Vitsippspris 2013 - Kristdemokraterna | H\u00f6gan\u00e4s","og_description":"&nbsp; L\u00f6rdagen 14 september delade Kristdemokraterna i H\u00f6gan\u00e4s ut \u00e5rets Vitsippspris till Janne Eneroth p\u00e5 scenen vid Skateparken i H\u00f6gan\u00e4s. Janne Eneroth har arbetat som f\u00e4ltassistent i H\u00f6gan\u00e4s kommun i ca 5 \u00e5r och \u00e4ven under m\u00e5nga \u00e5r dessf\u00f6rinnan hj\u00e4lpt och varit ett st\u00f6d f\u00f6r m\u00e5nga ungdomar i v\u00e5r kommun som haft det sv\u00e5rt p\u00e5 L\u00e4s mer","og_url":"https:\/\/wp.kristdemokraterna.se\/hoganas\/janne-eneroth-far-vitsippspris-2013\/","og_site_name":"Kristdemokraterna | H\u00f6gan\u00e4s","article_published_time":"2014-04-03T17:20:53+00:00","og_image":[{"url":"http:\/\/wp.kristdemokraterna.se\/hoganas\/files\/2014\/04\/bilder_fran_iphone_janne_014.jpg","type":"","width":"","height":""}],"author":"Fredrik Johannesson","twitter_card":"summary_large_image","twitter_misc":{"Skriven av":"Fredrik Johannesson","Ber\u00e4knad l\u00e4stid":"1 minut"},"schema":{"@context":"https:\/\/schema.org","@graph":[{"@type":"Article","@id":"https:\/\/wp.kristdemokraterna.se\/hoganas\/janne-eneroth-far-vitsippspris-2013\/#article","isPartOf":{"@id":"https:\/\/wp.kristdemokraterna.se\/hoganas\/janne-eneroth-far-vitsippspris-2013\/"},"author":{"name":"Fredrik Johannesson","@id":"https:\/\/wp.kristdemokraterna.se\/hoganas\/#\/schema\/person\/1edde3871d901c0d78998c665b2773af"},"headline":"Janne Eneroth f\u00e5r Vitsippspris 2013","datePublished":"2014-04-03T17:20:53+00:00","mainEntityOfPage":{"@id":"https:\/\/wp.kristdemokraterna.se\/hoganas\/janne-eneroth-far-vitsippspris-2013\/"},"wordCount":209,"image":{"@id":"https:\/\/wp.kristdemokraterna.se\/hoganas\/janne-eneroth-far-vitsippspris-2013\/#primaryimage"},"thumbnailUrl":"http:\/\/wp.kristdemokraterna.se\/hoganas\/files\/2014\/04\/bilder_fran_iphone_janne_014.jpg","keywords":["Janne Eneroth","Vitsippspris"],"articleSection":["inl\u00e4gg","Medlemsinformation"],"inLanguage":"sv-SE"},{"@type":"WebPage","@id":"https:\/\/wp.kristdemokraterna.se\/hoganas\/janne-eneroth-far-vitsippspris-2013\/","url":"https:\/\/wp.kristdemokraterna.se\/hoganas\/janne-eneroth-far-vitsippspris-2013\/","name":"Janne Eneroth f\u00e5r Vitsippspris 2013 - Kristdemokraterna | H\u00f6gan\u00e4s","isPartOf":{"@id":"https:\/\/wp.kristdemokraterna.se\/hoganas\/#website"},"primaryImageOfPage":{"@id":"https:\/\/wp.kristdemokraterna.se\/hoganas\/janne-eneroth-far-vitsippspris-2013\/#primaryimage"},"image":{"@id":"https:\/\/wp.kristdemokraterna.se\/hoganas\/janne-eneroth-far-vitsippspris-2013\/#primaryimage"},"thumbnailUrl":"http:\/\/wp.kristdemokraterna.se\/hoganas\/files\/2014\/04\/bilder_fran_iphone_janne_014.jpg","datePublished":"2014-04-03T17:20:53+00:00","author":{"@id":"https:\/\/wp.kristdemokraterna.se\/hoganas\/#\/schema\/person\/1edde3871d901c0d78998c665b2773af"},"breadcrumb":{"@id":"https:\/\/wp.kristdemokraterna.se\/hoganas\/janne-eneroth-far-vitsippspris-2013\/#breadcrumb"},"inLanguage":"sv-SE","potentialAction":[{"@type":"ReadAction","target":["https:\/\/wp.kristdemokraterna.se\/hoganas\/janne-eneroth-far-vitsippspris-2013\/"]}]},{"@type":"ImageObject","inLanguage":"sv-SE","@id":"https:\/\/wp.kristdemokraterna.se\/hoganas\/janne-eneroth-far-vitsippspris-2013\/#primaryimage","url":"https:\/\/wp.kristdemokraterna.se\/hoganas\/files\/2014\/04\/bilder_fran_iphone_janne_014.jpg","contentUrl":"https:\/\/wp.kristdemokraterna.se\/hoganas\/files\/2014\/04\/bilder_fran_iphone_janne_014.jpg","width":640,"height":478},{"@type":"BreadcrumbList","@id":"https:\/\/wp.kristdemokraterna.se\/hoganas\/janne-eneroth-far-vitsippspris-2013\/#breadcrumb","itemListElement":[{"@type":"ListItem","position":1,"name":"Hem","item":"https:\/\/wp.kristdemokraterna.se\/hoganas\/"},{"@type":"ListItem","position":2,"name":"Janne Eneroth f\u00e5r Vitsippspris 2013"}]},{"@type":"WebSite","@id":"https:\/\/wp.kristdemokraterna.se\/hoganas\/#website","url":"https:\/\/wp.kristdemokraterna.se\/hoganas\/","name":"Kristdemokraterna | H\u00f6gan\u00e4s","description":"En till Kristdemokraterna webbplats","inLanguage":"sv-SE"},{"@type":"Person","@id":"https:\/\/wp.kristdemokraterna.se\/hoganas\/#\/schema\/person\/1edde3871d901c0d78998c665b2773af","name":"Fredrik Johannesson","image":{"@type":"ImageObject","inLanguage":"sv-SE","@id":"https:\/\/secure.gravatar.com\/avatar\/052662746575b72e10fc0ddece7a430c76ae70dc3bf36c7c447813bbf504bcb6?s=96&d=mm&r=g","url":"https:\/\/secure.gravatar.com\/avatar\/052662746575b72e10fc0ddece7a430c76ae70dc3bf36c7c447813bbf504bcb6?s=96&d=mm&r=g","contentUrl":"https:\/\/secure.gravatar.com\/avatar\/052662746575b72e10fc0ddece7a430c76ae70dc3bf36c7c447813bbf504bcb6?s=96&d=mm&r=g","caption":"Fredrik Johannesson"},"url":"https:\/\/wp.kristdemokraterna.se\/hoganas\/author\/fredrik\/"}]}},"_links":{"self":[{"href":"https:\/\/wp.kristdemokraterna.se\/hoganas\/wp-json\/wp\/v2\/posts\/260","targetHints":{"allow":["GET"]}}],"collection":[{"href":"https:\/\/wp.kristdemokraterna.se\/hoganas\/wp-json\/wp\/v2\/posts"}],"about":[{"href":"https:\/\/wp.kristdemokraterna.se\/hoganas\/wp-json\/wp\/v2\/types\/post"}],"author":[{"embeddable":true,"href":"https:\/\/wp.kristdemokraterna.se\/hoganas\/wp-json\/wp\/v2\/users\/933"}],"replies":[{"embeddable":true,"href":"https:\/\/wp.kristdemokraterna.se\/hoganas\/wp-json\/wp\/v2\/comments?post=260"}],"version-history":[{"count":0,"href":"https:\/\/wp.kristdemokraterna.se\/hoganas\/wp-json\/wp\/v2\/posts\/260\/revisions"}],"wp:attachment":[{"href":"https:\/\/wp.kristdemokraterna.se\/hoganas\/wp-json\/wp\/v2\/media?parent=260"}],"wp:term":[{"taxonomy":"category","embeddable":true,"href":"https:\/\/wp.kristdemokraterna.se\/hoganas\/wp-json\/wp\/v2\/categories?post=260"},{"taxonomy":"post_tag","embeddable":true,"href":"https:\/\/wp.kristdemokraterna.se\/hoganas\/wp-json\/wp\/v2\/tags?post=260"}],"curies":[{"name":"wp","href":"https:\/\/api.w.org\/{rel}","templated":true}]}}