{"id":567,"date":"2014-04-26T10:09:30","date_gmt":"2014-04-26T10:09:30","guid":{"rendered":"http:\/\/wpskane.kristdemokraterna.se\/hoganas\/?p=280"},"modified":"2014-04-26T10:09:30","modified_gmt":"2014-04-26T10:09:30","slug":"hoganas-varmarknad","status":"publish","type":"post","link":"https:\/\/wp.kristdemokraterna.se\/hoganas\/hoganas-varmarknad\/","title":{"rendered":"H\u00f6gan\u00e4s v\u00e5rmarknad"},"content":{"rendered":"<p><a href=\"http:\/\/wp.kristdemokraterna.se\/hoganas\/files\/2014\/04\/varmarknad-2014.jpg\"><img loading=\"lazy\" decoding=\"async\" class=\"aligncenter size-large wp-image-281\" src=\"http:\/\/wp.kristdemokraterna.se\/hoganas\/files\/2014\/04\/varmarknad-2014-600x337.jpg\" alt=\"V\u00e5rmarknad 2014\" width=\"600\" height=\"337\" \/><\/a><\/p>\n<p>Vackert v\u00e4der s\u00e5 det r\u00e4cker och blir \u00f6ver. Kristdemokraterna i H\u00f6gan\u00e4s bj\u00f6d p\u00e5 kaffe och delade ut material till H\u00f6gan\u00e4sborna inf\u00f6r det stundande EU-valet.<\/p>\n","protected":false},"excerpt":{"rendered":"<p>Vackert v\u00e4der s\u00e5 det r\u00e4cker och blir \u00f6ver. Kristdemokraterna i H\u00f6gan\u00e4s bj\u00f6d p\u00e5 kaffe och delade ut material till H\u00f6gan\u00e4sborna inf\u00f6r det stundande EU-valet.<\/p>\n","protected":false},"author":933,"featured_media":0,"comment_status":"closed","ping_status":"open","sticky":false,"template":"","format":"standard","meta":{"_acf_changed":false,"footnotes":""},"categories":[15,11],"tags":[],"class_list":["post-567","post","type-post","status-publish","format-standard","hentry","category-debatt-insandare","category-inlagg"],"acf":[],"yoast_head":"<!-- This site is optimized with the Yoast SEO plugin v27.5 - https:\/\/yoast.com\/product\/yoast-seo-wordpress\/ -->\n<title>H\u00f6gan\u00e4s v\u00e5rmarknad - Kristdemokraterna | H\u00f6gan\u00e4s<\/title>\n<meta name=\"robots\" content=\"index, follow, max-snippet:-1, max-image-preview:large, max-video-preview:-1\" \/>\n<link rel=\"canonical\" href=\"https:\/\/wp.kristdemokraterna.se\/hoganas\/hoganas-varmarknad\/\" \/>\n<meta property=\"og:locale\" content=\"sv_SE\" \/>\n<meta property=\"og:type\" content=\"article\" \/>\n<meta property=\"og:title\" content=\"H\u00f6gan\u00e4s v\u00e5rmarknad - Kristdemokraterna | H\u00f6gan\u00e4s\" \/>\n<meta property=\"og:description\" content=\"Vackert v\u00e4der s\u00e5 det r\u00e4cker och blir \u00f6ver. Kristdemokraterna i H\u00f6gan\u00e4s bj\u00f6d p\u00e5 kaffe och delade ut material till H\u00f6gan\u00e4sborna inf\u00f6r det stundande EU-valet.\" \/>\n<meta property=\"og:url\" content=\"https:\/\/wp.kristdemokraterna.se\/hoganas\/hoganas-varmarknad\/\" \/>\n<meta property=\"og:site_name\" content=\"Kristdemokraterna | H\u00f6gan\u00e4s\" \/>\n<meta property=\"article:published_time\" content=\"2014-04-26T10:09:30+00:00\" \/>\n<meta property=\"og:image\" content=\"http:\/\/wp.kristdemokraterna.se\/hoganas\/files\/2014\/04\/varmarknad-2014-600x337.jpg\" \/>\n<meta name=\"author\" content=\"Fredrik Johannesson\" \/>\n<meta name=\"twitter:card\" content=\"summary_large_image\" \/>\n<meta name=\"twitter:label1\" content=\"Skriven av\" \/>\n\t<meta name=\"twitter:data1\" content=\"Fredrik Johannesson\" \/>\n<script type=\"application\/ld+json\" class=\"yoast-schema-graph\">{\"@context\":\"https:\\\/\\\/schema.org\",\"@graph\":[{\"@type\":\"Article\",\"@id\":\"https:\\\/\\\/wp.kristdemokraterna.se\\\/hoganas\\\/hoganas-varmarknad\\\/#article\",\"isPartOf\":{\"@id\":\"https:\\\/\\\/wp.kristdemokraterna.se\\\/hoganas\\\/hoganas-varmarknad\\\/\"},\"author\":{\"name\":\"Fredrik Johannesson\",\"@id\":\"https:\\\/\\\/wp.kristdemokraterna.se\\\/hoganas\\\/#\\\/schema\\\/person\\\/1edde3871d901c0d78998c665b2773af\"},\"headline\":\"H\u00f6gan\u00e4s v\u00e5rmarknad\",\"datePublished\":\"2014-04-26T10:09:30+00:00\",\"mainEntityOfPage\":{\"@id\":\"https:\\\/\\\/wp.kristdemokraterna.se\\\/hoganas\\\/hoganas-varmarknad\\\/\"},\"wordCount\":37,\"image\":{\"@id\":\"https:\\\/\\\/wp.kristdemokraterna.se\\\/hoganas\\\/hoganas-varmarknad\\\/#primaryimage\"},\"thumbnailUrl\":\"http:\\\/\\\/wp.kristdemokraterna.se\\\/hoganas\\\/files\\\/2014\\\/04\\\/varmarknad-2014-600x337.jpg\",\"articleSection\":[\"Debatt och ins\u00e4ndare\",\"inl\u00e4gg\"],\"inLanguage\":\"sv-SE\"},{\"@type\":\"WebPage\",\"@id\":\"https:\\\/\\\/wp.kristdemokraterna.se\\\/hoganas\\\/hoganas-varmarknad\\\/\",\"url\":\"https:\\\/\\\/wp.kristdemokraterna.se\\\/hoganas\\\/hoganas-varmarknad\\\/\",\"name\":\"H\u00f6gan\u00e4s v\u00e5rmarknad - Kristdemokraterna | H\u00f6gan\u00e4s\",\"isPartOf\":{\"@id\":\"https:\\\/\\\/wp.kristdemokraterna.se\\\/hoganas\\\/#website\"},\"primaryImageOfPage\":{\"@id\":\"https:\\\/\\\/wp.kristdemokraterna.se\\\/hoganas\\\/hoganas-varmarknad\\\/#primaryimage\"},\"image\":{\"@id\":\"https:\\\/\\\/wp.kristdemokraterna.se\\\/hoganas\\\/hoganas-varmarknad\\\/#primaryimage\"},\"thumbnailUrl\":\"http:\\\/\\\/wp.kristdemokraterna.se\\\/hoganas\\\/files\\\/2014\\\/04\\\/varmarknad-2014-600x337.jpg\",\"datePublished\":\"2014-04-26T10:09:30+00:00\",\"author\":{\"@id\":\"https:\\\/\\\/wp.kristdemokraterna.se\\\/hoganas\\\/#\\\/schema\\\/person\\\/1edde3871d901c0d78998c665b2773af\"},\"breadcrumb\":{\"@id\":\"https:\\\/\\\/wp.kristdemokraterna.se\\\/hoganas\\\/hoganas-varmarknad\\\/#breadcrumb\"},\"inLanguage\":\"sv-SE\",\"potentialAction\":[{\"@type\":\"ReadAction\",\"target\":[\"https:\\\/\\\/wp.kristdemokraterna.se\\\/hoganas\\\/hoganas-varmarknad\\\/\"]}]},{\"@type\":\"ImageObject\",\"inLanguage\":\"sv-SE\",\"@id\":\"https:\\\/\\\/wp.kristdemokraterna.se\\\/hoganas\\\/hoganas-varmarknad\\\/#primaryimage\",\"url\":\"https:\\\/\\\/wp.kristdemokraterna.se\\\/hoganas\\\/files\\\/2014\\\/04\\\/varmarknad-2014-scaled.jpg\",\"contentUrl\":\"https:\\\/\\\/wp.kristdemokraterna.se\\\/hoganas\\\/files\\\/2014\\\/04\\\/varmarknad-2014-scaled.jpg\",\"width\":2560,\"height\":1440},{\"@type\":\"BreadcrumbList\",\"@id\":\"https:\\\/\\\/wp.kristdemokraterna.se\\\/hoganas\\\/hoganas-varmarknad\\\/#breadcrumb\",\"itemListElement\":[{\"@type\":\"ListItem\",\"position\":1,\"name\":\"Hem\",\"item\":\"https:\\\/\\\/wp.kristdemokraterna.se\\\/hoganas\\\/\"},{\"@type\":\"ListItem\",\"position\":2,\"name\":\"H\u00f6gan\u00e4s v\u00e5rmarknad\"}]},{\"@type\":\"WebSite\",\"@id\":\"https:\\\/\\\/wp.kristdemokraterna.se\\\/hoganas\\\/#website\",\"url\":\"https:\\\/\\\/wp.kristdemokraterna.se\\\/hoganas\\\/\",\"name\":\"Kristdemokraterna | H\u00f6gan\u00e4s\",\"description\":\"En till Kristdemokraterna webbplats\",\"inLanguage\":\"sv-SE\"},{\"@type\":\"Person\",\"@id\":\"https:\\\/\\\/wp.kristdemokraterna.se\\\/hoganas\\\/#\\\/schema\\\/person\\\/1edde3871d901c0d78998c665b2773af\",\"name\":\"Fredrik Johannesson\",\"image\":{\"@type\":\"ImageObject\",\"inLanguage\":\"sv-SE\",\"@id\":\"https:\\\/\\\/secure.gravatar.com\\\/avatar\\\/052662746575b72e10fc0ddece7a430c76ae70dc3bf36c7c447813bbf504bcb6?s=96&d=mm&r=g\",\"url\":\"https:\\\/\\\/secure.gravatar.com\\\/avatar\\\/052662746575b72e10fc0ddece7a430c76ae70dc3bf36c7c447813bbf504bcb6?s=96&d=mm&r=g\",\"contentUrl\":\"https:\\\/\\\/secure.gravatar.com\\\/avatar\\\/052662746575b72e10fc0ddece7a430c76ae70dc3bf36c7c447813bbf504bcb6?s=96&d=mm&r=g\",\"caption\":\"Fredrik Johannesson\"},\"url\":\"https:\\\/\\\/wp.kristdemokraterna.se\\\/hoganas\\\/author\\\/fredrik\\\/\"}]}<\/script>\n<!-- \/ Yoast SEO plugin. -->","yoast_head_json":{"title":"H\u00f6gan\u00e4s v\u00e5rmarknad - Kristdemokraterna | H\u00f6gan\u00e4s","robots":{"index":"index","follow":"follow","max-snippet":"max-snippet:-1","max-image-preview":"max-image-preview:large","max-video-preview":"max-video-preview:-1"},"canonical":"https:\/\/wp.kristdemokraterna.se\/hoganas\/hoganas-varmarknad\/","og_locale":"sv_SE","og_type":"article","og_title":"H\u00f6gan\u00e4s v\u00e5rmarknad - Kristdemokraterna | H\u00f6gan\u00e4s","og_description":"Vackert v\u00e4der s\u00e5 det r\u00e4cker och blir \u00f6ver. Kristdemokraterna i H\u00f6gan\u00e4s bj\u00f6d p\u00e5 kaffe och delade ut material till H\u00f6gan\u00e4sborna inf\u00f6r det stundande EU-valet.","og_url":"https:\/\/wp.kristdemokraterna.se\/hoganas\/hoganas-varmarknad\/","og_site_name":"Kristdemokraterna | H\u00f6gan\u00e4s","article_published_time":"2014-04-26T10:09:30+00:00","og_image":[{"url":"http:\/\/wp.kristdemokraterna.se\/hoganas\/files\/2014\/04\/varmarknad-2014-600x337.jpg","type":"","width":"","height":""}],"author":"Fredrik Johannesson","twitter_card":"summary_large_image","twitter_misc":{"Skriven av":"Fredrik Johannesson"},"schema":{"@context":"https:\/\/schema.org","@graph":[{"@type":"Article","@id":"https:\/\/wp.kristdemokraterna.se\/hoganas\/hoganas-varmarknad\/#article","isPartOf":{"@id":"https:\/\/wp.kristdemokraterna.se\/hoganas\/hoganas-varmarknad\/"},"author":{"name":"Fredrik Johannesson","@id":"https:\/\/wp.kristdemokraterna.se\/hoganas\/#\/schema\/person\/1edde3871d901c0d78998c665b2773af"},"headline":"H\u00f6gan\u00e4s v\u00e5rmarknad","datePublished":"2014-04-26T10:09:30+00:00","mainEntityOfPage":{"@id":"https:\/\/wp.kristdemokraterna.se\/hoganas\/hoganas-varmarknad\/"},"wordCount":37,"image":{"@id":"https:\/\/wp.kristdemokraterna.se\/hoganas\/hoganas-varmarknad\/#primaryimage"},"thumbnailUrl":"http:\/\/wp.kristdemokraterna.se\/hoganas\/files\/2014\/04\/varmarknad-2014-600x337.jpg","articleSection":["Debatt och ins\u00e4ndare","inl\u00e4gg"],"inLanguage":"sv-SE"},{"@type":"WebPage","@id":"https:\/\/wp.kristdemokraterna.se\/hoganas\/hoganas-varmarknad\/","url":"https:\/\/wp.kristdemokraterna.se\/hoganas\/hoganas-varmarknad\/","name":"H\u00f6gan\u00e4s v\u00e5rmarknad - Kristdemokraterna | H\u00f6gan\u00e4s","isPartOf":{"@id":"https:\/\/wp.kristdemokraterna.se\/hoganas\/#website"},"primaryImageOfPage":{"@id":"https:\/\/wp.kristdemokraterna.se\/hoganas\/hoganas-varmarknad\/#primaryimage"},"image":{"@id":"https:\/\/wp.kristdemokraterna.se\/hoganas\/hoganas-varmarknad\/#primaryimage"},"thumbnailUrl":"http:\/\/wp.kristdemokraterna.se\/hoganas\/files\/2014\/04\/varmarknad-2014-600x337.jpg","datePublished":"2014-04-26T10:09:30+00:00","author":{"@id":"https:\/\/wp.kristdemokraterna.se\/hoganas\/#\/schema\/person\/1edde3871d901c0d78998c665b2773af"},"breadcrumb":{"@id":"https:\/\/wp.kristdemokraterna.se\/hoganas\/hoganas-varmarknad\/#breadcrumb"},"inLanguage":"sv-SE","potentialAction":[{"@type":"ReadAction","target":["https:\/\/wp.kristdemokraterna.se\/hoganas\/hoganas-varmarknad\/"]}]},{"@type":"ImageObject","inLanguage":"sv-SE","@id":"https:\/\/wp.kristdemokraterna.se\/hoganas\/hoganas-varmarknad\/#primaryimage","url":"https:\/\/wp.kristdemokraterna.se\/hoganas\/files\/2014\/04\/varmarknad-2014-scaled.jpg","contentUrl":"https:\/\/wp.kristdemokraterna.se\/hoganas\/files\/2014\/04\/varmarknad-2014-scaled.jpg","width":2560,"height":1440},{"@type":"BreadcrumbList","@id":"https:\/\/wp.kristdemokraterna.se\/hoganas\/hoganas-varmarknad\/#breadcrumb","itemListElement":[{"@type":"ListItem","position":1,"name":"Hem","item":"https:\/\/wp.kristdemokraterna.se\/hoganas\/"},{"@type":"ListItem","position":2,"name":"H\u00f6gan\u00e4s v\u00e5rmarknad"}]},{"@type":"WebSite","@id":"https:\/\/wp.kristdemokraterna.se\/hoganas\/#website","url":"https:\/\/wp.kristdemokraterna.se\/hoganas\/","name":"Kristdemokraterna | H\u00f6gan\u00e4s","description":"En till Kristdemokraterna webbplats","inLanguage":"sv-SE"},{"@type":"Person","@id":"https:\/\/wp.kristdemokraterna.se\/hoganas\/#\/schema\/person\/1edde3871d901c0d78998c665b2773af","name":"Fredrik Johannesson","image":{"@type":"ImageObject","inLanguage":"sv-SE","@id":"https:\/\/secure.gravatar.com\/avatar\/052662746575b72e10fc0ddece7a430c76ae70dc3bf36c7c447813bbf504bcb6?s=96&d=mm&r=g","url":"https:\/\/secure.gravatar.com\/avatar\/052662746575b72e10fc0ddece7a430c76ae70dc3bf36c7c447813bbf504bcb6?s=96&d=mm&r=g","contentUrl":"https:\/\/secure.gravatar.com\/avatar\/052662746575b72e10fc0ddece7a430c76ae70dc3bf36c7c447813bbf504bcb6?s=96&d=mm&r=g","caption":"Fredrik Johannesson"},"url":"https:\/\/wp.kristdemokraterna.se\/hoganas\/author\/fredrik\/"}]}},"_links":{"self":[{"href":"https:\/\/wp.kristdemokraterna.se\/hoganas\/wp-json\/wp\/v2\/posts\/567","targetHints":{"allow":["GET"]}}],"collection":[{"href":"https:\/\/wp.kristdemokraterna.se\/hoganas\/wp-json\/wp\/v2\/posts"}],"about":[{"href":"https:\/\/wp.kristdemokraterna.se\/hoganas\/wp-json\/wp\/v2\/types\/post"}],"author":[{"embeddable":true,"href":"https:\/\/wp.kristdemokraterna.se\/hoganas\/wp-json\/wp\/v2\/users\/933"}],"replies":[{"embeddable":true,"href":"https:\/\/wp.kristdemokraterna.se\/hoganas\/wp-json\/wp\/v2\/comments?post=567"}],"version-history":[{"count":0,"href":"https:\/\/wp.kristdemokraterna.se\/hoganas\/wp-json\/wp\/v2\/posts\/567\/revisions"}],"wp:attachment":[{"href":"https:\/\/wp.kristdemokraterna.se\/hoganas\/wp-json\/wp\/v2\/media?parent=567"}],"wp:term":[{"taxonomy":"category","embeddable":true,"href":"https:\/\/wp.kristdemokraterna.se\/hoganas\/wp-json\/wp\/v2\/categories?post=567"},{"taxonomy":"post_tag","embeddable":true,"href":"https:\/\/wp.kristdemokraterna.se\/hoganas\/wp-json\/wp\/v2\/tags?post=567"}],"curies":[{"name":"wp","href":"https:\/\/api.w.org\/{rel}","templated":true}]}}