{"id":3852,"date":"2022-07-01T18:11:25","date_gmt":"2022-07-01T16:11:25","guid":{"rendered":"https:\/\/wp.kristdemokraterna.se\/huddinge\/?p=3852"},"modified":"2022-07-01T18:13:42","modified_gmt":"2022-07-01T16:13:42","slug":"en-bra-start-familj-amp-forskola","status":"publish","type":"post","link":"https:\/\/wp.kristdemokraterna.se\/huddinge\/en-bra-start-familj-amp-forskola\/","title":{"rendered":"En bra start: Familj och F\u00f6rskola"},"content":{"rendered":"<p><em>\u201dM\u00e4nniskor utvecklas, mognar och m\u00e5r b\u00e4st i sm\u00e5 grupper. I den lilla gemenskap som en familj utg\u00f6r f\u00e5r familjemedlemmarna m\u00f6jlighet att ge och m\u00f6ta k\u00e4rlek, omtanke och f\u00f6rst\u00e5else, men ocks\u00e5 st\u00e4llas inf\u00f6r krav och ta ansvar. P\u00e5 det s\u00e4ttet anknyter familjen som gemenskap till m\u00e4nniskans djupaste behov \u2013 behovet att bli sedd och inte vara utbytbar.&#8221; (Kristdemokraternas principprogram, sida 91.)<\/em><\/p>\n<p><em>&#8221;F\u00f6rskoleverksamheten ska vara flexibel till sin karakt\u00e4r och m\u00f6ta det enskilda barnets behov. Familjer ska kunna v\u00e4lja mellan olika omsorgsformer. God valfrihet f\u00f6r f\u00f6r\u00e4ldrarna f\u00f6ruts\u00e4tter m\u00e5ngfald i utbudet.&#8221; (Kristdemokraternas principprogram, sida 77.)<\/em><\/p>\n<p>Familjen \u00e4r den viktigaste gemenskapen och den grund som samh\u00e4llet st\u00e5r p\u00e5. Barn som v\u00e4xer upp i trygga familjer f\u00e5r goda f\u00f6ruts\u00e4ttningar att klara livets utmaningar. Politiken ska d\u00e4rf\u00f6r st\u00f6dja familjerna, inte styra. Kristdemokraterna vill uppv\u00e4rdera f\u00f6r\u00e4ldraskapet.<\/p>\n<p>Det \u00e4r i m\u00f6tet med andra m\u00e4nniskor vi formas som personer. Trygga familjer och andra n\u00e4ra gemenskaper \u00e4r d\u00e4rf\u00f6r en f\u00f6ruts\u00e4ttning f\u00f6r ett v\u00e4l fungerande samh\u00e4lle. I familjen kan barnet f\u00e5 en villkorsl\u00f6s, men inte kravl\u00f6s, k\u00e4rlek. Ingen familj \u00e4r dock den andra lik. V\u00e5r utg\u00e5ngspunkt \u00e4r d\u00e4rf\u00f6r att familjen och andra n\u00e4ra gemenskaper sj\u00e4lva s\u00e5 l\u00e5ngt som m\u00f6jligt ska ha makten att utforma den egna vardagen. Det offentligas uppgift \u00e4r att ge st\u00f6d i detta.<\/p>\n<p>Idag ser vi emellertid hur m\u00e5nga politiker vill styra och l\u00e4gga sig i hur familjer v\u00e4ljer att utforma sin vardag. Det vill vi motverka. Vi ser ocks\u00e5 hur vardagen f\u00f6r m\u00e5nga familjer \u00e4r sv\u00e5r att f\u00e5 att g\u00e5 ihop. Stress, tidsbrist och otillr\u00e4cklighet \u00e4r n\u00e5got som m\u00e5nga k\u00e4nner igen. Politikens uppgift \u00e4r att skapa f\u00f6ruts\u00e4ttningar f\u00f6r att familjerna ska f\u00e5 m\u00f6jlighet att utforma livet s\u00e5 att vardagen fungerar.<\/p>\n<p>Men det finns ocks\u00e5 tillf\u00e4llen d\u00e5 familjen inte \u00e4r den trygga plats den borde vara. D\u00e5 m\u00e5ste det offentliga finnas d\u00e4r, inte minst f\u00f6r barnens skull.<\/p>\n<p>Barnomsorg och f\u00f6rskola ska vara ett st\u00f6d f\u00f6r familjerna i deras ansvar f\u00f6r barnens fostran, utveckling och l\u00e4rande. En god och stimulerande omsorg m\u00f6jligg\u00f6r f\u00f6r f\u00f6r\u00e4ldrarna att arbeta, studera eller s\u00f6ka jobb, men har ocks\u00e5 ett pedagogiskt uppdrag d\u00e4r barnen f\u00f6rbereds inf\u00f6r ett livsl\u00e5ngt l\u00e4rande.<\/p>\n<p>Barns och familjers behov ska vara utg\u00e5ngspunkten f\u00f6r barnomsorg och f\u00f6rskola. Barnomsorg och f\u00f6rskola har ocks\u00e5 en s\u00e4rskild uppgift att fylla f\u00f6r barn som kommer fr\u00e5n familjer som av olika sk\u00e4l har sv\u00e5rt att tillgodose barnets behov.<\/p>\n<p>&nbsp;<\/p>\n<p>Kristdemokraterna i Huddinge vill:<\/p>\n<ul>\n<li>inf\u00f6ra ett tak om max 12 barn per sm\u00e5barnsgrupp i f\u00f6rskolan, att minska barngruppernas storlek i f\u00f6rskolan ska prioriteras framf\u00f6r att erbjuda barn till f\u00f6r\u00e4ldralediga fler timmar i f\u00f6rskolan.<\/li>\n<li>inf\u00f6ra en e-tj\u00e4nst f\u00f6r ans\u00f6kning till f\u00f6rskolan d\u00e4r f\u00f6r\u00e4ldrar kan se k\u00f6tid och k\u00f6plats.<\/li>\n<li>\u00f6ppna en ny familjecentral i Segeltorp, Kungens kurva, s\u00e5 att familjecentraler med \u00f6ppen f\u00f6rskola finns i alla delar av kommunen.<\/li>\n<li>utveckla kommunens familjecentraler bl.a. genom nya lokaler i Flemingsberg och centrala Huddinge.<\/li>\n<li>att familjer ska kunna utnyttja barnomsorgspengen f\u00f6r att \u00e4ven ta hand om egna och anh\u00f6rigas barn.<\/li>\n<li>att familjedaghem ska erbjudas i alla delar av kommunen.<\/li>\n<li>att en servicegaranti i form av ekonomisk kompensation ska utg\u00e5 om f\u00f6rskoleplats inte garanteras inom fyra m\u00e5nader.<\/li>\n<li>\u00f6ppna fler nattis, dvs. f\u00f6rskola p\u00e5 obekv\u00e4m arbetstid.<\/li>\n<li>att alla f\u00f6rskolor i kommunen ska vara giftfria.<\/li>\n<li>att all pedagogisk personal i den kommunala f\u00f6rskolan ska ha relevant pedagogisk utbildning och ges m\u00f6jlighet till personlig kompetensutveckling.<\/li>\n<li>utveckla samverkan mellan f\u00f6rskola, skola, socialtj\u00e4nst och barn- och ungdomspsykiatrin s\u00e5 att barn i behov av st\u00f6d ska kunna f\u00e5ngas upp s\u00e5 tidigt som m\u00f6jligt.<\/li>\n<li>inf\u00f6ra ett f\u00f6r\u00e4ldraskapsst\u00f6d i samarbete med regionen, som redan i tidigt skede kan ges till familjer som beh\u00f6ver hj\u00e4lp p\u00e5 grund av br\u00e5k eller konflikter mellan skolbarn och f\u00f6r\u00e4ldrar, efter f\u00f6rebild fr\u00e5n \u201dHamnen\u201d i Gustavsberg.<\/li>\n<li>att f\u00f6r\u00e4ldrar\u00e5dgivning ska erbjudas p\u00e5 samtliga skolor i kommunen.<\/li>\n<li>att familjer\u00e5dgivning ska vara tillg\u00e4nglig f\u00f6r alla huddingebor och att samtal ska erh\u00e5llas inom max fyra veckor.<\/li>\n<\/ul>\n","protected":false},"excerpt":{"rendered":"<p>\u201dM\u00e4nniskor utvecklas, mognar och m\u00e5r b\u00e4st i sm\u00e5 grupper. I den lilla gemenskap som en familj utg\u00f6r f\u00e5r familjemedlemmarna m\u00f6jlighet att ge och m\u00f6ta k\u00e4rlek, omtanke och f\u00f6rst\u00e5else, men ocks\u00e5 st\u00e4llas inf\u00f6r krav och ta ansvar. P\u00e5 det s\u00e4ttet anknyter familjen som gemenskap till m\u00e4nniskans djupaste behov \u2013 behovet att bli sedd och inte vara <a class=\"read-more-link\" href=\"https:\/\/wp.kristdemokraterna.se\/huddinge\/en-bra-start-familj-amp-forskola\/\">L\u00e4s mer<\/a><\/p>\n","protected":false},"author":12,"featured_media":0,"comment_status":"closed","ping_status":"closed","sticky":false,"template":"","format":"standard","meta":{"_acf_changed":false,"footnotes":""},"categories":[621],"tags":[],"class_list":["post-3852","post","type-post","status-publish","format-standard","hentry","category-kd-huddinge"],"acf":[],"yoast_head":"<!-- This site is optimized with the Yoast SEO plugin v27.4 - https:\/\/yoast.com\/product\/yoast-seo-wordpress\/ -->\n<title>En bra start: Familj och F\u00f6rskola - Kristdemokraterna i Huddinge<\/title>\n<meta name=\"robots\" content=\"index, follow, max-snippet:-1, max-image-preview:large, max-video-preview:-1\" \/>\n<link rel=\"canonical\" href=\"https:\/\/wp.kristdemokraterna.se\/huddinge\/en-bra-start-familj-amp-forskola\/\" \/>\n<meta property=\"og:locale\" content=\"sv_SE\" \/>\n<meta property=\"og:type\" content=\"article\" \/>\n<meta property=\"og:title\" content=\"En bra start: Familj och F\u00f6rskola - Kristdemokraterna i Huddinge\" \/>\n<meta property=\"og:description\" content=\"\u201dM\u00e4nniskor utvecklas, mognar och m\u00e5r b\u00e4st i sm\u00e5 grupper. I den lilla gemenskap som en familj utg\u00f6r f\u00e5r familjemedlemmarna m\u00f6jlighet att ge och m\u00f6ta k\u00e4rlek, omtanke och f\u00f6rst\u00e5else, men ocks\u00e5 st\u00e4llas inf\u00f6r krav och ta ansvar. P\u00e5 det s\u00e4ttet anknyter familjen som gemenskap till m\u00e4nniskans djupaste behov \u2013 behovet att bli sedd och inte vara L\u00e4s mer\" \/>\n<meta property=\"og:url\" content=\"https:\/\/wp.kristdemokraterna.se\/huddinge\/en-bra-start-familj-amp-forskola\/\" \/>\n<meta property=\"og:site_name\" content=\"Kristdemokraterna i Huddinge\" \/>\n<meta property=\"article:published_time\" content=\"2022-07-01T16:11:25+00:00\" \/>\n<meta property=\"article:modified_time\" content=\"2022-07-01T16:13:42+00:00\" \/>\n<meta name=\"author\" content=\"Kristdemokraterna i Huddinge\" \/>\n<meta name=\"twitter:card\" content=\"summary_large_image\" \/>\n<meta name=\"twitter:label1\" content=\"Skriven av\" \/>\n\t<meta name=\"twitter:data1\" content=\"Kristdemokraterna i Huddinge\" \/>\n\t<meta name=\"twitter:label2\" content=\"Ber\u00e4knad l\u00e4stid\" \/>\n\t<meta name=\"twitter:data2\" content=\"4 minuter\" \/>\n<script type=\"application\/ld+json\" class=\"yoast-schema-graph\">{\"@context\":\"https:\\\/\\\/schema.org\",\"@graph\":[{\"@type\":\"Article\",\"@id\":\"https:\\\/\\\/wp.kristdemokraterna.se\\\/huddinge\\\/en-bra-start-familj-amp-forskola\\\/#article\",\"isPartOf\":{\"@id\":\"https:\\\/\\\/wp.kristdemokraterna.se\\\/huddinge\\\/en-bra-start-familj-amp-forskola\\\/\"},\"author\":{\"name\":\"Kristdemokraterna i Huddinge\",\"@id\":\"https:\\\/\\\/wp.kristdemokraterna.se\\\/huddinge\\\/#\\\/schema\\\/person\\\/19915082f9951c7f97d2b0266c0ee02b\"},\"headline\":\"En bra start: Familj och F\u00f6rskola\",\"datePublished\":\"2022-07-01T16:11:25+00:00\",\"dateModified\":\"2022-07-01T16:13:42+00:00\",\"mainEntityOfPage\":{\"@id\":\"https:\\\/\\\/wp.kristdemokraterna.se\\\/huddinge\\\/en-bra-start-familj-amp-forskola\\\/\"},\"wordCount\":780,\"articleSection\":[\"KD Huddinge\"],\"inLanguage\":\"sv-SE\"},{\"@type\":\"WebPage\",\"@id\":\"https:\\\/\\\/wp.kristdemokraterna.se\\\/huddinge\\\/en-bra-start-familj-amp-forskola\\\/\",\"url\":\"https:\\\/\\\/wp.kristdemokraterna.se\\\/huddinge\\\/en-bra-start-familj-amp-forskola\\\/\",\"name\":\"En bra start: Familj och F\u00f6rskola - Kristdemokraterna i Huddinge\",\"isPartOf\":{\"@id\":\"https:\\\/\\\/wp.kristdemokraterna.se\\\/huddinge\\\/#website\"},\"datePublished\":\"2022-07-01T16:11:25+00:00\",\"dateModified\":\"2022-07-01T16:13:42+00:00\",\"author\":{\"@id\":\"https:\\\/\\\/wp.kristdemokraterna.se\\\/huddinge\\\/#\\\/schema\\\/person\\\/19915082f9951c7f97d2b0266c0ee02b\"},\"breadcrumb\":{\"@id\":\"https:\\\/\\\/wp.kristdemokraterna.se\\\/huddinge\\\/en-bra-start-familj-amp-forskola\\\/#breadcrumb\"},\"inLanguage\":\"sv-SE\",\"potentialAction\":[{\"@type\":\"ReadAction\",\"target\":[\"https:\\\/\\\/wp.kristdemokraterna.se\\\/huddinge\\\/en-bra-start-familj-amp-forskola\\\/\"]}]},{\"@type\":\"BreadcrumbList\",\"@id\":\"https:\\\/\\\/wp.kristdemokraterna.se\\\/huddinge\\\/en-bra-start-familj-amp-forskola\\\/#breadcrumb\",\"itemListElement\":[{\"@type\":\"ListItem\",\"position\":1,\"name\":\"Hem\",\"item\":\"https:\\\/\\\/wp.kristdemokraterna.se\\\/huddinge\\\/\"},{\"@type\":\"ListItem\",\"position\":2,\"name\":\"En bra start: Familj och F\u00f6rskola\"}]},{\"@type\":\"WebSite\",\"@id\":\"https:\\\/\\\/wp.kristdemokraterna.se\\\/huddinge\\\/#website\",\"url\":\"https:\\\/\\\/wp.kristdemokraterna.se\\\/huddinge\\\/\",\"name\":\"Kristdemokraterna i Huddinge\",\"description\":\"F\u00f6r ett mer \u00e4ldre- och familjev\u00e4nligt Huddinge!\",\"inLanguage\":\"sv-SE\"},{\"@type\":\"Person\",\"@id\":\"https:\\\/\\\/wp.kristdemokraterna.se\\\/huddinge\\\/#\\\/schema\\\/person\\\/19915082f9951c7f97d2b0266c0ee02b\",\"name\":\"Kristdemokraterna i Huddinge\",\"image\":{\"@type\":\"ImageObject\",\"inLanguage\":\"sv-SE\",\"@id\":\"https:\\\/\\\/secure.gravatar.com\\\/avatar\\\/e3e4d77eef869e18a2f70a64652dca4d5ffbe968a8583adf7a7f41dcc8f86f46?s=96&d=mm&r=g\",\"url\":\"https:\\\/\\\/secure.gravatar.com\\\/avatar\\\/e3e4d77eef869e18a2f70a64652dca4d5ffbe968a8583adf7a7f41dcc8f86f46?s=96&d=mm&r=g\",\"contentUrl\":\"https:\\\/\\\/secure.gravatar.com\\\/avatar\\\/e3e4d77eef869e18a2f70a64652dca4d5ffbe968a8583adf7a7f41dcc8f86f46?s=96&d=mm&r=g\",\"caption\":\"Kristdemokraterna i Huddinge\"},\"description\":\"B\u00e4sta partiet i landets fjortonde st\u00f6rsta kommun.\",\"url\":\"https:\\\/\\\/wp.kristdemokraterna.se\\\/huddinge\\\/author\\\/huddinge\\\/\"}]}<\/script>\n<!-- \/ Yoast SEO plugin. -->","yoast_head_json":{"title":"En bra start: Familj och F\u00f6rskola - Kristdemokraterna i Huddinge","robots":{"index":"index","follow":"follow","max-snippet":"max-snippet:-1","max-image-preview":"max-image-preview:large","max-video-preview":"max-video-preview:-1"},"canonical":"https:\/\/wp.kristdemokraterna.se\/huddinge\/en-bra-start-familj-amp-forskola\/","og_locale":"sv_SE","og_type":"article","og_title":"En bra start: Familj och F\u00f6rskola - Kristdemokraterna i Huddinge","og_description":"\u201dM\u00e4nniskor utvecklas, mognar och m\u00e5r b\u00e4st i sm\u00e5 grupper. I den lilla gemenskap som en familj utg\u00f6r f\u00e5r familjemedlemmarna m\u00f6jlighet att ge och m\u00f6ta k\u00e4rlek, omtanke och f\u00f6rst\u00e5else, men ocks\u00e5 st\u00e4llas inf\u00f6r krav och ta ansvar. P\u00e5 det s\u00e4ttet anknyter familjen som gemenskap till m\u00e4nniskans djupaste behov \u2013 behovet att bli sedd och inte vara L\u00e4s mer","og_url":"https:\/\/wp.kristdemokraterna.se\/huddinge\/en-bra-start-familj-amp-forskola\/","og_site_name":"Kristdemokraterna i Huddinge","article_published_time":"2022-07-01T16:11:25+00:00","article_modified_time":"2022-07-01T16:13:42+00:00","author":"Kristdemokraterna i Huddinge","twitter_card":"summary_large_image","twitter_misc":{"Skriven av":"Kristdemokraterna i Huddinge","Ber\u00e4knad l\u00e4stid":"4 minuter"},"schema":{"@context":"https:\/\/schema.org","@graph":[{"@type":"Article","@id":"https:\/\/wp.kristdemokraterna.se\/huddinge\/en-bra-start-familj-amp-forskola\/#article","isPartOf":{"@id":"https:\/\/wp.kristdemokraterna.se\/huddinge\/en-bra-start-familj-amp-forskola\/"},"author":{"name":"Kristdemokraterna i Huddinge","@id":"https:\/\/wp.kristdemokraterna.se\/huddinge\/#\/schema\/person\/19915082f9951c7f97d2b0266c0ee02b"},"headline":"En bra start: Familj och F\u00f6rskola","datePublished":"2022-07-01T16:11:25+00:00","dateModified":"2022-07-01T16:13:42+00:00","mainEntityOfPage":{"@id":"https:\/\/wp.kristdemokraterna.se\/huddinge\/en-bra-start-familj-amp-forskola\/"},"wordCount":780,"articleSection":["KD Huddinge"],"inLanguage":"sv-SE"},{"@type":"WebPage","@id":"https:\/\/wp.kristdemokraterna.se\/huddinge\/en-bra-start-familj-amp-forskola\/","url":"https:\/\/wp.kristdemokraterna.se\/huddinge\/en-bra-start-familj-amp-forskola\/","name":"En bra start: Familj och F\u00f6rskola - Kristdemokraterna i Huddinge","isPartOf":{"@id":"https:\/\/wp.kristdemokraterna.se\/huddinge\/#website"},"datePublished":"2022-07-01T16:11:25+00:00","dateModified":"2022-07-01T16:13:42+00:00","author":{"@id":"https:\/\/wp.kristdemokraterna.se\/huddinge\/#\/schema\/person\/19915082f9951c7f97d2b0266c0ee02b"},"breadcrumb":{"@id":"https:\/\/wp.kristdemokraterna.se\/huddinge\/en-bra-start-familj-amp-forskola\/#breadcrumb"},"inLanguage":"sv-SE","potentialAction":[{"@type":"ReadAction","target":["https:\/\/wp.kristdemokraterna.se\/huddinge\/en-bra-start-familj-amp-forskola\/"]}]},{"@type":"BreadcrumbList","@id":"https:\/\/wp.kristdemokraterna.se\/huddinge\/en-bra-start-familj-amp-forskola\/#breadcrumb","itemListElement":[{"@type":"ListItem","position":1,"name":"Hem","item":"https:\/\/wp.kristdemokraterna.se\/huddinge\/"},{"@type":"ListItem","position":2,"name":"En bra start: Familj och F\u00f6rskola"}]},{"@type":"WebSite","@id":"https:\/\/wp.kristdemokraterna.se\/huddinge\/#website","url":"https:\/\/wp.kristdemokraterna.se\/huddinge\/","name":"Kristdemokraterna i Huddinge","description":"F\u00f6r ett mer \u00e4ldre- och familjev\u00e4nligt Huddinge!","inLanguage":"sv-SE"},{"@type":"Person","@id":"https:\/\/wp.kristdemokraterna.se\/huddinge\/#\/schema\/person\/19915082f9951c7f97d2b0266c0ee02b","name":"Kristdemokraterna i Huddinge","image":{"@type":"ImageObject","inLanguage":"sv-SE","@id":"https:\/\/secure.gravatar.com\/avatar\/e3e4d77eef869e18a2f70a64652dca4d5ffbe968a8583adf7a7f41dcc8f86f46?s=96&d=mm&r=g","url":"https:\/\/secure.gravatar.com\/avatar\/e3e4d77eef869e18a2f70a64652dca4d5ffbe968a8583adf7a7f41dcc8f86f46?s=96&d=mm&r=g","contentUrl":"https:\/\/secure.gravatar.com\/avatar\/e3e4d77eef869e18a2f70a64652dca4d5ffbe968a8583adf7a7f41dcc8f86f46?s=96&d=mm&r=g","caption":"Kristdemokraterna i Huddinge"},"description":"B\u00e4sta partiet i landets fjortonde st\u00f6rsta kommun.","url":"https:\/\/wp.kristdemokraterna.se\/huddinge\/author\/huddinge\/"}]}},"_links":{"self":[{"href":"https:\/\/wp.kristdemokraterna.se\/huddinge\/wp-json\/wp\/v2\/posts\/3852","targetHints":{"allow":["GET"]}}],"collection":[{"href":"https:\/\/wp.kristdemokraterna.se\/huddinge\/wp-json\/wp\/v2\/posts"}],"about":[{"href":"https:\/\/wp.kristdemokraterna.se\/huddinge\/wp-json\/wp\/v2\/types\/post"}],"author":[{"embeddable":true,"href":"https:\/\/wp.kristdemokraterna.se\/huddinge\/wp-json\/wp\/v2\/users\/12"}],"replies":[{"embeddable":true,"href":"https:\/\/wp.kristdemokraterna.se\/huddinge\/wp-json\/wp\/v2\/comments?post=3852"}],"version-history":[{"count":2,"href":"https:\/\/wp.kristdemokraterna.se\/huddinge\/wp-json\/wp\/v2\/posts\/3852\/revisions"}],"predecessor-version":[{"id":3855,"href":"https:\/\/wp.kristdemokraterna.se\/huddinge\/wp-json\/wp\/v2\/posts\/3852\/revisions\/3855"}],"wp:attachment":[{"href":"https:\/\/wp.kristdemokraterna.se\/huddinge\/wp-json\/wp\/v2\/media?parent=3852"}],"wp:term":[{"taxonomy":"category","embeddable":true,"href":"https:\/\/wp.kristdemokraterna.se\/huddinge\/wp-json\/wp\/v2\/categories?post=3852"},{"taxonomy":"post_tag","embeddable":true,"href":"https:\/\/wp.kristdemokraterna.se\/huddinge\/wp-json\/wp\/v2\/tags?post=3852"}],"curies":[{"name":"wp","href":"https:\/\/api.w.org\/{rel}","templated":true}]}}