{"id":3877,"date":"2022-07-01T18:22:57","date_gmt":"2022-07-01T16:22:57","guid":{"rendered":"https:\/\/wp.kristdemokraterna.se\/huddinge\/?p=3877"},"modified":"2022-07-05T23:48:35","modified_gmt":"2022-07-05T21:48:35","slug":"miljo-och-klimat","status":"publish","type":"post","link":"https:\/\/wp.kristdemokraterna.se\/huddinge\/miljo-och-klimat\/","title":{"rendered":"Milj\u00f6 och klimat"},"content":{"rendered":"<p><em>\u201dVi ska agera med en l\u00e5ngsiktig helhetssyn med respekt f\u00f6r v\u00e5r samtida omgivning och kommande generationer. F\u00f6rvaltarskapet g\u00e4ller b\u00e5de de egna personliga tillg\u00e5ngarna och de materiella v\u00e4rdena; milj\u00f6 och naturresurser. Vi ska agera p\u00e5 ett s\u00e5dant s\u00e4tt att vi med stolthet kan \u00f6verl\u00e4mna frukterna av v\u00e5rt arbete.\u201d (Kristdemokraternas principprogram, sida 137-138.)<\/em><\/p>\n<p>F\u00f6rvaltarskapstanken \u00e4r b\u00e4rande del i den kristdemokratiska ideologin. P\u00e5 milj\u00f6omr\u00e5det inneb\u00e4r det att vi inte f\u00e5r f\u00f6rbruka v\u00e5r jord och dess tillg\u00e5ngar.<\/p>\n<p>Kommunen har en s\u00e4rskild nyckelroll i arbetet att bygga ett samh\u00e4lle d\u00e4r skadlig milj\u00f6p\u00e5verkan minimeras, energin \u00e4r fossilfri, trafiksystemen h\u00e5llbara, bostadsmilj\u00f6er sunda och d\u00e4r naturresurser tas tillvara i ett kretslopp.<\/p>\n<p>&nbsp;<\/p>\n<p>Kristdemokraterna i Huddinge vill:<\/p>\n<ul>\n<li>v\u00e4rna om kommunens naturreservat som or\u00f6rd natur, t.ex. ska \u201dbrandv\u00e4gen\u201d genom G\u00f6mmarens naturreservat inte \u00f6ppnas upp f\u00f6r trafik.<\/li>\n<li>ge f\u00f6retag med recycling-inriktning m\u00f6jlighet att etablera sig i Glad\u00f6 industriomr\u00e5de.<\/li>\n<li>g\u00f6ra sj\u00f6n Treh\u00f6rningen badbar igen.<\/li>\n<li>anl\u00e4gga g\u00e5ng- och cykelv\u00e4g l\u00e4ngs \u00d6sterleden.<\/li>\n<li>prioritera utbyggnad och underh\u00e5ll av g\u00e5ng- och cykelv\u00e4gsn\u00e4tet inom kommunens infrastruktursatsningar.<\/li>\n<li>att kommunen ska planera f\u00f6r en h\u00e4lsofr\u00e4mjande n\u00e4rmilj\u00f6 som inneb\u00e4r n\u00e4rhet till gr\u00f6nomr\u00e5den, g\u00e5ng- och cykelv\u00e4gar.<\/li>\n<li>inf\u00f6ra busslinjer mellan Mellansj\u00f6-H\u00f6gmora och Solg\u00e5rd-Flemingsberg.<\/li>\n<li>uppmuntra till elektrifiering av biltrafiken genom t.ex. laddinfrastruktur och parkeringsm\u00f6jligheter.<\/li>\n<li>v\u00e4rna det kommunala vetot vid ans\u00f6kning om etablerandet av vindkraftparker.<\/li>\n<li>starta fler dagliga verksamheter inom LSS som st\u00f6djer \u00e5terbruk, \u00e5tervinning och cirkul\u00e4r ekonomi.<\/li>\n<li>att \u00e5terbruk, \u00e5tervinning och cirkul\u00e4r ekonomi ska vara viktiga perspektiv vid kommunens ink\u00f6p och upphandlingar.<\/li>\n<li>uppdatera kommunens handlingsplan f\u00f6r giftfria f\u00f6rskolor.<\/li>\n<li>att all stadsbyggnad och allt planarbetet ska ta h\u00e4nsyn till kommande klimatf\u00f6r\u00e4ndringar och den p\u00e5verkan dessa kommer att ha p\u00e5 dagvatten, avrinning osv.<\/li>\n<\/ul>\n","protected":false},"excerpt":{"rendered":"<p>\u201dVi ska agera med en l\u00e5ngsiktig helhetssyn med respekt f\u00f6r v\u00e5r samtida omgivning och kommande generationer. F\u00f6rvaltarskapet g\u00e4ller b\u00e5de de egna personliga tillg\u00e5ngarna och de materiella v\u00e4rdena; milj\u00f6 och naturresurser. Vi ska agera p\u00e5 ett s\u00e5dant s\u00e4tt att vi med stolthet kan \u00f6verl\u00e4mna frukterna av v\u00e5rt arbete.\u201d (Kristdemokraternas principprogram, sida 137-138.) F\u00f6rvaltarskapstanken \u00e4r b\u00e4rande del <a class=\"read-more-link\" href=\"https:\/\/wp.kristdemokraterna.se\/huddinge\/miljo-och-klimat\/\">L\u00e4s mer<\/a><\/p>\n","protected":false},"author":12,"featured_media":0,"comment_status":"closed","ping_status":"closed","sticky":false,"template":"","format":"standard","meta":{"_acf_changed":false,"footnotes":""},"categories":[621],"tags":[],"class_list":["post-3877","post","type-post","status-publish","format-standard","hentry","category-kd-huddinge"],"acf":[],"yoast_head":"<!-- This site is optimized with the Yoast SEO plugin v27.4 - https:\/\/yoast.com\/product\/yoast-seo-wordpress\/ -->\n<title>Milj\u00f6 och klimat - Kristdemokraterna i Huddinge<\/title>\n<meta name=\"robots\" content=\"index, follow, max-snippet:-1, max-image-preview:large, max-video-preview:-1\" \/>\n<link rel=\"canonical\" href=\"https:\/\/wp.kristdemokraterna.se\/huddinge\/miljo-och-klimat\/\" \/>\n<meta property=\"og:locale\" content=\"sv_SE\" \/>\n<meta property=\"og:type\" content=\"article\" \/>\n<meta property=\"og:title\" content=\"Milj\u00f6 och klimat - Kristdemokraterna i Huddinge\" \/>\n<meta property=\"og:description\" content=\"\u201dVi ska agera med en l\u00e5ngsiktig helhetssyn med respekt f\u00f6r v\u00e5r samtida omgivning och kommande generationer. F\u00f6rvaltarskapet g\u00e4ller b\u00e5de de egna personliga tillg\u00e5ngarna och de materiella v\u00e4rdena; milj\u00f6 och naturresurser. Vi ska agera p\u00e5 ett s\u00e5dant s\u00e4tt att vi med stolthet kan \u00f6verl\u00e4mna frukterna av v\u00e5rt arbete.\u201d (Kristdemokraternas principprogram, sida 137-138.) F\u00f6rvaltarskapstanken \u00e4r b\u00e4rande del L\u00e4s mer\" \/>\n<meta property=\"og:url\" content=\"https:\/\/wp.kristdemokraterna.se\/huddinge\/miljo-och-klimat\/\" \/>\n<meta property=\"og:site_name\" content=\"Kristdemokraterna i Huddinge\" \/>\n<meta property=\"article:published_time\" content=\"2022-07-01T16:22:57+00:00\" \/>\n<meta property=\"article:modified_time\" content=\"2022-07-05T21:48:35+00:00\" \/>\n<meta name=\"author\" content=\"Kristdemokraterna i Huddinge\" \/>\n<meta name=\"twitter:card\" content=\"summary_large_image\" \/>\n<meta name=\"twitter:label1\" content=\"Skriven av\" \/>\n\t<meta name=\"twitter:data1\" content=\"Kristdemokraterna i Huddinge\" \/>\n\t<meta name=\"twitter:label2\" content=\"Ber\u00e4knad l\u00e4stid\" \/>\n\t<meta name=\"twitter:data2\" content=\"2 minuter\" \/>\n<script type=\"application\/ld+json\" class=\"yoast-schema-graph\">{\"@context\":\"https:\\\/\\\/schema.org\",\"@graph\":[{\"@type\":\"Article\",\"@id\":\"https:\\\/\\\/wp.kristdemokraterna.se\\\/huddinge\\\/miljo-och-klimat\\\/#article\",\"isPartOf\":{\"@id\":\"https:\\\/\\\/wp.kristdemokraterna.se\\\/huddinge\\\/miljo-och-klimat\\\/\"},\"author\":{\"name\":\"Kristdemokraterna i Huddinge\",\"@id\":\"https:\\\/\\\/wp.kristdemokraterna.se\\\/huddinge\\\/#\\\/schema\\\/person\\\/19915082f9951c7f97d2b0266c0ee02b\"},\"headline\":\"Milj\u00f6 och klimat\",\"datePublished\":\"2022-07-01T16:22:57+00:00\",\"dateModified\":\"2022-07-05T21:48:35+00:00\",\"mainEntityOfPage\":{\"@id\":\"https:\\\/\\\/wp.kristdemokraterna.se\\\/huddinge\\\/miljo-och-klimat\\\/\"},\"wordCount\":338,\"articleSection\":[\"KD Huddinge\"],\"inLanguage\":\"sv-SE\"},{\"@type\":\"WebPage\",\"@id\":\"https:\\\/\\\/wp.kristdemokraterna.se\\\/huddinge\\\/miljo-och-klimat\\\/\",\"url\":\"https:\\\/\\\/wp.kristdemokraterna.se\\\/huddinge\\\/miljo-och-klimat\\\/\",\"name\":\"Milj\u00f6 och klimat - Kristdemokraterna i Huddinge\",\"isPartOf\":{\"@id\":\"https:\\\/\\\/wp.kristdemokraterna.se\\\/huddinge\\\/#website\"},\"datePublished\":\"2022-07-01T16:22:57+00:00\",\"dateModified\":\"2022-07-05T21:48:35+00:00\",\"author\":{\"@id\":\"https:\\\/\\\/wp.kristdemokraterna.se\\\/huddinge\\\/#\\\/schema\\\/person\\\/19915082f9951c7f97d2b0266c0ee02b\"},\"breadcrumb\":{\"@id\":\"https:\\\/\\\/wp.kristdemokraterna.se\\\/huddinge\\\/miljo-och-klimat\\\/#breadcrumb\"},\"inLanguage\":\"sv-SE\",\"potentialAction\":[{\"@type\":\"ReadAction\",\"target\":[\"https:\\\/\\\/wp.kristdemokraterna.se\\\/huddinge\\\/miljo-och-klimat\\\/\"]}]},{\"@type\":\"BreadcrumbList\",\"@id\":\"https:\\\/\\\/wp.kristdemokraterna.se\\\/huddinge\\\/miljo-och-klimat\\\/#breadcrumb\",\"itemListElement\":[{\"@type\":\"ListItem\",\"position\":1,\"name\":\"Hem\",\"item\":\"https:\\\/\\\/wp.kristdemokraterna.se\\\/huddinge\\\/\"},{\"@type\":\"ListItem\",\"position\":2,\"name\":\"Milj\u00f6 och klimat\"}]},{\"@type\":\"WebSite\",\"@id\":\"https:\\\/\\\/wp.kristdemokraterna.se\\\/huddinge\\\/#website\",\"url\":\"https:\\\/\\\/wp.kristdemokraterna.se\\\/huddinge\\\/\",\"name\":\"Kristdemokraterna i Huddinge\",\"description\":\"F\u00f6r ett mer \u00e4ldre- och familjev\u00e4nligt Huddinge!\",\"inLanguage\":\"sv-SE\"},{\"@type\":\"Person\",\"@id\":\"https:\\\/\\\/wp.kristdemokraterna.se\\\/huddinge\\\/#\\\/schema\\\/person\\\/19915082f9951c7f97d2b0266c0ee02b\",\"name\":\"Kristdemokraterna i Huddinge\",\"image\":{\"@type\":\"ImageObject\",\"inLanguage\":\"sv-SE\",\"@id\":\"https:\\\/\\\/secure.gravatar.com\\\/avatar\\\/e3e4d77eef869e18a2f70a64652dca4d5ffbe968a8583adf7a7f41dcc8f86f46?s=96&d=mm&r=g\",\"url\":\"https:\\\/\\\/secure.gravatar.com\\\/avatar\\\/e3e4d77eef869e18a2f70a64652dca4d5ffbe968a8583adf7a7f41dcc8f86f46?s=96&d=mm&r=g\",\"contentUrl\":\"https:\\\/\\\/secure.gravatar.com\\\/avatar\\\/e3e4d77eef869e18a2f70a64652dca4d5ffbe968a8583adf7a7f41dcc8f86f46?s=96&d=mm&r=g\",\"caption\":\"Kristdemokraterna i Huddinge\"},\"description\":\"B\u00e4sta partiet i landets fjortonde st\u00f6rsta kommun.\",\"url\":\"https:\\\/\\\/wp.kristdemokraterna.se\\\/huddinge\\\/author\\\/huddinge\\\/\"}]}<\/script>\n<!-- \/ Yoast SEO plugin. -->","yoast_head_json":{"title":"Milj\u00f6 och klimat - Kristdemokraterna i Huddinge","robots":{"index":"index","follow":"follow","max-snippet":"max-snippet:-1","max-image-preview":"max-image-preview:large","max-video-preview":"max-video-preview:-1"},"canonical":"https:\/\/wp.kristdemokraterna.se\/huddinge\/miljo-och-klimat\/","og_locale":"sv_SE","og_type":"article","og_title":"Milj\u00f6 och klimat - Kristdemokraterna i Huddinge","og_description":"\u201dVi ska agera med en l\u00e5ngsiktig helhetssyn med respekt f\u00f6r v\u00e5r samtida omgivning och kommande generationer. F\u00f6rvaltarskapet g\u00e4ller b\u00e5de de egna personliga tillg\u00e5ngarna och de materiella v\u00e4rdena; milj\u00f6 och naturresurser. Vi ska agera p\u00e5 ett s\u00e5dant s\u00e4tt att vi med stolthet kan \u00f6verl\u00e4mna frukterna av v\u00e5rt arbete.\u201d (Kristdemokraternas principprogram, sida 137-138.) F\u00f6rvaltarskapstanken \u00e4r b\u00e4rande del L\u00e4s mer","og_url":"https:\/\/wp.kristdemokraterna.se\/huddinge\/miljo-och-klimat\/","og_site_name":"Kristdemokraterna i Huddinge","article_published_time":"2022-07-01T16:22:57+00:00","article_modified_time":"2022-07-05T21:48:35+00:00","author":"Kristdemokraterna i Huddinge","twitter_card":"summary_large_image","twitter_misc":{"Skriven av":"Kristdemokraterna i Huddinge","Ber\u00e4knad l\u00e4stid":"2 minuter"},"schema":{"@context":"https:\/\/schema.org","@graph":[{"@type":"Article","@id":"https:\/\/wp.kristdemokraterna.se\/huddinge\/miljo-och-klimat\/#article","isPartOf":{"@id":"https:\/\/wp.kristdemokraterna.se\/huddinge\/miljo-och-klimat\/"},"author":{"name":"Kristdemokraterna i Huddinge","@id":"https:\/\/wp.kristdemokraterna.se\/huddinge\/#\/schema\/person\/19915082f9951c7f97d2b0266c0ee02b"},"headline":"Milj\u00f6 och klimat","datePublished":"2022-07-01T16:22:57+00:00","dateModified":"2022-07-05T21:48:35+00:00","mainEntityOfPage":{"@id":"https:\/\/wp.kristdemokraterna.se\/huddinge\/miljo-och-klimat\/"},"wordCount":338,"articleSection":["KD Huddinge"],"inLanguage":"sv-SE"},{"@type":"WebPage","@id":"https:\/\/wp.kristdemokraterna.se\/huddinge\/miljo-och-klimat\/","url":"https:\/\/wp.kristdemokraterna.se\/huddinge\/miljo-och-klimat\/","name":"Milj\u00f6 och klimat - Kristdemokraterna i Huddinge","isPartOf":{"@id":"https:\/\/wp.kristdemokraterna.se\/huddinge\/#website"},"datePublished":"2022-07-01T16:22:57+00:00","dateModified":"2022-07-05T21:48:35+00:00","author":{"@id":"https:\/\/wp.kristdemokraterna.se\/huddinge\/#\/schema\/person\/19915082f9951c7f97d2b0266c0ee02b"},"breadcrumb":{"@id":"https:\/\/wp.kristdemokraterna.se\/huddinge\/miljo-och-klimat\/#breadcrumb"},"inLanguage":"sv-SE","potentialAction":[{"@type":"ReadAction","target":["https:\/\/wp.kristdemokraterna.se\/huddinge\/miljo-och-klimat\/"]}]},{"@type":"BreadcrumbList","@id":"https:\/\/wp.kristdemokraterna.se\/huddinge\/miljo-och-klimat\/#breadcrumb","itemListElement":[{"@type":"ListItem","position":1,"name":"Hem","item":"https:\/\/wp.kristdemokraterna.se\/huddinge\/"},{"@type":"ListItem","position":2,"name":"Milj\u00f6 och klimat"}]},{"@type":"WebSite","@id":"https:\/\/wp.kristdemokraterna.se\/huddinge\/#website","url":"https:\/\/wp.kristdemokraterna.se\/huddinge\/","name":"Kristdemokraterna i Huddinge","description":"F\u00f6r ett mer \u00e4ldre- och familjev\u00e4nligt Huddinge!","inLanguage":"sv-SE"},{"@type":"Person","@id":"https:\/\/wp.kristdemokraterna.se\/huddinge\/#\/schema\/person\/19915082f9951c7f97d2b0266c0ee02b","name":"Kristdemokraterna i Huddinge","image":{"@type":"ImageObject","inLanguage":"sv-SE","@id":"https:\/\/secure.gravatar.com\/avatar\/e3e4d77eef869e18a2f70a64652dca4d5ffbe968a8583adf7a7f41dcc8f86f46?s=96&d=mm&r=g","url":"https:\/\/secure.gravatar.com\/avatar\/e3e4d77eef869e18a2f70a64652dca4d5ffbe968a8583adf7a7f41dcc8f86f46?s=96&d=mm&r=g","contentUrl":"https:\/\/secure.gravatar.com\/avatar\/e3e4d77eef869e18a2f70a64652dca4d5ffbe968a8583adf7a7f41dcc8f86f46?s=96&d=mm&r=g","caption":"Kristdemokraterna i Huddinge"},"description":"B\u00e4sta partiet i landets fjortonde st\u00f6rsta kommun.","url":"https:\/\/wp.kristdemokraterna.se\/huddinge\/author\/huddinge\/"}]}},"_links":{"self":[{"href":"https:\/\/wp.kristdemokraterna.se\/huddinge\/wp-json\/wp\/v2\/posts\/3877","targetHints":{"allow":["GET"]}}],"collection":[{"href":"https:\/\/wp.kristdemokraterna.se\/huddinge\/wp-json\/wp\/v2\/posts"}],"about":[{"href":"https:\/\/wp.kristdemokraterna.se\/huddinge\/wp-json\/wp\/v2\/types\/post"}],"author":[{"embeddable":true,"href":"https:\/\/wp.kristdemokraterna.se\/huddinge\/wp-json\/wp\/v2\/users\/12"}],"replies":[{"embeddable":true,"href":"https:\/\/wp.kristdemokraterna.se\/huddinge\/wp-json\/wp\/v2\/comments?post=3877"}],"version-history":[{"count":2,"href":"https:\/\/wp.kristdemokraterna.se\/huddinge\/wp-json\/wp\/v2\/posts\/3877\/revisions"}],"predecessor-version":[{"id":3921,"href":"https:\/\/wp.kristdemokraterna.se\/huddinge\/wp-json\/wp\/v2\/posts\/3877\/revisions\/3921"}],"wp:attachment":[{"href":"https:\/\/wp.kristdemokraterna.se\/huddinge\/wp-json\/wp\/v2\/media?parent=3877"}],"wp:term":[{"taxonomy":"category","embeddable":true,"href":"https:\/\/wp.kristdemokraterna.se\/huddinge\/wp-json\/wp\/v2\/categories?post=3877"},{"taxonomy":"post_tag","embeddable":true,"href":"https:\/\/wp.kristdemokraterna.se\/huddinge\/wp-json\/wp\/v2\/tags?post=3877"}],"curies":[{"name":"wp","href":"https:\/\/api.w.org\/{rel}","templated":true}]}}