{"id":3879,"date":"2022-07-01T18:23:31","date_gmt":"2022-07-01T16:23:31","guid":{"rendered":"https:\/\/wp.kristdemokraterna.se\/huddinge\/?p=3879"},"modified":"2022-07-05T23:46:41","modified_gmt":"2022-07-05T21:46:41","slug":"jobb-och-naringsliv","status":"publish","type":"post","link":"https:\/\/wp.kristdemokraterna.se\/huddinge\/jobb-och-naringsliv\/","title":{"rendered":"Jobb och n\u00e4ringsliv"},"content":{"rendered":"<p><em>\u201dEtt konkurrenskraftigt och differentierat n\u00e4ringsliv \u00e4r en f\u00f6ruts\u00e4ttning f\u00f6r det goda samh\u00e4llet och en god v\u00e4lf\u00e4rd. Detta inneb\u00e4r i sin tur att ett gott klimat m\u00e5ste skapas och vidmakth\u00e5llas f\u00f6r ett dynamiskt sm\u00e5f\u00f6retagande, d\u00e4r enskilda m\u00e4nniskors id\u00e9er, kreativitet och entrepren\u00f6rskap f\u00e5r m\u00f6jlighet att blomma ut.\u201d (Kristdemokraternas principprogram, sida 126.)<\/em><\/p>\n<p>Den politiska ledningen har ett \u00f6vergripande ansvar att f\u00f6rb\u00e4ttra attityderna till f\u00f6retagande och skapa en f\u00f6rst\u00e5else f\u00f6r f\u00f6retagens situation och behov. En kommun med v\u00e4lm\u00e5ende och framg\u00e5ngsrika f\u00f6retag har l\u00e4gre arbetsl\u00f6shet, h\u00f6gre tillv\u00e4xt och b\u00e4ttre f\u00f6ruts\u00e4ttningar att finansiera v\u00e4lf\u00e4rden.<\/p>\n<p>Vi \u00e4r \u00e4ven beroende av ett v\u00e4lfungerande och flexibelt utbildningssystem d\u00e4r m\u00e4nniskor i olika faser av livet kan utveckla sin kompetens.<\/p>\n<p>Alla ska ha r\u00e4tt att jobba hundra procent av sin f\u00f6rm\u00e5ga. Fler m\u00e5ste ha ett jobb att g\u00e5 till.<\/p>\n<p>&nbsp;<\/p>\n<p>Kristdemokraterna i Huddinge vill:<\/p>\n<ul>\n<li>verka f\u00f6r att nya inkubatorer och coworking-kontor etableras i kommunen.<\/li>\n<li>att kontor ska prioriteras i kommunens markplanering i centrala och kollektivtrafikn\u00e4ra l\u00e4gen d\u00e4r det finns potential till m\u00e5nga nya arbetsplatser, framf\u00f6r omr\u00e5det runt Flemingsbergs station.<\/li>\n<li>att kommunen arbetar aktivt och systematiskt f\u00f6r att m\u00f6jligg\u00f6ra strategiska f\u00f6retagsetableringar.<\/li>\n<li>att kommunen ska ha god planberedskap f\u00f6r att snabbt kunna erbjuda mark f\u00f6r nya etableringar eller omlokaliseringar.<\/li>\n<li>att kommunen ska underl\u00e4tta f\u00f6r innovationer och nya innovativa f\u00f6retag genom innovationssystem d\u00e4r olika akt\u00f6rer fr\u00e5n n\u00e4ringslivet, universitet och det offentliga samverkar.<\/li>\n<li>ge f\u00f6retag med recycling-inriktning m\u00f6jlighet att etablera sig i Glad\u00f6 industriomr\u00e5de.<\/li>\n<li>att kommunens service till fastighets\u00e4gare ska tydligg\u00f6ras genom att det inf\u00f6rs servicegarantier f\u00f6r markanvisningar, planbesked, besked i tillst\u00e5nds\u00e4renden etc. med tydliga besked om vilka effekter det blir f\u00f6r kommunen om garantin inte uppfylls.<\/li>\n<li>att kommunens grund- och gymnasieskolor ska forts\u00e4tta sitt framg\u00e5ngsrika arbete med att uppmuntra fler elever att starta och driva f\u00f6retag, exempelvis genom Ung F\u00f6retagsamhet.<\/li>\n<li>att f\u00f6rs\u00f6rjningsst\u00f6d alltid ska kombineras med aktivitetskrav, t.ex. jobb eller studier.<\/li>\n<li>underl\u00e4tta f\u00f6r kommunens anst\u00e4llda att forts\u00e4tta jobba efter 67 \u00e5rs \u00e5lder.<\/li>\n<\/ul>\n","protected":false},"excerpt":{"rendered":"<p>\u201dEtt konkurrenskraftigt och differentierat n\u00e4ringsliv \u00e4r en f\u00f6ruts\u00e4ttning f\u00f6r det goda samh\u00e4llet och en god v\u00e4lf\u00e4rd. Detta inneb\u00e4r i sin tur att ett gott klimat m\u00e5ste skapas och vidmakth\u00e5llas f\u00f6r ett dynamiskt sm\u00e5f\u00f6retagande, d\u00e4r enskilda m\u00e4nniskors id\u00e9er, kreativitet och entrepren\u00f6rskap f\u00e5r m\u00f6jlighet att blomma ut.\u201d (Kristdemokraternas principprogram, sida 126.) Den politiska ledningen har ett \u00f6vergripande <a class=\"read-more-link\" href=\"https:\/\/wp.kristdemokraterna.se\/huddinge\/jobb-och-naringsliv\/\">L\u00e4s mer<\/a><\/p>\n","protected":false},"author":12,"featured_media":0,"comment_status":"closed","ping_status":"closed","sticky":false,"template":"","format":"standard","meta":{"_acf_changed":false,"footnotes":""},"categories":[621],"tags":[],"class_list":["post-3879","post","type-post","status-publish","format-standard","hentry","category-kd-huddinge"],"acf":[],"yoast_head":"<!-- This site is optimized with the Yoast SEO plugin v27.4 - https:\/\/yoast.com\/product\/yoast-seo-wordpress\/ -->\n<title>Jobb och n\u00e4ringsliv - Kristdemokraterna i Huddinge<\/title>\n<meta name=\"robots\" content=\"index, follow, max-snippet:-1, max-image-preview:large, max-video-preview:-1\" \/>\n<link rel=\"canonical\" href=\"https:\/\/wp.kristdemokraterna.se\/huddinge\/jobb-och-naringsliv\/\" \/>\n<meta property=\"og:locale\" content=\"sv_SE\" \/>\n<meta property=\"og:type\" content=\"article\" \/>\n<meta property=\"og:title\" content=\"Jobb och n\u00e4ringsliv - Kristdemokraterna i Huddinge\" \/>\n<meta property=\"og:description\" content=\"\u201dEtt konkurrenskraftigt och differentierat n\u00e4ringsliv \u00e4r en f\u00f6ruts\u00e4ttning f\u00f6r det goda samh\u00e4llet och en god v\u00e4lf\u00e4rd. Detta inneb\u00e4r i sin tur att ett gott klimat m\u00e5ste skapas och vidmakth\u00e5llas f\u00f6r ett dynamiskt sm\u00e5f\u00f6retagande, d\u00e4r enskilda m\u00e4nniskors id\u00e9er, kreativitet och entrepren\u00f6rskap f\u00e5r m\u00f6jlighet att blomma ut.\u201d (Kristdemokraternas principprogram, sida 126.) Den politiska ledningen har ett \u00f6vergripande L\u00e4s mer\" \/>\n<meta property=\"og:url\" content=\"https:\/\/wp.kristdemokraterna.se\/huddinge\/jobb-och-naringsliv\/\" \/>\n<meta property=\"og:site_name\" content=\"Kristdemokraterna i Huddinge\" \/>\n<meta property=\"article:published_time\" content=\"2022-07-01T16:23:31+00:00\" \/>\n<meta property=\"article:modified_time\" content=\"2022-07-05T21:46:41+00:00\" \/>\n<meta name=\"author\" content=\"Kristdemokraterna i Huddinge\" \/>\n<meta name=\"twitter:card\" content=\"summary_large_image\" \/>\n<meta name=\"twitter:label1\" content=\"Skriven av\" \/>\n\t<meta name=\"twitter:data1\" content=\"Kristdemokraterna i Huddinge\" \/>\n\t<meta name=\"twitter:label2\" content=\"Ber\u00e4knad l\u00e4stid\" \/>\n\t<meta name=\"twitter:data2\" content=\"2 minuter\" \/>\n<script type=\"application\/ld+json\" class=\"yoast-schema-graph\">{\"@context\":\"https:\\\/\\\/schema.org\",\"@graph\":[{\"@type\":\"Article\",\"@id\":\"https:\\\/\\\/wp.kristdemokraterna.se\\\/huddinge\\\/jobb-och-naringsliv\\\/#article\",\"isPartOf\":{\"@id\":\"https:\\\/\\\/wp.kristdemokraterna.se\\\/huddinge\\\/jobb-och-naringsliv\\\/\"},\"author\":{\"name\":\"Kristdemokraterna i Huddinge\",\"@id\":\"https:\\\/\\\/wp.kristdemokraterna.se\\\/huddinge\\\/#\\\/schema\\\/person\\\/19915082f9951c7f97d2b0266c0ee02b\"},\"headline\":\"Jobb och n\u00e4ringsliv\",\"datePublished\":\"2022-07-01T16:23:31+00:00\",\"dateModified\":\"2022-07-05T21:46:41+00:00\",\"mainEntityOfPage\":{\"@id\":\"https:\\\/\\\/wp.kristdemokraterna.se\\\/huddinge\\\/jobb-och-naringsliv\\\/\"},\"wordCount\":398,\"articleSection\":[\"KD Huddinge\"],\"inLanguage\":\"sv-SE\"},{\"@type\":\"WebPage\",\"@id\":\"https:\\\/\\\/wp.kristdemokraterna.se\\\/huddinge\\\/jobb-och-naringsliv\\\/\",\"url\":\"https:\\\/\\\/wp.kristdemokraterna.se\\\/huddinge\\\/jobb-och-naringsliv\\\/\",\"name\":\"Jobb och n\u00e4ringsliv - Kristdemokraterna i Huddinge\",\"isPartOf\":{\"@id\":\"https:\\\/\\\/wp.kristdemokraterna.se\\\/huddinge\\\/#website\"},\"datePublished\":\"2022-07-01T16:23:31+00:00\",\"dateModified\":\"2022-07-05T21:46:41+00:00\",\"author\":{\"@id\":\"https:\\\/\\\/wp.kristdemokraterna.se\\\/huddinge\\\/#\\\/schema\\\/person\\\/19915082f9951c7f97d2b0266c0ee02b\"},\"breadcrumb\":{\"@id\":\"https:\\\/\\\/wp.kristdemokraterna.se\\\/huddinge\\\/jobb-och-naringsliv\\\/#breadcrumb\"},\"inLanguage\":\"sv-SE\",\"potentialAction\":[{\"@type\":\"ReadAction\",\"target\":[\"https:\\\/\\\/wp.kristdemokraterna.se\\\/huddinge\\\/jobb-och-naringsliv\\\/\"]}]},{\"@type\":\"BreadcrumbList\",\"@id\":\"https:\\\/\\\/wp.kristdemokraterna.se\\\/huddinge\\\/jobb-och-naringsliv\\\/#breadcrumb\",\"itemListElement\":[{\"@type\":\"ListItem\",\"position\":1,\"name\":\"Hem\",\"item\":\"https:\\\/\\\/wp.kristdemokraterna.se\\\/huddinge\\\/\"},{\"@type\":\"ListItem\",\"position\":2,\"name\":\"Jobb och n\u00e4ringsliv\"}]},{\"@type\":\"WebSite\",\"@id\":\"https:\\\/\\\/wp.kristdemokraterna.se\\\/huddinge\\\/#website\",\"url\":\"https:\\\/\\\/wp.kristdemokraterna.se\\\/huddinge\\\/\",\"name\":\"Kristdemokraterna i Huddinge\",\"description\":\"F\u00f6r ett mer \u00e4ldre- och familjev\u00e4nligt Huddinge!\",\"inLanguage\":\"sv-SE\"},{\"@type\":\"Person\",\"@id\":\"https:\\\/\\\/wp.kristdemokraterna.se\\\/huddinge\\\/#\\\/schema\\\/person\\\/19915082f9951c7f97d2b0266c0ee02b\",\"name\":\"Kristdemokraterna i Huddinge\",\"image\":{\"@type\":\"ImageObject\",\"inLanguage\":\"sv-SE\",\"@id\":\"https:\\\/\\\/secure.gravatar.com\\\/avatar\\\/e3e4d77eef869e18a2f70a64652dca4d5ffbe968a8583adf7a7f41dcc8f86f46?s=96&d=mm&r=g\",\"url\":\"https:\\\/\\\/secure.gravatar.com\\\/avatar\\\/e3e4d77eef869e18a2f70a64652dca4d5ffbe968a8583adf7a7f41dcc8f86f46?s=96&d=mm&r=g\",\"contentUrl\":\"https:\\\/\\\/secure.gravatar.com\\\/avatar\\\/e3e4d77eef869e18a2f70a64652dca4d5ffbe968a8583adf7a7f41dcc8f86f46?s=96&d=mm&r=g\",\"caption\":\"Kristdemokraterna i Huddinge\"},\"description\":\"B\u00e4sta partiet i landets fjortonde st\u00f6rsta kommun.\",\"url\":\"https:\\\/\\\/wp.kristdemokraterna.se\\\/huddinge\\\/author\\\/huddinge\\\/\"}]}<\/script>\n<!-- \/ Yoast SEO plugin. -->","yoast_head_json":{"title":"Jobb och n\u00e4ringsliv - Kristdemokraterna i Huddinge","robots":{"index":"index","follow":"follow","max-snippet":"max-snippet:-1","max-image-preview":"max-image-preview:large","max-video-preview":"max-video-preview:-1"},"canonical":"https:\/\/wp.kristdemokraterna.se\/huddinge\/jobb-och-naringsliv\/","og_locale":"sv_SE","og_type":"article","og_title":"Jobb och n\u00e4ringsliv - Kristdemokraterna i Huddinge","og_description":"\u201dEtt konkurrenskraftigt och differentierat n\u00e4ringsliv \u00e4r en f\u00f6ruts\u00e4ttning f\u00f6r det goda samh\u00e4llet och en god v\u00e4lf\u00e4rd. Detta inneb\u00e4r i sin tur att ett gott klimat m\u00e5ste skapas och vidmakth\u00e5llas f\u00f6r ett dynamiskt sm\u00e5f\u00f6retagande, d\u00e4r enskilda m\u00e4nniskors id\u00e9er, kreativitet och entrepren\u00f6rskap f\u00e5r m\u00f6jlighet att blomma ut.\u201d (Kristdemokraternas principprogram, sida 126.) Den politiska ledningen har ett \u00f6vergripande L\u00e4s mer","og_url":"https:\/\/wp.kristdemokraterna.se\/huddinge\/jobb-och-naringsliv\/","og_site_name":"Kristdemokraterna i Huddinge","article_published_time":"2022-07-01T16:23:31+00:00","article_modified_time":"2022-07-05T21:46:41+00:00","author":"Kristdemokraterna i Huddinge","twitter_card":"summary_large_image","twitter_misc":{"Skriven av":"Kristdemokraterna i Huddinge","Ber\u00e4knad l\u00e4stid":"2 minuter"},"schema":{"@context":"https:\/\/schema.org","@graph":[{"@type":"Article","@id":"https:\/\/wp.kristdemokraterna.se\/huddinge\/jobb-och-naringsliv\/#article","isPartOf":{"@id":"https:\/\/wp.kristdemokraterna.se\/huddinge\/jobb-och-naringsliv\/"},"author":{"name":"Kristdemokraterna i Huddinge","@id":"https:\/\/wp.kristdemokraterna.se\/huddinge\/#\/schema\/person\/19915082f9951c7f97d2b0266c0ee02b"},"headline":"Jobb och n\u00e4ringsliv","datePublished":"2022-07-01T16:23:31+00:00","dateModified":"2022-07-05T21:46:41+00:00","mainEntityOfPage":{"@id":"https:\/\/wp.kristdemokraterna.se\/huddinge\/jobb-och-naringsliv\/"},"wordCount":398,"articleSection":["KD Huddinge"],"inLanguage":"sv-SE"},{"@type":"WebPage","@id":"https:\/\/wp.kristdemokraterna.se\/huddinge\/jobb-och-naringsliv\/","url":"https:\/\/wp.kristdemokraterna.se\/huddinge\/jobb-och-naringsliv\/","name":"Jobb och n\u00e4ringsliv - Kristdemokraterna i Huddinge","isPartOf":{"@id":"https:\/\/wp.kristdemokraterna.se\/huddinge\/#website"},"datePublished":"2022-07-01T16:23:31+00:00","dateModified":"2022-07-05T21:46:41+00:00","author":{"@id":"https:\/\/wp.kristdemokraterna.se\/huddinge\/#\/schema\/person\/19915082f9951c7f97d2b0266c0ee02b"},"breadcrumb":{"@id":"https:\/\/wp.kristdemokraterna.se\/huddinge\/jobb-och-naringsliv\/#breadcrumb"},"inLanguage":"sv-SE","potentialAction":[{"@type":"ReadAction","target":["https:\/\/wp.kristdemokraterna.se\/huddinge\/jobb-och-naringsliv\/"]}]},{"@type":"BreadcrumbList","@id":"https:\/\/wp.kristdemokraterna.se\/huddinge\/jobb-och-naringsliv\/#breadcrumb","itemListElement":[{"@type":"ListItem","position":1,"name":"Hem","item":"https:\/\/wp.kristdemokraterna.se\/huddinge\/"},{"@type":"ListItem","position":2,"name":"Jobb och n\u00e4ringsliv"}]},{"@type":"WebSite","@id":"https:\/\/wp.kristdemokraterna.se\/huddinge\/#website","url":"https:\/\/wp.kristdemokraterna.se\/huddinge\/","name":"Kristdemokraterna i Huddinge","description":"F\u00f6r ett mer \u00e4ldre- och familjev\u00e4nligt Huddinge!","inLanguage":"sv-SE"},{"@type":"Person","@id":"https:\/\/wp.kristdemokraterna.se\/huddinge\/#\/schema\/person\/19915082f9951c7f97d2b0266c0ee02b","name":"Kristdemokraterna i Huddinge","image":{"@type":"ImageObject","inLanguage":"sv-SE","@id":"https:\/\/secure.gravatar.com\/avatar\/e3e4d77eef869e18a2f70a64652dca4d5ffbe968a8583adf7a7f41dcc8f86f46?s=96&d=mm&r=g","url":"https:\/\/secure.gravatar.com\/avatar\/e3e4d77eef869e18a2f70a64652dca4d5ffbe968a8583adf7a7f41dcc8f86f46?s=96&d=mm&r=g","contentUrl":"https:\/\/secure.gravatar.com\/avatar\/e3e4d77eef869e18a2f70a64652dca4d5ffbe968a8583adf7a7f41dcc8f86f46?s=96&d=mm&r=g","caption":"Kristdemokraterna i Huddinge"},"description":"B\u00e4sta partiet i landets fjortonde st\u00f6rsta kommun.","url":"https:\/\/wp.kristdemokraterna.se\/huddinge\/author\/huddinge\/"}]}},"_links":{"self":[{"href":"https:\/\/wp.kristdemokraterna.se\/huddinge\/wp-json\/wp\/v2\/posts\/3879","targetHints":{"allow":["GET"]}}],"collection":[{"href":"https:\/\/wp.kristdemokraterna.se\/huddinge\/wp-json\/wp\/v2\/posts"}],"about":[{"href":"https:\/\/wp.kristdemokraterna.se\/huddinge\/wp-json\/wp\/v2\/types\/post"}],"author":[{"embeddable":true,"href":"https:\/\/wp.kristdemokraterna.se\/huddinge\/wp-json\/wp\/v2\/users\/12"}],"replies":[{"embeddable":true,"href":"https:\/\/wp.kristdemokraterna.se\/huddinge\/wp-json\/wp\/v2\/comments?post=3879"}],"version-history":[{"count":2,"href":"https:\/\/wp.kristdemokraterna.se\/huddinge\/wp-json\/wp\/v2\/posts\/3879\/revisions"}],"predecessor-version":[{"id":3919,"href":"https:\/\/wp.kristdemokraterna.se\/huddinge\/wp-json\/wp\/v2\/posts\/3879\/revisions\/3919"}],"wp:attachment":[{"href":"https:\/\/wp.kristdemokraterna.se\/huddinge\/wp-json\/wp\/v2\/media?parent=3879"}],"wp:term":[{"taxonomy":"category","embeddable":true,"href":"https:\/\/wp.kristdemokraterna.se\/huddinge\/wp-json\/wp\/v2\/categories?post=3879"},{"taxonomy":"post_tag","embeddable":true,"href":"https:\/\/wp.kristdemokraterna.se\/huddinge\/wp-json\/wp\/v2\/tags?post=3879"}],"curies":[{"name":"wp","href":"https:\/\/api.w.org\/{rel}","templated":true}]}}