{"id":3992,"date":"2024-01-16T15:25:14","date_gmt":"2024-01-16T14:25:14","guid":{"rendered":"https:\/\/wp.kristdemokraterna.se\/huddinge\/?p=3992"},"modified":"2024-01-17T12:38:39","modified_gmt":"2024-01-17T11:38:39","slug":"arsmote-2024-save-the-date","status":"publish","type":"post","link":"https:\/\/wp.kristdemokraterna.se\/huddinge\/arsmote-2024-save-the-date\/","title":{"rendered":"\u00c5RSM\u00d6TE 2024 &#8211; SAVE THE DATE"},"content":{"rendered":"<p>Kristdemokraterna i Huddinge bjuder in samtliga medlemmar till KD Huddinges \u00e5rsm\u00f6te!<br \/>\nN\u00e4r? 17 februari<br \/>\nTid: 10 &#8211; 12<br \/>\nVar? Huddinge kommunhus, Kommunalv\u00e4gen 28<br \/>\nMer information kommer &#8211; det blir en f\u00f6rmiddag fylld med viktiga diskussioner och gemenskap.<br \/>\nHandlingar skickas ut en vecka innan m\u00f6tet.<br \/>\nSes d\u00e4r! \ud83d\udc99<\/p>\n","protected":false},"excerpt":{"rendered":"<p>Kristdemokraterna i Huddinge bjuder in samtliga medlemmar till KD Huddinges \u00e5rsm\u00f6te! N\u00e4r? 17 februari Tid: 10 &#8211; 12 Var? Huddinge kommunhus, Kommunalv\u00e4gen 28 Mer information kommer &#8211; det blir en f\u00f6rmiddag fylld med viktiga diskussioner och gemenskap. Handlingar skickas ut en vecka innan m\u00f6tet. Ses d\u00e4r! \ud83d\udc99<\/p>\n","protected":false},"author":12,"featured_media":0,"comment_status":"closed","ping_status":"closed","sticky":false,"template":"","format":"standard","meta":{"_acf_changed":false,"footnotes":""},"categories":[623],"tags":[],"class_list":["post-3992","post","type-post","status-publish","format-standard","hentry","category-623"],"acf":[],"yoast_head":"<!-- This site is optimized with the Yoast SEO plugin v27.5 - https:\/\/yoast.com\/product\/yoast-seo-wordpress\/ -->\n<title>\u00c5RSM\u00d6TE 2024 - SAVE THE DATE - Kristdemokraterna i Huddinge<\/title>\n<meta name=\"robots\" content=\"index, follow, max-snippet:-1, max-image-preview:large, max-video-preview:-1\" \/>\n<link rel=\"canonical\" href=\"https:\/\/wp.kristdemokraterna.se\/huddinge\/arsmote-2024-save-the-date\/\" \/>\n<meta property=\"og:locale\" content=\"sv_SE\" \/>\n<meta property=\"og:type\" content=\"article\" \/>\n<meta property=\"og:title\" content=\"\u00c5RSM\u00d6TE 2024 - SAVE THE DATE - Kristdemokraterna i Huddinge\" \/>\n<meta property=\"og:description\" content=\"Kristdemokraterna i Huddinge bjuder in samtliga medlemmar till KD Huddinges \u00e5rsm\u00f6te! N\u00e4r? 17 februari Tid: 10 &#8211; 12 Var? Huddinge kommunhus, Kommunalv\u00e4gen 28 Mer information kommer &#8211; det blir en f\u00f6rmiddag fylld med viktiga diskussioner och gemenskap. Handlingar skickas ut en vecka innan m\u00f6tet. Ses d\u00e4r! \ud83d\udc99\" \/>\n<meta property=\"og:url\" content=\"https:\/\/wp.kristdemokraterna.se\/huddinge\/arsmote-2024-save-the-date\/\" \/>\n<meta property=\"og:site_name\" content=\"Kristdemokraterna i Huddinge\" \/>\n<meta property=\"article:published_time\" content=\"2024-01-16T14:25:14+00:00\" \/>\n<meta property=\"article:modified_time\" content=\"2024-01-17T11:38:39+00:00\" \/>\n<meta name=\"author\" content=\"Kristdemokraterna i Huddinge\" \/>\n<meta name=\"twitter:card\" content=\"summary_large_image\" \/>\n<meta name=\"twitter:label1\" content=\"Skriven av\" \/>\n\t<meta name=\"twitter:data1\" content=\"Kristdemokraterna i Huddinge\" \/>\n\t<meta name=\"twitter:label2\" content=\"Ber\u00e4knad l\u00e4stid\" \/>\n\t<meta name=\"twitter:data2\" content=\"1 minut\" \/>\n<script type=\"application\/ld+json\" class=\"yoast-schema-graph\">{\"@context\":\"https:\\\/\\\/schema.org\",\"@graph\":[{\"@type\":\"Article\",\"@id\":\"https:\\\/\\\/wp.kristdemokraterna.se\\\/huddinge\\\/arsmote-2024-save-the-date\\\/#article\",\"isPartOf\":{\"@id\":\"https:\\\/\\\/wp.kristdemokraterna.se\\\/huddinge\\\/arsmote-2024-save-the-date\\\/\"},\"author\":{\"name\":\"Kristdemokraterna i Huddinge\",\"@id\":\"https:\\\/\\\/wp.kristdemokraterna.se\\\/huddinge\\\/#\\\/schema\\\/person\\\/19915082f9951c7f97d2b0266c0ee02b\"},\"headline\":\"\u00c5RSM\u00d6TE 2024 &#8211; SAVE THE DATE\",\"datePublished\":\"2024-01-16T14:25:14+00:00\",\"dateModified\":\"2024-01-17T11:38:39+00:00\",\"mainEntityOfPage\":{\"@id\":\"https:\\\/\\\/wp.kristdemokraterna.se\\\/huddinge\\\/arsmote-2024-save-the-date\\\/\"},\"wordCount\":54,\"articleSection\":[\"2024\"],\"inLanguage\":\"sv-SE\"},{\"@type\":\"WebPage\",\"@id\":\"https:\\\/\\\/wp.kristdemokraterna.se\\\/huddinge\\\/arsmote-2024-save-the-date\\\/\",\"url\":\"https:\\\/\\\/wp.kristdemokraterna.se\\\/huddinge\\\/arsmote-2024-save-the-date\\\/\",\"name\":\"\u00c5RSM\u00d6TE 2024 - SAVE THE DATE - Kristdemokraterna i Huddinge\",\"isPartOf\":{\"@id\":\"https:\\\/\\\/wp.kristdemokraterna.se\\\/huddinge\\\/#website\"},\"datePublished\":\"2024-01-16T14:25:14+00:00\",\"dateModified\":\"2024-01-17T11:38:39+00:00\",\"author\":{\"@id\":\"https:\\\/\\\/wp.kristdemokraterna.se\\\/huddinge\\\/#\\\/schema\\\/person\\\/19915082f9951c7f97d2b0266c0ee02b\"},\"breadcrumb\":{\"@id\":\"https:\\\/\\\/wp.kristdemokraterna.se\\\/huddinge\\\/arsmote-2024-save-the-date\\\/#breadcrumb\"},\"inLanguage\":\"sv-SE\",\"potentialAction\":[{\"@type\":\"ReadAction\",\"target\":[\"https:\\\/\\\/wp.kristdemokraterna.se\\\/huddinge\\\/arsmote-2024-save-the-date\\\/\"]}]},{\"@type\":\"BreadcrumbList\",\"@id\":\"https:\\\/\\\/wp.kristdemokraterna.se\\\/huddinge\\\/arsmote-2024-save-the-date\\\/#breadcrumb\",\"itemListElement\":[{\"@type\":\"ListItem\",\"position\":1,\"name\":\"Hem\",\"item\":\"https:\\\/\\\/wp.kristdemokraterna.se\\\/huddinge\\\/\"},{\"@type\":\"ListItem\",\"position\":2,\"name\":\"\u00c5RSM\u00d6TE 2024 &#8211; SAVE THE DATE\"}]},{\"@type\":\"WebSite\",\"@id\":\"https:\\\/\\\/wp.kristdemokraterna.se\\\/huddinge\\\/#website\",\"url\":\"https:\\\/\\\/wp.kristdemokraterna.se\\\/huddinge\\\/\",\"name\":\"Kristdemokraterna i Huddinge\",\"description\":\"F\u00f6r ett mer \u00e4ldre- och familjev\u00e4nligt Huddinge!\",\"inLanguage\":\"sv-SE\"},{\"@type\":\"Person\",\"@id\":\"https:\\\/\\\/wp.kristdemokraterna.se\\\/huddinge\\\/#\\\/schema\\\/person\\\/19915082f9951c7f97d2b0266c0ee02b\",\"name\":\"Kristdemokraterna i Huddinge\",\"image\":{\"@type\":\"ImageObject\",\"inLanguage\":\"sv-SE\",\"@id\":\"https:\\\/\\\/secure.gravatar.com\\\/avatar\\\/e3e4d77eef869e18a2f70a64652dca4d5ffbe968a8583adf7a7f41dcc8f86f46?s=96&d=mm&r=g\",\"url\":\"https:\\\/\\\/secure.gravatar.com\\\/avatar\\\/e3e4d77eef869e18a2f70a64652dca4d5ffbe968a8583adf7a7f41dcc8f86f46?s=96&d=mm&r=g\",\"contentUrl\":\"https:\\\/\\\/secure.gravatar.com\\\/avatar\\\/e3e4d77eef869e18a2f70a64652dca4d5ffbe968a8583adf7a7f41dcc8f86f46?s=96&d=mm&r=g\",\"caption\":\"Kristdemokraterna i Huddinge\"},\"description\":\"B\u00e4sta partiet i landets fjortonde st\u00f6rsta kommun.\",\"url\":\"https:\\\/\\\/wp.kristdemokraterna.se\\\/huddinge\\\/author\\\/huddinge\\\/\"}]}<\/script>\n<!-- \/ Yoast SEO plugin. -->","yoast_head_json":{"title":"\u00c5RSM\u00d6TE 2024 - SAVE THE DATE - Kristdemokraterna i Huddinge","robots":{"index":"index","follow":"follow","max-snippet":"max-snippet:-1","max-image-preview":"max-image-preview:large","max-video-preview":"max-video-preview:-1"},"canonical":"https:\/\/wp.kristdemokraterna.se\/huddinge\/arsmote-2024-save-the-date\/","og_locale":"sv_SE","og_type":"article","og_title":"\u00c5RSM\u00d6TE 2024 - SAVE THE DATE - Kristdemokraterna i Huddinge","og_description":"Kristdemokraterna i Huddinge bjuder in samtliga medlemmar till KD Huddinges \u00e5rsm\u00f6te! N\u00e4r? 17 februari Tid: 10 &#8211; 12 Var? Huddinge kommunhus, Kommunalv\u00e4gen 28 Mer information kommer &#8211; det blir en f\u00f6rmiddag fylld med viktiga diskussioner och gemenskap. Handlingar skickas ut en vecka innan m\u00f6tet. Ses d\u00e4r! \ud83d\udc99","og_url":"https:\/\/wp.kristdemokraterna.se\/huddinge\/arsmote-2024-save-the-date\/","og_site_name":"Kristdemokraterna i Huddinge","article_published_time":"2024-01-16T14:25:14+00:00","article_modified_time":"2024-01-17T11:38:39+00:00","author":"Kristdemokraterna i Huddinge","twitter_card":"summary_large_image","twitter_misc":{"Skriven av":"Kristdemokraterna i Huddinge","Ber\u00e4knad l\u00e4stid":"1 minut"},"schema":{"@context":"https:\/\/schema.org","@graph":[{"@type":"Article","@id":"https:\/\/wp.kristdemokraterna.se\/huddinge\/arsmote-2024-save-the-date\/#article","isPartOf":{"@id":"https:\/\/wp.kristdemokraterna.se\/huddinge\/arsmote-2024-save-the-date\/"},"author":{"name":"Kristdemokraterna i Huddinge","@id":"https:\/\/wp.kristdemokraterna.se\/huddinge\/#\/schema\/person\/19915082f9951c7f97d2b0266c0ee02b"},"headline":"\u00c5RSM\u00d6TE 2024 &#8211; SAVE THE DATE","datePublished":"2024-01-16T14:25:14+00:00","dateModified":"2024-01-17T11:38:39+00:00","mainEntityOfPage":{"@id":"https:\/\/wp.kristdemokraterna.se\/huddinge\/arsmote-2024-save-the-date\/"},"wordCount":54,"articleSection":["2024"],"inLanguage":"sv-SE"},{"@type":"WebPage","@id":"https:\/\/wp.kristdemokraterna.se\/huddinge\/arsmote-2024-save-the-date\/","url":"https:\/\/wp.kristdemokraterna.se\/huddinge\/arsmote-2024-save-the-date\/","name":"\u00c5RSM\u00d6TE 2024 - SAVE THE DATE - Kristdemokraterna i Huddinge","isPartOf":{"@id":"https:\/\/wp.kristdemokraterna.se\/huddinge\/#website"},"datePublished":"2024-01-16T14:25:14+00:00","dateModified":"2024-01-17T11:38:39+00:00","author":{"@id":"https:\/\/wp.kristdemokraterna.se\/huddinge\/#\/schema\/person\/19915082f9951c7f97d2b0266c0ee02b"},"breadcrumb":{"@id":"https:\/\/wp.kristdemokraterna.se\/huddinge\/arsmote-2024-save-the-date\/#breadcrumb"},"inLanguage":"sv-SE","potentialAction":[{"@type":"ReadAction","target":["https:\/\/wp.kristdemokraterna.se\/huddinge\/arsmote-2024-save-the-date\/"]}]},{"@type":"BreadcrumbList","@id":"https:\/\/wp.kristdemokraterna.se\/huddinge\/arsmote-2024-save-the-date\/#breadcrumb","itemListElement":[{"@type":"ListItem","position":1,"name":"Hem","item":"https:\/\/wp.kristdemokraterna.se\/huddinge\/"},{"@type":"ListItem","position":2,"name":"\u00c5RSM\u00d6TE 2024 &#8211; SAVE THE DATE"}]},{"@type":"WebSite","@id":"https:\/\/wp.kristdemokraterna.se\/huddinge\/#website","url":"https:\/\/wp.kristdemokraterna.se\/huddinge\/","name":"Kristdemokraterna i Huddinge","description":"F\u00f6r ett mer \u00e4ldre- och familjev\u00e4nligt Huddinge!","inLanguage":"sv-SE"},{"@type":"Person","@id":"https:\/\/wp.kristdemokraterna.se\/huddinge\/#\/schema\/person\/19915082f9951c7f97d2b0266c0ee02b","name":"Kristdemokraterna i Huddinge","image":{"@type":"ImageObject","inLanguage":"sv-SE","@id":"https:\/\/secure.gravatar.com\/avatar\/e3e4d77eef869e18a2f70a64652dca4d5ffbe968a8583adf7a7f41dcc8f86f46?s=96&d=mm&r=g","url":"https:\/\/secure.gravatar.com\/avatar\/e3e4d77eef869e18a2f70a64652dca4d5ffbe968a8583adf7a7f41dcc8f86f46?s=96&d=mm&r=g","contentUrl":"https:\/\/secure.gravatar.com\/avatar\/e3e4d77eef869e18a2f70a64652dca4d5ffbe968a8583adf7a7f41dcc8f86f46?s=96&d=mm&r=g","caption":"Kristdemokraterna i Huddinge"},"description":"B\u00e4sta partiet i landets fjortonde st\u00f6rsta kommun.","url":"https:\/\/wp.kristdemokraterna.se\/huddinge\/author\/huddinge\/"}]}},"_links":{"self":[{"href":"https:\/\/wp.kristdemokraterna.se\/huddinge\/wp-json\/wp\/v2\/posts\/3992","targetHints":{"allow":["GET"]}}],"collection":[{"href":"https:\/\/wp.kristdemokraterna.se\/huddinge\/wp-json\/wp\/v2\/posts"}],"about":[{"href":"https:\/\/wp.kristdemokraterna.se\/huddinge\/wp-json\/wp\/v2\/types\/post"}],"author":[{"embeddable":true,"href":"https:\/\/wp.kristdemokraterna.se\/huddinge\/wp-json\/wp\/v2\/users\/12"}],"replies":[{"embeddable":true,"href":"https:\/\/wp.kristdemokraterna.se\/huddinge\/wp-json\/wp\/v2\/comments?post=3992"}],"version-history":[{"count":2,"href":"https:\/\/wp.kristdemokraterna.se\/huddinge\/wp-json\/wp\/v2\/posts\/3992\/revisions"}],"predecessor-version":[{"id":3997,"href":"https:\/\/wp.kristdemokraterna.se\/huddinge\/wp-json\/wp\/v2\/posts\/3992\/revisions\/3997"}],"wp:attachment":[{"href":"https:\/\/wp.kristdemokraterna.se\/huddinge\/wp-json\/wp\/v2\/media?parent=3992"}],"wp:term":[{"taxonomy":"category","embeddable":true,"href":"https:\/\/wp.kristdemokraterna.se\/huddinge\/wp-json\/wp\/v2\/categories?post=3992"},{"taxonomy":"post_tag","embeddable":true,"href":"https:\/\/wp.kristdemokraterna.se\/huddinge\/wp-json\/wp\/v2\/tags?post=3992"}],"curies":[{"name":"wp","href":"https:\/\/api.w.org\/{rel}","templated":true}]}}