{"id":4640,"date":"2026-04-24T20:58:17","date_gmt":"2026-04-24T18:58:17","guid":{"rendered":"https:\/\/wp.kristdemokraterna.se\/huddinge\/?p=4640"},"modified":"2026-04-24T20:58:36","modified_gmt":"2026-04-24T18:58:36","slug":"nej-till-nya-hoghus-i-varby-gard","status":"publish","type":"post","link":"https:\/\/wp.kristdemokraterna.se\/huddinge\/nej-till-nya-hoghus-i-varby-gard\/","title":{"rendered":"Nej till nya h\u00f6ghus i V\u00e5rby G\u00e5rd"},"content":{"rendered":"<div class=\"xdj266r x14z9mp xat24cr x1lziwak x1vvkbs x126k92a\">\n<div dir=\"auto\">Vi kristdemokrater r\u00f6stade nej till v\u00e4nsterstyrets f\u00f6rslag om tv\u00e5 nya niov\u00e5ningshus p\u00e5 Lammholmsbacken i V\u00e5rby g\u00e5rd.<\/div>\n<div dir=\"auto\"><\/div>\n<\/div>\n<div class=\"x14z9mp xat24cr x1lziwak x1vvkbs xtlvy1s x126k92a\">\n<div dir=\"auto\">V\u00e5rby g\u00e5rd beh\u00f6ver inte fler h\u00f6ghus med hyresr\u00e4tter, det beh\u00f6vs mer variation, trygghet och sm\u00e5hus.<\/div>\n<\/div>\n<div dir=\"auto\"><\/div>\n<p><a href=\"https:\/\/www.facebook.com\/share\/r\/18kHdSm6pq\/\">Se v\u00e5r video h\u00e4r!\u00a0<\/a><\/p>\n","protected":false},"excerpt":{"rendered":"<p>Vi kristdemokrater r\u00f6stade nej till v\u00e4nsterstyrets f\u00f6rslag om tv\u00e5 nya niov\u00e5ningshus p\u00e5 Lammholmsbacken i V\u00e5rby g\u00e5rd. V\u00e5rby g\u00e5rd beh\u00f6ver inte fler h\u00f6ghus med hyresr\u00e4tter, det beh\u00f6vs mer variation, trygghet och sm\u00e5hus. Se v\u00e5r video h\u00e4r!\u00a0<\/p>\n","protected":false},"author":12,"featured_media":0,"comment_status":"closed","ping_status":"closed","sticky":false,"template":"","format":"standard","meta":{"_acf_changed":false,"footnotes":""},"categories":[628],"tags":[],"class_list":["post-4640","post","type-post","status-publish","format-standard","hentry","category-628"],"acf":[],"yoast_head":"<!-- This site is optimized with the Yoast SEO plugin v27.4 - https:\/\/yoast.com\/product\/yoast-seo-wordpress\/ -->\n<title>Nej till nya h\u00f6ghus i V\u00e5rby G\u00e5rd - Kristdemokraterna i Huddinge<\/title>\n<meta name=\"robots\" content=\"index, follow, max-snippet:-1, max-image-preview:large, max-video-preview:-1\" \/>\n<link rel=\"canonical\" href=\"https:\/\/wp.kristdemokraterna.se\/huddinge\/nej-till-nya-hoghus-i-varby-gard\/\" \/>\n<meta property=\"og:locale\" content=\"sv_SE\" \/>\n<meta property=\"og:type\" content=\"article\" \/>\n<meta property=\"og:title\" content=\"Nej till nya h\u00f6ghus i V\u00e5rby G\u00e5rd - Kristdemokraterna i Huddinge\" \/>\n<meta property=\"og:description\" content=\"Vi kristdemokrater r\u00f6stade nej till v\u00e4nsterstyrets f\u00f6rslag om tv\u00e5 nya niov\u00e5ningshus p\u00e5 Lammholmsbacken i V\u00e5rby g\u00e5rd. V\u00e5rby g\u00e5rd beh\u00f6ver inte fler h\u00f6ghus med hyresr\u00e4tter, det beh\u00f6vs mer variation, trygghet och sm\u00e5hus. Se v\u00e5r video h\u00e4r!\u00a0\" \/>\n<meta property=\"og:url\" content=\"https:\/\/wp.kristdemokraterna.se\/huddinge\/nej-till-nya-hoghus-i-varby-gard\/\" \/>\n<meta property=\"og:site_name\" content=\"Kristdemokraterna i Huddinge\" \/>\n<meta property=\"article:published_time\" content=\"2026-04-24T18:58:17+00:00\" \/>\n<meta property=\"article:modified_time\" content=\"2026-04-24T18:58:36+00:00\" \/>\n<meta name=\"author\" content=\"Kristdemokraterna i Huddinge\" \/>\n<meta name=\"twitter:card\" content=\"summary_large_image\" \/>\n<meta name=\"twitter:label1\" content=\"Skriven av\" \/>\n\t<meta name=\"twitter:data1\" content=\"Kristdemokraterna i Huddinge\" \/>\n\t<meta name=\"twitter:label2\" content=\"Ber\u00e4knad l\u00e4stid\" \/>\n\t<meta name=\"twitter:data2\" content=\"1 minut\" \/>\n<script type=\"application\/ld+json\" class=\"yoast-schema-graph\">{\"@context\":\"https:\\\/\\\/schema.org\",\"@graph\":[{\"@type\":\"Article\",\"@id\":\"https:\\\/\\\/wp.kristdemokraterna.se\\\/huddinge\\\/nej-till-nya-hoghus-i-varby-gard\\\/#article\",\"isPartOf\":{\"@id\":\"https:\\\/\\\/wp.kristdemokraterna.se\\\/huddinge\\\/nej-till-nya-hoghus-i-varby-gard\\\/\"},\"author\":{\"name\":\"Kristdemokraterna i Huddinge\",\"@id\":\"https:\\\/\\\/wp.kristdemokraterna.se\\\/huddinge\\\/#\\\/schema\\\/person\\\/19915082f9951c7f97d2b0266c0ee02b\"},\"headline\":\"Nej till nya h\u00f6ghus i V\u00e5rby G\u00e5rd\",\"datePublished\":\"2026-04-24T18:58:17+00:00\",\"dateModified\":\"2026-04-24T18:58:36+00:00\",\"mainEntityOfPage\":{\"@id\":\"https:\\\/\\\/wp.kristdemokraterna.se\\\/huddinge\\\/nej-till-nya-hoghus-i-varby-gard\\\/\"},\"wordCount\":60,\"articleSection\":[\"2026\"],\"inLanguage\":\"sv-SE\"},{\"@type\":\"WebPage\",\"@id\":\"https:\\\/\\\/wp.kristdemokraterna.se\\\/huddinge\\\/nej-till-nya-hoghus-i-varby-gard\\\/\",\"url\":\"https:\\\/\\\/wp.kristdemokraterna.se\\\/huddinge\\\/nej-till-nya-hoghus-i-varby-gard\\\/\",\"name\":\"Nej till nya h\u00f6ghus i V\u00e5rby G\u00e5rd - Kristdemokraterna i Huddinge\",\"isPartOf\":{\"@id\":\"https:\\\/\\\/wp.kristdemokraterna.se\\\/huddinge\\\/#website\"},\"datePublished\":\"2026-04-24T18:58:17+00:00\",\"dateModified\":\"2026-04-24T18:58:36+00:00\",\"author\":{\"@id\":\"https:\\\/\\\/wp.kristdemokraterna.se\\\/huddinge\\\/#\\\/schema\\\/person\\\/19915082f9951c7f97d2b0266c0ee02b\"},\"breadcrumb\":{\"@id\":\"https:\\\/\\\/wp.kristdemokraterna.se\\\/huddinge\\\/nej-till-nya-hoghus-i-varby-gard\\\/#breadcrumb\"},\"inLanguage\":\"sv-SE\",\"potentialAction\":[{\"@type\":\"ReadAction\",\"target\":[\"https:\\\/\\\/wp.kristdemokraterna.se\\\/huddinge\\\/nej-till-nya-hoghus-i-varby-gard\\\/\"]}]},{\"@type\":\"BreadcrumbList\",\"@id\":\"https:\\\/\\\/wp.kristdemokraterna.se\\\/huddinge\\\/nej-till-nya-hoghus-i-varby-gard\\\/#breadcrumb\",\"itemListElement\":[{\"@type\":\"ListItem\",\"position\":1,\"name\":\"Hem\",\"item\":\"https:\\\/\\\/wp.kristdemokraterna.se\\\/huddinge\\\/\"},{\"@type\":\"ListItem\",\"position\":2,\"name\":\"Nej till nya h\u00f6ghus i V\u00e5rby G\u00e5rd\"}]},{\"@type\":\"WebSite\",\"@id\":\"https:\\\/\\\/wp.kristdemokraterna.se\\\/huddinge\\\/#website\",\"url\":\"https:\\\/\\\/wp.kristdemokraterna.se\\\/huddinge\\\/\",\"name\":\"Kristdemokraterna i Huddinge\",\"description\":\"F\u00f6r ett mer \u00e4ldre- och familjev\u00e4nligt Huddinge!\",\"inLanguage\":\"sv-SE\"},{\"@type\":\"Person\",\"@id\":\"https:\\\/\\\/wp.kristdemokraterna.se\\\/huddinge\\\/#\\\/schema\\\/person\\\/19915082f9951c7f97d2b0266c0ee02b\",\"name\":\"Kristdemokraterna i Huddinge\",\"image\":{\"@type\":\"ImageObject\",\"inLanguage\":\"sv-SE\",\"@id\":\"https:\\\/\\\/secure.gravatar.com\\\/avatar\\\/e3e4d77eef869e18a2f70a64652dca4d5ffbe968a8583adf7a7f41dcc8f86f46?s=96&d=mm&r=g\",\"url\":\"https:\\\/\\\/secure.gravatar.com\\\/avatar\\\/e3e4d77eef869e18a2f70a64652dca4d5ffbe968a8583adf7a7f41dcc8f86f46?s=96&d=mm&r=g\",\"contentUrl\":\"https:\\\/\\\/secure.gravatar.com\\\/avatar\\\/e3e4d77eef869e18a2f70a64652dca4d5ffbe968a8583adf7a7f41dcc8f86f46?s=96&d=mm&r=g\",\"caption\":\"Kristdemokraterna i Huddinge\"},\"description\":\"B\u00e4sta partiet i landets fjortonde st\u00f6rsta kommun.\",\"url\":\"https:\\\/\\\/wp.kristdemokraterna.se\\\/huddinge\\\/author\\\/huddinge\\\/\"}]}<\/script>\n<!-- \/ Yoast SEO plugin. -->","yoast_head_json":{"title":"Nej till nya h\u00f6ghus i V\u00e5rby G\u00e5rd - Kristdemokraterna i Huddinge","robots":{"index":"index","follow":"follow","max-snippet":"max-snippet:-1","max-image-preview":"max-image-preview:large","max-video-preview":"max-video-preview:-1"},"canonical":"https:\/\/wp.kristdemokraterna.se\/huddinge\/nej-till-nya-hoghus-i-varby-gard\/","og_locale":"sv_SE","og_type":"article","og_title":"Nej till nya h\u00f6ghus i V\u00e5rby G\u00e5rd - Kristdemokraterna i Huddinge","og_description":"Vi kristdemokrater r\u00f6stade nej till v\u00e4nsterstyrets f\u00f6rslag om tv\u00e5 nya niov\u00e5ningshus p\u00e5 Lammholmsbacken i V\u00e5rby g\u00e5rd. V\u00e5rby g\u00e5rd beh\u00f6ver inte fler h\u00f6ghus med hyresr\u00e4tter, det beh\u00f6vs mer variation, trygghet och sm\u00e5hus. Se v\u00e5r video h\u00e4r!\u00a0","og_url":"https:\/\/wp.kristdemokraterna.se\/huddinge\/nej-till-nya-hoghus-i-varby-gard\/","og_site_name":"Kristdemokraterna i Huddinge","article_published_time":"2026-04-24T18:58:17+00:00","article_modified_time":"2026-04-24T18:58:36+00:00","author":"Kristdemokraterna i Huddinge","twitter_card":"summary_large_image","twitter_misc":{"Skriven av":"Kristdemokraterna i Huddinge","Ber\u00e4knad l\u00e4stid":"1 minut"},"schema":{"@context":"https:\/\/schema.org","@graph":[{"@type":"Article","@id":"https:\/\/wp.kristdemokraterna.se\/huddinge\/nej-till-nya-hoghus-i-varby-gard\/#article","isPartOf":{"@id":"https:\/\/wp.kristdemokraterna.se\/huddinge\/nej-till-nya-hoghus-i-varby-gard\/"},"author":{"name":"Kristdemokraterna i Huddinge","@id":"https:\/\/wp.kristdemokraterna.se\/huddinge\/#\/schema\/person\/19915082f9951c7f97d2b0266c0ee02b"},"headline":"Nej till nya h\u00f6ghus i V\u00e5rby G\u00e5rd","datePublished":"2026-04-24T18:58:17+00:00","dateModified":"2026-04-24T18:58:36+00:00","mainEntityOfPage":{"@id":"https:\/\/wp.kristdemokraterna.se\/huddinge\/nej-till-nya-hoghus-i-varby-gard\/"},"wordCount":60,"articleSection":["2026"],"inLanguage":"sv-SE"},{"@type":"WebPage","@id":"https:\/\/wp.kristdemokraterna.se\/huddinge\/nej-till-nya-hoghus-i-varby-gard\/","url":"https:\/\/wp.kristdemokraterna.se\/huddinge\/nej-till-nya-hoghus-i-varby-gard\/","name":"Nej till nya h\u00f6ghus i V\u00e5rby G\u00e5rd - Kristdemokraterna i Huddinge","isPartOf":{"@id":"https:\/\/wp.kristdemokraterna.se\/huddinge\/#website"},"datePublished":"2026-04-24T18:58:17+00:00","dateModified":"2026-04-24T18:58:36+00:00","author":{"@id":"https:\/\/wp.kristdemokraterna.se\/huddinge\/#\/schema\/person\/19915082f9951c7f97d2b0266c0ee02b"},"breadcrumb":{"@id":"https:\/\/wp.kristdemokraterna.se\/huddinge\/nej-till-nya-hoghus-i-varby-gard\/#breadcrumb"},"inLanguage":"sv-SE","potentialAction":[{"@type":"ReadAction","target":["https:\/\/wp.kristdemokraterna.se\/huddinge\/nej-till-nya-hoghus-i-varby-gard\/"]}]},{"@type":"BreadcrumbList","@id":"https:\/\/wp.kristdemokraterna.se\/huddinge\/nej-till-nya-hoghus-i-varby-gard\/#breadcrumb","itemListElement":[{"@type":"ListItem","position":1,"name":"Hem","item":"https:\/\/wp.kristdemokraterna.se\/huddinge\/"},{"@type":"ListItem","position":2,"name":"Nej till nya h\u00f6ghus i V\u00e5rby G\u00e5rd"}]},{"@type":"WebSite","@id":"https:\/\/wp.kristdemokraterna.se\/huddinge\/#website","url":"https:\/\/wp.kristdemokraterna.se\/huddinge\/","name":"Kristdemokraterna i Huddinge","description":"F\u00f6r ett mer \u00e4ldre- och familjev\u00e4nligt Huddinge!","inLanguage":"sv-SE"},{"@type":"Person","@id":"https:\/\/wp.kristdemokraterna.se\/huddinge\/#\/schema\/person\/19915082f9951c7f97d2b0266c0ee02b","name":"Kristdemokraterna i Huddinge","image":{"@type":"ImageObject","inLanguage":"sv-SE","@id":"https:\/\/secure.gravatar.com\/avatar\/e3e4d77eef869e18a2f70a64652dca4d5ffbe968a8583adf7a7f41dcc8f86f46?s=96&d=mm&r=g","url":"https:\/\/secure.gravatar.com\/avatar\/e3e4d77eef869e18a2f70a64652dca4d5ffbe968a8583adf7a7f41dcc8f86f46?s=96&d=mm&r=g","contentUrl":"https:\/\/secure.gravatar.com\/avatar\/e3e4d77eef869e18a2f70a64652dca4d5ffbe968a8583adf7a7f41dcc8f86f46?s=96&d=mm&r=g","caption":"Kristdemokraterna i Huddinge"},"description":"B\u00e4sta partiet i landets fjortonde st\u00f6rsta kommun.","url":"https:\/\/wp.kristdemokraterna.se\/huddinge\/author\/huddinge\/"}]}},"_links":{"self":[{"href":"https:\/\/wp.kristdemokraterna.se\/huddinge\/wp-json\/wp\/v2\/posts\/4640","targetHints":{"allow":["GET"]}}],"collection":[{"href":"https:\/\/wp.kristdemokraterna.se\/huddinge\/wp-json\/wp\/v2\/posts"}],"about":[{"href":"https:\/\/wp.kristdemokraterna.se\/huddinge\/wp-json\/wp\/v2\/types\/post"}],"author":[{"embeddable":true,"href":"https:\/\/wp.kristdemokraterna.se\/huddinge\/wp-json\/wp\/v2\/users\/12"}],"replies":[{"embeddable":true,"href":"https:\/\/wp.kristdemokraterna.se\/huddinge\/wp-json\/wp\/v2\/comments?post=4640"}],"version-history":[{"count":2,"href":"https:\/\/wp.kristdemokraterna.se\/huddinge\/wp-json\/wp\/v2\/posts\/4640\/revisions"}],"predecessor-version":[{"id":4643,"href":"https:\/\/wp.kristdemokraterna.se\/huddinge\/wp-json\/wp\/v2\/posts\/4640\/revisions\/4643"}],"wp:attachment":[{"href":"https:\/\/wp.kristdemokraterna.se\/huddinge\/wp-json\/wp\/v2\/media?parent=4640"}],"wp:term":[{"taxonomy":"category","embeddable":true,"href":"https:\/\/wp.kristdemokraterna.se\/huddinge\/wp-json\/wp\/v2\/categories?post=4640"},{"taxonomy":"post_tag","embeddable":true,"href":"https:\/\/wp.kristdemokraterna.se\/huddinge\/wp-json\/wp\/v2\/tags?post=4640"}],"curies":[{"name":"wp","href":"https:\/\/api.w.org\/{rel}","templated":true}]}}