{"id":4644,"date":"2026-04-27T16:37:25","date_gmt":"2026-04-27T14:37:25","guid":{"rendered":"https:\/\/wp.kristdemokraterna.se\/huddinge\/?p=4644"},"modified":"2026-04-27T16:37:25","modified_gmt":"2026-04-27T14:37:25","slug":"att-behova-ansoka-om-fardtjanst-fem-veckor-i-forvag-ar-orimligt","status":"publish","type":"post","link":"https:\/\/wp.kristdemokraterna.se\/huddinge\/att-behova-ansoka-om-fardtjanst-fem-veckor-i-forvag-ar-orimligt\/","title":{"rendered":"Att beh\u00f6va ans\u00f6ka om f\u00e4rdtj\u00e4nst fem veckor i f\u00f6rv\u00e4g \u00e4r orimligt"},"content":{"rendered":"<p>F\u00f6rest\u00e4ll dig att beh\u00f6va boka en resa till Mariefred eller Nyk\u00f6ping fem veckor i f\u00f6rv\u00e4g. Tyv\u00e4rr \u00e4r det en verklighet f\u00f6r dem som beh\u00f6ver f\u00e4rdtj\u00e4nst i sommar i Huddinge. Den 16 april gick Huddinge kommun ut och informerade om att man f\u00f6r resor utanf\u00f6r Stockholms l\u00e4n beh\u00f6ver skicka in sin ans\u00f6kan senast fem veckor innan avresa.<\/p>\n<p>Det h\u00e4r tycker vi kristdemokrater \u00e4r orimligt och ov\u00e4rdigt f\u00f6r alla dem som \u00e4r i behov av f\u00e4rdtj\u00e4nst i kommunen. Sj\u00e4lvklart ska funktionshindrade ha samma r\u00e4tt att resa runt i Sverige som alla andra, utan att beh\u00f6va planera allt fem veckor i f\u00f6rv\u00e4g. P\u00e5 grund av detta har vi kristdemokrater valt att p\u00e5 dagens kommunfullm\u00e4ktige fr\u00e5ga styret om de anser att det \u00e4r rimligt att ha detta oanpassningsbara system f\u00f6r f\u00e4rdtj\u00e4nst i sommar.<\/p>\n","protected":false},"excerpt":{"rendered":"<p>F\u00f6rest\u00e4ll dig att beh\u00f6va boka en resa till Mariefred eller Nyk\u00f6ping fem veckor i f\u00f6rv\u00e4g. Tyv\u00e4rr \u00e4r det en verklighet f\u00f6r dem som beh\u00f6ver f\u00e4rdtj\u00e4nst i sommar i Huddinge. Den 16 april gick Huddinge kommun ut och informerade om att man f\u00f6r resor utanf\u00f6r Stockholms l\u00e4n beh\u00f6ver skicka in sin ans\u00f6kan senast fem veckor innan <a class=\"read-more-link\" href=\"https:\/\/wp.kristdemokraterna.se\/huddinge\/att-behova-ansoka-om-fardtjanst-fem-veckor-i-forvag-ar-orimligt\/\">L\u00e4s mer<\/a><\/p>\n","protected":false},"author":12,"featured_media":0,"comment_status":"closed","ping_status":"closed","sticky":false,"template":"","format":"standard","meta":{"_acf_changed":false,"footnotes":""},"categories":[628],"tags":[],"class_list":["post-4644","post","type-post","status-publish","format-standard","hentry","category-628"],"acf":[],"yoast_head":"<!-- This site is optimized with the Yoast SEO plugin v27.4 - https:\/\/yoast.com\/product\/yoast-seo-wordpress\/ -->\n<title>Att beh\u00f6va ans\u00f6ka om f\u00e4rdtj\u00e4nst fem veckor i f\u00f6rv\u00e4g \u00e4r orimligt - Kristdemokraterna i Huddinge<\/title>\n<meta name=\"robots\" content=\"index, follow, max-snippet:-1, max-image-preview:large, max-video-preview:-1\" \/>\n<link rel=\"canonical\" href=\"https:\/\/wp.kristdemokraterna.se\/huddinge\/att-behova-ansoka-om-fardtjanst-fem-veckor-i-forvag-ar-orimligt\/\" \/>\n<meta property=\"og:locale\" content=\"sv_SE\" \/>\n<meta property=\"og:type\" content=\"article\" \/>\n<meta property=\"og:title\" content=\"Att beh\u00f6va ans\u00f6ka om f\u00e4rdtj\u00e4nst fem veckor i f\u00f6rv\u00e4g \u00e4r orimligt - Kristdemokraterna i Huddinge\" \/>\n<meta property=\"og:description\" content=\"F\u00f6rest\u00e4ll dig att beh\u00f6va boka en resa till Mariefred eller Nyk\u00f6ping fem veckor i f\u00f6rv\u00e4g. Tyv\u00e4rr \u00e4r det en verklighet f\u00f6r dem som beh\u00f6ver f\u00e4rdtj\u00e4nst i sommar i Huddinge. Den 16 april gick Huddinge kommun ut och informerade om att man f\u00f6r resor utanf\u00f6r Stockholms l\u00e4n beh\u00f6ver skicka in sin ans\u00f6kan senast fem veckor innan L\u00e4s mer\" \/>\n<meta property=\"og:url\" content=\"https:\/\/wp.kristdemokraterna.se\/huddinge\/att-behova-ansoka-om-fardtjanst-fem-veckor-i-forvag-ar-orimligt\/\" \/>\n<meta property=\"og:site_name\" content=\"Kristdemokraterna i Huddinge\" \/>\n<meta property=\"article:published_time\" content=\"2026-04-27T14:37:25+00:00\" \/>\n<meta name=\"author\" content=\"Kristdemokraterna i Huddinge\" \/>\n<meta name=\"twitter:card\" content=\"summary_large_image\" \/>\n<meta name=\"twitter:label1\" content=\"Skriven av\" \/>\n\t<meta name=\"twitter:data1\" content=\"Kristdemokraterna i Huddinge\" \/>\n\t<meta name=\"twitter:label2\" content=\"Ber\u00e4knad l\u00e4stid\" \/>\n\t<meta name=\"twitter:data2\" content=\"1 minut\" \/>\n<script type=\"application\/ld+json\" class=\"yoast-schema-graph\">{\"@context\":\"https:\\\/\\\/schema.org\",\"@graph\":[{\"@type\":\"Article\",\"@id\":\"https:\\\/\\\/wp.kristdemokraterna.se\\\/huddinge\\\/att-behova-ansoka-om-fardtjanst-fem-veckor-i-forvag-ar-orimligt\\\/#article\",\"isPartOf\":{\"@id\":\"https:\\\/\\\/wp.kristdemokraterna.se\\\/huddinge\\\/att-behova-ansoka-om-fardtjanst-fem-veckor-i-forvag-ar-orimligt\\\/\"},\"author\":{\"name\":\"Kristdemokraterna i Huddinge\",\"@id\":\"https:\\\/\\\/wp.kristdemokraterna.se\\\/huddinge\\\/#\\\/schema\\\/person\\\/19915082f9951c7f97d2b0266c0ee02b\"},\"headline\":\"Att beh\u00f6va ans\u00f6ka om f\u00e4rdtj\u00e4nst fem veckor i f\u00f6rv\u00e4g \u00e4r orimligt\",\"datePublished\":\"2026-04-27T14:37:25+00:00\",\"mainEntityOfPage\":{\"@id\":\"https:\\\/\\\/wp.kristdemokraterna.se\\\/huddinge\\\/att-behova-ansoka-om-fardtjanst-fem-veckor-i-forvag-ar-orimligt\\\/\"},\"wordCount\":176,\"articleSection\":[\"2026\"],\"inLanguage\":\"sv-SE\"},{\"@type\":\"WebPage\",\"@id\":\"https:\\\/\\\/wp.kristdemokraterna.se\\\/huddinge\\\/att-behova-ansoka-om-fardtjanst-fem-veckor-i-forvag-ar-orimligt\\\/\",\"url\":\"https:\\\/\\\/wp.kristdemokraterna.se\\\/huddinge\\\/att-behova-ansoka-om-fardtjanst-fem-veckor-i-forvag-ar-orimligt\\\/\",\"name\":\"Att beh\u00f6va ans\u00f6ka om f\u00e4rdtj\u00e4nst fem veckor i f\u00f6rv\u00e4g \u00e4r orimligt - Kristdemokraterna i Huddinge\",\"isPartOf\":{\"@id\":\"https:\\\/\\\/wp.kristdemokraterna.se\\\/huddinge\\\/#website\"},\"datePublished\":\"2026-04-27T14:37:25+00:00\",\"author\":{\"@id\":\"https:\\\/\\\/wp.kristdemokraterna.se\\\/huddinge\\\/#\\\/schema\\\/person\\\/19915082f9951c7f97d2b0266c0ee02b\"},\"breadcrumb\":{\"@id\":\"https:\\\/\\\/wp.kristdemokraterna.se\\\/huddinge\\\/att-behova-ansoka-om-fardtjanst-fem-veckor-i-forvag-ar-orimligt\\\/#breadcrumb\"},\"inLanguage\":\"sv-SE\",\"potentialAction\":[{\"@type\":\"ReadAction\",\"target\":[\"https:\\\/\\\/wp.kristdemokraterna.se\\\/huddinge\\\/att-behova-ansoka-om-fardtjanst-fem-veckor-i-forvag-ar-orimligt\\\/\"]}]},{\"@type\":\"BreadcrumbList\",\"@id\":\"https:\\\/\\\/wp.kristdemokraterna.se\\\/huddinge\\\/att-behova-ansoka-om-fardtjanst-fem-veckor-i-forvag-ar-orimligt\\\/#breadcrumb\",\"itemListElement\":[{\"@type\":\"ListItem\",\"position\":1,\"name\":\"Hem\",\"item\":\"https:\\\/\\\/wp.kristdemokraterna.se\\\/huddinge\\\/\"},{\"@type\":\"ListItem\",\"position\":2,\"name\":\"Att beh\u00f6va ans\u00f6ka om f\u00e4rdtj\u00e4nst fem veckor i f\u00f6rv\u00e4g \u00e4r orimligt\"}]},{\"@type\":\"WebSite\",\"@id\":\"https:\\\/\\\/wp.kristdemokraterna.se\\\/huddinge\\\/#website\",\"url\":\"https:\\\/\\\/wp.kristdemokraterna.se\\\/huddinge\\\/\",\"name\":\"Kristdemokraterna i Huddinge\",\"description\":\"F\u00f6r ett mer \u00e4ldre- och familjev\u00e4nligt Huddinge!\",\"inLanguage\":\"sv-SE\"},{\"@type\":\"Person\",\"@id\":\"https:\\\/\\\/wp.kristdemokraterna.se\\\/huddinge\\\/#\\\/schema\\\/person\\\/19915082f9951c7f97d2b0266c0ee02b\",\"name\":\"Kristdemokraterna i Huddinge\",\"image\":{\"@type\":\"ImageObject\",\"inLanguage\":\"sv-SE\",\"@id\":\"https:\\\/\\\/secure.gravatar.com\\\/avatar\\\/e3e4d77eef869e18a2f70a64652dca4d5ffbe968a8583adf7a7f41dcc8f86f46?s=96&d=mm&r=g\",\"url\":\"https:\\\/\\\/secure.gravatar.com\\\/avatar\\\/e3e4d77eef869e18a2f70a64652dca4d5ffbe968a8583adf7a7f41dcc8f86f46?s=96&d=mm&r=g\",\"contentUrl\":\"https:\\\/\\\/secure.gravatar.com\\\/avatar\\\/e3e4d77eef869e18a2f70a64652dca4d5ffbe968a8583adf7a7f41dcc8f86f46?s=96&d=mm&r=g\",\"caption\":\"Kristdemokraterna i Huddinge\"},\"description\":\"B\u00e4sta partiet i landets fjortonde st\u00f6rsta kommun.\",\"url\":\"https:\\\/\\\/wp.kristdemokraterna.se\\\/huddinge\\\/author\\\/huddinge\\\/\"}]}<\/script>\n<!-- \/ Yoast SEO plugin. -->","yoast_head_json":{"title":"Att beh\u00f6va ans\u00f6ka om f\u00e4rdtj\u00e4nst fem veckor i f\u00f6rv\u00e4g \u00e4r orimligt - Kristdemokraterna i Huddinge","robots":{"index":"index","follow":"follow","max-snippet":"max-snippet:-1","max-image-preview":"max-image-preview:large","max-video-preview":"max-video-preview:-1"},"canonical":"https:\/\/wp.kristdemokraterna.se\/huddinge\/att-behova-ansoka-om-fardtjanst-fem-veckor-i-forvag-ar-orimligt\/","og_locale":"sv_SE","og_type":"article","og_title":"Att beh\u00f6va ans\u00f6ka om f\u00e4rdtj\u00e4nst fem veckor i f\u00f6rv\u00e4g \u00e4r orimligt - Kristdemokraterna i Huddinge","og_description":"F\u00f6rest\u00e4ll dig att beh\u00f6va boka en resa till Mariefred eller Nyk\u00f6ping fem veckor i f\u00f6rv\u00e4g. Tyv\u00e4rr \u00e4r det en verklighet f\u00f6r dem som beh\u00f6ver f\u00e4rdtj\u00e4nst i sommar i Huddinge. Den 16 april gick Huddinge kommun ut och informerade om att man f\u00f6r resor utanf\u00f6r Stockholms l\u00e4n beh\u00f6ver skicka in sin ans\u00f6kan senast fem veckor innan L\u00e4s mer","og_url":"https:\/\/wp.kristdemokraterna.se\/huddinge\/att-behova-ansoka-om-fardtjanst-fem-veckor-i-forvag-ar-orimligt\/","og_site_name":"Kristdemokraterna i Huddinge","article_published_time":"2026-04-27T14:37:25+00:00","author":"Kristdemokraterna i Huddinge","twitter_card":"summary_large_image","twitter_misc":{"Skriven av":"Kristdemokraterna i Huddinge","Ber\u00e4knad l\u00e4stid":"1 minut"},"schema":{"@context":"https:\/\/schema.org","@graph":[{"@type":"Article","@id":"https:\/\/wp.kristdemokraterna.se\/huddinge\/att-behova-ansoka-om-fardtjanst-fem-veckor-i-forvag-ar-orimligt\/#article","isPartOf":{"@id":"https:\/\/wp.kristdemokraterna.se\/huddinge\/att-behova-ansoka-om-fardtjanst-fem-veckor-i-forvag-ar-orimligt\/"},"author":{"name":"Kristdemokraterna i Huddinge","@id":"https:\/\/wp.kristdemokraterna.se\/huddinge\/#\/schema\/person\/19915082f9951c7f97d2b0266c0ee02b"},"headline":"Att beh\u00f6va ans\u00f6ka om f\u00e4rdtj\u00e4nst fem veckor i f\u00f6rv\u00e4g \u00e4r orimligt","datePublished":"2026-04-27T14:37:25+00:00","mainEntityOfPage":{"@id":"https:\/\/wp.kristdemokraterna.se\/huddinge\/att-behova-ansoka-om-fardtjanst-fem-veckor-i-forvag-ar-orimligt\/"},"wordCount":176,"articleSection":["2026"],"inLanguage":"sv-SE"},{"@type":"WebPage","@id":"https:\/\/wp.kristdemokraterna.se\/huddinge\/att-behova-ansoka-om-fardtjanst-fem-veckor-i-forvag-ar-orimligt\/","url":"https:\/\/wp.kristdemokraterna.se\/huddinge\/att-behova-ansoka-om-fardtjanst-fem-veckor-i-forvag-ar-orimligt\/","name":"Att beh\u00f6va ans\u00f6ka om f\u00e4rdtj\u00e4nst fem veckor i f\u00f6rv\u00e4g \u00e4r orimligt - Kristdemokraterna i Huddinge","isPartOf":{"@id":"https:\/\/wp.kristdemokraterna.se\/huddinge\/#website"},"datePublished":"2026-04-27T14:37:25+00:00","author":{"@id":"https:\/\/wp.kristdemokraterna.se\/huddinge\/#\/schema\/person\/19915082f9951c7f97d2b0266c0ee02b"},"breadcrumb":{"@id":"https:\/\/wp.kristdemokraterna.se\/huddinge\/att-behova-ansoka-om-fardtjanst-fem-veckor-i-forvag-ar-orimligt\/#breadcrumb"},"inLanguage":"sv-SE","potentialAction":[{"@type":"ReadAction","target":["https:\/\/wp.kristdemokraterna.se\/huddinge\/att-behova-ansoka-om-fardtjanst-fem-veckor-i-forvag-ar-orimligt\/"]}]},{"@type":"BreadcrumbList","@id":"https:\/\/wp.kristdemokraterna.se\/huddinge\/att-behova-ansoka-om-fardtjanst-fem-veckor-i-forvag-ar-orimligt\/#breadcrumb","itemListElement":[{"@type":"ListItem","position":1,"name":"Hem","item":"https:\/\/wp.kristdemokraterna.se\/huddinge\/"},{"@type":"ListItem","position":2,"name":"Att beh\u00f6va ans\u00f6ka om f\u00e4rdtj\u00e4nst fem veckor i f\u00f6rv\u00e4g \u00e4r orimligt"}]},{"@type":"WebSite","@id":"https:\/\/wp.kristdemokraterna.se\/huddinge\/#website","url":"https:\/\/wp.kristdemokraterna.se\/huddinge\/","name":"Kristdemokraterna i Huddinge","description":"F\u00f6r ett mer \u00e4ldre- och familjev\u00e4nligt Huddinge!","inLanguage":"sv-SE"},{"@type":"Person","@id":"https:\/\/wp.kristdemokraterna.se\/huddinge\/#\/schema\/person\/19915082f9951c7f97d2b0266c0ee02b","name":"Kristdemokraterna i Huddinge","image":{"@type":"ImageObject","inLanguage":"sv-SE","@id":"https:\/\/secure.gravatar.com\/avatar\/e3e4d77eef869e18a2f70a64652dca4d5ffbe968a8583adf7a7f41dcc8f86f46?s=96&d=mm&r=g","url":"https:\/\/secure.gravatar.com\/avatar\/e3e4d77eef869e18a2f70a64652dca4d5ffbe968a8583adf7a7f41dcc8f86f46?s=96&d=mm&r=g","contentUrl":"https:\/\/secure.gravatar.com\/avatar\/e3e4d77eef869e18a2f70a64652dca4d5ffbe968a8583adf7a7f41dcc8f86f46?s=96&d=mm&r=g","caption":"Kristdemokraterna i Huddinge"},"description":"B\u00e4sta partiet i landets fjortonde st\u00f6rsta kommun.","url":"https:\/\/wp.kristdemokraterna.se\/huddinge\/author\/huddinge\/"}]}},"_links":{"self":[{"href":"https:\/\/wp.kristdemokraterna.se\/huddinge\/wp-json\/wp\/v2\/posts\/4644","targetHints":{"allow":["GET"]}}],"collection":[{"href":"https:\/\/wp.kristdemokraterna.se\/huddinge\/wp-json\/wp\/v2\/posts"}],"about":[{"href":"https:\/\/wp.kristdemokraterna.se\/huddinge\/wp-json\/wp\/v2\/types\/post"}],"author":[{"embeddable":true,"href":"https:\/\/wp.kristdemokraterna.se\/huddinge\/wp-json\/wp\/v2\/users\/12"}],"replies":[{"embeddable":true,"href":"https:\/\/wp.kristdemokraterna.se\/huddinge\/wp-json\/wp\/v2\/comments?post=4644"}],"version-history":[{"count":1,"href":"https:\/\/wp.kristdemokraterna.se\/huddinge\/wp-json\/wp\/v2\/posts\/4644\/revisions"}],"predecessor-version":[{"id":4646,"href":"https:\/\/wp.kristdemokraterna.se\/huddinge\/wp-json\/wp\/v2\/posts\/4644\/revisions\/4646"}],"wp:attachment":[{"href":"https:\/\/wp.kristdemokraterna.se\/huddinge\/wp-json\/wp\/v2\/media?parent=4644"}],"wp:term":[{"taxonomy":"category","embeddable":true,"href":"https:\/\/wp.kristdemokraterna.se\/huddinge\/wp-json\/wp\/v2\/categories?post=4644"},{"taxonomy":"post_tag","embeddable":true,"href":"https:\/\/wp.kristdemokraterna.se\/huddinge\/wp-json\/wp\/v2\/tags?post=4644"}],"curies":[{"name":"wp","href":"https:\/\/api.w.org\/{rel}","templated":true}]}}