{"id":522,"date":"2020-12-15T13:22:58","date_gmt":"2020-12-15T12:22:58","guid":{"rendered":"http:\/\/wp.kristdemokraterna.se\/hudiksvall\/?p=522"},"modified":"2021-04-19T12:45:48","modified_gmt":"2021-04-19T10:45:48","slug":"var-ska-elen-komma-fran","status":"publish","type":"post","link":"https:\/\/wp.kristdemokraterna.se\/hudiksvall\/var-ska-elen-komma-fran\/","title":{"rendered":"Var ska elen komma fr\u00e5n"},"content":{"rendered":"<div id=\"print\">\n<div class=\"o-section u-hard--top\">\n<div class=\"o-paragraph-group\">\n<div class=\"kvgmc6g5 cxmmr5t8 oygrvhab hcukyx3x c1et5uql ii04i59q\">\n<div dir=\"auto\">Det l\u00e5ter som en magnifik ironi. Men att Sveriges klimatomst\u00e4llning hotas av bristen p\u00e5 utsl\u00e4ppsfri el \u00e4r ett alltmer obestridligt faktum. Det \u00e4r som om energiministern och milj\u00f6ministern aldrig har tr\u00e4ffat varandra.<\/div>\n<\/div>\n<div class=\"o9v6fnle cxmmr5t8 oygrvhab hcukyx3x c1et5uql ii04i59q\">\n<div dir=\"auto\"><\/div>\n<div dir=\"auto\">Vi har nyligen f\u00e5tt ytterligare exempel p\u00e5 hur klimatomst\u00e4llningen hotas av bristen p\u00e5 el och p\u00e5 fungerande eln\u00e4t. Gruvj\u00e4tten LKAB har presenterat planer p\u00e5 att utveckla koldioxidfri tillverkning av j\u00e4rnmalmspellets. Det kan g\u00f6ra Sverige v\u00e4rldsledande inom ett stort och viktigt industriellt omr\u00e5de. Men det kr\u00e4ver el. Enorma m\u00e4ngder el. LKAB pekar sj\u00e4lva p\u00e5 eltillg\u00e5ngen som en nyckel f\u00f6r att planerna ska fungera. Vi pratar h\u00e4r om uppemot en tredjedel av Sveriges nuvarande elproduktion. Var ska den komma fr\u00e5n, har regeringen t\u00e4nkt?<\/div>\n<\/div>\n<div class=\"o9v6fnle cxmmr5t8 oygrvhab hcukyx3x c1et5uql ii04i59q\">\n<div dir=\"auto\"><\/div>\n<div dir=\"auto\">Regeringens ena parti ber\u00f6mmer industrin och s\u00e4ger sig vilja hj\u00e4lpa den att utvecklas. Regeringens andra parti om\u00f6jligg\u00f6r samma utveckling genom en dyr och orealistisk energipolitik och med ett grundmurat motst\u00e5nd mot det som industrierna \u00e4gnar sig \u00e5t. Inte ens med vildast m\u00f6jliga fantasi g\u00e5r det att uppt\u00e4cka n\u00e5gon begriplig och sammanh\u00e5llen linje fr\u00e5n de partier som ansvarar f\u00f6r landets v\u00e4l och ve. Det \u00e4r som om Sveriges energiminister och milj\u00f6minister \u00f6verhuvudtaget aldrig har tr\u00e4ffat varandra.<\/div>\n<\/div>\n<div class=\"o9v6fnle cxmmr5t8 oygrvhab hcukyx3x c1et5uql ii04i59q\">\n<div dir=\"auto\"><\/div>\n<div dir=\"auto\">Regeringens ringdans m\u00e5ste f\u00e5 ett slut. Klimatet kr\u00e4ver omst\u00e4llning och industrierna v\u00e4ntar p\u00e5 f\u00f6ruts\u00e4ttningar att st\u00e4lla om.<\/div>\n<\/div>\n<div class=\"o9v6fnle cxmmr5t8 oygrvhab hcukyx3x c1et5uql ii04i59q\">\n<div dir=\"auto\"><\/div>\n<div dir=\"auto\">V\u00e5r partiledare Ebba Busch Thor skriver tillsammans med Camilla Brodin (KD) p\u00e5 Expressen debatt. L\u00e4s mer h\u00e4r:<\/div>\n<div dir=\"auto\"><strong>https:\/\/www.expressen.se\/debatt\/var-ska-elen-komma-ifran-har-regeringen-tankt\/<\/strong><\/div>\n<\/div>\n<\/div>\n<\/div>\n<\/div>\n","protected":false},"excerpt":{"rendered":"<p>Det l\u00e5ter som en magnifik ironi. Men att Sveriges klimatomst\u00e4llning hotas av bristen p\u00e5 utsl\u00e4ppsfri el \u00e4r ett alltmer obestridligt faktum. Det \u00e4r som om energiministern och milj\u00f6ministern aldrig har tr\u00e4ffat varandra. Vi har nyligen f\u00e5tt ytterligare exempel p\u00e5 hur klimatomst\u00e4llningen hotas av bristen p\u00e5 el och p\u00e5 fungerande eln\u00e4t. Gruvj\u00e4tten LKAB har presenterat planer <a class=\"read-more-link\" href=\"https:\/\/wp.kristdemokraterna.se\/hudiksvall\/var-ska-elen-komma-fran\/\">L\u00e4s mer<\/a><\/p>\n","protected":false},"author":906,"featured_media":0,"comment_status":"closed","ping_status":"closed","sticky":false,"template":"","format":"standard","meta":{"_acf_changed":false,"footnotes":""},"categories":[10,3],"tags":[],"class_list":["post-522","post","type-post","status-publish","format-standard","hentry","category-nyheter","category-var-politik"],"acf":[],"yoast_head":"<!-- This site is optimized with the Yoast SEO plugin v27.4 - https:\/\/yoast.com\/product\/yoast-seo-wordpress\/ -->\n<title>Var ska elen komma fr\u00e5n - Kristdemokraterna i Hudiksvall<\/title>\n<meta name=\"robots\" content=\"index, follow, max-snippet:-1, max-image-preview:large, max-video-preview:-1\" \/>\n<link rel=\"canonical\" href=\"https:\/\/wp.kristdemokraterna.se\/hudiksvall\/var-ska-elen-komma-fran\/\" \/>\n<meta property=\"og:locale\" content=\"sv_SE\" \/>\n<meta property=\"og:type\" content=\"article\" \/>\n<meta property=\"og:title\" content=\"Var ska elen komma fr\u00e5n - Kristdemokraterna i Hudiksvall\" \/>\n<meta property=\"og:description\" content=\"Det l\u00e5ter som en magnifik ironi. Men att Sveriges klimatomst\u00e4llning hotas av bristen p\u00e5 utsl\u00e4ppsfri el \u00e4r ett alltmer obestridligt faktum. Det \u00e4r som om energiministern och milj\u00f6ministern aldrig har tr\u00e4ffat varandra. Vi har nyligen f\u00e5tt ytterligare exempel p\u00e5 hur klimatomst\u00e4llningen hotas av bristen p\u00e5 el och p\u00e5 fungerande eln\u00e4t. Gruvj\u00e4tten LKAB har presenterat planer L\u00e4s mer\" \/>\n<meta property=\"og:url\" content=\"https:\/\/wp.kristdemokraterna.se\/hudiksvall\/var-ska-elen-komma-fran\/\" \/>\n<meta property=\"og:site_name\" content=\"Kristdemokraterna i Hudiksvall\" \/>\n<meta property=\"article:published_time\" content=\"2020-12-15T12:22:58+00:00\" \/>\n<meta property=\"article:modified_time\" content=\"2021-04-19T10:45:48+00:00\" \/>\n<meta name=\"author\" content=\"bergqvist\" \/>\n<meta name=\"twitter:card\" content=\"summary_large_image\" \/>\n<meta name=\"twitter:label1\" content=\"Skriven av\" \/>\n\t<meta name=\"twitter:data1\" content=\"bergqvist\" \/>\n\t<meta name=\"twitter:label2\" content=\"Ber\u00e4knad l\u00e4stid\" \/>\n\t<meta name=\"twitter:data2\" content=\"1 minut\" \/>\n<script type=\"application\/ld+json\" class=\"yoast-schema-graph\">{\"@context\":\"https:\\\/\\\/schema.org\",\"@graph\":[{\"@type\":\"Article\",\"@id\":\"https:\\\/\\\/wp.kristdemokraterna.se\\\/hudiksvall\\\/var-ska-elen-komma-fran\\\/#article\",\"isPartOf\":{\"@id\":\"https:\\\/\\\/wp.kristdemokraterna.se\\\/hudiksvall\\\/var-ska-elen-komma-fran\\\/\"},\"author\":{\"name\":\"bergqvist\",\"@id\":\"https:\\\/\\\/wp.kristdemokraterna.se\\\/hudiksvall\\\/#\\\/schema\\\/person\\\/acbf13bb35b3e7155279432a06486ac1\"},\"headline\":\"Var ska elen komma fr\u00e5n\",\"datePublished\":\"2020-12-15T12:22:58+00:00\",\"dateModified\":\"2021-04-19T10:45:48+00:00\",\"mainEntityOfPage\":{\"@id\":\"https:\\\/\\\/wp.kristdemokraterna.se\\\/hudiksvall\\\/var-ska-elen-komma-fran\\\/\"},\"wordCount\":281,\"articleSection\":[\"Nyheter\",\"V\u00e5r politik\"],\"inLanguage\":\"sv-SE\"},{\"@type\":\"WebPage\",\"@id\":\"https:\\\/\\\/wp.kristdemokraterna.se\\\/hudiksvall\\\/var-ska-elen-komma-fran\\\/\",\"url\":\"https:\\\/\\\/wp.kristdemokraterna.se\\\/hudiksvall\\\/var-ska-elen-komma-fran\\\/\",\"name\":\"Var ska elen komma fr\u00e5n - Kristdemokraterna i Hudiksvall\",\"isPartOf\":{\"@id\":\"https:\\\/\\\/wp.kristdemokraterna.se\\\/hudiksvall\\\/#website\"},\"datePublished\":\"2020-12-15T12:22:58+00:00\",\"dateModified\":\"2021-04-19T10:45:48+00:00\",\"author\":{\"@id\":\"https:\\\/\\\/wp.kristdemokraterna.se\\\/hudiksvall\\\/#\\\/schema\\\/person\\\/acbf13bb35b3e7155279432a06486ac1\"},\"breadcrumb\":{\"@id\":\"https:\\\/\\\/wp.kristdemokraterna.se\\\/hudiksvall\\\/var-ska-elen-komma-fran\\\/#breadcrumb\"},\"inLanguage\":\"sv-SE\",\"potentialAction\":[{\"@type\":\"ReadAction\",\"target\":[\"https:\\\/\\\/wp.kristdemokraterna.se\\\/hudiksvall\\\/var-ska-elen-komma-fran\\\/\"]}]},{\"@type\":\"BreadcrumbList\",\"@id\":\"https:\\\/\\\/wp.kristdemokraterna.se\\\/hudiksvall\\\/var-ska-elen-komma-fran\\\/#breadcrumb\",\"itemListElement\":[{\"@type\":\"ListItem\",\"position\":1,\"name\":\"Hem\",\"item\":\"https:\\\/\\\/wp.kristdemokraterna.se\\\/hudiksvall\\\/\"},{\"@type\":\"ListItem\",\"position\":2,\"name\":\"Var ska elen komma fr\u00e5n\"}]},{\"@type\":\"WebSite\",\"@id\":\"https:\\\/\\\/wp.kristdemokraterna.se\\\/hudiksvall\\\/#website\",\"url\":\"https:\\\/\\\/wp.kristdemokraterna.se\\\/hudiksvall\\\/\",\"name\":\"Kristdemokraterna i Hudiksvall\",\"description\":\"En till Kristdemokraterna webbplats\",\"inLanguage\":\"sv-SE\"},{\"@type\":\"Person\",\"@id\":\"https:\\\/\\\/wp.kristdemokraterna.se\\\/hudiksvall\\\/#\\\/schema\\\/person\\\/acbf13bb35b3e7155279432a06486ac1\",\"name\":\"bergqvist\",\"image\":{\"@type\":\"ImageObject\",\"inLanguage\":\"sv-SE\",\"@id\":\"https:\\\/\\\/secure.gravatar.com\\\/avatar\\\/73e9760e5b10726f3cc74848e275673f98864594d1447f2cdb492b4a78978923?s=96&d=mm&r=g\",\"url\":\"https:\\\/\\\/secure.gravatar.com\\\/avatar\\\/73e9760e5b10726f3cc74848e275673f98864594d1447f2cdb492b4a78978923?s=96&d=mm&r=g\",\"contentUrl\":\"https:\\\/\\\/secure.gravatar.com\\\/avatar\\\/73e9760e5b10726f3cc74848e275673f98864594d1447f2cdb492b4a78978923?s=96&d=mm&r=g\",\"caption\":\"bergqvist\"},\"description\":\"Jobbar som busschauff\u00f6r i Hudiksvall och trivs v\u00e4ldigt bra med det. Politik \u00e4r n\u00e5got som alltid funnits i mitt liv men k\u00e4nner jag hittat r\u00e4tt n\u00e4r jag kom till Kristdemokraterna. F\u00f6retags fr\u00e5gor kommer vara mitt omr\u00e5de och trivs jag mycket bra efter att jag bland annat drivit eget f\u00f6retag i m\u00e5nga \u00e5r.\",\"sameAs\":[\"https:\\\/\\\/www.linkedin.com\\\/in\\\/gran-bergqvist-5925aa16\\\/\"],\"url\":\"https:\\\/\\\/wp.kristdemokraterna.se\\\/hudiksvall\\\/author\\\/bergqvist\\\/\"}]}<\/script>\n<!-- \/ Yoast SEO plugin. -->","yoast_head_json":{"title":"Var ska elen komma fr\u00e5n - Kristdemokraterna i Hudiksvall","robots":{"index":"index","follow":"follow","max-snippet":"max-snippet:-1","max-image-preview":"max-image-preview:large","max-video-preview":"max-video-preview:-1"},"canonical":"https:\/\/wp.kristdemokraterna.se\/hudiksvall\/var-ska-elen-komma-fran\/","og_locale":"sv_SE","og_type":"article","og_title":"Var ska elen komma fr\u00e5n - Kristdemokraterna i Hudiksvall","og_description":"Det l\u00e5ter som en magnifik ironi. Men att Sveriges klimatomst\u00e4llning hotas av bristen p\u00e5 utsl\u00e4ppsfri el \u00e4r ett alltmer obestridligt faktum. Det \u00e4r som om energiministern och milj\u00f6ministern aldrig har tr\u00e4ffat varandra. Vi har nyligen f\u00e5tt ytterligare exempel p\u00e5 hur klimatomst\u00e4llningen hotas av bristen p\u00e5 el och p\u00e5 fungerande eln\u00e4t. Gruvj\u00e4tten LKAB har presenterat planer L\u00e4s mer","og_url":"https:\/\/wp.kristdemokraterna.se\/hudiksvall\/var-ska-elen-komma-fran\/","og_site_name":"Kristdemokraterna i Hudiksvall","article_published_time":"2020-12-15T12:22:58+00:00","article_modified_time":"2021-04-19T10:45:48+00:00","author":"bergqvist","twitter_card":"summary_large_image","twitter_misc":{"Skriven av":"bergqvist","Ber\u00e4knad l\u00e4stid":"1 minut"},"schema":{"@context":"https:\/\/schema.org","@graph":[{"@type":"Article","@id":"https:\/\/wp.kristdemokraterna.se\/hudiksvall\/var-ska-elen-komma-fran\/#article","isPartOf":{"@id":"https:\/\/wp.kristdemokraterna.se\/hudiksvall\/var-ska-elen-komma-fran\/"},"author":{"name":"bergqvist","@id":"https:\/\/wp.kristdemokraterna.se\/hudiksvall\/#\/schema\/person\/acbf13bb35b3e7155279432a06486ac1"},"headline":"Var ska elen komma fr\u00e5n","datePublished":"2020-12-15T12:22:58+00:00","dateModified":"2021-04-19T10:45:48+00:00","mainEntityOfPage":{"@id":"https:\/\/wp.kristdemokraterna.se\/hudiksvall\/var-ska-elen-komma-fran\/"},"wordCount":281,"articleSection":["Nyheter","V\u00e5r politik"],"inLanguage":"sv-SE"},{"@type":"WebPage","@id":"https:\/\/wp.kristdemokraterna.se\/hudiksvall\/var-ska-elen-komma-fran\/","url":"https:\/\/wp.kristdemokraterna.se\/hudiksvall\/var-ska-elen-komma-fran\/","name":"Var ska elen komma fr\u00e5n - Kristdemokraterna i Hudiksvall","isPartOf":{"@id":"https:\/\/wp.kristdemokraterna.se\/hudiksvall\/#website"},"datePublished":"2020-12-15T12:22:58+00:00","dateModified":"2021-04-19T10:45:48+00:00","author":{"@id":"https:\/\/wp.kristdemokraterna.se\/hudiksvall\/#\/schema\/person\/acbf13bb35b3e7155279432a06486ac1"},"breadcrumb":{"@id":"https:\/\/wp.kristdemokraterna.se\/hudiksvall\/var-ska-elen-komma-fran\/#breadcrumb"},"inLanguage":"sv-SE","potentialAction":[{"@type":"ReadAction","target":["https:\/\/wp.kristdemokraterna.se\/hudiksvall\/var-ska-elen-komma-fran\/"]}]},{"@type":"BreadcrumbList","@id":"https:\/\/wp.kristdemokraterna.se\/hudiksvall\/var-ska-elen-komma-fran\/#breadcrumb","itemListElement":[{"@type":"ListItem","position":1,"name":"Hem","item":"https:\/\/wp.kristdemokraterna.se\/hudiksvall\/"},{"@type":"ListItem","position":2,"name":"Var ska elen komma fr\u00e5n"}]},{"@type":"WebSite","@id":"https:\/\/wp.kristdemokraterna.se\/hudiksvall\/#website","url":"https:\/\/wp.kristdemokraterna.se\/hudiksvall\/","name":"Kristdemokraterna i Hudiksvall","description":"En till Kristdemokraterna webbplats","inLanguage":"sv-SE"},{"@type":"Person","@id":"https:\/\/wp.kristdemokraterna.se\/hudiksvall\/#\/schema\/person\/acbf13bb35b3e7155279432a06486ac1","name":"bergqvist","image":{"@type":"ImageObject","inLanguage":"sv-SE","@id":"https:\/\/secure.gravatar.com\/avatar\/73e9760e5b10726f3cc74848e275673f98864594d1447f2cdb492b4a78978923?s=96&d=mm&r=g","url":"https:\/\/secure.gravatar.com\/avatar\/73e9760e5b10726f3cc74848e275673f98864594d1447f2cdb492b4a78978923?s=96&d=mm&r=g","contentUrl":"https:\/\/secure.gravatar.com\/avatar\/73e9760e5b10726f3cc74848e275673f98864594d1447f2cdb492b4a78978923?s=96&d=mm&r=g","caption":"bergqvist"},"description":"Jobbar som busschauff\u00f6r i Hudiksvall och trivs v\u00e4ldigt bra med det. Politik \u00e4r n\u00e5got som alltid funnits i mitt liv men k\u00e4nner jag hittat r\u00e4tt n\u00e4r jag kom till Kristdemokraterna. F\u00f6retags fr\u00e5gor kommer vara mitt omr\u00e5de och trivs jag mycket bra efter att jag bland annat drivit eget f\u00f6retag i m\u00e5nga \u00e5r.","sameAs":["https:\/\/www.linkedin.com\/in\/gran-bergqvist-5925aa16\/"],"url":"https:\/\/wp.kristdemokraterna.se\/hudiksvall\/author\/bergqvist\/"}]}},"_links":{"self":[{"href":"https:\/\/wp.kristdemokraterna.se\/hudiksvall\/wp-json\/wp\/v2\/posts\/522","targetHints":{"allow":["GET"]}}],"collection":[{"href":"https:\/\/wp.kristdemokraterna.se\/hudiksvall\/wp-json\/wp\/v2\/posts"}],"about":[{"href":"https:\/\/wp.kristdemokraterna.se\/hudiksvall\/wp-json\/wp\/v2\/types\/post"}],"author":[{"embeddable":true,"href":"https:\/\/wp.kristdemokraterna.se\/hudiksvall\/wp-json\/wp\/v2\/users\/906"}],"replies":[{"embeddable":true,"href":"https:\/\/wp.kristdemokraterna.se\/hudiksvall\/wp-json\/wp\/v2\/comments?post=522"}],"version-history":[{"count":1,"href":"https:\/\/wp.kristdemokraterna.se\/hudiksvall\/wp-json\/wp\/v2\/posts\/522\/revisions"}],"predecessor-version":[{"id":523,"href":"https:\/\/wp.kristdemokraterna.se\/hudiksvall\/wp-json\/wp\/v2\/posts\/522\/revisions\/523"}],"wp:attachment":[{"href":"https:\/\/wp.kristdemokraterna.se\/hudiksvall\/wp-json\/wp\/v2\/media?parent=522"}],"wp:term":[{"taxonomy":"category","embeddable":true,"href":"https:\/\/wp.kristdemokraterna.se\/hudiksvall\/wp-json\/wp\/v2\/categories?post=522"},{"taxonomy":"post_tag","embeddable":true,"href":"https:\/\/wp.kristdemokraterna.se\/hudiksvall\/wp-json\/wp\/v2\/tags?post=522"}],"curies":[{"name":"wp","href":"https:\/\/api.w.org\/{rel}","templated":true}]}}