{"id":895,"date":"2021-12-15T10:11:26","date_gmt":"2021-12-15T09:11:26","guid":{"rendered":"https:\/\/wp.kristdemokraterna.se\/hudiksvall\/?p=895"},"modified":"2021-12-15T10:11:26","modified_gmt":"2021-12-15T09:11:26","slug":"hur-skots-kommunens-lokaler-ur-ett-arbetsmiljo-och-sakerhetsperspektiv","status":"publish","type":"post","link":"https:\/\/wp.kristdemokraterna.se\/hudiksvall\/hur-skots-kommunens-lokaler-ur-ett-arbetsmiljo-och-sakerhetsperspektiv\/","title":{"rendered":"Hur sk\u00f6ts kommunens lokaler ur ett arbetsmilj\u00f6-och s\u00e4kerhetsperspektiv?"},"content":{"rendered":"<p><a href=\"http:\/\/wp.kristdemokraterna.se\/hudiksvall\/files\/2021\/12\/interpellation-arbetsmiljo\u0308n-1.pdf\">Interpellation arbetsmiljo\u0308n-1<\/a><\/p>\n","protected":false},"excerpt":{"rendered":"<p>Interpellation arbetsmiljo\u0308n-1<\/p>\n","protected":false},"author":906,"featured_media":0,"comment_status":"closed","ping_status":"closed","sticky":false,"template":"","format":"standard","meta":{"_acf_changed":false,"footnotes":""},"categories":[10],"tags":[],"class_list":["post-895","post","type-post","status-publish","format-standard","hentry","category-nyheter"],"acf":[],"yoast_head":"<!-- This site is optimized with the Yoast SEO plugin v27.5 - https:\/\/yoast.com\/product\/yoast-seo-wordpress\/ -->\n<title>Hur sk\u00f6ts kommunens lokaler ur ett arbetsmilj\u00f6-och s\u00e4kerhetsperspektiv? - Kristdemokraterna i Hudiksvall<\/title>\n<meta name=\"robots\" content=\"index, follow, max-snippet:-1, max-image-preview:large, max-video-preview:-1\" \/>\n<link rel=\"canonical\" href=\"https:\/\/wp.kristdemokraterna.se\/hudiksvall\/hur-skots-kommunens-lokaler-ur-ett-arbetsmiljo-och-sakerhetsperspektiv\/\" \/>\n<meta property=\"og:locale\" content=\"sv_SE\" \/>\n<meta property=\"og:type\" content=\"article\" \/>\n<meta property=\"og:title\" content=\"Hur sk\u00f6ts kommunens lokaler ur ett arbetsmilj\u00f6-och s\u00e4kerhetsperspektiv? - Kristdemokraterna i Hudiksvall\" \/>\n<meta property=\"og:description\" content=\"Interpellation arbetsmiljo\u0308n-1\" \/>\n<meta property=\"og:url\" content=\"https:\/\/wp.kristdemokraterna.se\/hudiksvall\/hur-skots-kommunens-lokaler-ur-ett-arbetsmiljo-och-sakerhetsperspektiv\/\" \/>\n<meta property=\"og:site_name\" content=\"Kristdemokraterna i Hudiksvall\" \/>\n<meta property=\"article:published_time\" content=\"2021-12-15T09:11:26+00:00\" \/>\n<meta name=\"author\" content=\"bergqvist\" \/>\n<meta name=\"twitter:card\" content=\"summary_large_image\" \/>\n<meta name=\"twitter:label1\" content=\"Skriven av\" \/>\n\t<meta name=\"twitter:data1\" content=\"bergqvist\" \/>\n\t<meta name=\"twitter:label2\" content=\"Ber\u00e4knad l\u00e4stid\" \/>\n\t<meta name=\"twitter:data2\" content=\"1 minut\" \/>\n<script type=\"application\/ld+json\" class=\"yoast-schema-graph\">{\"@context\":\"https:\\\/\\\/schema.org\",\"@graph\":[{\"@type\":\"Article\",\"@id\":\"https:\\\/\\\/wp.kristdemokraterna.se\\\/hudiksvall\\\/hur-skots-kommunens-lokaler-ur-ett-arbetsmiljo-och-sakerhetsperspektiv\\\/#article\",\"isPartOf\":{\"@id\":\"https:\\\/\\\/wp.kristdemokraterna.se\\\/hudiksvall\\\/hur-skots-kommunens-lokaler-ur-ett-arbetsmiljo-och-sakerhetsperspektiv\\\/\"},\"author\":{\"name\":\"bergqvist\",\"@id\":\"https:\\\/\\\/wp.kristdemokraterna.se\\\/hudiksvall\\\/#\\\/schema\\\/person\\\/acbf13bb35b3e7155279432a06486ac1\"},\"headline\":\"Hur sk\u00f6ts kommunens lokaler ur ett arbetsmilj\u00f6-och s\u00e4kerhetsperspektiv?\",\"datePublished\":\"2021-12-15T09:11:26+00:00\",\"mainEntityOfPage\":{\"@id\":\"https:\\\/\\\/wp.kristdemokraterna.se\\\/hudiksvall\\\/hur-skots-kommunens-lokaler-ur-ett-arbetsmiljo-och-sakerhetsperspektiv\\\/\"},\"wordCount\":14,\"articleSection\":[\"Nyheter\"],\"inLanguage\":\"sv-SE\"},{\"@type\":\"WebPage\",\"@id\":\"https:\\\/\\\/wp.kristdemokraterna.se\\\/hudiksvall\\\/hur-skots-kommunens-lokaler-ur-ett-arbetsmiljo-och-sakerhetsperspektiv\\\/\",\"url\":\"https:\\\/\\\/wp.kristdemokraterna.se\\\/hudiksvall\\\/hur-skots-kommunens-lokaler-ur-ett-arbetsmiljo-och-sakerhetsperspektiv\\\/\",\"name\":\"Hur sk\u00f6ts kommunens lokaler ur ett arbetsmilj\u00f6-och s\u00e4kerhetsperspektiv? - Kristdemokraterna i Hudiksvall\",\"isPartOf\":{\"@id\":\"https:\\\/\\\/wp.kristdemokraterna.se\\\/hudiksvall\\\/#website\"},\"datePublished\":\"2021-12-15T09:11:26+00:00\",\"author\":{\"@id\":\"https:\\\/\\\/wp.kristdemokraterna.se\\\/hudiksvall\\\/#\\\/schema\\\/person\\\/acbf13bb35b3e7155279432a06486ac1\"},\"breadcrumb\":{\"@id\":\"https:\\\/\\\/wp.kristdemokraterna.se\\\/hudiksvall\\\/hur-skots-kommunens-lokaler-ur-ett-arbetsmiljo-och-sakerhetsperspektiv\\\/#breadcrumb\"},\"inLanguage\":\"sv-SE\",\"potentialAction\":[{\"@type\":\"ReadAction\",\"target\":[\"https:\\\/\\\/wp.kristdemokraterna.se\\\/hudiksvall\\\/hur-skots-kommunens-lokaler-ur-ett-arbetsmiljo-och-sakerhetsperspektiv\\\/\"]}]},{\"@type\":\"BreadcrumbList\",\"@id\":\"https:\\\/\\\/wp.kristdemokraterna.se\\\/hudiksvall\\\/hur-skots-kommunens-lokaler-ur-ett-arbetsmiljo-och-sakerhetsperspektiv\\\/#breadcrumb\",\"itemListElement\":[{\"@type\":\"ListItem\",\"position\":1,\"name\":\"Hem\",\"item\":\"https:\\\/\\\/wp.kristdemokraterna.se\\\/hudiksvall\\\/\"},{\"@type\":\"ListItem\",\"position\":2,\"name\":\"Hur sk\u00f6ts kommunens lokaler ur ett arbetsmilj\u00f6-och s\u00e4kerhetsperspektiv?\"}]},{\"@type\":\"WebSite\",\"@id\":\"https:\\\/\\\/wp.kristdemokraterna.se\\\/hudiksvall\\\/#website\",\"url\":\"https:\\\/\\\/wp.kristdemokraterna.se\\\/hudiksvall\\\/\",\"name\":\"Kristdemokraterna i Hudiksvall\",\"description\":\"En till Kristdemokraterna webbplats\",\"inLanguage\":\"sv-SE\"},{\"@type\":\"Person\",\"@id\":\"https:\\\/\\\/wp.kristdemokraterna.se\\\/hudiksvall\\\/#\\\/schema\\\/person\\\/acbf13bb35b3e7155279432a06486ac1\",\"name\":\"bergqvist\",\"image\":{\"@type\":\"ImageObject\",\"inLanguage\":\"sv-SE\",\"@id\":\"https:\\\/\\\/secure.gravatar.com\\\/avatar\\\/73e9760e5b10726f3cc74848e275673f98864594d1447f2cdb492b4a78978923?s=96&d=mm&r=g\",\"url\":\"https:\\\/\\\/secure.gravatar.com\\\/avatar\\\/73e9760e5b10726f3cc74848e275673f98864594d1447f2cdb492b4a78978923?s=96&d=mm&r=g\",\"contentUrl\":\"https:\\\/\\\/secure.gravatar.com\\\/avatar\\\/73e9760e5b10726f3cc74848e275673f98864594d1447f2cdb492b4a78978923?s=96&d=mm&r=g\",\"caption\":\"bergqvist\"},\"description\":\"Jobbar som busschauff\u00f6r i Hudiksvall och trivs v\u00e4ldigt bra med det. Politik \u00e4r n\u00e5got som alltid funnits i mitt liv men k\u00e4nner jag hittat r\u00e4tt n\u00e4r jag kom till Kristdemokraterna. F\u00f6retags fr\u00e5gor kommer vara mitt omr\u00e5de och trivs jag mycket bra efter att jag bland annat drivit eget f\u00f6retag i m\u00e5nga \u00e5r.\",\"sameAs\":[\"https:\\\/\\\/www.linkedin.com\\\/in\\\/gran-bergqvist-5925aa16\\\/\"],\"url\":\"https:\\\/\\\/wp.kristdemokraterna.se\\\/hudiksvall\\\/author\\\/bergqvist\\\/\"}]}<\/script>\n<!-- \/ Yoast SEO plugin. -->","yoast_head_json":{"title":"Hur sk\u00f6ts kommunens lokaler ur ett arbetsmilj\u00f6-och s\u00e4kerhetsperspektiv? - Kristdemokraterna i Hudiksvall","robots":{"index":"index","follow":"follow","max-snippet":"max-snippet:-1","max-image-preview":"max-image-preview:large","max-video-preview":"max-video-preview:-1"},"canonical":"https:\/\/wp.kristdemokraterna.se\/hudiksvall\/hur-skots-kommunens-lokaler-ur-ett-arbetsmiljo-och-sakerhetsperspektiv\/","og_locale":"sv_SE","og_type":"article","og_title":"Hur sk\u00f6ts kommunens lokaler ur ett arbetsmilj\u00f6-och s\u00e4kerhetsperspektiv? - Kristdemokraterna i Hudiksvall","og_description":"Interpellation arbetsmiljo\u0308n-1","og_url":"https:\/\/wp.kristdemokraterna.se\/hudiksvall\/hur-skots-kommunens-lokaler-ur-ett-arbetsmiljo-och-sakerhetsperspektiv\/","og_site_name":"Kristdemokraterna i Hudiksvall","article_published_time":"2021-12-15T09:11:26+00:00","author":"bergqvist","twitter_card":"summary_large_image","twitter_misc":{"Skriven av":"bergqvist","Ber\u00e4knad l\u00e4stid":"1 minut"},"schema":{"@context":"https:\/\/schema.org","@graph":[{"@type":"Article","@id":"https:\/\/wp.kristdemokraterna.se\/hudiksvall\/hur-skots-kommunens-lokaler-ur-ett-arbetsmiljo-och-sakerhetsperspektiv\/#article","isPartOf":{"@id":"https:\/\/wp.kristdemokraterna.se\/hudiksvall\/hur-skots-kommunens-lokaler-ur-ett-arbetsmiljo-och-sakerhetsperspektiv\/"},"author":{"name":"bergqvist","@id":"https:\/\/wp.kristdemokraterna.se\/hudiksvall\/#\/schema\/person\/acbf13bb35b3e7155279432a06486ac1"},"headline":"Hur sk\u00f6ts kommunens lokaler ur ett arbetsmilj\u00f6-och s\u00e4kerhetsperspektiv?","datePublished":"2021-12-15T09:11:26+00:00","mainEntityOfPage":{"@id":"https:\/\/wp.kristdemokraterna.se\/hudiksvall\/hur-skots-kommunens-lokaler-ur-ett-arbetsmiljo-och-sakerhetsperspektiv\/"},"wordCount":14,"articleSection":["Nyheter"],"inLanguage":"sv-SE"},{"@type":"WebPage","@id":"https:\/\/wp.kristdemokraterna.se\/hudiksvall\/hur-skots-kommunens-lokaler-ur-ett-arbetsmiljo-och-sakerhetsperspektiv\/","url":"https:\/\/wp.kristdemokraterna.se\/hudiksvall\/hur-skots-kommunens-lokaler-ur-ett-arbetsmiljo-och-sakerhetsperspektiv\/","name":"Hur sk\u00f6ts kommunens lokaler ur ett arbetsmilj\u00f6-och s\u00e4kerhetsperspektiv? - Kristdemokraterna i Hudiksvall","isPartOf":{"@id":"https:\/\/wp.kristdemokraterna.se\/hudiksvall\/#website"},"datePublished":"2021-12-15T09:11:26+00:00","author":{"@id":"https:\/\/wp.kristdemokraterna.se\/hudiksvall\/#\/schema\/person\/acbf13bb35b3e7155279432a06486ac1"},"breadcrumb":{"@id":"https:\/\/wp.kristdemokraterna.se\/hudiksvall\/hur-skots-kommunens-lokaler-ur-ett-arbetsmiljo-och-sakerhetsperspektiv\/#breadcrumb"},"inLanguage":"sv-SE","potentialAction":[{"@type":"ReadAction","target":["https:\/\/wp.kristdemokraterna.se\/hudiksvall\/hur-skots-kommunens-lokaler-ur-ett-arbetsmiljo-och-sakerhetsperspektiv\/"]}]},{"@type":"BreadcrumbList","@id":"https:\/\/wp.kristdemokraterna.se\/hudiksvall\/hur-skots-kommunens-lokaler-ur-ett-arbetsmiljo-och-sakerhetsperspektiv\/#breadcrumb","itemListElement":[{"@type":"ListItem","position":1,"name":"Hem","item":"https:\/\/wp.kristdemokraterna.se\/hudiksvall\/"},{"@type":"ListItem","position":2,"name":"Hur sk\u00f6ts kommunens lokaler ur ett arbetsmilj\u00f6-och s\u00e4kerhetsperspektiv?"}]},{"@type":"WebSite","@id":"https:\/\/wp.kristdemokraterna.se\/hudiksvall\/#website","url":"https:\/\/wp.kristdemokraterna.se\/hudiksvall\/","name":"Kristdemokraterna i Hudiksvall","description":"En till Kristdemokraterna webbplats","inLanguage":"sv-SE"},{"@type":"Person","@id":"https:\/\/wp.kristdemokraterna.se\/hudiksvall\/#\/schema\/person\/acbf13bb35b3e7155279432a06486ac1","name":"bergqvist","image":{"@type":"ImageObject","inLanguage":"sv-SE","@id":"https:\/\/secure.gravatar.com\/avatar\/73e9760e5b10726f3cc74848e275673f98864594d1447f2cdb492b4a78978923?s=96&d=mm&r=g","url":"https:\/\/secure.gravatar.com\/avatar\/73e9760e5b10726f3cc74848e275673f98864594d1447f2cdb492b4a78978923?s=96&d=mm&r=g","contentUrl":"https:\/\/secure.gravatar.com\/avatar\/73e9760e5b10726f3cc74848e275673f98864594d1447f2cdb492b4a78978923?s=96&d=mm&r=g","caption":"bergqvist"},"description":"Jobbar som busschauff\u00f6r i Hudiksvall och trivs v\u00e4ldigt bra med det. Politik \u00e4r n\u00e5got som alltid funnits i mitt liv men k\u00e4nner jag hittat r\u00e4tt n\u00e4r jag kom till Kristdemokraterna. F\u00f6retags fr\u00e5gor kommer vara mitt omr\u00e5de och trivs jag mycket bra efter att jag bland annat drivit eget f\u00f6retag i m\u00e5nga \u00e5r.","sameAs":["https:\/\/www.linkedin.com\/in\/gran-bergqvist-5925aa16\/"],"url":"https:\/\/wp.kristdemokraterna.se\/hudiksvall\/author\/bergqvist\/"}]}},"_links":{"self":[{"href":"https:\/\/wp.kristdemokraterna.se\/hudiksvall\/wp-json\/wp\/v2\/posts\/895","targetHints":{"allow":["GET"]}}],"collection":[{"href":"https:\/\/wp.kristdemokraterna.se\/hudiksvall\/wp-json\/wp\/v2\/posts"}],"about":[{"href":"https:\/\/wp.kristdemokraterna.se\/hudiksvall\/wp-json\/wp\/v2\/types\/post"}],"author":[{"embeddable":true,"href":"https:\/\/wp.kristdemokraterna.se\/hudiksvall\/wp-json\/wp\/v2\/users\/906"}],"replies":[{"embeddable":true,"href":"https:\/\/wp.kristdemokraterna.se\/hudiksvall\/wp-json\/wp\/v2\/comments?post=895"}],"version-history":[{"count":1,"href":"https:\/\/wp.kristdemokraterna.se\/hudiksvall\/wp-json\/wp\/v2\/posts\/895\/revisions"}],"predecessor-version":[{"id":896,"href":"https:\/\/wp.kristdemokraterna.se\/hudiksvall\/wp-json\/wp\/v2\/posts\/895\/revisions\/896"}],"wp:attachment":[{"href":"https:\/\/wp.kristdemokraterna.se\/hudiksvall\/wp-json\/wp\/v2\/media?parent=895"}],"wp:term":[{"taxonomy":"category","embeddable":true,"href":"https:\/\/wp.kristdemokraterna.se\/hudiksvall\/wp-json\/wp\/v2\/categories?post=895"},{"taxonomy":"post_tag","embeddable":true,"href":"https:\/\/wp.kristdemokraterna.se\/hudiksvall\/wp-json\/wp\/v2\/tags?post=895"}],"curies":[{"name":"wp","href":"https:\/\/api.w.org\/{rel}","templated":true}]}}