{"id":10,"count":1,"description":"<strong>Efter flera samlingar under v\u00e5ren med KD\u00b4s kommunkandidater har vi enats om f\u00f6ljande huvudfr\u00e5gor i kommunvalet 2022 <\/strong>\r\n\r\n&nbsp;\r\n<ul>\r\n \t<li>Vi \u00e4r redo att arbeta f\u00f6r en <strong>\u00e4ldreboendegaranti<\/strong>. Vi vill skapa trygghet inf\u00f6r att man blir \u00e4ldre. V\u00e5rt m\u00e5l \u00e4r att alla \u00f6ver 85 \u00e5r, som vill, ska garanteras en plats i anpassat boende, i trygghetsboende eller s\u00e4rskilt boende.<\/li>\r\n<\/ul>\r\n&nbsp;\r\n<ul>\r\n \t<li>Vi \u00e4r redo att <strong>f\u00f6rsvara v\u00e5ra skolor och elevers r\u00e4tt att v\u00e4lja skola.<\/strong> Kommunala och enskild drivna skolor ska ges likv\u00e4rdiga f\u00f6ruts\u00e4ttningar, s\u00e5v\u00e4l ekonomiskt som verksamhetsm\u00e4ssigt.<\/li>\r\n<\/ul>\r\n&nbsp;\r\n<ul>\r\n \t<li>Vi \u00e4r redo att f\u00f6rsvara s\u00e5v\u00e4l boendemilj\u00f6er som naturen. D\u00e4rf\u00f6r vill vi att kommunen ska beh\u00e5lla en klar och <strong>kritisk h\u00e5llning till ny vindkraft.<\/strong><\/li>\r\n<\/ul>\r\n&nbsp;\r\n<ul>\r\n \t<li>Vi \u00e4r redo att lyfta fram v\u00e5rt behov av <strong>sj\u00e4lvf\u00f6rs\u00f6rjning av livsmedel och energi<\/strong>. D\u00e4rf\u00f6r b\u00f6r kommunen ha en klar linje gentemot staten d\u00e4r vi lyfter fram jord- och skogsbrukets behov f\u00f6r att kunna bli framg\u00e5ngsrika. Kommunalt b\u00f6r vi st\u00e4lla krav p\u00e5 n\u00e4rodlat och att t ex elever ska kunna bes\u00f6ka de g\u00e5rdar varifr\u00e5n livsmedel levereras f\u00f6r skolm\u00e5ltider.<\/li>\r\n<\/ul>\r\n&nbsp;\r\n<ul>\r\n \t<li>Vi \u00e4r redo att genomf\u00f6ra en <strong>servicegaranti gentemot medborgare och f\u00f6retag<\/strong>. Det g\u00e4ller att i all kommunal verksamhet ha ett tydligt fokus p\u00e5 f\u00f6retagen och medborgarnas behov av snabba, enkla och tydliga besked g\u00e4llande t ex bygglov, tillsynsbesked och svar g\u00e4llande hemtj\u00e4nst och \u00e4ldreboenden.<\/li>\r\n<\/ul>\r\n&nbsp;\r\n<ul>\r\n \t<li>Vi \u00e4r redo att lyfta upp behovet av tydliga insatser som ger ungdomar i v\u00e5r kommun meningsfull fritid. F\u00f6rutom fortsatt st\u00f6d till f\u00f6reningsaktiva vill vi <strong>ge f\u00f6reningar kommunalt st\u00f6d f\u00f6r att \u00f6ppna fritidsg\u00e5rdar<\/strong> p\u00e5 de orter i kommunen som idag saknar detta.<\/li>\r\n<\/ul>\r\n&nbsp;\r\n<ul>\r\n \t<li>Vi \u00e4r redo att ytterligare \u00f6ka kommunens aktiviteter tillsammans med polisen f\u00f6r att <strong>bek\u00e4mpa brottslighet och st\u00f6lder<\/strong>. Den organiserade brottsligheten och droghandeln m\u00e5ste f\u00e5 ett slut. Dieselst\u00f6lder och annan brottslighet p\u00e5 g\u00e5rdar och i villakvarter f\u00e5r aldrig bli det nya normala i v\u00e5r kommun.<\/li>\r\n<\/ul>","link":"https:\/\/wp.kristdemokraterna.se\/hultsfred\/kategorier\/var-politik-for-hultsfred\/","name":"V\u00e5r politik f\u00f6r Hultsfred","slug":"var-politik-for-hultsfred","taxonomy":"category","parent":0,"meta":[],"acf":[],"yoast_head":"<!-- This site is optimized with the Yoast SEO plugin v27.4 - https:\/\/yoast.com\/product\/yoast-seo-wordpress\/ -->\n<title>V\u00e5r politik f\u00f6r Hultsfred-arkiv - Hultsfred<\/title>\n<meta name=\"robots\" content=\"index, follow, max-snippet:-1, max-image-preview:large, max-video-preview:-1\" \/>\n<link rel=\"canonical\" href=\"https:\/\/wp.kristdemokraterna.se\/hultsfred\/kategorier\/var-politik-for-hultsfred\/\" \/>\n<meta property=\"og:locale\" content=\"sv_SE\" \/>\n<meta property=\"og:type\" content=\"article\" \/>\n<meta property=\"og:title\" content=\"V\u00e5r politik f\u00f6r Hultsfred-arkiv - Hultsfred\" \/>\n<meta property=\"og:description\" content=\"Efter flera samlingar under v\u00e5ren med KD\u00b4s kommunkandidater har vi enats om f\u00f6ljande huvudfr\u00e5gor i kommunvalet 2022 &nbsp; Vi \u00e4r redo att arbeta f\u00f6r en \u00e4ldreboendegaranti. Vi vill skapa trygghet inf\u00f6r att man blir \u00e4ldre. V\u00e5rt m\u00e5l \u00e4r att alla \u00f6ver 85 \u00e5r, som vill, ska garanteras en plats i anpassat boende, i trygghetsboende eller s\u00e4rskilt boende. &nbsp; Vi \u00e4r redo att f\u00f6rsvara v\u00e5ra skolor och elevers r\u00e4tt att v\u00e4lja skola. Kommunala och enskild drivna skolor ska ges likv\u00e4rdiga f\u00f6ruts\u00e4ttningar, s\u00e5v\u00e4l ekonomiskt som verksamhetsm\u00e4ssigt. &nbsp; Vi \u00e4r redo att f\u00f6rsvara s\u00e5v\u00e4l boendemilj\u00f6er som naturen. D\u00e4rf\u00f6r vill vi att kommunen ska beh\u00e5lla en klar och kritisk h\u00e5llning till ny vindkraft. &nbsp; Vi \u00e4r redo att lyfta fram v\u00e5rt behov av sj\u00e4lvf\u00f6rs\u00f6rjning av livsmedel och energi. D\u00e4rf\u00f6r b\u00f6r kommunen ha en klar linje gentemot staten d\u00e4r vi lyfter fram jord- och skogsbrukets behov f\u00f6r att kunna bli framg\u00e5ngsrika. Kommunalt b\u00f6r vi st\u00e4lla krav p\u00e5 n\u00e4rodlat och att t ex elever ska kunna bes\u00f6ka de g\u00e5rdar varifr\u00e5n livsmedel levereras f\u00f6r skolm\u00e5ltider. &nbsp; Vi \u00e4r redo att genomf\u00f6ra en servicegaranti gentemot medborgare och f\u00f6retag. Det g\u00e4ller att i all kommunal verksamhet ha ett tydligt fokus p\u00e5 f\u00f6retagen och medborgarnas behov av snabba, enkla och tydliga besked g\u00e4llande t ex bygglov, tillsynsbesked och svar g\u00e4llande hemtj\u00e4nst och \u00e4ldreboenden. &nbsp; Vi \u00e4r redo att lyfta upp behovet av tydliga insatser som ger ungdomar i v\u00e5r kommun meningsfull fritid. F\u00f6rutom fortsatt st\u00f6d till f\u00f6reningsaktiva vill vi ge f\u00f6reningar kommunalt st\u00f6d f\u00f6r att \u00f6ppna fritidsg\u00e5rdar p\u00e5 de orter i kommunen som idag saknar detta. &nbsp; Vi \u00e4r redo att ytterligare \u00f6ka kommunens aktiviteter tillsammans med polisen f\u00f6r att bek\u00e4mpa brottslighet och st\u00f6lder. Den organiserade brottsligheten och droghandeln m\u00e5ste f\u00e5 ett slut. Dieselst\u00f6lder och annan brottslighet p\u00e5 g\u00e5rdar och i villakvarter f\u00e5r aldrig bli det nya normala i v\u00e5r kommun.\" \/>\n<meta property=\"og:url\" content=\"https:\/\/wp.kristdemokraterna.se\/hultsfred\/kategorier\/var-politik-for-hultsfred\/\" \/>\n<meta property=\"og:site_name\" content=\"Hultsfred\" \/>\n<meta name=\"twitter:card\" content=\"summary_large_image\" \/>\n<script type=\"application\/ld+json\" class=\"yoast-schema-graph\">{\"@context\":\"https:\\\/\\\/schema.org\",\"@graph\":[{\"@type\":\"CollectionPage\",\"@id\":\"https:\\\/\\\/wp.kristdemokraterna.se\\\/hultsfred\\\/kategorier\\\/var-politik-for-hultsfred\\\/\",\"url\":\"https:\\\/\\\/wp.kristdemokraterna.se\\\/hultsfred\\\/kategorier\\\/var-politik-for-hultsfred\\\/\",\"name\":\"V\u00e5r politik f\u00f6r Hultsfred-arkiv - Hultsfred\",\"isPartOf\":{\"@id\":\"https:\\\/\\\/wp.kristdemokraterna.se\\\/hultsfred\\\/#website\"},\"breadcrumb\":{\"@id\":\"https:\\\/\\\/wp.kristdemokraterna.se\\\/hultsfred\\\/kategorier\\\/var-politik-for-hultsfred\\\/#breadcrumb\"},\"inLanguage\":\"sv-SE\"},{\"@type\":\"BreadcrumbList\",\"@id\":\"https:\\\/\\\/wp.kristdemokraterna.se\\\/hultsfred\\\/kategorier\\\/var-politik-for-hultsfred\\\/#breadcrumb\",\"itemListElement\":[{\"@type\":\"ListItem\",\"position\":1,\"name\":\"Hem\",\"item\":\"https:\\\/\\\/wp.kristdemokraterna.se\\\/hultsfred\\\/\"},{\"@type\":\"ListItem\",\"position\":2,\"name\":\"V\u00e5r politik f\u00f6r Hultsfred\"}]},{\"@type\":\"WebSite\",\"@id\":\"https:\\\/\\\/wp.kristdemokraterna.se\\\/hultsfred\\\/#website\",\"url\":\"https:\\\/\\\/wp.kristdemokraterna.se\\\/hultsfred\\\/\",\"name\":\"Hultsfred\",\"description\":\"En till Kristdemokraterna webbplats\",\"inLanguage\":\"sv-SE\"}]}<\/script>\n<!-- \/ Yoast SEO plugin. -->","yoast_head_json":{"title":"V\u00e5r politik f\u00f6r Hultsfred-arkiv - Hultsfred","robots":{"index":"index","follow":"follow","max-snippet":"max-snippet:-1","max-image-preview":"max-image-preview:large","max-video-preview":"max-video-preview:-1"},"canonical":"https:\/\/wp.kristdemokraterna.se\/hultsfred\/kategorier\/var-politik-for-hultsfred\/","og_locale":"sv_SE","og_type":"article","og_title":"V\u00e5r politik f\u00f6r Hultsfred-arkiv - Hultsfred","og_description":"Efter flera samlingar under v\u00e5ren med KD\u00b4s kommunkandidater har vi enats om f\u00f6ljande huvudfr\u00e5gor i kommunvalet 2022 &nbsp; Vi \u00e4r redo att arbeta f\u00f6r en \u00e4ldreboendegaranti. Vi vill skapa trygghet inf\u00f6r att man blir \u00e4ldre. V\u00e5rt m\u00e5l \u00e4r att alla \u00f6ver 85 \u00e5r, som vill, ska garanteras en plats i anpassat boende, i trygghetsboende eller s\u00e4rskilt boende. &nbsp; Vi \u00e4r redo att f\u00f6rsvara v\u00e5ra skolor och elevers r\u00e4tt att v\u00e4lja skola. Kommunala och enskild drivna skolor ska ges likv\u00e4rdiga f\u00f6ruts\u00e4ttningar, s\u00e5v\u00e4l ekonomiskt som verksamhetsm\u00e4ssigt. &nbsp; Vi \u00e4r redo att f\u00f6rsvara s\u00e5v\u00e4l boendemilj\u00f6er som naturen. D\u00e4rf\u00f6r vill vi att kommunen ska beh\u00e5lla en klar och kritisk h\u00e5llning till ny vindkraft. &nbsp; Vi \u00e4r redo att lyfta fram v\u00e5rt behov av sj\u00e4lvf\u00f6rs\u00f6rjning av livsmedel och energi. D\u00e4rf\u00f6r b\u00f6r kommunen ha en klar linje gentemot staten d\u00e4r vi lyfter fram jord- och skogsbrukets behov f\u00f6r att kunna bli framg\u00e5ngsrika. Kommunalt b\u00f6r vi st\u00e4lla krav p\u00e5 n\u00e4rodlat och att t ex elever ska kunna bes\u00f6ka de g\u00e5rdar varifr\u00e5n livsmedel levereras f\u00f6r skolm\u00e5ltider. &nbsp; Vi \u00e4r redo att genomf\u00f6ra en servicegaranti gentemot medborgare och f\u00f6retag. Det g\u00e4ller att i all kommunal verksamhet ha ett tydligt fokus p\u00e5 f\u00f6retagen och medborgarnas behov av snabba, enkla och tydliga besked g\u00e4llande t ex bygglov, tillsynsbesked och svar g\u00e4llande hemtj\u00e4nst och \u00e4ldreboenden. &nbsp; Vi \u00e4r redo att lyfta upp behovet av tydliga insatser som ger ungdomar i v\u00e5r kommun meningsfull fritid. F\u00f6rutom fortsatt st\u00f6d till f\u00f6reningsaktiva vill vi ge f\u00f6reningar kommunalt st\u00f6d f\u00f6r att \u00f6ppna fritidsg\u00e5rdar p\u00e5 de orter i kommunen som idag saknar detta. &nbsp; Vi \u00e4r redo att ytterligare \u00f6ka kommunens aktiviteter tillsammans med polisen f\u00f6r att bek\u00e4mpa brottslighet och st\u00f6lder. Den organiserade brottsligheten och droghandeln m\u00e5ste f\u00e5 ett slut. Dieselst\u00f6lder och annan brottslighet p\u00e5 g\u00e5rdar och i villakvarter f\u00e5r aldrig bli det nya normala i v\u00e5r kommun.","og_url":"https:\/\/wp.kristdemokraterna.se\/hultsfred\/kategorier\/var-politik-for-hultsfred\/","og_site_name":"Hultsfred","twitter_card":"summary_large_image","schema":{"@context":"https:\/\/schema.org","@graph":[{"@type":"CollectionPage","@id":"https:\/\/wp.kristdemokraterna.se\/hultsfred\/kategorier\/var-politik-for-hultsfred\/","url":"https:\/\/wp.kristdemokraterna.se\/hultsfred\/kategorier\/var-politik-for-hultsfred\/","name":"V\u00e5r politik f\u00f6r Hultsfred-arkiv - Hultsfred","isPartOf":{"@id":"https:\/\/wp.kristdemokraterna.se\/hultsfred\/#website"},"breadcrumb":{"@id":"https:\/\/wp.kristdemokraterna.se\/hultsfred\/kategorier\/var-politik-for-hultsfred\/#breadcrumb"},"inLanguage":"sv-SE"},{"@type":"BreadcrumbList","@id":"https:\/\/wp.kristdemokraterna.se\/hultsfred\/kategorier\/var-politik-for-hultsfred\/#breadcrumb","itemListElement":[{"@type":"ListItem","position":1,"name":"Hem","item":"https:\/\/wp.kristdemokraterna.se\/hultsfred\/"},{"@type":"ListItem","position":2,"name":"V\u00e5r politik f\u00f6r Hultsfred"}]},{"@type":"WebSite","@id":"https:\/\/wp.kristdemokraterna.se\/hultsfred\/#website","url":"https:\/\/wp.kristdemokraterna.se\/hultsfred\/","name":"Hultsfred","description":"En till Kristdemokraterna webbplats","inLanguage":"sv-SE"}]}},"_links":{"self":[{"href":"https:\/\/wp.kristdemokraterna.se\/hultsfred\/wp-json\/wp\/v2\/categories\/10","targetHints":{"allow":["GET"]}}],"collection":[{"href":"https:\/\/wp.kristdemokraterna.se\/hultsfred\/wp-json\/wp\/v2\/categories"}],"about":[{"href":"https:\/\/wp.kristdemokraterna.se\/hultsfred\/wp-json\/wp\/v2\/taxonomies\/category"}],"wp:post_type":[{"href":"https:\/\/wp.kristdemokraterna.se\/hultsfred\/wp-json\/wp\/v2\/posts?categories=10"}],"curies":[{"name":"wp","href":"https:\/\/api.w.org\/{rel}","templated":true}]}}