{"id":196,"date":"2014-08-31T19:24:19","date_gmt":"2014-08-31T17:24:19","guid":{"rendered":"http:\/\/wp.kristdemokraterna.se\/hultsfred\/?p=196"},"modified":"2014-08-31T19:24:19","modified_gmt":"2014-08-31T17:24:19","slug":"hultsfreds-marknad","status":"publish","type":"post","link":"https:\/\/wp.kristdemokraterna.se\/hultsfred\/hultsfreds-marknad\/","title":{"rendered":"Hultsfreds marknad"},"content":{"rendered":"<p>Ett g\u00e4ng glada Kristdemokrater p\u00e5 Hultsfreds marknad. Vi fick dela ut mycket valmaterial och hade m\u00e5nga bra samtal med marknadsbes\u00f6kare<\/p>\n<p><a href=\"http:\/\/wp.kristdemokraterna.se\/hultsfred\/files\/2014\/08\/img_8877.jpg\"><img loading=\"lazy\" decoding=\"async\" class=\"aligncenter size-large wp-image-199\" src=\"http:\/\/wp.kristdemokraterna.se\/hultsfred\/files\/2014\/08\/img_8877-540x405.jpg\" alt=\"IMG_8877\" width=\"540\" height=\"405\" srcset=\"https:\/\/wp.kristdemokraterna.se\/hultsfred\/files\/2014\/08\/img_8877-540x405.jpg 540w, https:\/\/wp.kristdemokraterna.se\/hultsfred\/files\/2014\/08\/img_8877-300x225.jpg 300w, https:\/\/wp.kristdemokraterna.se\/hultsfred\/files\/2014\/08\/img_8877-461x346.jpg 461w, https:\/\/wp.kristdemokraterna.se\/hultsfred\/files\/2014\/08\/img_8877-149x112.jpg 149w, https:\/\/wp.kristdemokraterna.se\/hultsfred\/files\/2014\/08\/img_8877.jpg 1024w\" sizes=\"auto, (max-width: 540px) 100vw, 540px\" \/><\/a><a href=\"http:\/\/wp.kristdemokraterna.se\/hultsfred\/files\/2014\/08\/img_8874.jpg\"><img loading=\"lazy\" decoding=\"async\" class=\"aligncenter size-large wp-image-198\" src=\"http:\/\/wp.kristdemokraterna.se\/hultsfred\/files\/2014\/08\/img_8874-540x405.jpg\" alt=\"IMG_8874\" width=\"540\" height=\"405\" srcset=\"https:\/\/wp.kristdemokraterna.se\/hultsfred\/files\/2014\/08\/img_8874-540x405.jpg 540w, https:\/\/wp.kristdemokraterna.se\/hultsfred\/files\/2014\/08\/img_8874-300x225.jpg 300w, https:\/\/wp.kristdemokraterna.se\/hultsfred\/files\/2014\/08\/img_8874-461x346.jpg 461w, https:\/\/wp.kristdemokraterna.se\/hultsfred\/files\/2014\/08\/img_8874-149x112.jpg 149w, https:\/\/wp.kristdemokraterna.se\/hultsfred\/files\/2014\/08\/img_8874.jpg 1024w\" sizes=\"auto, (max-width: 540px) 100vw, 540px\" \/><\/a><a href=\"http:\/\/wp.kristdemokraterna.se\/hultsfred\/files\/2014\/08\/img_8861.jpg\"><img loading=\"lazy\" decoding=\"async\" class=\"aligncenter size-large wp-image-197\" src=\"http:\/\/wp.kristdemokraterna.se\/hultsfred\/files\/2014\/08\/img_8861-540x405.jpg\" alt=\"IMG_8861\" width=\"540\" height=\"405\" srcset=\"https:\/\/wp.kristdemokraterna.se\/hultsfred\/files\/2014\/08\/img_8861-540x405.jpg 540w, https:\/\/wp.kristdemokraterna.se\/hultsfred\/files\/2014\/08\/img_8861-300x225.jpg 300w, https:\/\/wp.kristdemokraterna.se\/hultsfred\/files\/2014\/08\/img_8861-461x346.jpg 461w, https:\/\/wp.kristdemokraterna.se\/hultsfred\/files\/2014\/08\/img_8861-149x112.jpg 149w, https:\/\/wp.kristdemokraterna.se\/hultsfred\/files\/2014\/08\/img_8861.jpg 1024w\" sizes=\"auto, (max-width: 540px) 100vw, 540px\" \/><\/a><\/p>\n","protected":false},"excerpt":{"rendered":"<p>Ett g\u00e4ng glada Kristdemokrater p\u00e5 Hultsfreds marknad. Vi fick dela ut mycket valmaterial och hade m\u00e5nga bra samtal med marknadsbes\u00f6kare<\/p>\n","protected":false},"author":442,"featured_media":0,"comment_status":"closed","ping_status":"closed","sticky":false,"template":"","format":"standard","meta":{"_acf_changed":false,"footnotes":""},"categories":[1],"tags":[],"class_list":["post-196","post","type-post","status-publish","format-standard","hentry","category-okategoriserade"],"acf":[],"yoast_head":"<!-- This site is optimized with the Yoast SEO plugin v27.4 - https:\/\/yoast.com\/product\/yoast-seo-wordpress\/ -->\n<title>Hultsfreds marknad - Hultsfred<\/title>\n<meta name=\"robots\" content=\"index, follow, max-snippet:-1, max-image-preview:large, max-video-preview:-1\" \/>\n<link rel=\"canonical\" href=\"https:\/\/wp.kristdemokraterna.se\/hultsfred\/hultsfreds-marknad\/\" \/>\n<meta property=\"og:locale\" content=\"sv_SE\" \/>\n<meta property=\"og:type\" content=\"article\" \/>\n<meta property=\"og:title\" content=\"Hultsfreds marknad - Hultsfred\" \/>\n<meta property=\"og:description\" content=\"Ett g\u00e4ng glada Kristdemokrater p\u00e5 Hultsfreds marknad. Vi fick dela ut mycket valmaterial och hade m\u00e5nga bra samtal med marknadsbes\u00f6kare\" \/>\n<meta property=\"og:url\" content=\"https:\/\/wp.kristdemokraterna.se\/hultsfred\/hultsfreds-marknad\/\" \/>\n<meta property=\"og:site_name\" content=\"Hultsfred\" \/>\n<meta property=\"article:published_time\" content=\"2014-08-31T17:24:19+00:00\" \/>\n<meta property=\"og:image\" content=\"http:\/\/wp.kristdemokraterna.se\/hultsfred\/files\/2014\/08\/img_8877-540x405.jpg\" \/>\n<meta name=\"author\" content=\"hultsfred\" \/>\n<meta name=\"twitter:card\" content=\"summary_large_image\" \/>\n<meta name=\"twitter:label1\" content=\"Skriven av\" \/>\n\t<meta name=\"twitter:data1\" content=\"hultsfred\" \/>\n<script type=\"application\/ld+json\" class=\"yoast-schema-graph\">{\"@context\":\"https:\\\/\\\/schema.org\",\"@graph\":[{\"@type\":\"Article\",\"@id\":\"https:\\\/\\\/wp.kristdemokraterna.se\\\/hultsfred\\\/hultsfreds-marknad\\\/#article\",\"isPartOf\":{\"@id\":\"https:\\\/\\\/wp.kristdemokraterna.se\\\/hultsfred\\\/hultsfreds-marknad\\\/\"},\"author\":{\"name\":\"hultsfred\",\"@id\":\"https:\\\/\\\/wp.kristdemokraterna.se\\\/hultsfred\\\/#\\\/schema\\\/person\\\/d5fb958f64c4aabda2b92681f9a53d3a\"},\"headline\":\"Hultsfreds marknad\",\"datePublished\":\"2014-08-31T17:24:19+00:00\",\"mainEntityOfPage\":{\"@id\":\"https:\\\/\\\/wp.kristdemokraterna.se\\\/hultsfred\\\/hultsfreds-marknad\\\/\"},\"wordCount\":25,\"image\":{\"@id\":\"https:\\\/\\\/wp.kristdemokraterna.se\\\/hultsfred\\\/hultsfreds-marknad\\\/#primaryimage\"},\"thumbnailUrl\":\"http:\\\/\\\/wp.kristdemokraterna.se\\\/hultsfred\\\/files\\\/2014\\\/08\\\/img_8877-540x405.jpg\",\"articleSection\":[\"V\u00e5ra inl\u00e4gg\"],\"inLanguage\":\"sv-SE\"},{\"@type\":\"WebPage\",\"@id\":\"https:\\\/\\\/wp.kristdemokraterna.se\\\/hultsfred\\\/hultsfreds-marknad\\\/\",\"url\":\"https:\\\/\\\/wp.kristdemokraterna.se\\\/hultsfred\\\/hultsfreds-marknad\\\/\",\"name\":\"Hultsfreds marknad - Hultsfred\",\"isPartOf\":{\"@id\":\"https:\\\/\\\/wp.kristdemokraterna.se\\\/hultsfred\\\/#website\"},\"primaryImageOfPage\":{\"@id\":\"https:\\\/\\\/wp.kristdemokraterna.se\\\/hultsfred\\\/hultsfreds-marknad\\\/#primaryimage\"},\"image\":{\"@id\":\"https:\\\/\\\/wp.kristdemokraterna.se\\\/hultsfred\\\/hultsfreds-marknad\\\/#primaryimage\"},\"thumbnailUrl\":\"http:\\\/\\\/wp.kristdemokraterna.se\\\/hultsfred\\\/files\\\/2014\\\/08\\\/img_8877-540x405.jpg\",\"datePublished\":\"2014-08-31T17:24:19+00:00\",\"author\":{\"@id\":\"https:\\\/\\\/wp.kristdemokraterna.se\\\/hultsfred\\\/#\\\/schema\\\/person\\\/d5fb958f64c4aabda2b92681f9a53d3a\"},\"breadcrumb\":{\"@id\":\"https:\\\/\\\/wp.kristdemokraterna.se\\\/hultsfred\\\/hultsfreds-marknad\\\/#breadcrumb\"},\"inLanguage\":\"sv-SE\",\"potentialAction\":[{\"@type\":\"ReadAction\",\"target\":[\"https:\\\/\\\/wp.kristdemokraterna.se\\\/hultsfred\\\/hultsfreds-marknad\\\/\"]}]},{\"@type\":\"ImageObject\",\"inLanguage\":\"sv-SE\",\"@id\":\"https:\\\/\\\/wp.kristdemokraterna.se\\\/hultsfred\\\/hultsfreds-marknad\\\/#primaryimage\",\"url\":\"https:\\\/\\\/wp.kristdemokraterna.se\\\/hultsfred\\\/files\\\/2014\\\/08\\\/img_8877.jpg\",\"contentUrl\":\"https:\\\/\\\/wp.kristdemokraterna.se\\\/hultsfred\\\/files\\\/2014\\\/08\\\/img_8877.jpg\",\"width\":1024,\"height\":768},{\"@type\":\"BreadcrumbList\",\"@id\":\"https:\\\/\\\/wp.kristdemokraterna.se\\\/hultsfred\\\/hultsfreds-marknad\\\/#breadcrumb\",\"itemListElement\":[{\"@type\":\"ListItem\",\"position\":1,\"name\":\"Hem\",\"item\":\"https:\\\/\\\/wp.kristdemokraterna.se\\\/hultsfred\\\/\"},{\"@type\":\"ListItem\",\"position\":2,\"name\":\"Hultsfreds marknad\"}]},{\"@type\":\"WebSite\",\"@id\":\"https:\\\/\\\/wp.kristdemokraterna.se\\\/hultsfred\\\/#website\",\"url\":\"https:\\\/\\\/wp.kristdemokraterna.se\\\/hultsfred\\\/\",\"name\":\"Hultsfred\",\"description\":\"En till Kristdemokraterna webbplats\",\"inLanguage\":\"sv-SE\"},{\"@type\":\"Person\",\"@id\":\"https:\\\/\\\/wp.kristdemokraterna.se\\\/hultsfred\\\/#\\\/schema\\\/person\\\/d5fb958f64c4aabda2b92681f9a53d3a\",\"name\":\"hultsfred\",\"image\":{\"@type\":\"ImageObject\",\"inLanguage\":\"sv-SE\",\"@id\":\"https:\\\/\\\/secure.gravatar.com\\\/avatar\\\/a3dc6a30c6eef2c1a2391d64ce1123c3a3d048b6adbbbb415417030889e093f6?s=96&r=g\",\"url\":\"https:\\\/\\\/secure.gravatar.com\\\/avatar\\\/a3dc6a30c6eef2c1a2391d64ce1123c3a3d048b6adbbbb415417030889e093f6?s=96&r=g\",\"contentUrl\":\"https:\\\/\\\/secure.gravatar.com\\\/avatar\\\/a3dc6a30c6eef2c1a2391d64ce1123c3a3d048b6adbbbb415417030889e093f6?s=96&r=g\",\"caption\":\"hultsfred\"},\"url\":\"https:\\\/\\\/wp.kristdemokraterna.se\\\/hultsfred\\\/author\\\/hultsfred\\\/\"}]}<\/script>\n<!-- \/ Yoast SEO plugin. -->","yoast_head_json":{"title":"Hultsfreds marknad - Hultsfred","robots":{"index":"index","follow":"follow","max-snippet":"max-snippet:-1","max-image-preview":"max-image-preview:large","max-video-preview":"max-video-preview:-1"},"canonical":"https:\/\/wp.kristdemokraterna.se\/hultsfred\/hultsfreds-marknad\/","og_locale":"sv_SE","og_type":"article","og_title":"Hultsfreds marknad - Hultsfred","og_description":"Ett g\u00e4ng glada Kristdemokrater p\u00e5 Hultsfreds marknad. Vi fick dela ut mycket valmaterial och hade m\u00e5nga bra samtal med marknadsbes\u00f6kare","og_url":"https:\/\/wp.kristdemokraterna.se\/hultsfred\/hultsfreds-marknad\/","og_site_name":"Hultsfred","article_published_time":"2014-08-31T17:24:19+00:00","og_image":[{"url":"http:\/\/wp.kristdemokraterna.se\/hultsfred\/files\/2014\/08\/img_8877-540x405.jpg","type":"","width":"","height":""}],"author":"hultsfred","twitter_card":"summary_large_image","twitter_misc":{"Skriven av":"hultsfred"},"schema":{"@context":"https:\/\/schema.org","@graph":[{"@type":"Article","@id":"https:\/\/wp.kristdemokraterna.se\/hultsfred\/hultsfreds-marknad\/#article","isPartOf":{"@id":"https:\/\/wp.kristdemokraterna.se\/hultsfred\/hultsfreds-marknad\/"},"author":{"name":"hultsfred","@id":"https:\/\/wp.kristdemokraterna.se\/hultsfred\/#\/schema\/person\/d5fb958f64c4aabda2b92681f9a53d3a"},"headline":"Hultsfreds marknad","datePublished":"2014-08-31T17:24:19+00:00","mainEntityOfPage":{"@id":"https:\/\/wp.kristdemokraterna.se\/hultsfred\/hultsfreds-marknad\/"},"wordCount":25,"image":{"@id":"https:\/\/wp.kristdemokraterna.se\/hultsfred\/hultsfreds-marknad\/#primaryimage"},"thumbnailUrl":"http:\/\/wp.kristdemokraterna.se\/hultsfred\/files\/2014\/08\/img_8877-540x405.jpg","articleSection":["V\u00e5ra inl\u00e4gg"],"inLanguage":"sv-SE"},{"@type":"WebPage","@id":"https:\/\/wp.kristdemokraterna.se\/hultsfred\/hultsfreds-marknad\/","url":"https:\/\/wp.kristdemokraterna.se\/hultsfred\/hultsfreds-marknad\/","name":"Hultsfreds marknad - Hultsfred","isPartOf":{"@id":"https:\/\/wp.kristdemokraterna.se\/hultsfred\/#website"},"primaryImageOfPage":{"@id":"https:\/\/wp.kristdemokraterna.se\/hultsfred\/hultsfreds-marknad\/#primaryimage"},"image":{"@id":"https:\/\/wp.kristdemokraterna.se\/hultsfred\/hultsfreds-marknad\/#primaryimage"},"thumbnailUrl":"http:\/\/wp.kristdemokraterna.se\/hultsfred\/files\/2014\/08\/img_8877-540x405.jpg","datePublished":"2014-08-31T17:24:19+00:00","author":{"@id":"https:\/\/wp.kristdemokraterna.se\/hultsfred\/#\/schema\/person\/d5fb958f64c4aabda2b92681f9a53d3a"},"breadcrumb":{"@id":"https:\/\/wp.kristdemokraterna.se\/hultsfred\/hultsfreds-marknad\/#breadcrumb"},"inLanguage":"sv-SE","potentialAction":[{"@type":"ReadAction","target":["https:\/\/wp.kristdemokraterna.se\/hultsfred\/hultsfreds-marknad\/"]}]},{"@type":"ImageObject","inLanguage":"sv-SE","@id":"https:\/\/wp.kristdemokraterna.se\/hultsfred\/hultsfreds-marknad\/#primaryimage","url":"https:\/\/wp.kristdemokraterna.se\/hultsfred\/files\/2014\/08\/img_8877.jpg","contentUrl":"https:\/\/wp.kristdemokraterna.se\/hultsfred\/files\/2014\/08\/img_8877.jpg","width":1024,"height":768},{"@type":"BreadcrumbList","@id":"https:\/\/wp.kristdemokraterna.se\/hultsfred\/hultsfreds-marknad\/#breadcrumb","itemListElement":[{"@type":"ListItem","position":1,"name":"Hem","item":"https:\/\/wp.kristdemokraterna.se\/hultsfred\/"},{"@type":"ListItem","position":2,"name":"Hultsfreds marknad"}]},{"@type":"WebSite","@id":"https:\/\/wp.kristdemokraterna.se\/hultsfred\/#website","url":"https:\/\/wp.kristdemokraterna.se\/hultsfred\/","name":"Hultsfred","description":"En till Kristdemokraterna webbplats","inLanguage":"sv-SE"},{"@type":"Person","@id":"https:\/\/wp.kristdemokraterna.se\/hultsfred\/#\/schema\/person\/d5fb958f64c4aabda2b92681f9a53d3a","name":"hultsfred","image":{"@type":"ImageObject","inLanguage":"sv-SE","@id":"https:\/\/secure.gravatar.com\/avatar\/a3dc6a30c6eef2c1a2391d64ce1123c3a3d048b6adbbbb415417030889e093f6?s=96&r=g","url":"https:\/\/secure.gravatar.com\/avatar\/a3dc6a30c6eef2c1a2391d64ce1123c3a3d048b6adbbbb415417030889e093f6?s=96&r=g","contentUrl":"https:\/\/secure.gravatar.com\/avatar\/a3dc6a30c6eef2c1a2391d64ce1123c3a3d048b6adbbbb415417030889e093f6?s=96&r=g","caption":"hultsfred"},"url":"https:\/\/wp.kristdemokraterna.se\/hultsfred\/author\/hultsfred\/"}]}},"_links":{"self":[{"href":"https:\/\/wp.kristdemokraterna.se\/hultsfred\/wp-json\/wp\/v2\/posts\/196","targetHints":{"allow":["GET"]}}],"collection":[{"href":"https:\/\/wp.kristdemokraterna.se\/hultsfred\/wp-json\/wp\/v2\/posts"}],"about":[{"href":"https:\/\/wp.kristdemokraterna.se\/hultsfred\/wp-json\/wp\/v2\/types\/post"}],"author":[{"embeddable":true,"href":"https:\/\/wp.kristdemokraterna.se\/hultsfred\/wp-json\/wp\/v2\/users\/442"}],"replies":[{"embeddable":true,"href":"https:\/\/wp.kristdemokraterna.se\/hultsfred\/wp-json\/wp\/v2\/comments?post=196"}],"version-history":[{"count":2,"href":"https:\/\/wp.kristdemokraterna.se\/hultsfred\/wp-json\/wp\/v2\/posts\/196\/revisions"}],"predecessor-version":[{"id":201,"href":"https:\/\/wp.kristdemokraterna.se\/hultsfred\/wp-json\/wp\/v2\/posts\/196\/revisions\/201"}],"wp:attachment":[{"href":"https:\/\/wp.kristdemokraterna.se\/hultsfred\/wp-json\/wp\/v2\/media?parent=196"}],"wp:term":[{"taxonomy":"category","embeddable":true,"href":"https:\/\/wp.kristdemokraterna.se\/hultsfred\/wp-json\/wp\/v2\/categories?post=196"},{"taxonomy":"post_tag","embeddable":true,"href":"https:\/\/wp.kristdemokraterna.se\/hultsfred\/wp-json\/wp\/v2\/tags?post=196"}],"curies":[{"name":"wp","href":"https:\/\/api.w.org\/{rel}","templated":true}]}}