{"id":305,"date":"2016-02-15T16:30:36","date_gmt":"2016-02-15T15:30:36","guid":{"rendered":"http:\/\/wp.kristdemokraterna.se\/hultsfred\/?p=305"},"modified":"2016-02-15T16:30:36","modified_gmt":"2016-02-15T15:30:36","slug":"2016-ars-vitsippspris-ar-utdelat-i-hultsfred","status":"publish","type":"post","link":"https:\/\/wp.kristdemokraterna.se\/hultsfred\/2016-ars-vitsippspris-ar-utdelat-i-hultsfred\/","title":{"rendered":"2016 \u00e5rs Vitsippspris \u00e4r utdelat i Hultsfred"},"content":{"rendered":"<div id=\"attachment_307\" style=\"width: 550px\" class=\"wp-caption aligncenter\"><img loading=\"lazy\" decoding=\"async\" aria-describedby=\"caption-attachment-307\" class=\"wp-image-307 size-large\" src=\"http:\/\/wp.kristdemokraterna.se\/hultsfred\/files\/2016\/02\/image-10-540x304.jpeg\" alt=\"image\" width=\"540\" height=\"304\" srcset=\"https:\/\/wp.kristdemokraterna.se\/hultsfred\/files\/2016\/02\/image-10-540x304.jpeg 540w, https:\/\/wp.kristdemokraterna.se\/hultsfred\/files\/2016\/02\/image-10-300x169.jpeg 300w, https:\/\/wp.kristdemokraterna.se\/hultsfred\/files\/2016\/02\/image-10-768x432.jpeg 768w, https:\/\/wp.kristdemokraterna.se\/hultsfred\/files\/2016\/02\/image-10-576x324.jpeg 576w, https:\/\/wp.kristdemokraterna.se\/hultsfred\/files\/2016\/02\/image-10-186x105.jpeg 186w\" sizes=\"auto, (max-width: 540px) 100vw, 540px\" \/><p id=\"caption-attachment-307\" class=\"wp-caption-text\">Priset delades ut p\u00e5 Kansliet. I Hultsfred och \u00f6verl\u00e4mnades av \u00c5ke Nilsson och Gabriella Vogt.<\/p><\/div>\n<div id=\"attachment_308\" style=\"width: 550px\" class=\"wp-caption aligncenter\"><img loading=\"lazy\" decoding=\"async\" aria-describedby=\"caption-attachment-308\" class=\"wp-image-308 size-large\" src=\"http:\/\/wp.kristdemokraterna.se\/hultsfred\/files\/2016\/02\/image-11-540x304.jpeg\" alt=\"image\" width=\"540\" height=\"304\" srcset=\"https:\/\/wp.kristdemokraterna.se\/hultsfred\/files\/2016\/02\/image-11-540x304.jpeg 540w, https:\/\/wp.kristdemokraterna.se\/hultsfred\/files\/2016\/02\/image-11-300x169.jpeg 300w, https:\/\/wp.kristdemokraterna.se\/hultsfred\/files\/2016\/02\/image-11-768x432.jpeg 768w, https:\/\/wp.kristdemokraterna.se\/hultsfred\/files\/2016\/02\/image-11-576x324.jpeg 576w, https:\/\/wp.kristdemokraterna.se\/hultsfred\/files\/2016\/02\/image-11-186x105.jpeg 186w\" sizes=\"auto, (max-width: 540px) 100vw, 540px\" \/><p id=\"caption-attachment-308\" class=\"wp-caption-text\">Vitsippspriset gick till Tommy Svanstr\u00f6m f\u00f6r hans stora engagemang i Virserums musikdagar<\/p><\/div>\n","protected":false},"excerpt":{"rendered":"","protected":false},"author":442,"featured_media":0,"comment_status":"closed","ping_status":"closed","sticky":false,"template":"","format":"quote","meta":{"_acf_changed":false,"footnotes":""},"categories":[1],"tags":[],"class_list":["post-305","post","type-post","status-publish","format-quote","hentry","category-okategoriserade","post_format-post-format-quote"],"acf":[],"yoast_head":"<!-- This site is optimized with the Yoast SEO plugin v27.4 - https:\/\/yoast.com\/product\/yoast-seo-wordpress\/ -->\n<title>2016 \u00e5rs Vitsippspris \u00e4r utdelat i Hultsfred - Hultsfred<\/title>\n<meta name=\"robots\" content=\"index, follow, max-snippet:-1, max-image-preview:large, max-video-preview:-1\" \/>\n<link rel=\"canonical\" href=\"https:\/\/wp.kristdemokraterna.se\/hultsfred\/2016-ars-vitsippspris-ar-utdelat-i-hultsfred\/\" \/>\n<meta property=\"og:locale\" content=\"sv_SE\" \/>\n<meta property=\"og:type\" content=\"article\" \/>\n<meta property=\"og:title\" content=\"2016 \u00e5rs Vitsippspris \u00e4r utdelat i Hultsfred - Hultsfred\" \/>\n<meta property=\"og:url\" content=\"https:\/\/wp.kristdemokraterna.se\/hultsfred\/2016-ars-vitsippspris-ar-utdelat-i-hultsfred\/\" \/>\n<meta property=\"og:site_name\" content=\"Hultsfred\" \/>\n<meta property=\"article:published_time\" content=\"2016-02-15T15:30:36+00:00\" \/>\n<meta property=\"og:image\" content=\"http:\/\/wp.kristdemokraterna.se\/hultsfred\/files\/2016\/02\/image-10-540x304.jpeg\" \/>\n<meta name=\"author\" content=\"hultsfred\" \/>\n<meta name=\"twitter:card\" content=\"summary_large_image\" \/>\n<meta name=\"twitter:label1\" content=\"Skriven av\" \/>\n\t<meta name=\"twitter:data1\" content=\"hultsfred\" \/>\n<script type=\"application\/ld+json\" class=\"yoast-schema-graph\">{\"@context\":\"https:\\\/\\\/schema.org\",\"@graph\":[{\"@type\":\"Article\",\"@id\":\"https:\\\/\\\/wp.kristdemokraterna.se\\\/hultsfred\\\/2016-ars-vitsippspris-ar-utdelat-i-hultsfred\\\/#article\",\"isPartOf\":{\"@id\":\"https:\\\/\\\/wp.kristdemokraterna.se\\\/hultsfred\\\/2016-ars-vitsippspris-ar-utdelat-i-hultsfred\\\/\"},\"author\":{\"name\":\"hultsfred\",\"@id\":\"https:\\\/\\\/wp.kristdemokraterna.se\\\/hultsfred\\\/#\\\/schema\\\/person\\\/d5fb958f64c4aabda2b92681f9a53d3a\"},\"headline\":\"2016 \u00e5rs Vitsippspris \u00e4r utdelat i Hultsfred\",\"datePublished\":\"2016-02-15T15:30:36+00:00\",\"mainEntityOfPage\":{\"@id\":\"https:\\\/\\\/wp.kristdemokraterna.se\\\/hultsfred\\\/2016-ars-vitsippspris-ar-utdelat-i-hultsfred\\\/\"},\"wordCount\":50,\"image\":{\"@id\":\"https:\\\/\\\/wp.kristdemokraterna.se\\\/hultsfred\\\/2016-ars-vitsippspris-ar-utdelat-i-hultsfred\\\/#primaryimage\"},\"thumbnailUrl\":\"http:\\\/\\\/wp.kristdemokraterna.se\\\/hultsfred\\\/files\\\/2016\\\/02\\\/image-10-540x304.jpeg\",\"articleSection\":[\"V\u00e5ra inl\u00e4gg\"],\"inLanguage\":\"sv-SE\"},{\"@type\":\"WebPage\",\"@id\":\"https:\\\/\\\/wp.kristdemokraterna.se\\\/hultsfred\\\/2016-ars-vitsippspris-ar-utdelat-i-hultsfred\\\/\",\"url\":\"https:\\\/\\\/wp.kristdemokraterna.se\\\/hultsfred\\\/2016-ars-vitsippspris-ar-utdelat-i-hultsfred\\\/\",\"name\":\"2016 \u00e5rs Vitsippspris \u00e4r utdelat i Hultsfred - Hultsfred\",\"isPartOf\":{\"@id\":\"https:\\\/\\\/wp.kristdemokraterna.se\\\/hultsfred\\\/#website\"},\"primaryImageOfPage\":{\"@id\":\"https:\\\/\\\/wp.kristdemokraterna.se\\\/hultsfred\\\/2016-ars-vitsippspris-ar-utdelat-i-hultsfred\\\/#primaryimage\"},\"image\":{\"@id\":\"https:\\\/\\\/wp.kristdemokraterna.se\\\/hultsfred\\\/2016-ars-vitsippspris-ar-utdelat-i-hultsfred\\\/#primaryimage\"},\"thumbnailUrl\":\"http:\\\/\\\/wp.kristdemokraterna.se\\\/hultsfred\\\/files\\\/2016\\\/02\\\/image-10-540x304.jpeg\",\"datePublished\":\"2016-02-15T15:30:36+00:00\",\"author\":{\"@id\":\"https:\\\/\\\/wp.kristdemokraterna.se\\\/hultsfred\\\/#\\\/schema\\\/person\\\/d5fb958f64c4aabda2b92681f9a53d3a\"},\"breadcrumb\":{\"@id\":\"https:\\\/\\\/wp.kristdemokraterna.se\\\/hultsfred\\\/2016-ars-vitsippspris-ar-utdelat-i-hultsfred\\\/#breadcrumb\"},\"inLanguage\":\"sv-SE\",\"potentialAction\":[{\"@type\":\"ReadAction\",\"target\":[\"https:\\\/\\\/wp.kristdemokraterna.se\\\/hultsfred\\\/2016-ars-vitsippspris-ar-utdelat-i-hultsfred\\\/\"]}]},{\"@type\":\"ImageObject\",\"inLanguage\":\"sv-SE\",\"@id\":\"https:\\\/\\\/wp.kristdemokraterna.se\\\/hultsfred\\\/2016-ars-vitsippspris-ar-utdelat-i-hultsfred\\\/#primaryimage\",\"url\":\"http:\\\/\\\/wp.kristdemokraterna.se\\\/hultsfred\\\/files\\\/2016\\\/02\\\/image-10-540x304.jpeg\",\"contentUrl\":\"http:\\\/\\\/wp.kristdemokraterna.se\\\/hultsfred\\\/files\\\/2016\\\/02\\\/image-10-540x304.jpeg\"},{\"@type\":\"BreadcrumbList\",\"@id\":\"https:\\\/\\\/wp.kristdemokraterna.se\\\/hultsfred\\\/2016-ars-vitsippspris-ar-utdelat-i-hultsfred\\\/#breadcrumb\",\"itemListElement\":[{\"@type\":\"ListItem\",\"position\":1,\"name\":\"Hem\",\"item\":\"https:\\\/\\\/wp.kristdemokraterna.se\\\/hultsfred\\\/\"},{\"@type\":\"ListItem\",\"position\":2,\"name\":\"2016 \u00e5rs Vitsippspris \u00e4r utdelat i Hultsfred\"}]},{\"@type\":\"WebSite\",\"@id\":\"https:\\\/\\\/wp.kristdemokraterna.se\\\/hultsfred\\\/#website\",\"url\":\"https:\\\/\\\/wp.kristdemokraterna.se\\\/hultsfred\\\/\",\"name\":\"Hultsfred\",\"description\":\"En till Kristdemokraterna webbplats\",\"inLanguage\":\"sv-SE\"},{\"@type\":\"Person\",\"@id\":\"https:\\\/\\\/wp.kristdemokraterna.se\\\/hultsfred\\\/#\\\/schema\\\/person\\\/d5fb958f64c4aabda2b92681f9a53d3a\",\"name\":\"hultsfred\",\"image\":{\"@type\":\"ImageObject\",\"inLanguage\":\"sv-SE\",\"@id\":\"https:\\\/\\\/secure.gravatar.com\\\/avatar\\\/a3dc6a30c6eef2c1a2391d64ce1123c3a3d048b6adbbbb415417030889e093f6?s=96&r=g\",\"url\":\"https:\\\/\\\/secure.gravatar.com\\\/avatar\\\/a3dc6a30c6eef2c1a2391d64ce1123c3a3d048b6adbbbb415417030889e093f6?s=96&r=g\",\"contentUrl\":\"https:\\\/\\\/secure.gravatar.com\\\/avatar\\\/a3dc6a30c6eef2c1a2391d64ce1123c3a3d048b6adbbbb415417030889e093f6?s=96&r=g\",\"caption\":\"hultsfred\"},\"url\":\"https:\\\/\\\/wp.kristdemokraterna.se\\\/hultsfred\\\/author\\\/hultsfred\\\/\"}]}<\/script>\n<!-- \/ Yoast SEO plugin. -->","yoast_head_json":{"title":"2016 \u00e5rs Vitsippspris \u00e4r utdelat i Hultsfred - Hultsfred","robots":{"index":"index","follow":"follow","max-snippet":"max-snippet:-1","max-image-preview":"max-image-preview:large","max-video-preview":"max-video-preview:-1"},"canonical":"https:\/\/wp.kristdemokraterna.se\/hultsfred\/2016-ars-vitsippspris-ar-utdelat-i-hultsfred\/","og_locale":"sv_SE","og_type":"article","og_title":"2016 \u00e5rs Vitsippspris \u00e4r utdelat i Hultsfred - Hultsfred","og_url":"https:\/\/wp.kristdemokraterna.se\/hultsfred\/2016-ars-vitsippspris-ar-utdelat-i-hultsfred\/","og_site_name":"Hultsfred","article_published_time":"2016-02-15T15:30:36+00:00","og_image":[{"url":"http:\/\/wp.kristdemokraterna.se\/hultsfred\/files\/2016\/02\/image-10-540x304.jpeg","type":"","width":"","height":""}],"author":"hultsfred","twitter_card":"summary_large_image","twitter_misc":{"Skriven av":"hultsfred"},"schema":{"@context":"https:\/\/schema.org","@graph":[{"@type":"Article","@id":"https:\/\/wp.kristdemokraterna.se\/hultsfred\/2016-ars-vitsippspris-ar-utdelat-i-hultsfred\/#article","isPartOf":{"@id":"https:\/\/wp.kristdemokraterna.se\/hultsfred\/2016-ars-vitsippspris-ar-utdelat-i-hultsfred\/"},"author":{"name":"hultsfred","@id":"https:\/\/wp.kristdemokraterna.se\/hultsfred\/#\/schema\/person\/d5fb958f64c4aabda2b92681f9a53d3a"},"headline":"2016 \u00e5rs Vitsippspris \u00e4r utdelat i Hultsfred","datePublished":"2016-02-15T15:30:36+00:00","mainEntityOfPage":{"@id":"https:\/\/wp.kristdemokraterna.se\/hultsfred\/2016-ars-vitsippspris-ar-utdelat-i-hultsfred\/"},"wordCount":50,"image":{"@id":"https:\/\/wp.kristdemokraterna.se\/hultsfred\/2016-ars-vitsippspris-ar-utdelat-i-hultsfred\/#primaryimage"},"thumbnailUrl":"http:\/\/wp.kristdemokraterna.se\/hultsfred\/files\/2016\/02\/image-10-540x304.jpeg","articleSection":["V\u00e5ra inl\u00e4gg"],"inLanguage":"sv-SE"},{"@type":"WebPage","@id":"https:\/\/wp.kristdemokraterna.se\/hultsfred\/2016-ars-vitsippspris-ar-utdelat-i-hultsfred\/","url":"https:\/\/wp.kristdemokraterna.se\/hultsfred\/2016-ars-vitsippspris-ar-utdelat-i-hultsfred\/","name":"2016 \u00e5rs Vitsippspris \u00e4r utdelat i Hultsfred - Hultsfred","isPartOf":{"@id":"https:\/\/wp.kristdemokraterna.se\/hultsfred\/#website"},"primaryImageOfPage":{"@id":"https:\/\/wp.kristdemokraterna.se\/hultsfred\/2016-ars-vitsippspris-ar-utdelat-i-hultsfred\/#primaryimage"},"image":{"@id":"https:\/\/wp.kristdemokraterna.se\/hultsfred\/2016-ars-vitsippspris-ar-utdelat-i-hultsfred\/#primaryimage"},"thumbnailUrl":"http:\/\/wp.kristdemokraterna.se\/hultsfred\/files\/2016\/02\/image-10-540x304.jpeg","datePublished":"2016-02-15T15:30:36+00:00","author":{"@id":"https:\/\/wp.kristdemokraterna.se\/hultsfred\/#\/schema\/person\/d5fb958f64c4aabda2b92681f9a53d3a"},"breadcrumb":{"@id":"https:\/\/wp.kristdemokraterna.se\/hultsfred\/2016-ars-vitsippspris-ar-utdelat-i-hultsfred\/#breadcrumb"},"inLanguage":"sv-SE","potentialAction":[{"@type":"ReadAction","target":["https:\/\/wp.kristdemokraterna.se\/hultsfred\/2016-ars-vitsippspris-ar-utdelat-i-hultsfred\/"]}]},{"@type":"ImageObject","inLanguage":"sv-SE","@id":"https:\/\/wp.kristdemokraterna.se\/hultsfred\/2016-ars-vitsippspris-ar-utdelat-i-hultsfred\/#primaryimage","url":"http:\/\/wp.kristdemokraterna.se\/hultsfred\/files\/2016\/02\/image-10-540x304.jpeg","contentUrl":"http:\/\/wp.kristdemokraterna.se\/hultsfred\/files\/2016\/02\/image-10-540x304.jpeg"},{"@type":"BreadcrumbList","@id":"https:\/\/wp.kristdemokraterna.se\/hultsfred\/2016-ars-vitsippspris-ar-utdelat-i-hultsfred\/#breadcrumb","itemListElement":[{"@type":"ListItem","position":1,"name":"Hem","item":"https:\/\/wp.kristdemokraterna.se\/hultsfred\/"},{"@type":"ListItem","position":2,"name":"2016 \u00e5rs Vitsippspris \u00e4r utdelat i Hultsfred"}]},{"@type":"WebSite","@id":"https:\/\/wp.kristdemokraterna.se\/hultsfred\/#website","url":"https:\/\/wp.kristdemokraterna.se\/hultsfred\/","name":"Hultsfred","description":"En till Kristdemokraterna webbplats","inLanguage":"sv-SE"},{"@type":"Person","@id":"https:\/\/wp.kristdemokraterna.se\/hultsfred\/#\/schema\/person\/d5fb958f64c4aabda2b92681f9a53d3a","name":"hultsfred","image":{"@type":"ImageObject","inLanguage":"sv-SE","@id":"https:\/\/secure.gravatar.com\/avatar\/a3dc6a30c6eef2c1a2391d64ce1123c3a3d048b6adbbbb415417030889e093f6?s=96&r=g","url":"https:\/\/secure.gravatar.com\/avatar\/a3dc6a30c6eef2c1a2391d64ce1123c3a3d048b6adbbbb415417030889e093f6?s=96&r=g","contentUrl":"https:\/\/secure.gravatar.com\/avatar\/a3dc6a30c6eef2c1a2391d64ce1123c3a3d048b6adbbbb415417030889e093f6?s=96&r=g","caption":"hultsfred"},"url":"https:\/\/wp.kristdemokraterna.se\/hultsfred\/author\/hultsfred\/"}]}},"_links":{"self":[{"href":"https:\/\/wp.kristdemokraterna.se\/hultsfred\/wp-json\/wp\/v2\/posts\/305","targetHints":{"allow":["GET"]}}],"collection":[{"href":"https:\/\/wp.kristdemokraterna.se\/hultsfred\/wp-json\/wp\/v2\/posts"}],"about":[{"href":"https:\/\/wp.kristdemokraterna.se\/hultsfred\/wp-json\/wp\/v2\/types\/post"}],"author":[{"embeddable":true,"href":"https:\/\/wp.kristdemokraterna.se\/hultsfred\/wp-json\/wp\/v2\/users\/442"}],"replies":[{"embeddable":true,"href":"https:\/\/wp.kristdemokraterna.se\/hultsfred\/wp-json\/wp\/v2\/comments?post=305"}],"version-history":[{"count":2,"href":"https:\/\/wp.kristdemokraterna.se\/hultsfred\/wp-json\/wp\/v2\/posts\/305\/revisions"}],"predecessor-version":[{"id":311,"href":"https:\/\/wp.kristdemokraterna.se\/hultsfred\/wp-json\/wp\/v2\/posts\/305\/revisions\/311"}],"wp:attachment":[{"href":"https:\/\/wp.kristdemokraterna.se\/hultsfred\/wp-json\/wp\/v2\/media?parent=305"}],"wp:term":[{"taxonomy":"category","embeddable":true,"href":"https:\/\/wp.kristdemokraterna.se\/hultsfred\/wp-json\/wp\/v2\/categories?post=305"},{"taxonomy":"post_tag","embeddable":true,"href":"https:\/\/wp.kristdemokraterna.se\/hultsfred\/wp-json\/wp\/v2\/tags?post=305"}],"curies":[{"name":"wp","href":"https:\/\/api.w.org\/{rel}","templated":true}]}}