{"id":335,"date":"2017-02-19T18:24:05","date_gmt":"2017-02-19T17:24:05","guid":{"rendered":"http:\/\/wp.kristdemokraterna.se\/hultsfred\/?p=335"},"modified":"2017-02-19T18:24:05","modified_gmt":"2017-02-19T17:24:05","slug":"335-2","status":"publish","type":"post","link":"https:\/\/wp.kristdemokraterna.se\/hultsfred\/335-2\/","title":{"rendered":""},"content":{"rendered":"<p>. \u00a0 \u00a0 \u00a0 \u00a0 \u00a0 \u00a0 \u00a0 \u00a0 \u00a0 \u00a0 \u00a0 \u00a0 \u00a0 \u00a0 \u00a0 \u00a0 \u00a0 \u00a0 \u00a0 Ingegerd Thelin<br \/>\ntilldelas<br \/>\n2017 \u00e5rs<br \/>\nV I T S I P P S P R I S<br \/>\nGemenskap, trygghet och en meningsfull fritid \u00e4r viktiga delar i v\u00e5rt samh\u00e4lle. Detta vill vi<br \/>\nuppm\u00e4rksamma p\u00e5 Alla Hj\u00e4rtans Dag. I v\u00e5r kommun finns m\u00e5nga m\u00e4nniskor som synligt<br \/>\noch ibland osynligt g\u00f6r ideella insatser varje vecka, insatser som g\u00f6r livet l\u00e4ttare f\u00f6r andra.<br \/>\nDet \u00e4r detta som \u00e4r kvaliteten i det vi h\u00f6gtidligt kallar civilsamh\u00e4llet.<br \/>\nIngegerd Thelin \u00e4r en av dom som utan att g\u00f6ra det m\u00e4rkv\u00e4rdigt \u00e4nd\u00e5 \u00e4r en fantastisk stor<br \/>\ntillg\u00e5ng och hj\u00e4lp f\u00f6r s\u00e5 m\u00e5nga unga och \u00e4ldre i s\u00e5 m\u00e5nga olika situationer. F\u00f6rra \u00e5ret blev<br \/>\nhon i Radio Kalmar presenterad som \u201dKalmar l\u00e4ns sn\u00e4llaste\u201d. En utn\u00e4mning som verkligen<br \/>\npassar p\u00e5 henne.<br \/>\nIngegerd har en rad uppdrag inom Svenska Kyrkan i J\u00e4reda f\u00f6rsamling och Aspelands<br \/>\npastorat. Men det \u00e4r inte bara de formella uppdragen hon sk\u00f6ter med bravur. Ingegerd finns<br \/>\ntill hands med att skjutsa deltagare till olika aktiviteter g\u00f6ra bes\u00f6k hos den som beh\u00f6ver det<br \/>\noch har dessutom en stor omsorg f\u00f6r hela sin familj. Om det g\u00e4ller att vara kyrkv\u00e4rd eller<br \/>\nbjuda p\u00e5 fika till bes\u00f6karna efter en konsert eller ordna med p\u00e5skfrukost s\u00e5 finns hon med<br \/>\noch alltid med ett glatt hum\u00f6r. Hon \u00e4r ett levande exempel p\u00e5 goda g\u00e4rningar och i handling<br \/>\nen verklig f\u00f6rebild n\u00e4r det g\u00e4ller att ge medm\u00e4nniskor omtanke och trygghet.<br \/>\nAllt frivilligt och ideellt arbete \u00e4r en ov\u00e4rderlig tillg\u00e5ng. Vi vill p\u00e5 Alla Hj\u00e4rtans Dag med<br \/>\ndetta Vitsippspris markera v\u00e5r uppskattning och hyllning till Ingegerd Thelin.<br \/>\nJ\u00e4rnforsen den 14 februari 2017<br \/>\nKristdemokraterna<br \/>\npartiavdelning i Hultsfreds kommun<br \/>\nAnders Andersson \u00a0 \u00a0 \u00a0 \u00a0 \u00a0 \u00a0 \u00a0 \u00a0 \u00a0 \u00a0 \u00a0 \u00a0Gabriella Vogt \u00a0 \u00a0 \u00a0 \u00a0 \u00a0 \u00a0 \u00a0 \u00a0 \u00a0 \u00a0 \u00a0 \u00a0 \u00a0 \u00a0\u00c5ke Nilsson<br \/>\nOrdf\u00f6rande \u00a0 \u00a0 \u00a0 \u00a0 \u00a0 \u00a0 \u00a0 \u00a0 \u00a0 \u00a0 \u00a0 \u00a0 \u00a0 \u00a0 \u00a0 \u00a0 \u00a0 vice ordf\u00f6rande \u00a0 \u00a0 \u00a0 \u00a0 \u00a0 \u00a0 \u00a0gruppledare i kommunfullm\u00e4ktige<\/p>\n","protected":false},"excerpt":{"rendered":"<p>. \u00a0 \u00a0 \u00a0 \u00a0 \u00a0 \u00a0 \u00a0 \u00a0 \u00a0 \u00a0 \u00a0 \u00a0 \u00a0 \u00a0 \u00a0 \u00a0 \u00a0 \u00a0 \u00a0 Ingegerd Thelin tilldelas 2017 \u00e5rs V I T S I P P S P R I S Gemenskap, trygghet och en meningsfull fritid \u00e4r viktiga delar i v\u00e5rt samh\u00e4lle. Detta vill vi uppm\u00e4rksamma p\u00e5 Alla <a class=\"read-more-link\" href=\"https:\/\/wp.kristdemokraterna.se\/hultsfred\/335-2\/\">Read More<\/a><\/p>\n","protected":false},"author":442,"featured_media":0,"comment_status":"closed","ping_status":"closed","sticky":false,"template":"","format":"standard","meta":{"_acf_changed":false,"footnotes":""},"categories":[1],"tags":[],"class_list":["post-335","post","type-post","status-publish","format-standard","hentry","category-okategoriserade"],"acf":[],"yoast_head":"<!-- This site is optimized with the Yoast SEO plugin v27.5 - https:\/\/yoast.com\/product\/yoast-seo-wordpress\/ -->\n<title>- Hultsfred<\/title>\n<meta name=\"robots\" content=\"index, follow, max-snippet:-1, max-image-preview:large, max-video-preview:-1\" \/>\n<link rel=\"canonical\" href=\"https:\/\/wp.kristdemokraterna.se\/hultsfred\/335-2\/\" \/>\n<meta property=\"og:locale\" content=\"sv_SE\" \/>\n<meta property=\"og:type\" content=\"article\" \/>\n<meta property=\"og:title\" content=\"- Hultsfred\" \/>\n<meta property=\"og:description\" content=\". \u00a0 \u00a0 \u00a0 \u00a0 \u00a0 \u00a0 \u00a0 \u00a0 \u00a0 \u00a0 \u00a0 \u00a0 \u00a0 \u00a0 \u00a0 \u00a0 \u00a0 \u00a0 \u00a0 Ingegerd Thelin tilldelas 2017 \u00e5rs V I T S I P P S P R I S Gemenskap, trygghet och en meningsfull fritid \u00e4r viktiga delar i v\u00e5rt samh\u00e4lle. Detta vill vi uppm\u00e4rksamma p\u00e5 Alla Read More\" \/>\n<meta property=\"og:url\" content=\"https:\/\/wp.kristdemokraterna.se\/hultsfred\/335-2\/\" \/>\n<meta property=\"og:site_name\" content=\"Hultsfred\" \/>\n<meta property=\"article:published_time\" content=\"2017-02-19T17:24:05+00:00\" \/>\n<meta name=\"author\" content=\"hultsfred\" \/>\n<meta name=\"twitter:card\" content=\"summary_large_image\" \/>\n<meta name=\"twitter:label1\" content=\"Skriven av\" \/>\n\t<meta name=\"twitter:data1\" content=\"hultsfred\" \/>\n\t<meta name=\"twitter:label2\" content=\"Ber\u00e4knad l\u00e4stid\" \/>\n\t<meta name=\"twitter:data2\" content=\"2 minuter\" \/>\n<script type=\"application\/ld+json\" class=\"yoast-schema-graph\">{\"@context\":\"https:\\\/\\\/schema.org\",\"@graph\":[{\"@type\":\"Article\",\"@id\":\"https:\\\/\\\/wp.kristdemokraterna.se\\\/hultsfred\\\/335-2\\\/#article\",\"isPartOf\":{\"@id\":\"https:\\\/\\\/wp.kristdemokraterna.se\\\/hultsfred\\\/335-2\\\/\"},\"author\":{\"name\":\"hultsfred\",\"@id\":\"https:\\\/\\\/wp.kristdemokraterna.se\\\/hultsfred\\\/#\\\/schema\\\/person\\\/d5fb958f64c4aabda2b92681f9a53d3a\"},\"headline\":\"Ingen rubrik\",\"datePublished\":\"2017-02-19T17:24:05+00:00\",\"mainEntityOfPage\":{\"@id\":\"https:\\\/\\\/wp.kristdemokraterna.se\\\/hultsfred\\\/335-2\\\/\"},\"wordCount\":323,\"articleSection\":[\"V\u00e5ra inl\u00e4gg\"],\"inLanguage\":\"sv-SE\"},{\"@type\":\"WebPage\",\"@id\":\"https:\\\/\\\/wp.kristdemokraterna.se\\\/hultsfred\\\/335-2\\\/\",\"url\":\"https:\\\/\\\/wp.kristdemokraterna.se\\\/hultsfred\\\/335-2\\\/\",\"name\":\"- Hultsfred\",\"isPartOf\":{\"@id\":\"https:\\\/\\\/wp.kristdemokraterna.se\\\/hultsfred\\\/#website\"},\"datePublished\":\"2017-02-19T17:24:05+00:00\",\"author\":{\"@id\":\"https:\\\/\\\/wp.kristdemokraterna.se\\\/hultsfred\\\/#\\\/schema\\\/person\\\/d5fb958f64c4aabda2b92681f9a53d3a\"},\"inLanguage\":\"sv-SE\",\"potentialAction\":[{\"@type\":\"ReadAction\",\"target\":[\"https:\\\/\\\/wp.kristdemokraterna.se\\\/hultsfred\\\/335-2\\\/\"]}]},{\"@type\":\"WebSite\",\"@id\":\"https:\\\/\\\/wp.kristdemokraterna.se\\\/hultsfred\\\/#website\",\"url\":\"https:\\\/\\\/wp.kristdemokraterna.se\\\/hultsfred\\\/\",\"name\":\"Hultsfred\",\"description\":\"En till Kristdemokraterna webbplats\",\"inLanguage\":\"sv-SE\"},{\"@type\":\"Person\",\"@id\":\"https:\\\/\\\/wp.kristdemokraterna.se\\\/hultsfred\\\/#\\\/schema\\\/person\\\/d5fb958f64c4aabda2b92681f9a53d3a\",\"name\":\"hultsfred\",\"image\":{\"@type\":\"ImageObject\",\"inLanguage\":\"sv-SE\",\"@id\":\"https:\\\/\\\/secure.gravatar.com\\\/avatar\\\/a3dc6a30c6eef2c1a2391d64ce1123c3a3d048b6adbbbb415417030889e093f6?s=96&r=g\",\"url\":\"https:\\\/\\\/secure.gravatar.com\\\/avatar\\\/a3dc6a30c6eef2c1a2391d64ce1123c3a3d048b6adbbbb415417030889e093f6?s=96&r=g\",\"contentUrl\":\"https:\\\/\\\/secure.gravatar.com\\\/avatar\\\/a3dc6a30c6eef2c1a2391d64ce1123c3a3d048b6adbbbb415417030889e093f6?s=96&r=g\",\"caption\":\"hultsfred\"},\"url\":\"https:\\\/\\\/wp.kristdemokraterna.se\\\/hultsfred\\\/author\\\/hultsfred\\\/\"}]}<\/script>\n<!-- \/ Yoast SEO plugin. -->","yoast_head_json":{"title":"- Hultsfred","robots":{"index":"index","follow":"follow","max-snippet":"max-snippet:-1","max-image-preview":"max-image-preview:large","max-video-preview":"max-video-preview:-1"},"canonical":"https:\/\/wp.kristdemokraterna.se\/hultsfred\/335-2\/","og_locale":"sv_SE","og_type":"article","og_title":"- Hultsfred","og_description":". \u00a0 \u00a0 \u00a0 \u00a0 \u00a0 \u00a0 \u00a0 \u00a0 \u00a0 \u00a0 \u00a0 \u00a0 \u00a0 \u00a0 \u00a0 \u00a0 \u00a0 \u00a0 \u00a0 Ingegerd Thelin tilldelas 2017 \u00e5rs V I T S I P P S P R I S Gemenskap, trygghet och en meningsfull fritid \u00e4r viktiga delar i v\u00e5rt samh\u00e4lle. Detta vill vi uppm\u00e4rksamma p\u00e5 Alla Read More","og_url":"https:\/\/wp.kristdemokraterna.se\/hultsfred\/335-2\/","og_site_name":"Hultsfred","article_published_time":"2017-02-19T17:24:05+00:00","author":"hultsfred","twitter_card":"summary_large_image","twitter_misc":{"Skriven av":"hultsfred","Ber\u00e4knad l\u00e4stid":"2 minuter"},"schema":{"@context":"https:\/\/schema.org","@graph":[{"@type":"Article","@id":"https:\/\/wp.kristdemokraterna.se\/hultsfred\/335-2\/#article","isPartOf":{"@id":"https:\/\/wp.kristdemokraterna.se\/hultsfred\/335-2\/"},"author":{"name":"hultsfred","@id":"https:\/\/wp.kristdemokraterna.se\/hultsfred\/#\/schema\/person\/d5fb958f64c4aabda2b92681f9a53d3a"},"headline":"Ingen rubrik","datePublished":"2017-02-19T17:24:05+00:00","mainEntityOfPage":{"@id":"https:\/\/wp.kristdemokraterna.se\/hultsfred\/335-2\/"},"wordCount":323,"articleSection":["V\u00e5ra inl\u00e4gg"],"inLanguage":"sv-SE"},{"@type":"WebPage","@id":"https:\/\/wp.kristdemokraterna.se\/hultsfred\/335-2\/","url":"https:\/\/wp.kristdemokraterna.se\/hultsfred\/335-2\/","name":"- Hultsfred","isPartOf":{"@id":"https:\/\/wp.kristdemokraterna.se\/hultsfred\/#website"},"datePublished":"2017-02-19T17:24:05+00:00","author":{"@id":"https:\/\/wp.kristdemokraterna.se\/hultsfred\/#\/schema\/person\/d5fb958f64c4aabda2b92681f9a53d3a"},"inLanguage":"sv-SE","potentialAction":[{"@type":"ReadAction","target":["https:\/\/wp.kristdemokraterna.se\/hultsfred\/335-2\/"]}]},{"@type":"WebSite","@id":"https:\/\/wp.kristdemokraterna.se\/hultsfred\/#website","url":"https:\/\/wp.kristdemokraterna.se\/hultsfred\/","name":"Hultsfred","description":"En till Kristdemokraterna webbplats","inLanguage":"sv-SE"},{"@type":"Person","@id":"https:\/\/wp.kristdemokraterna.se\/hultsfred\/#\/schema\/person\/d5fb958f64c4aabda2b92681f9a53d3a","name":"hultsfred","image":{"@type":"ImageObject","inLanguage":"sv-SE","@id":"https:\/\/secure.gravatar.com\/avatar\/a3dc6a30c6eef2c1a2391d64ce1123c3a3d048b6adbbbb415417030889e093f6?s=96&r=g","url":"https:\/\/secure.gravatar.com\/avatar\/a3dc6a30c6eef2c1a2391d64ce1123c3a3d048b6adbbbb415417030889e093f6?s=96&r=g","contentUrl":"https:\/\/secure.gravatar.com\/avatar\/a3dc6a30c6eef2c1a2391d64ce1123c3a3d048b6adbbbb415417030889e093f6?s=96&r=g","caption":"hultsfred"},"url":"https:\/\/wp.kristdemokraterna.se\/hultsfred\/author\/hultsfred\/"}]}},"_links":{"self":[{"href":"https:\/\/wp.kristdemokraterna.se\/hultsfred\/wp-json\/wp\/v2\/posts\/335","targetHints":{"allow":["GET"]}}],"collection":[{"href":"https:\/\/wp.kristdemokraterna.se\/hultsfred\/wp-json\/wp\/v2\/posts"}],"about":[{"href":"https:\/\/wp.kristdemokraterna.se\/hultsfred\/wp-json\/wp\/v2\/types\/post"}],"author":[{"embeddable":true,"href":"https:\/\/wp.kristdemokraterna.se\/hultsfred\/wp-json\/wp\/v2\/users\/442"}],"replies":[{"embeddable":true,"href":"https:\/\/wp.kristdemokraterna.se\/hultsfred\/wp-json\/wp\/v2\/comments?post=335"}],"version-history":[{"count":2,"href":"https:\/\/wp.kristdemokraterna.se\/hultsfred\/wp-json\/wp\/v2\/posts\/335\/revisions"}],"predecessor-version":[{"id":337,"href":"https:\/\/wp.kristdemokraterna.se\/hultsfred\/wp-json\/wp\/v2\/posts\/335\/revisions\/337"}],"wp:attachment":[{"href":"https:\/\/wp.kristdemokraterna.se\/hultsfred\/wp-json\/wp\/v2\/media?parent=335"}],"wp:term":[{"taxonomy":"category","embeddable":true,"href":"https:\/\/wp.kristdemokraterna.se\/hultsfred\/wp-json\/wp\/v2\/categories?post=335"},{"taxonomy":"post_tag","embeddable":true,"href":"https:\/\/wp.kristdemokraterna.se\/hultsfred\/wp-json\/wp\/v2\/tags?post=335"}],"curies":[{"name":"wp","href":"https:\/\/api.w.org\/{rel}","templated":true}]}}