{"id":348,"date":"2017-02-19T18:35:01","date_gmt":"2017-02-19T17:35:01","guid":{"rendered":"http:\/\/wp.kristdemokraterna.se\/hultsfred\/?p=348"},"modified":"2017-02-19T18:35:01","modified_gmt":"2017-02-19T17:35:01","slug":"arets-vitsippspris-2017","status":"publish","type":"post","link":"https:\/\/wp.kristdemokraterna.se\/hultsfred\/arets-vitsippspris-2017\/","title":{"rendered":"\u00c5rets Vitsippspris 2017"},"content":{"rendered":"<div id=\"attachment_326\" style=\"width: 550px\" class=\"wp-caption aligncenter\"><img loading=\"lazy\" decoding=\"async\" aria-describedby=\"caption-attachment-326\" class=\"size-large wp-image-326\" src=\"http:\/\/wp.kristdemokraterna.se\/hultsfred\/files\/2017\/02\/img_0944-540x405.jpg\" alt=\"\" width=\"540\" height=\"405\" srcset=\"https:\/\/wp.kristdemokraterna.se\/hultsfred\/files\/2017\/02\/img_0944-540x405.jpg 540w, https:\/\/wp.kristdemokraterna.se\/hultsfred\/files\/2017\/02\/img_0944-300x225.jpg 300w, https:\/\/wp.kristdemokraterna.se\/hultsfred\/files\/2017\/02\/img_0944-768x576.jpg 768w, https:\/\/wp.kristdemokraterna.se\/hultsfred\/files\/2017\/02\/img_0944-461x346.jpg 461w, https:\/\/wp.kristdemokraterna.se\/hultsfred\/files\/2017\/02\/img_0944-149x112.jpg 149w\" sizes=\"auto, (max-width: 540px) 100vw, 540px\" \/><p id=\"caption-attachment-326\" class=\"wp-caption-text\">Ingegerd Thelin fr\u00e5n J\u00e4rnforsen tilldelades \u00e5rets vitsippspris det 25 i ordning<\/p><\/div>\n","protected":false},"excerpt":{"rendered":"","protected":false},"author":442,"featured_media":0,"comment_status":"closed","ping_status":"closed","sticky":false,"template":"","format":"standard","meta":{"_acf_changed":false,"footnotes":""},"categories":[1],"tags":[],"class_list":["post-348","post","type-post","status-publish","format-standard","hentry","category-okategoriserade"],"acf":[],"yoast_head":"<!-- This site is optimized with the Yoast SEO plugin v27.4 - https:\/\/yoast.com\/product\/yoast-seo-wordpress\/ -->\n<title>\u00c5rets Vitsippspris 2017 - Hultsfred<\/title>\n<meta name=\"robots\" content=\"index, follow, max-snippet:-1, max-image-preview:large, max-video-preview:-1\" \/>\n<link rel=\"canonical\" href=\"https:\/\/wp.kristdemokraterna.se\/hultsfred\/arets-vitsippspris-2017\/\" \/>\n<meta property=\"og:locale\" content=\"sv_SE\" \/>\n<meta property=\"og:type\" content=\"article\" \/>\n<meta property=\"og:title\" content=\"\u00c5rets Vitsippspris 2017 - Hultsfred\" \/>\n<meta property=\"og:url\" content=\"https:\/\/wp.kristdemokraterna.se\/hultsfred\/arets-vitsippspris-2017\/\" \/>\n<meta property=\"og:site_name\" content=\"Hultsfred\" \/>\n<meta property=\"article:published_time\" content=\"2017-02-19T17:35:01+00:00\" \/>\n<meta property=\"og:image\" content=\"http:\/\/wp.kristdemokraterna.se\/hultsfred\/files\/2017\/02\/img_0944-540x405.jpg\" \/>\n<meta name=\"author\" content=\"hultsfred\" \/>\n<meta name=\"twitter:card\" content=\"summary_large_image\" \/>\n<meta name=\"twitter:label1\" content=\"Skriven av\" \/>\n\t<meta name=\"twitter:data1\" content=\"hultsfred\" \/>\n<script type=\"application\/ld+json\" class=\"yoast-schema-graph\">{\"@context\":\"https:\\\/\\\/schema.org\",\"@graph\":[{\"@type\":\"Article\",\"@id\":\"https:\\\/\\\/wp.kristdemokraterna.se\\\/hultsfred\\\/arets-vitsippspris-2017\\\/#article\",\"isPartOf\":{\"@id\":\"https:\\\/\\\/wp.kristdemokraterna.se\\\/hultsfred\\\/arets-vitsippspris-2017\\\/\"},\"author\":{\"name\":\"hultsfred\",\"@id\":\"https:\\\/\\\/wp.kristdemokraterna.se\\\/hultsfred\\\/#\\\/schema\\\/person\\\/d5fb958f64c4aabda2b92681f9a53d3a\"},\"headline\":\"\u00c5rets Vitsippspris 2017\",\"datePublished\":\"2017-02-19T17:35:01+00:00\",\"mainEntityOfPage\":{\"@id\":\"https:\\\/\\\/wp.kristdemokraterna.se\\\/hultsfred\\\/arets-vitsippspris-2017\\\/\"},\"wordCount\":21,\"image\":{\"@id\":\"https:\\\/\\\/wp.kristdemokraterna.se\\\/hultsfred\\\/arets-vitsippspris-2017\\\/#primaryimage\"},\"thumbnailUrl\":\"http:\\\/\\\/wp.kristdemokraterna.se\\\/hultsfred\\\/files\\\/2017\\\/02\\\/img_0944-540x405.jpg\",\"articleSection\":[\"V\u00e5ra inl\u00e4gg\"],\"inLanguage\":\"sv-SE\"},{\"@type\":\"WebPage\",\"@id\":\"https:\\\/\\\/wp.kristdemokraterna.se\\\/hultsfred\\\/arets-vitsippspris-2017\\\/\",\"url\":\"https:\\\/\\\/wp.kristdemokraterna.se\\\/hultsfred\\\/arets-vitsippspris-2017\\\/\",\"name\":\"\u00c5rets Vitsippspris 2017 - Hultsfred\",\"isPartOf\":{\"@id\":\"https:\\\/\\\/wp.kristdemokraterna.se\\\/hultsfred\\\/#website\"},\"primaryImageOfPage\":{\"@id\":\"https:\\\/\\\/wp.kristdemokraterna.se\\\/hultsfred\\\/arets-vitsippspris-2017\\\/#primaryimage\"},\"image\":{\"@id\":\"https:\\\/\\\/wp.kristdemokraterna.se\\\/hultsfred\\\/arets-vitsippspris-2017\\\/#primaryimage\"},\"thumbnailUrl\":\"http:\\\/\\\/wp.kristdemokraterna.se\\\/hultsfred\\\/files\\\/2017\\\/02\\\/img_0944-540x405.jpg\",\"datePublished\":\"2017-02-19T17:35:01+00:00\",\"author\":{\"@id\":\"https:\\\/\\\/wp.kristdemokraterna.se\\\/hultsfred\\\/#\\\/schema\\\/person\\\/d5fb958f64c4aabda2b92681f9a53d3a\"},\"breadcrumb\":{\"@id\":\"https:\\\/\\\/wp.kristdemokraterna.se\\\/hultsfred\\\/arets-vitsippspris-2017\\\/#breadcrumb\"},\"inLanguage\":\"sv-SE\",\"potentialAction\":[{\"@type\":\"ReadAction\",\"target\":[\"https:\\\/\\\/wp.kristdemokraterna.se\\\/hultsfred\\\/arets-vitsippspris-2017\\\/\"]}]},{\"@type\":\"ImageObject\",\"inLanguage\":\"sv-SE\",\"@id\":\"https:\\\/\\\/wp.kristdemokraterna.se\\\/hultsfred\\\/arets-vitsippspris-2017\\\/#primaryimage\",\"url\":\"https:\\\/\\\/wp.kristdemokraterna.se\\\/hultsfred\\\/files\\\/2017\\\/02\\\/img_0944.jpg\",\"contentUrl\":\"https:\\\/\\\/wp.kristdemokraterna.se\\\/hultsfred\\\/files\\\/2017\\\/02\\\/img_0944.jpg\",\"width\":4032,\"height\":3024,\"caption\":\"Ingegerd Thelin fr\u00e5n J\u00e4rnforsen tilldelades \u00e5rets vitsippspris\"},{\"@type\":\"BreadcrumbList\",\"@id\":\"https:\\\/\\\/wp.kristdemokraterna.se\\\/hultsfred\\\/arets-vitsippspris-2017\\\/#breadcrumb\",\"itemListElement\":[{\"@type\":\"ListItem\",\"position\":1,\"name\":\"Hem\",\"item\":\"https:\\\/\\\/wp.kristdemokraterna.se\\\/hultsfred\\\/\"},{\"@type\":\"ListItem\",\"position\":2,\"name\":\"\u00c5rets Vitsippspris 2017\"}]},{\"@type\":\"WebSite\",\"@id\":\"https:\\\/\\\/wp.kristdemokraterna.se\\\/hultsfred\\\/#website\",\"url\":\"https:\\\/\\\/wp.kristdemokraterna.se\\\/hultsfred\\\/\",\"name\":\"Hultsfred\",\"description\":\"En till Kristdemokraterna webbplats\",\"inLanguage\":\"sv-SE\"},{\"@type\":\"Person\",\"@id\":\"https:\\\/\\\/wp.kristdemokraterna.se\\\/hultsfred\\\/#\\\/schema\\\/person\\\/d5fb958f64c4aabda2b92681f9a53d3a\",\"name\":\"hultsfred\",\"image\":{\"@type\":\"ImageObject\",\"inLanguage\":\"sv-SE\",\"@id\":\"https:\\\/\\\/secure.gravatar.com\\\/avatar\\\/a3dc6a30c6eef2c1a2391d64ce1123c3a3d048b6adbbbb415417030889e093f6?s=96&r=g\",\"url\":\"https:\\\/\\\/secure.gravatar.com\\\/avatar\\\/a3dc6a30c6eef2c1a2391d64ce1123c3a3d048b6adbbbb415417030889e093f6?s=96&r=g\",\"contentUrl\":\"https:\\\/\\\/secure.gravatar.com\\\/avatar\\\/a3dc6a30c6eef2c1a2391d64ce1123c3a3d048b6adbbbb415417030889e093f6?s=96&r=g\",\"caption\":\"hultsfred\"},\"url\":\"https:\\\/\\\/wp.kristdemokraterna.se\\\/hultsfred\\\/author\\\/hultsfred\\\/\"}]}<\/script>\n<!-- \/ Yoast SEO plugin. -->","yoast_head_json":{"title":"\u00c5rets Vitsippspris 2017 - Hultsfred","robots":{"index":"index","follow":"follow","max-snippet":"max-snippet:-1","max-image-preview":"max-image-preview:large","max-video-preview":"max-video-preview:-1"},"canonical":"https:\/\/wp.kristdemokraterna.se\/hultsfred\/arets-vitsippspris-2017\/","og_locale":"sv_SE","og_type":"article","og_title":"\u00c5rets Vitsippspris 2017 - Hultsfred","og_url":"https:\/\/wp.kristdemokraterna.se\/hultsfred\/arets-vitsippspris-2017\/","og_site_name":"Hultsfred","article_published_time":"2017-02-19T17:35:01+00:00","og_image":[{"url":"http:\/\/wp.kristdemokraterna.se\/hultsfred\/files\/2017\/02\/img_0944-540x405.jpg","type":"","width":"","height":""}],"author":"hultsfred","twitter_card":"summary_large_image","twitter_misc":{"Skriven av":"hultsfred"},"schema":{"@context":"https:\/\/schema.org","@graph":[{"@type":"Article","@id":"https:\/\/wp.kristdemokraterna.se\/hultsfred\/arets-vitsippspris-2017\/#article","isPartOf":{"@id":"https:\/\/wp.kristdemokraterna.se\/hultsfred\/arets-vitsippspris-2017\/"},"author":{"name":"hultsfred","@id":"https:\/\/wp.kristdemokraterna.se\/hultsfred\/#\/schema\/person\/d5fb958f64c4aabda2b92681f9a53d3a"},"headline":"\u00c5rets Vitsippspris 2017","datePublished":"2017-02-19T17:35:01+00:00","mainEntityOfPage":{"@id":"https:\/\/wp.kristdemokraterna.se\/hultsfred\/arets-vitsippspris-2017\/"},"wordCount":21,"image":{"@id":"https:\/\/wp.kristdemokraterna.se\/hultsfred\/arets-vitsippspris-2017\/#primaryimage"},"thumbnailUrl":"http:\/\/wp.kristdemokraterna.se\/hultsfred\/files\/2017\/02\/img_0944-540x405.jpg","articleSection":["V\u00e5ra inl\u00e4gg"],"inLanguage":"sv-SE"},{"@type":"WebPage","@id":"https:\/\/wp.kristdemokraterna.se\/hultsfred\/arets-vitsippspris-2017\/","url":"https:\/\/wp.kristdemokraterna.se\/hultsfred\/arets-vitsippspris-2017\/","name":"\u00c5rets Vitsippspris 2017 - Hultsfred","isPartOf":{"@id":"https:\/\/wp.kristdemokraterna.se\/hultsfred\/#website"},"primaryImageOfPage":{"@id":"https:\/\/wp.kristdemokraterna.se\/hultsfred\/arets-vitsippspris-2017\/#primaryimage"},"image":{"@id":"https:\/\/wp.kristdemokraterna.se\/hultsfred\/arets-vitsippspris-2017\/#primaryimage"},"thumbnailUrl":"http:\/\/wp.kristdemokraterna.se\/hultsfred\/files\/2017\/02\/img_0944-540x405.jpg","datePublished":"2017-02-19T17:35:01+00:00","author":{"@id":"https:\/\/wp.kristdemokraterna.se\/hultsfred\/#\/schema\/person\/d5fb958f64c4aabda2b92681f9a53d3a"},"breadcrumb":{"@id":"https:\/\/wp.kristdemokraterna.se\/hultsfred\/arets-vitsippspris-2017\/#breadcrumb"},"inLanguage":"sv-SE","potentialAction":[{"@type":"ReadAction","target":["https:\/\/wp.kristdemokraterna.se\/hultsfred\/arets-vitsippspris-2017\/"]}]},{"@type":"ImageObject","inLanguage":"sv-SE","@id":"https:\/\/wp.kristdemokraterna.se\/hultsfred\/arets-vitsippspris-2017\/#primaryimage","url":"https:\/\/wp.kristdemokraterna.se\/hultsfred\/files\/2017\/02\/img_0944.jpg","contentUrl":"https:\/\/wp.kristdemokraterna.se\/hultsfred\/files\/2017\/02\/img_0944.jpg","width":4032,"height":3024,"caption":"Ingegerd Thelin fr\u00e5n J\u00e4rnforsen tilldelades \u00e5rets vitsippspris"},{"@type":"BreadcrumbList","@id":"https:\/\/wp.kristdemokraterna.se\/hultsfred\/arets-vitsippspris-2017\/#breadcrumb","itemListElement":[{"@type":"ListItem","position":1,"name":"Hem","item":"https:\/\/wp.kristdemokraterna.se\/hultsfred\/"},{"@type":"ListItem","position":2,"name":"\u00c5rets Vitsippspris 2017"}]},{"@type":"WebSite","@id":"https:\/\/wp.kristdemokraterna.se\/hultsfred\/#website","url":"https:\/\/wp.kristdemokraterna.se\/hultsfred\/","name":"Hultsfred","description":"En till Kristdemokraterna webbplats","inLanguage":"sv-SE"},{"@type":"Person","@id":"https:\/\/wp.kristdemokraterna.se\/hultsfred\/#\/schema\/person\/d5fb958f64c4aabda2b92681f9a53d3a","name":"hultsfred","image":{"@type":"ImageObject","inLanguage":"sv-SE","@id":"https:\/\/secure.gravatar.com\/avatar\/a3dc6a30c6eef2c1a2391d64ce1123c3a3d048b6adbbbb415417030889e093f6?s=96&r=g","url":"https:\/\/secure.gravatar.com\/avatar\/a3dc6a30c6eef2c1a2391d64ce1123c3a3d048b6adbbbb415417030889e093f6?s=96&r=g","contentUrl":"https:\/\/secure.gravatar.com\/avatar\/a3dc6a30c6eef2c1a2391d64ce1123c3a3d048b6adbbbb415417030889e093f6?s=96&r=g","caption":"hultsfred"},"url":"https:\/\/wp.kristdemokraterna.se\/hultsfred\/author\/hultsfred\/"}]}},"_links":{"self":[{"href":"https:\/\/wp.kristdemokraterna.se\/hultsfred\/wp-json\/wp\/v2\/posts\/348","targetHints":{"allow":["GET"]}}],"collection":[{"href":"https:\/\/wp.kristdemokraterna.se\/hultsfred\/wp-json\/wp\/v2\/posts"}],"about":[{"href":"https:\/\/wp.kristdemokraterna.se\/hultsfred\/wp-json\/wp\/v2\/types\/post"}],"author":[{"embeddable":true,"href":"https:\/\/wp.kristdemokraterna.se\/hultsfred\/wp-json\/wp\/v2\/users\/442"}],"replies":[{"embeddable":true,"href":"https:\/\/wp.kristdemokraterna.se\/hultsfred\/wp-json\/wp\/v2\/comments?post=348"}],"version-history":[{"count":1,"href":"https:\/\/wp.kristdemokraterna.se\/hultsfred\/wp-json\/wp\/v2\/posts\/348\/revisions"}],"predecessor-version":[{"id":349,"href":"https:\/\/wp.kristdemokraterna.se\/hultsfred\/wp-json\/wp\/v2\/posts\/348\/revisions\/349"}],"wp:attachment":[{"href":"https:\/\/wp.kristdemokraterna.se\/hultsfred\/wp-json\/wp\/v2\/media?parent=348"}],"wp:term":[{"taxonomy":"category","embeddable":true,"href":"https:\/\/wp.kristdemokraterna.se\/hultsfred\/wp-json\/wp\/v2\/categories?post=348"},{"taxonomy":"post_tag","embeddable":true,"href":"https:\/\/wp.kristdemokraterna.se\/hultsfred\/wp-json\/wp\/v2\/tags?post=348"}],"curies":[{"name":"wp","href":"https:\/\/api.w.org\/{rel}","templated":true}]}}