{"id":356,"date":"2017-03-26T18:49:39","date_gmt":"2017-03-26T16:49:39","guid":{"rendered":"http:\/\/wp.kristdemokraterna.se\/hultsfred\/?p=356"},"modified":"2017-03-26T18:52:23","modified_gmt":"2017-03-26T16:52:23","slug":"partidistriktarsmotet-i-kalmar","status":"publish","type":"post","link":"https:\/\/wp.kristdemokraterna.se\/hultsfred\/partidistriktarsmotet-i-kalmar\/","title":{"rendered":"Partidistrikt\u00e5rsm\u00f6tet i Kalmar"},"content":{"rendered":"<p>&nbsp;<\/p>\n<div id=\"attachment_358\" style=\"width: 415px\" class=\"wp-caption aligncenter\"><img loading=\"lazy\" decoding=\"async\" aria-describedby=\"caption-attachment-358\" class=\"size-large wp-image-358\" src=\"http:\/\/wp.kristdemokraterna.se\/hultsfred\/files\/2017\/03\/img_0113-405x540.jpg\" alt=\"\" width=\"405\" height=\"540\" srcset=\"https:\/\/wp.kristdemokraterna.se\/hultsfred\/files\/2017\/03\/img_0113-405x540.jpg 405w, https:\/\/wp.kristdemokraterna.se\/hultsfred\/files\/2017\/03\/img_0113-225x300.jpg 225w, https:\/\/wp.kristdemokraterna.se\/hultsfred\/files\/2017\/03\/img_0113-260x346.jpg 260w, https:\/\/wp.kristdemokraterna.se\/hultsfred\/files\/2017\/03\/img_0113-84x112.jpg 84w, https:\/\/wp.kristdemokraterna.se\/hultsfred\/files\/2017\/03\/img_0113.jpg 720w\" sizes=\"auto, (max-width: 405px) 100vw, 405px\" \/><p id=\"caption-attachment-358\" class=\"wp-caption-text\">Erik Dicksson h\u00e4lsade oss v\u00e4lkomna till Kalmar<\/p><\/div>\n<div id=\"attachment_355\" style=\"width: 497px\" class=\"wp-caption aligncenter\"><img loading=\"lazy\" decoding=\"async\" aria-describedby=\"caption-attachment-355\" class=\"size-large wp-image-355\" src=\"http:\/\/wp.kristdemokraterna.se\/hultsfred\/files\/2017\/03\/img_0111-487x540.jpg\" alt=\"\" width=\"487\" height=\"540\" srcset=\"https:\/\/wp.kristdemokraterna.se\/hultsfred\/files\/2017\/03\/img_0111-487x540.jpg 487w, https:\/\/wp.kristdemokraterna.se\/hultsfred\/files\/2017\/03\/img_0111-271x300.jpg 271w, https:\/\/wp.kristdemokraterna.se\/hultsfred\/files\/2017\/03\/img_0111-768x851.jpg 768w, https:\/\/wp.kristdemokraterna.se\/hultsfred\/files\/2017\/03\/img_0111-312x346.jpg 312w, https:\/\/wp.kristdemokraterna.se\/hultsfred\/files\/2017\/03\/img_0111-101x112.jpg 101w, https:\/\/wp.kristdemokraterna.se\/hultsfred\/files\/2017\/03\/img_0111.jpg 866w\" sizes=\"auto, (max-width: 487px) 100vw, 487px\" \/><p id=\"caption-attachment-355\" class=\"wp-caption-text\">Jimmy Lord invigningstalade<\/p><\/div>\n<div id=\"attachment_353\" style=\"width: 550px\" class=\"wp-caption aligncenter\"><img loading=\"lazy\" decoding=\"async\" aria-describedby=\"caption-attachment-353\" class=\"size-large wp-image-353\" src=\"http:\/\/wp.kristdemokraterna.se\/hultsfred\/files\/2017\/03\/img_0109-540x334.jpg\" alt=\"\" width=\"540\" height=\"334\" srcset=\"https:\/\/wp.kristdemokraterna.se\/hultsfred\/files\/2017\/03\/img_0109-540x334.jpg 540w, https:\/\/wp.kristdemokraterna.se\/hultsfred\/files\/2017\/03\/img_0109-300x186.jpg 300w, https:\/\/wp.kristdemokraterna.se\/hultsfred\/files\/2017\/03\/img_0109-768x475.jpg 768w, https:\/\/wp.kristdemokraterna.se\/hultsfred\/files\/2017\/03\/img_0109-559x346.jpg 559w, https:\/\/wp.kristdemokraterna.se\/hultsfred\/files\/2017\/03\/img_0109-181x112.jpg 181w, https:\/\/wp.kristdemokraterna.se\/hultsfred\/files\/2017\/03\/img_0109.jpg 960w\" sizes=\"auto, (max-width: 540px) 100vw, 540px\" \/><p id=\"caption-attachment-353\" class=\"wp-caption-text\">Johan Gustafsson sj\u00f6ng egna s\u00e5nger i inledningen till \u00e5rsm\u00f6tet<\/p><\/div>\n<div id=\"attachment_352\" style=\"width: 403px\" class=\"wp-caption aligncenter\"><img loading=\"lazy\" decoding=\"async\" aria-describedby=\"caption-attachment-352\" class=\"size-large wp-image-352\" src=\"http:\/\/wp.kristdemokraterna.se\/hultsfred\/files\/2017\/03\/img_0108-393x540.jpg\" alt=\"\" width=\"393\" height=\"540\" srcset=\"https:\/\/wp.kristdemokraterna.se\/hultsfred\/files\/2017\/03\/img_0108-393x540.jpg 393w, https:\/\/wp.kristdemokraterna.se\/hultsfred\/files\/2017\/03\/img_0108-218x300.jpg 218w, https:\/\/wp.kristdemokraterna.se\/hultsfred\/files\/2017\/03\/img_0108-252x346.jpg 252w, https:\/\/wp.kristdemokraterna.se\/hultsfred\/files\/2017\/03\/img_0108-81x112.jpg 81w, https:\/\/wp.kristdemokraterna.se\/hultsfred\/files\/2017\/03\/img_0108.jpg 698w\" sizes=\"auto, (max-width: 393px) 100vw, 393px\" \/><p id=\"caption-attachment-352\" class=\"wp-caption-text\">Anders Andersson omvaldes till partidistriktsordf\u00f6rande f\u00f6r ett \u00e5r<\/p><\/div>\n<div id=\"attachment_357\" style=\"width: 550px\" class=\"wp-caption aligncenter\"><img loading=\"lazy\" decoding=\"async\" aria-describedby=\"caption-attachment-357\" class=\"size-large wp-image-357\" src=\"http:\/\/wp.kristdemokraterna.se\/hultsfred\/files\/2017\/03\/img_0112-540x405.jpg\" alt=\"\" width=\"540\" height=\"405\" srcset=\"https:\/\/wp.kristdemokraterna.se\/hultsfred\/files\/2017\/03\/img_0112-540x405.jpg 540w, https:\/\/wp.kristdemokraterna.se\/hultsfred\/files\/2017\/03\/img_0112-300x225.jpg 300w, https:\/\/wp.kristdemokraterna.se\/hultsfred\/files\/2017\/03\/img_0112-768x576.jpg 768w, https:\/\/wp.kristdemokraterna.se\/hultsfred\/files\/2017\/03\/img_0112-461x346.jpg 461w, https:\/\/wp.kristdemokraterna.se\/hultsfred\/files\/2017\/03\/img_0112-149x112.jpg 149w, https:\/\/wp.kristdemokraterna.se\/hultsfred\/files\/2017\/03\/img_0112.jpg 960w\" sizes=\"auto, (max-width: 540px) 100vw, 540px\" \/><p id=\"caption-attachment-357\" class=\"wp-caption-text\">H\u00e4r ser vi presidiet vid \u00e5rsm\u00f6tet \u00c5ke Nilsson Madelaine Rosenqvist och Erik Dicksson<\/p><\/div>\n","protected":false},"excerpt":{"rendered":"<p>&nbsp;<\/p>\n","protected":false},"author":442,"featured_media":0,"comment_status":"closed","ping_status":"closed","sticky":false,"template":"","format":"standard","meta":{"_acf_changed":false,"footnotes":""},"categories":[1],"tags":[],"class_list":["post-356","post","type-post","status-publish","format-standard","hentry","category-okategoriserade"],"acf":[],"yoast_head":"<!-- This site is optimized with the Yoast SEO plugin v27.4 - https:\/\/yoast.com\/product\/yoast-seo-wordpress\/ -->\n<title>Partidistrikt\u00e5rsm\u00f6tet i Kalmar - Hultsfred<\/title>\n<meta name=\"robots\" content=\"index, follow, max-snippet:-1, max-image-preview:large, max-video-preview:-1\" \/>\n<link rel=\"canonical\" href=\"https:\/\/wp.kristdemokraterna.se\/hultsfred\/partidistriktarsmotet-i-kalmar\/\" \/>\n<meta property=\"og:locale\" content=\"sv_SE\" \/>\n<meta property=\"og:type\" content=\"article\" \/>\n<meta property=\"og:title\" content=\"Partidistrikt\u00e5rsm\u00f6tet i Kalmar - Hultsfred\" \/>\n<meta property=\"og:description\" content=\"&nbsp;\" \/>\n<meta property=\"og:url\" content=\"https:\/\/wp.kristdemokraterna.se\/hultsfred\/partidistriktarsmotet-i-kalmar\/\" \/>\n<meta property=\"og:site_name\" content=\"Hultsfred\" \/>\n<meta property=\"article:published_time\" content=\"2017-03-26T16:49:39+00:00\" \/>\n<meta property=\"article:modified_time\" content=\"2017-03-26T16:52:23+00:00\" \/>\n<meta property=\"og:image\" content=\"http:\/\/wp.kristdemokraterna.se\/hultsfred\/files\/2017\/03\/img_0113-405x540.jpg\" \/>\n<meta name=\"author\" content=\"hultsfred\" \/>\n<meta name=\"twitter:card\" content=\"summary_large_image\" \/>\n<meta name=\"twitter:label1\" content=\"Skriven av\" \/>\n\t<meta name=\"twitter:data1\" content=\"hultsfred\" \/>\n<script type=\"application\/ld+json\" class=\"yoast-schema-graph\">{\"@context\":\"https:\\\/\\\/schema.org\",\"@graph\":[{\"@type\":\"Article\",\"@id\":\"https:\\\/\\\/wp.kristdemokraterna.se\\\/hultsfred\\\/partidistriktarsmotet-i-kalmar\\\/#article\",\"isPartOf\":{\"@id\":\"https:\\\/\\\/wp.kristdemokraterna.se\\\/hultsfred\\\/partidistriktarsmotet-i-kalmar\\\/\"},\"author\":{\"name\":\"hultsfred\",\"@id\":\"https:\\\/\\\/wp.kristdemokraterna.se\\\/hultsfred\\\/#\\\/schema\\\/person\\\/d5fb958f64c4aabda2b92681f9a53d3a\"},\"headline\":\"Partidistrikt\u00e5rsm\u00f6tet i Kalmar\",\"datePublished\":\"2017-03-26T16:49:39+00:00\",\"dateModified\":\"2017-03-26T16:52:23+00:00\",\"mainEntityOfPage\":{\"@id\":\"https:\\\/\\\/wp.kristdemokraterna.se\\\/hultsfred\\\/partidistriktarsmotet-i-kalmar\\\/\"},\"wordCount\":90,\"image\":{\"@id\":\"https:\\\/\\\/wp.kristdemokraterna.se\\\/hultsfred\\\/partidistriktarsmotet-i-kalmar\\\/#primaryimage\"},\"thumbnailUrl\":\"http:\\\/\\\/wp.kristdemokraterna.se\\\/hultsfred\\\/files\\\/2017\\\/03\\\/img_0113-405x540.jpg\",\"articleSection\":[\"V\u00e5ra inl\u00e4gg\"],\"inLanguage\":\"sv-SE\"},{\"@type\":\"WebPage\",\"@id\":\"https:\\\/\\\/wp.kristdemokraterna.se\\\/hultsfred\\\/partidistriktarsmotet-i-kalmar\\\/\",\"url\":\"https:\\\/\\\/wp.kristdemokraterna.se\\\/hultsfred\\\/partidistriktarsmotet-i-kalmar\\\/\",\"name\":\"Partidistrikt\u00e5rsm\u00f6tet i Kalmar - Hultsfred\",\"isPartOf\":{\"@id\":\"https:\\\/\\\/wp.kristdemokraterna.se\\\/hultsfred\\\/#website\"},\"primaryImageOfPage\":{\"@id\":\"https:\\\/\\\/wp.kristdemokraterna.se\\\/hultsfred\\\/partidistriktarsmotet-i-kalmar\\\/#primaryimage\"},\"image\":{\"@id\":\"https:\\\/\\\/wp.kristdemokraterna.se\\\/hultsfred\\\/partidistriktarsmotet-i-kalmar\\\/#primaryimage\"},\"thumbnailUrl\":\"http:\\\/\\\/wp.kristdemokraterna.se\\\/hultsfred\\\/files\\\/2017\\\/03\\\/img_0113-405x540.jpg\",\"datePublished\":\"2017-03-26T16:49:39+00:00\",\"dateModified\":\"2017-03-26T16:52:23+00:00\",\"author\":{\"@id\":\"https:\\\/\\\/wp.kristdemokraterna.se\\\/hultsfred\\\/#\\\/schema\\\/person\\\/d5fb958f64c4aabda2b92681f9a53d3a\"},\"breadcrumb\":{\"@id\":\"https:\\\/\\\/wp.kristdemokraterna.se\\\/hultsfred\\\/partidistriktarsmotet-i-kalmar\\\/#breadcrumb\"},\"inLanguage\":\"sv-SE\",\"potentialAction\":[{\"@type\":\"ReadAction\",\"target\":[\"https:\\\/\\\/wp.kristdemokraterna.se\\\/hultsfred\\\/partidistriktarsmotet-i-kalmar\\\/\"]}]},{\"@type\":\"ImageObject\",\"inLanguage\":\"sv-SE\",\"@id\":\"https:\\\/\\\/wp.kristdemokraterna.se\\\/hultsfred\\\/partidistriktarsmotet-i-kalmar\\\/#primaryimage\",\"url\":\"https:\\\/\\\/wp.kristdemokraterna.se\\\/hultsfred\\\/files\\\/2017\\\/03\\\/img_0113.jpg\",\"contentUrl\":\"https:\\\/\\\/wp.kristdemokraterna.se\\\/hultsfred\\\/files\\\/2017\\\/03\\\/img_0113.jpg\",\"width\":720,\"height\":960,\"caption\":\"Erik Dicksson h\u00e4lsade oss v\u00e4lkomna till Kalmar\"},{\"@type\":\"BreadcrumbList\",\"@id\":\"https:\\\/\\\/wp.kristdemokraterna.se\\\/hultsfred\\\/partidistriktarsmotet-i-kalmar\\\/#breadcrumb\",\"itemListElement\":[{\"@type\":\"ListItem\",\"position\":1,\"name\":\"Hem\",\"item\":\"https:\\\/\\\/wp.kristdemokraterna.se\\\/hultsfred\\\/\"},{\"@type\":\"ListItem\",\"position\":2,\"name\":\"Partidistrikt\u00e5rsm\u00f6tet i Kalmar\"}]},{\"@type\":\"WebSite\",\"@id\":\"https:\\\/\\\/wp.kristdemokraterna.se\\\/hultsfred\\\/#website\",\"url\":\"https:\\\/\\\/wp.kristdemokraterna.se\\\/hultsfred\\\/\",\"name\":\"Hultsfred\",\"description\":\"En till Kristdemokraterna webbplats\",\"inLanguage\":\"sv-SE\"},{\"@type\":\"Person\",\"@id\":\"https:\\\/\\\/wp.kristdemokraterna.se\\\/hultsfred\\\/#\\\/schema\\\/person\\\/d5fb958f64c4aabda2b92681f9a53d3a\",\"name\":\"hultsfred\",\"image\":{\"@type\":\"ImageObject\",\"inLanguage\":\"sv-SE\",\"@id\":\"https:\\\/\\\/secure.gravatar.com\\\/avatar\\\/a3dc6a30c6eef2c1a2391d64ce1123c3a3d048b6adbbbb415417030889e093f6?s=96&r=g\",\"url\":\"https:\\\/\\\/secure.gravatar.com\\\/avatar\\\/a3dc6a30c6eef2c1a2391d64ce1123c3a3d048b6adbbbb415417030889e093f6?s=96&r=g\",\"contentUrl\":\"https:\\\/\\\/secure.gravatar.com\\\/avatar\\\/a3dc6a30c6eef2c1a2391d64ce1123c3a3d048b6adbbbb415417030889e093f6?s=96&r=g\",\"caption\":\"hultsfred\"},\"url\":\"https:\\\/\\\/wp.kristdemokraterna.se\\\/hultsfred\\\/author\\\/hultsfred\\\/\"}]}<\/script>\n<!-- \/ Yoast SEO plugin. -->","yoast_head_json":{"title":"Partidistrikt\u00e5rsm\u00f6tet i Kalmar - Hultsfred","robots":{"index":"index","follow":"follow","max-snippet":"max-snippet:-1","max-image-preview":"max-image-preview:large","max-video-preview":"max-video-preview:-1"},"canonical":"https:\/\/wp.kristdemokraterna.se\/hultsfred\/partidistriktarsmotet-i-kalmar\/","og_locale":"sv_SE","og_type":"article","og_title":"Partidistrikt\u00e5rsm\u00f6tet i Kalmar - Hultsfred","og_description":"&nbsp;","og_url":"https:\/\/wp.kristdemokraterna.se\/hultsfred\/partidistriktarsmotet-i-kalmar\/","og_site_name":"Hultsfred","article_published_time":"2017-03-26T16:49:39+00:00","article_modified_time":"2017-03-26T16:52:23+00:00","og_image":[{"url":"http:\/\/wp.kristdemokraterna.se\/hultsfred\/files\/2017\/03\/img_0113-405x540.jpg","type":"","width":"","height":""}],"author":"hultsfred","twitter_card":"summary_large_image","twitter_misc":{"Skriven av":"hultsfred"},"schema":{"@context":"https:\/\/schema.org","@graph":[{"@type":"Article","@id":"https:\/\/wp.kristdemokraterna.se\/hultsfred\/partidistriktarsmotet-i-kalmar\/#article","isPartOf":{"@id":"https:\/\/wp.kristdemokraterna.se\/hultsfred\/partidistriktarsmotet-i-kalmar\/"},"author":{"name":"hultsfred","@id":"https:\/\/wp.kristdemokraterna.se\/hultsfred\/#\/schema\/person\/d5fb958f64c4aabda2b92681f9a53d3a"},"headline":"Partidistrikt\u00e5rsm\u00f6tet i Kalmar","datePublished":"2017-03-26T16:49:39+00:00","dateModified":"2017-03-26T16:52:23+00:00","mainEntityOfPage":{"@id":"https:\/\/wp.kristdemokraterna.se\/hultsfred\/partidistriktarsmotet-i-kalmar\/"},"wordCount":90,"image":{"@id":"https:\/\/wp.kristdemokraterna.se\/hultsfred\/partidistriktarsmotet-i-kalmar\/#primaryimage"},"thumbnailUrl":"http:\/\/wp.kristdemokraterna.se\/hultsfred\/files\/2017\/03\/img_0113-405x540.jpg","articleSection":["V\u00e5ra inl\u00e4gg"],"inLanguage":"sv-SE"},{"@type":"WebPage","@id":"https:\/\/wp.kristdemokraterna.se\/hultsfred\/partidistriktarsmotet-i-kalmar\/","url":"https:\/\/wp.kristdemokraterna.se\/hultsfred\/partidistriktarsmotet-i-kalmar\/","name":"Partidistrikt\u00e5rsm\u00f6tet i Kalmar - Hultsfred","isPartOf":{"@id":"https:\/\/wp.kristdemokraterna.se\/hultsfred\/#website"},"primaryImageOfPage":{"@id":"https:\/\/wp.kristdemokraterna.se\/hultsfred\/partidistriktarsmotet-i-kalmar\/#primaryimage"},"image":{"@id":"https:\/\/wp.kristdemokraterna.se\/hultsfred\/partidistriktarsmotet-i-kalmar\/#primaryimage"},"thumbnailUrl":"http:\/\/wp.kristdemokraterna.se\/hultsfred\/files\/2017\/03\/img_0113-405x540.jpg","datePublished":"2017-03-26T16:49:39+00:00","dateModified":"2017-03-26T16:52:23+00:00","author":{"@id":"https:\/\/wp.kristdemokraterna.se\/hultsfred\/#\/schema\/person\/d5fb958f64c4aabda2b92681f9a53d3a"},"breadcrumb":{"@id":"https:\/\/wp.kristdemokraterna.se\/hultsfred\/partidistriktarsmotet-i-kalmar\/#breadcrumb"},"inLanguage":"sv-SE","potentialAction":[{"@type":"ReadAction","target":["https:\/\/wp.kristdemokraterna.se\/hultsfred\/partidistriktarsmotet-i-kalmar\/"]}]},{"@type":"ImageObject","inLanguage":"sv-SE","@id":"https:\/\/wp.kristdemokraterna.se\/hultsfred\/partidistriktarsmotet-i-kalmar\/#primaryimage","url":"https:\/\/wp.kristdemokraterna.se\/hultsfred\/files\/2017\/03\/img_0113.jpg","contentUrl":"https:\/\/wp.kristdemokraterna.se\/hultsfred\/files\/2017\/03\/img_0113.jpg","width":720,"height":960,"caption":"Erik Dicksson h\u00e4lsade oss v\u00e4lkomna till Kalmar"},{"@type":"BreadcrumbList","@id":"https:\/\/wp.kristdemokraterna.se\/hultsfred\/partidistriktarsmotet-i-kalmar\/#breadcrumb","itemListElement":[{"@type":"ListItem","position":1,"name":"Hem","item":"https:\/\/wp.kristdemokraterna.se\/hultsfred\/"},{"@type":"ListItem","position":2,"name":"Partidistrikt\u00e5rsm\u00f6tet i Kalmar"}]},{"@type":"WebSite","@id":"https:\/\/wp.kristdemokraterna.se\/hultsfred\/#website","url":"https:\/\/wp.kristdemokraterna.se\/hultsfred\/","name":"Hultsfred","description":"En till Kristdemokraterna webbplats","inLanguage":"sv-SE"},{"@type":"Person","@id":"https:\/\/wp.kristdemokraterna.se\/hultsfred\/#\/schema\/person\/d5fb958f64c4aabda2b92681f9a53d3a","name":"hultsfred","image":{"@type":"ImageObject","inLanguage":"sv-SE","@id":"https:\/\/secure.gravatar.com\/avatar\/a3dc6a30c6eef2c1a2391d64ce1123c3a3d048b6adbbbb415417030889e093f6?s=96&r=g","url":"https:\/\/secure.gravatar.com\/avatar\/a3dc6a30c6eef2c1a2391d64ce1123c3a3d048b6adbbbb415417030889e093f6?s=96&r=g","contentUrl":"https:\/\/secure.gravatar.com\/avatar\/a3dc6a30c6eef2c1a2391d64ce1123c3a3d048b6adbbbb415417030889e093f6?s=96&r=g","caption":"hultsfred"},"url":"https:\/\/wp.kristdemokraterna.se\/hultsfred\/author\/hultsfred\/"}]}},"_links":{"self":[{"href":"https:\/\/wp.kristdemokraterna.se\/hultsfred\/wp-json\/wp\/v2\/posts\/356","targetHints":{"allow":["GET"]}}],"collection":[{"href":"https:\/\/wp.kristdemokraterna.se\/hultsfred\/wp-json\/wp\/v2\/posts"}],"about":[{"href":"https:\/\/wp.kristdemokraterna.se\/hultsfred\/wp-json\/wp\/v2\/types\/post"}],"author":[{"embeddable":true,"href":"https:\/\/wp.kristdemokraterna.se\/hultsfred\/wp-json\/wp\/v2\/users\/442"}],"replies":[{"embeddable":true,"href":"https:\/\/wp.kristdemokraterna.se\/hultsfred\/wp-json\/wp\/v2\/comments?post=356"}],"version-history":[{"count":3,"href":"https:\/\/wp.kristdemokraterna.se\/hultsfred\/wp-json\/wp\/v2\/posts\/356\/revisions"}],"predecessor-version":[{"id":363,"href":"https:\/\/wp.kristdemokraterna.se\/hultsfred\/wp-json\/wp\/v2\/posts\/356\/revisions\/363"}],"wp:attachment":[{"href":"https:\/\/wp.kristdemokraterna.se\/hultsfred\/wp-json\/wp\/v2\/media?parent=356"}],"wp:term":[{"taxonomy":"category","embeddable":true,"href":"https:\/\/wp.kristdemokraterna.se\/hultsfred\/wp-json\/wp\/v2\/categories?post=356"},{"taxonomy":"post_tag","embeddable":true,"href":"https:\/\/wp.kristdemokraterna.se\/hultsfred\/wp-json\/wp\/v2\/tags?post=356"}],"curies":[{"name":"wp","href":"https:\/\/api.w.org\/{rel}","templated":true}]}}