{"id":378,"date":"2017-08-06T20:40:09","date_gmt":"2017-08-06T18:40:09","guid":{"rendered":"http:\/\/wp.kristdemokraterna.se\/hultsfred\/?p=378"},"modified":"2017-08-06T20:40:09","modified_gmt":"2017-08-06T18:40:09","slug":"nu-var-det-dags-for-marknad-igen-i-virserum","status":"publish","type":"post","link":"https:\/\/wp.kristdemokraterna.se\/hultsfred\/nu-var-det-dags-for-marknad-igen-i-virserum\/","title":{"rendered":"Nu var det dags f\u00f6r marknad igen i Virserum"},"content":{"rendered":"<div id=\"attachment_379\" style=\"width: 550px\" class=\"wp-caption aligncenter\"><img loading=\"lazy\" decoding=\"async\" aria-describedby=\"caption-attachment-379\" class=\"size-large wp-image-379\" src=\"http:\/\/wp.kristdemokraterna.se\/hultsfred\/files\/2017\/08\/img_0131-540x405.jpg\" alt=\"\" width=\"540\" height=\"405\" srcset=\"https:\/\/wp.kristdemokraterna.se\/hultsfred\/files\/2017\/08\/img_0131-540x405.jpg 540w, https:\/\/wp.kristdemokraterna.se\/hultsfred\/files\/2017\/08\/img_0131-300x225.jpg 300w, https:\/\/wp.kristdemokraterna.se\/hultsfred\/files\/2017\/08\/img_0131-768x576.jpg 768w, https:\/\/wp.kristdemokraterna.se\/hultsfred\/files\/2017\/08\/img_0131-461x346.jpg 461w, https:\/\/wp.kristdemokraterna.se\/hultsfred\/files\/2017\/08\/img_0131-149x112.jpg 149w, https:\/\/wp.kristdemokraterna.se\/hultsfred\/files\/2017\/08\/img_0131.jpg 960w\" sizes=\"auto, (max-width: 540px) 100vw, 540px\" \/><p id=\"caption-attachment-379\" class=\"wp-caption-text\">Vi var naturligtvis p\u00e5 plats f\u00f6r att dela ut material och prata med marknadsbes\u00f6kare<\/p><\/div>\n","protected":false},"excerpt":{"rendered":"","protected":false},"author":442,"featured_media":0,"comment_status":"closed","ping_status":"closed","sticky":false,"template":"","format":"standard","meta":{"_acf_changed":false,"footnotes":""},"categories":[1],"tags":[],"class_list":["post-378","post","type-post","status-publish","format-standard","hentry","category-okategoriserade"],"acf":[],"yoast_head":"<!-- This site is optimized with the Yoast SEO plugin v27.4 - https:\/\/yoast.com\/product\/yoast-seo-wordpress\/ -->\n<title>Nu var det dags f\u00f6r marknad igen i Virserum - Hultsfred<\/title>\n<meta name=\"robots\" content=\"index, follow, max-snippet:-1, max-image-preview:large, max-video-preview:-1\" \/>\n<link rel=\"canonical\" href=\"https:\/\/wp.kristdemokraterna.se\/hultsfred\/nu-var-det-dags-for-marknad-igen-i-virserum\/\" \/>\n<meta property=\"og:locale\" content=\"sv_SE\" \/>\n<meta property=\"og:type\" content=\"article\" \/>\n<meta property=\"og:title\" content=\"Nu var det dags f\u00f6r marknad igen i Virserum - Hultsfred\" \/>\n<meta property=\"og:url\" content=\"https:\/\/wp.kristdemokraterna.se\/hultsfred\/nu-var-det-dags-for-marknad-igen-i-virserum\/\" \/>\n<meta property=\"og:site_name\" content=\"Hultsfred\" \/>\n<meta property=\"article:published_time\" content=\"2017-08-06T18:40:09+00:00\" \/>\n<meta property=\"og:image\" content=\"http:\/\/wp.kristdemokraterna.se\/hultsfred\/files\/2017\/08\/img_0131-540x405.jpg\" \/>\n<meta name=\"author\" content=\"hultsfred\" \/>\n<meta name=\"twitter:card\" content=\"summary_large_image\" \/>\n<meta name=\"twitter:label1\" content=\"Skriven av\" \/>\n\t<meta name=\"twitter:data1\" content=\"hultsfred\" \/>\n<script type=\"application\/ld+json\" class=\"yoast-schema-graph\">{\"@context\":\"https:\\\/\\\/schema.org\",\"@graph\":[{\"@type\":\"Article\",\"@id\":\"https:\\\/\\\/wp.kristdemokraterna.se\\\/hultsfred\\\/nu-var-det-dags-for-marknad-igen-i-virserum\\\/#article\",\"isPartOf\":{\"@id\":\"https:\\\/\\\/wp.kristdemokraterna.se\\\/hultsfred\\\/nu-var-det-dags-for-marknad-igen-i-virserum\\\/\"},\"author\":{\"name\":\"hultsfred\",\"@id\":\"https:\\\/\\\/wp.kristdemokraterna.se\\\/hultsfred\\\/#\\\/schema\\\/person\\\/d5fb958f64c4aabda2b92681f9a53d3a\"},\"headline\":\"Nu var det dags f\u00f6r marknad igen i Virserum\",\"datePublished\":\"2017-08-06T18:40:09+00:00\",\"mainEntityOfPage\":{\"@id\":\"https:\\\/\\\/wp.kristdemokraterna.se\\\/hultsfred\\\/nu-var-det-dags-for-marknad-igen-i-virserum\\\/\"},\"wordCount\":33,\"image\":{\"@id\":\"https:\\\/\\\/wp.kristdemokraterna.se\\\/hultsfred\\\/nu-var-det-dags-for-marknad-igen-i-virserum\\\/#primaryimage\"},\"thumbnailUrl\":\"http:\\\/\\\/wp.kristdemokraterna.se\\\/hultsfred\\\/files\\\/2017\\\/08\\\/img_0131-540x405.jpg\",\"articleSection\":[\"V\u00e5ra inl\u00e4gg\"],\"inLanguage\":\"sv-SE\"},{\"@type\":\"WebPage\",\"@id\":\"https:\\\/\\\/wp.kristdemokraterna.se\\\/hultsfred\\\/nu-var-det-dags-for-marknad-igen-i-virserum\\\/\",\"url\":\"https:\\\/\\\/wp.kristdemokraterna.se\\\/hultsfred\\\/nu-var-det-dags-for-marknad-igen-i-virserum\\\/\",\"name\":\"Nu var det dags f\u00f6r marknad igen i Virserum - Hultsfred\",\"isPartOf\":{\"@id\":\"https:\\\/\\\/wp.kristdemokraterna.se\\\/hultsfred\\\/#website\"},\"primaryImageOfPage\":{\"@id\":\"https:\\\/\\\/wp.kristdemokraterna.se\\\/hultsfred\\\/nu-var-det-dags-for-marknad-igen-i-virserum\\\/#primaryimage\"},\"image\":{\"@id\":\"https:\\\/\\\/wp.kristdemokraterna.se\\\/hultsfred\\\/nu-var-det-dags-for-marknad-igen-i-virserum\\\/#primaryimage\"},\"thumbnailUrl\":\"http:\\\/\\\/wp.kristdemokraterna.se\\\/hultsfred\\\/files\\\/2017\\\/08\\\/img_0131-540x405.jpg\",\"datePublished\":\"2017-08-06T18:40:09+00:00\",\"author\":{\"@id\":\"https:\\\/\\\/wp.kristdemokraterna.se\\\/hultsfred\\\/#\\\/schema\\\/person\\\/d5fb958f64c4aabda2b92681f9a53d3a\"},\"breadcrumb\":{\"@id\":\"https:\\\/\\\/wp.kristdemokraterna.se\\\/hultsfred\\\/nu-var-det-dags-for-marknad-igen-i-virserum\\\/#breadcrumb\"},\"inLanguage\":\"sv-SE\",\"potentialAction\":[{\"@type\":\"ReadAction\",\"target\":[\"https:\\\/\\\/wp.kristdemokraterna.se\\\/hultsfred\\\/nu-var-det-dags-for-marknad-igen-i-virserum\\\/\"]}]},{\"@type\":\"ImageObject\",\"inLanguage\":\"sv-SE\",\"@id\":\"https:\\\/\\\/wp.kristdemokraterna.se\\\/hultsfred\\\/nu-var-det-dags-for-marknad-igen-i-virserum\\\/#primaryimage\",\"url\":\"https:\\\/\\\/wp.kristdemokraterna.se\\\/hultsfred\\\/files\\\/2017\\\/08\\\/img_0131.jpg\",\"contentUrl\":\"https:\\\/\\\/wp.kristdemokraterna.se\\\/hultsfred\\\/files\\\/2017\\\/08\\\/img_0131.jpg\",\"width\":960,\"height\":720,\"caption\":\"Vi var naturligtvis p\u00e5 plats f\u00f6r att dela ut material och prata med marknadsbes\u00f6kare\"},{\"@type\":\"BreadcrumbList\",\"@id\":\"https:\\\/\\\/wp.kristdemokraterna.se\\\/hultsfred\\\/nu-var-det-dags-for-marknad-igen-i-virserum\\\/#breadcrumb\",\"itemListElement\":[{\"@type\":\"ListItem\",\"position\":1,\"name\":\"Hem\",\"item\":\"https:\\\/\\\/wp.kristdemokraterna.se\\\/hultsfred\\\/\"},{\"@type\":\"ListItem\",\"position\":2,\"name\":\"Nu var det dags f\u00f6r marknad igen i Virserum\"}]},{\"@type\":\"WebSite\",\"@id\":\"https:\\\/\\\/wp.kristdemokraterna.se\\\/hultsfred\\\/#website\",\"url\":\"https:\\\/\\\/wp.kristdemokraterna.se\\\/hultsfred\\\/\",\"name\":\"Hultsfred\",\"description\":\"En till Kristdemokraterna webbplats\",\"inLanguage\":\"sv-SE\"},{\"@type\":\"Person\",\"@id\":\"https:\\\/\\\/wp.kristdemokraterna.se\\\/hultsfred\\\/#\\\/schema\\\/person\\\/d5fb958f64c4aabda2b92681f9a53d3a\",\"name\":\"hultsfred\",\"image\":{\"@type\":\"ImageObject\",\"inLanguage\":\"sv-SE\",\"@id\":\"https:\\\/\\\/secure.gravatar.com\\\/avatar\\\/a3dc6a30c6eef2c1a2391d64ce1123c3a3d048b6adbbbb415417030889e093f6?s=96&r=g\",\"url\":\"https:\\\/\\\/secure.gravatar.com\\\/avatar\\\/a3dc6a30c6eef2c1a2391d64ce1123c3a3d048b6adbbbb415417030889e093f6?s=96&r=g\",\"contentUrl\":\"https:\\\/\\\/secure.gravatar.com\\\/avatar\\\/a3dc6a30c6eef2c1a2391d64ce1123c3a3d048b6adbbbb415417030889e093f6?s=96&r=g\",\"caption\":\"hultsfred\"},\"url\":\"https:\\\/\\\/wp.kristdemokraterna.se\\\/hultsfred\\\/author\\\/hultsfred\\\/\"}]}<\/script>\n<!-- \/ Yoast SEO plugin. -->","yoast_head_json":{"title":"Nu var det dags f\u00f6r marknad igen i Virserum - Hultsfred","robots":{"index":"index","follow":"follow","max-snippet":"max-snippet:-1","max-image-preview":"max-image-preview:large","max-video-preview":"max-video-preview:-1"},"canonical":"https:\/\/wp.kristdemokraterna.se\/hultsfred\/nu-var-det-dags-for-marknad-igen-i-virserum\/","og_locale":"sv_SE","og_type":"article","og_title":"Nu var det dags f\u00f6r marknad igen i Virserum - Hultsfred","og_url":"https:\/\/wp.kristdemokraterna.se\/hultsfred\/nu-var-det-dags-for-marknad-igen-i-virserum\/","og_site_name":"Hultsfred","article_published_time":"2017-08-06T18:40:09+00:00","og_image":[{"url":"http:\/\/wp.kristdemokraterna.se\/hultsfred\/files\/2017\/08\/img_0131-540x405.jpg","type":"","width":"","height":""}],"author":"hultsfred","twitter_card":"summary_large_image","twitter_misc":{"Skriven av":"hultsfred"},"schema":{"@context":"https:\/\/schema.org","@graph":[{"@type":"Article","@id":"https:\/\/wp.kristdemokraterna.se\/hultsfred\/nu-var-det-dags-for-marknad-igen-i-virserum\/#article","isPartOf":{"@id":"https:\/\/wp.kristdemokraterna.se\/hultsfred\/nu-var-det-dags-for-marknad-igen-i-virserum\/"},"author":{"name":"hultsfred","@id":"https:\/\/wp.kristdemokraterna.se\/hultsfred\/#\/schema\/person\/d5fb958f64c4aabda2b92681f9a53d3a"},"headline":"Nu var det dags f\u00f6r marknad igen i Virserum","datePublished":"2017-08-06T18:40:09+00:00","mainEntityOfPage":{"@id":"https:\/\/wp.kristdemokraterna.se\/hultsfred\/nu-var-det-dags-for-marknad-igen-i-virserum\/"},"wordCount":33,"image":{"@id":"https:\/\/wp.kristdemokraterna.se\/hultsfred\/nu-var-det-dags-for-marknad-igen-i-virserum\/#primaryimage"},"thumbnailUrl":"http:\/\/wp.kristdemokraterna.se\/hultsfred\/files\/2017\/08\/img_0131-540x405.jpg","articleSection":["V\u00e5ra inl\u00e4gg"],"inLanguage":"sv-SE"},{"@type":"WebPage","@id":"https:\/\/wp.kristdemokraterna.se\/hultsfred\/nu-var-det-dags-for-marknad-igen-i-virserum\/","url":"https:\/\/wp.kristdemokraterna.se\/hultsfred\/nu-var-det-dags-for-marknad-igen-i-virserum\/","name":"Nu var det dags f\u00f6r marknad igen i Virserum - Hultsfred","isPartOf":{"@id":"https:\/\/wp.kristdemokraterna.se\/hultsfred\/#website"},"primaryImageOfPage":{"@id":"https:\/\/wp.kristdemokraterna.se\/hultsfred\/nu-var-det-dags-for-marknad-igen-i-virserum\/#primaryimage"},"image":{"@id":"https:\/\/wp.kristdemokraterna.se\/hultsfred\/nu-var-det-dags-for-marknad-igen-i-virserum\/#primaryimage"},"thumbnailUrl":"http:\/\/wp.kristdemokraterna.se\/hultsfred\/files\/2017\/08\/img_0131-540x405.jpg","datePublished":"2017-08-06T18:40:09+00:00","author":{"@id":"https:\/\/wp.kristdemokraterna.se\/hultsfred\/#\/schema\/person\/d5fb958f64c4aabda2b92681f9a53d3a"},"breadcrumb":{"@id":"https:\/\/wp.kristdemokraterna.se\/hultsfred\/nu-var-det-dags-for-marknad-igen-i-virserum\/#breadcrumb"},"inLanguage":"sv-SE","potentialAction":[{"@type":"ReadAction","target":["https:\/\/wp.kristdemokraterna.se\/hultsfred\/nu-var-det-dags-for-marknad-igen-i-virserum\/"]}]},{"@type":"ImageObject","inLanguage":"sv-SE","@id":"https:\/\/wp.kristdemokraterna.se\/hultsfred\/nu-var-det-dags-for-marknad-igen-i-virserum\/#primaryimage","url":"https:\/\/wp.kristdemokraterna.se\/hultsfred\/files\/2017\/08\/img_0131.jpg","contentUrl":"https:\/\/wp.kristdemokraterna.se\/hultsfred\/files\/2017\/08\/img_0131.jpg","width":960,"height":720,"caption":"Vi var naturligtvis p\u00e5 plats f\u00f6r att dela ut material och prata med marknadsbes\u00f6kare"},{"@type":"BreadcrumbList","@id":"https:\/\/wp.kristdemokraterna.se\/hultsfred\/nu-var-det-dags-for-marknad-igen-i-virserum\/#breadcrumb","itemListElement":[{"@type":"ListItem","position":1,"name":"Hem","item":"https:\/\/wp.kristdemokraterna.se\/hultsfred\/"},{"@type":"ListItem","position":2,"name":"Nu var det dags f\u00f6r marknad igen i Virserum"}]},{"@type":"WebSite","@id":"https:\/\/wp.kristdemokraterna.se\/hultsfred\/#website","url":"https:\/\/wp.kristdemokraterna.se\/hultsfred\/","name":"Hultsfred","description":"En till Kristdemokraterna webbplats","inLanguage":"sv-SE"},{"@type":"Person","@id":"https:\/\/wp.kristdemokraterna.se\/hultsfred\/#\/schema\/person\/d5fb958f64c4aabda2b92681f9a53d3a","name":"hultsfred","image":{"@type":"ImageObject","inLanguage":"sv-SE","@id":"https:\/\/secure.gravatar.com\/avatar\/a3dc6a30c6eef2c1a2391d64ce1123c3a3d048b6adbbbb415417030889e093f6?s=96&r=g","url":"https:\/\/secure.gravatar.com\/avatar\/a3dc6a30c6eef2c1a2391d64ce1123c3a3d048b6adbbbb415417030889e093f6?s=96&r=g","contentUrl":"https:\/\/secure.gravatar.com\/avatar\/a3dc6a30c6eef2c1a2391d64ce1123c3a3d048b6adbbbb415417030889e093f6?s=96&r=g","caption":"hultsfred"},"url":"https:\/\/wp.kristdemokraterna.se\/hultsfred\/author\/hultsfred\/"}]}},"_links":{"self":[{"href":"https:\/\/wp.kristdemokraterna.se\/hultsfred\/wp-json\/wp\/v2\/posts\/378","targetHints":{"allow":["GET"]}}],"collection":[{"href":"https:\/\/wp.kristdemokraterna.se\/hultsfred\/wp-json\/wp\/v2\/posts"}],"about":[{"href":"https:\/\/wp.kristdemokraterna.se\/hultsfred\/wp-json\/wp\/v2\/types\/post"}],"author":[{"embeddable":true,"href":"https:\/\/wp.kristdemokraterna.se\/hultsfred\/wp-json\/wp\/v2\/users\/442"}],"replies":[{"embeddable":true,"href":"https:\/\/wp.kristdemokraterna.se\/hultsfred\/wp-json\/wp\/v2\/comments?post=378"}],"version-history":[{"count":1,"href":"https:\/\/wp.kristdemokraterna.se\/hultsfred\/wp-json\/wp\/v2\/posts\/378\/revisions"}],"predecessor-version":[{"id":381,"href":"https:\/\/wp.kristdemokraterna.se\/hultsfred\/wp-json\/wp\/v2\/posts\/378\/revisions\/381"}],"wp:attachment":[{"href":"https:\/\/wp.kristdemokraterna.se\/hultsfred\/wp-json\/wp\/v2\/media?parent=378"}],"wp:term":[{"taxonomy":"category","embeddable":true,"href":"https:\/\/wp.kristdemokraterna.se\/hultsfred\/wp-json\/wp\/v2\/categories?post=378"},{"taxonomy":"post_tag","embeddable":true,"href":"https:\/\/wp.kristdemokraterna.se\/hultsfred\/wp-json\/wp\/v2\/tags?post=378"}],"curies":[{"name":"wp","href":"https:\/\/api.w.org\/{rel}","templated":true}]}}