{"id":383,"date":"2017-08-27T17:17:11","date_gmt":"2017-08-27T15:17:11","guid":{"rendered":"http:\/\/wp.kristdemokraterna.se\/hultsfred\/?p=383"},"modified":"2017-08-27T17:17:11","modified_gmt":"2017-08-27T15:17:11","slug":"styrelsemote-hos-lena-och-anders","status":"publish","type":"post","link":"https:\/\/wp.kristdemokraterna.se\/hultsfred\/styrelsemote-hos-lena-och-anders\/","title":{"rendered":"Styrelsem\u00f6te hos Lena och Anders"},"content":{"rendered":"<p><img loading=\"lazy\" decoding=\"async\" class=\"aligncenter size-large wp-image-384\" src=\"http:\/\/wp.kristdemokraterna.se\/hultsfred\/files\/2017\/08\/img_0143-540x405.jpg\" alt=\"\" width=\"540\" height=\"405\" srcset=\"https:\/\/wp.kristdemokraterna.se\/hultsfred\/files\/2017\/08\/img_0143-540x405.jpg 540w, https:\/\/wp.kristdemokraterna.se\/hultsfred\/files\/2017\/08\/img_0143-300x225.jpg 300w, https:\/\/wp.kristdemokraterna.se\/hultsfred\/files\/2017\/08\/img_0143-768x576.jpg 768w, https:\/\/wp.kristdemokraterna.se\/hultsfred\/files\/2017\/08\/img_0143-461x346.jpg 461w, https:\/\/wp.kristdemokraterna.se\/hultsfred\/files\/2017\/08\/img_0143-149x112.jpg 149w, https:\/\/wp.kristdemokraterna.se\/hultsfred\/files\/2017\/08\/img_0143.jpg 960w\" sizes=\"auto, (max-width: 540px) 100vw, 540px\" \/><\/p>\n<p>H\u00e4r \u00e4r vi samlade p\u00e5 Anderssons altan. En fin kv\u00e4ll hade vi.<\/p>\n","protected":false},"excerpt":{"rendered":"<p>H\u00e4r \u00e4r vi samlade p\u00e5 Anderssons altan. En fin kv\u00e4ll hade vi.<\/p>\n","protected":false},"author":442,"featured_media":0,"comment_status":"closed","ping_status":"closed","sticky":false,"template":"","format":"standard","meta":{"_acf_changed":false,"footnotes":""},"categories":[1],"tags":[],"class_list":["post-383","post","type-post","status-publish","format-standard","hentry","category-okategoriserade"],"acf":[],"yoast_head":"<!-- This site is optimized with the Yoast SEO plugin v27.4 - https:\/\/yoast.com\/product\/yoast-seo-wordpress\/ -->\n<title>Styrelsem\u00f6te hos Lena och Anders - Hultsfred<\/title>\n<meta name=\"robots\" content=\"index, follow, max-snippet:-1, max-image-preview:large, max-video-preview:-1\" \/>\n<link rel=\"canonical\" href=\"https:\/\/wp.kristdemokraterna.se\/hultsfred\/styrelsemote-hos-lena-och-anders\/\" \/>\n<meta property=\"og:locale\" content=\"sv_SE\" \/>\n<meta property=\"og:type\" content=\"article\" \/>\n<meta property=\"og:title\" content=\"Styrelsem\u00f6te hos Lena och Anders - Hultsfred\" \/>\n<meta property=\"og:description\" content=\"H\u00e4r \u00e4r vi samlade p\u00e5 Anderssons altan. En fin kv\u00e4ll hade vi.\" \/>\n<meta property=\"og:url\" content=\"https:\/\/wp.kristdemokraterna.se\/hultsfred\/styrelsemote-hos-lena-och-anders\/\" \/>\n<meta property=\"og:site_name\" content=\"Hultsfred\" \/>\n<meta property=\"article:published_time\" content=\"2017-08-27T15:17:11+00:00\" \/>\n<meta property=\"og:image\" content=\"http:\/\/wp.kristdemokraterna.se\/hultsfred\/files\/2017\/08\/img_0143-540x405.jpg\" \/>\n<meta name=\"author\" content=\"hultsfred\" \/>\n<meta name=\"twitter:card\" content=\"summary_large_image\" \/>\n<meta name=\"twitter:label1\" content=\"Skriven av\" \/>\n\t<meta name=\"twitter:data1\" content=\"hultsfred\" \/>\n<script type=\"application\/ld+json\" class=\"yoast-schema-graph\">{\"@context\":\"https:\\\/\\\/schema.org\",\"@graph\":[{\"@type\":\"Article\",\"@id\":\"https:\\\/\\\/wp.kristdemokraterna.se\\\/hultsfred\\\/styrelsemote-hos-lena-och-anders\\\/#article\",\"isPartOf\":{\"@id\":\"https:\\\/\\\/wp.kristdemokraterna.se\\\/hultsfred\\\/styrelsemote-hos-lena-och-anders\\\/\"},\"author\":{\"name\":\"hultsfred\",\"@id\":\"https:\\\/\\\/wp.kristdemokraterna.se\\\/hultsfred\\\/#\\\/schema\\\/person\\\/d5fb958f64c4aabda2b92681f9a53d3a\"},\"headline\":\"Styrelsem\u00f6te hos Lena och Anders\",\"datePublished\":\"2017-08-27T15:17:11+00:00\",\"mainEntityOfPage\":{\"@id\":\"https:\\\/\\\/wp.kristdemokraterna.se\\\/hultsfred\\\/styrelsemote-hos-lena-och-anders\\\/\"},\"wordCount\":20,\"image\":{\"@id\":\"https:\\\/\\\/wp.kristdemokraterna.se\\\/hultsfred\\\/styrelsemote-hos-lena-och-anders\\\/#primaryimage\"},\"thumbnailUrl\":\"http:\\\/\\\/wp.kristdemokraterna.se\\\/hultsfred\\\/files\\\/2017\\\/08\\\/img_0143-540x405.jpg\",\"articleSection\":[\"V\u00e5ra inl\u00e4gg\"],\"inLanguage\":\"sv-SE\"},{\"@type\":\"WebPage\",\"@id\":\"https:\\\/\\\/wp.kristdemokraterna.se\\\/hultsfred\\\/styrelsemote-hos-lena-och-anders\\\/\",\"url\":\"https:\\\/\\\/wp.kristdemokraterna.se\\\/hultsfred\\\/styrelsemote-hos-lena-och-anders\\\/\",\"name\":\"Styrelsem\u00f6te hos Lena och Anders - Hultsfred\",\"isPartOf\":{\"@id\":\"https:\\\/\\\/wp.kristdemokraterna.se\\\/hultsfred\\\/#website\"},\"primaryImageOfPage\":{\"@id\":\"https:\\\/\\\/wp.kristdemokraterna.se\\\/hultsfred\\\/styrelsemote-hos-lena-och-anders\\\/#primaryimage\"},\"image\":{\"@id\":\"https:\\\/\\\/wp.kristdemokraterna.se\\\/hultsfred\\\/styrelsemote-hos-lena-och-anders\\\/#primaryimage\"},\"thumbnailUrl\":\"http:\\\/\\\/wp.kristdemokraterna.se\\\/hultsfred\\\/files\\\/2017\\\/08\\\/img_0143-540x405.jpg\",\"datePublished\":\"2017-08-27T15:17:11+00:00\",\"author\":{\"@id\":\"https:\\\/\\\/wp.kristdemokraterna.se\\\/hultsfred\\\/#\\\/schema\\\/person\\\/d5fb958f64c4aabda2b92681f9a53d3a\"},\"breadcrumb\":{\"@id\":\"https:\\\/\\\/wp.kristdemokraterna.se\\\/hultsfred\\\/styrelsemote-hos-lena-och-anders\\\/#breadcrumb\"},\"inLanguage\":\"sv-SE\",\"potentialAction\":[{\"@type\":\"ReadAction\",\"target\":[\"https:\\\/\\\/wp.kristdemokraterna.se\\\/hultsfred\\\/styrelsemote-hos-lena-och-anders\\\/\"]}]},{\"@type\":\"ImageObject\",\"inLanguage\":\"sv-SE\",\"@id\":\"https:\\\/\\\/wp.kristdemokraterna.se\\\/hultsfred\\\/styrelsemote-hos-lena-och-anders\\\/#primaryimage\",\"url\":\"https:\\\/\\\/wp.kristdemokraterna.se\\\/hultsfred\\\/files\\\/2017\\\/08\\\/img_0143.jpg\",\"contentUrl\":\"https:\\\/\\\/wp.kristdemokraterna.se\\\/hultsfred\\\/files\\\/2017\\\/08\\\/img_0143.jpg\",\"width\":960,\"height\":720},{\"@type\":\"BreadcrumbList\",\"@id\":\"https:\\\/\\\/wp.kristdemokraterna.se\\\/hultsfred\\\/styrelsemote-hos-lena-och-anders\\\/#breadcrumb\",\"itemListElement\":[{\"@type\":\"ListItem\",\"position\":1,\"name\":\"Hem\",\"item\":\"https:\\\/\\\/wp.kristdemokraterna.se\\\/hultsfred\\\/\"},{\"@type\":\"ListItem\",\"position\":2,\"name\":\"Styrelsem\u00f6te hos Lena och Anders\"}]},{\"@type\":\"WebSite\",\"@id\":\"https:\\\/\\\/wp.kristdemokraterna.se\\\/hultsfred\\\/#website\",\"url\":\"https:\\\/\\\/wp.kristdemokraterna.se\\\/hultsfred\\\/\",\"name\":\"Hultsfred\",\"description\":\"En till Kristdemokraterna webbplats\",\"inLanguage\":\"sv-SE\"},{\"@type\":\"Person\",\"@id\":\"https:\\\/\\\/wp.kristdemokraterna.se\\\/hultsfred\\\/#\\\/schema\\\/person\\\/d5fb958f64c4aabda2b92681f9a53d3a\",\"name\":\"hultsfred\",\"image\":{\"@type\":\"ImageObject\",\"inLanguage\":\"sv-SE\",\"@id\":\"https:\\\/\\\/secure.gravatar.com\\\/avatar\\\/a3dc6a30c6eef2c1a2391d64ce1123c3a3d048b6adbbbb415417030889e093f6?s=96&r=g\",\"url\":\"https:\\\/\\\/secure.gravatar.com\\\/avatar\\\/a3dc6a30c6eef2c1a2391d64ce1123c3a3d048b6adbbbb415417030889e093f6?s=96&r=g\",\"contentUrl\":\"https:\\\/\\\/secure.gravatar.com\\\/avatar\\\/a3dc6a30c6eef2c1a2391d64ce1123c3a3d048b6adbbbb415417030889e093f6?s=96&r=g\",\"caption\":\"hultsfred\"},\"url\":\"https:\\\/\\\/wp.kristdemokraterna.se\\\/hultsfred\\\/author\\\/hultsfred\\\/\"}]}<\/script>\n<!-- \/ Yoast SEO plugin. -->","yoast_head_json":{"title":"Styrelsem\u00f6te hos Lena och Anders - Hultsfred","robots":{"index":"index","follow":"follow","max-snippet":"max-snippet:-1","max-image-preview":"max-image-preview:large","max-video-preview":"max-video-preview:-1"},"canonical":"https:\/\/wp.kristdemokraterna.se\/hultsfred\/styrelsemote-hos-lena-och-anders\/","og_locale":"sv_SE","og_type":"article","og_title":"Styrelsem\u00f6te hos Lena och Anders - Hultsfred","og_description":"H\u00e4r \u00e4r vi samlade p\u00e5 Anderssons altan. En fin kv\u00e4ll hade vi.","og_url":"https:\/\/wp.kristdemokraterna.se\/hultsfred\/styrelsemote-hos-lena-och-anders\/","og_site_name":"Hultsfred","article_published_time":"2017-08-27T15:17:11+00:00","og_image":[{"url":"http:\/\/wp.kristdemokraterna.se\/hultsfred\/files\/2017\/08\/img_0143-540x405.jpg","type":"","width":"","height":""}],"author":"hultsfred","twitter_card":"summary_large_image","twitter_misc":{"Skriven av":"hultsfred"},"schema":{"@context":"https:\/\/schema.org","@graph":[{"@type":"Article","@id":"https:\/\/wp.kristdemokraterna.se\/hultsfred\/styrelsemote-hos-lena-och-anders\/#article","isPartOf":{"@id":"https:\/\/wp.kristdemokraterna.se\/hultsfred\/styrelsemote-hos-lena-och-anders\/"},"author":{"name":"hultsfred","@id":"https:\/\/wp.kristdemokraterna.se\/hultsfred\/#\/schema\/person\/d5fb958f64c4aabda2b92681f9a53d3a"},"headline":"Styrelsem\u00f6te hos Lena och Anders","datePublished":"2017-08-27T15:17:11+00:00","mainEntityOfPage":{"@id":"https:\/\/wp.kristdemokraterna.se\/hultsfred\/styrelsemote-hos-lena-och-anders\/"},"wordCount":20,"image":{"@id":"https:\/\/wp.kristdemokraterna.se\/hultsfred\/styrelsemote-hos-lena-och-anders\/#primaryimage"},"thumbnailUrl":"http:\/\/wp.kristdemokraterna.se\/hultsfred\/files\/2017\/08\/img_0143-540x405.jpg","articleSection":["V\u00e5ra inl\u00e4gg"],"inLanguage":"sv-SE"},{"@type":"WebPage","@id":"https:\/\/wp.kristdemokraterna.se\/hultsfred\/styrelsemote-hos-lena-och-anders\/","url":"https:\/\/wp.kristdemokraterna.se\/hultsfred\/styrelsemote-hos-lena-och-anders\/","name":"Styrelsem\u00f6te hos Lena och Anders - Hultsfred","isPartOf":{"@id":"https:\/\/wp.kristdemokraterna.se\/hultsfred\/#website"},"primaryImageOfPage":{"@id":"https:\/\/wp.kristdemokraterna.se\/hultsfred\/styrelsemote-hos-lena-och-anders\/#primaryimage"},"image":{"@id":"https:\/\/wp.kristdemokraterna.se\/hultsfred\/styrelsemote-hos-lena-och-anders\/#primaryimage"},"thumbnailUrl":"http:\/\/wp.kristdemokraterna.se\/hultsfred\/files\/2017\/08\/img_0143-540x405.jpg","datePublished":"2017-08-27T15:17:11+00:00","author":{"@id":"https:\/\/wp.kristdemokraterna.se\/hultsfred\/#\/schema\/person\/d5fb958f64c4aabda2b92681f9a53d3a"},"breadcrumb":{"@id":"https:\/\/wp.kristdemokraterna.se\/hultsfred\/styrelsemote-hos-lena-och-anders\/#breadcrumb"},"inLanguage":"sv-SE","potentialAction":[{"@type":"ReadAction","target":["https:\/\/wp.kristdemokraterna.se\/hultsfred\/styrelsemote-hos-lena-och-anders\/"]}]},{"@type":"ImageObject","inLanguage":"sv-SE","@id":"https:\/\/wp.kristdemokraterna.se\/hultsfred\/styrelsemote-hos-lena-och-anders\/#primaryimage","url":"https:\/\/wp.kristdemokraterna.se\/hultsfred\/files\/2017\/08\/img_0143.jpg","contentUrl":"https:\/\/wp.kristdemokraterna.se\/hultsfred\/files\/2017\/08\/img_0143.jpg","width":960,"height":720},{"@type":"BreadcrumbList","@id":"https:\/\/wp.kristdemokraterna.se\/hultsfred\/styrelsemote-hos-lena-och-anders\/#breadcrumb","itemListElement":[{"@type":"ListItem","position":1,"name":"Hem","item":"https:\/\/wp.kristdemokraterna.se\/hultsfred\/"},{"@type":"ListItem","position":2,"name":"Styrelsem\u00f6te hos Lena och Anders"}]},{"@type":"WebSite","@id":"https:\/\/wp.kristdemokraterna.se\/hultsfred\/#website","url":"https:\/\/wp.kristdemokraterna.se\/hultsfred\/","name":"Hultsfred","description":"En till Kristdemokraterna webbplats","inLanguage":"sv-SE"},{"@type":"Person","@id":"https:\/\/wp.kristdemokraterna.se\/hultsfred\/#\/schema\/person\/d5fb958f64c4aabda2b92681f9a53d3a","name":"hultsfred","image":{"@type":"ImageObject","inLanguage":"sv-SE","@id":"https:\/\/secure.gravatar.com\/avatar\/a3dc6a30c6eef2c1a2391d64ce1123c3a3d048b6adbbbb415417030889e093f6?s=96&r=g","url":"https:\/\/secure.gravatar.com\/avatar\/a3dc6a30c6eef2c1a2391d64ce1123c3a3d048b6adbbbb415417030889e093f6?s=96&r=g","contentUrl":"https:\/\/secure.gravatar.com\/avatar\/a3dc6a30c6eef2c1a2391d64ce1123c3a3d048b6adbbbb415417030889e093f6?s=96&r=g","caption":"hultsfred"},"url":"https:\/\/wp.kristdemokraterna.se\/hultsfred\/author\/hultsfred\/"}]}},"_links":{"self":[{"href":"https:\/\/wp.kristdemokraterna.se\/hultsfred\/wp-json\/wp\/v2\/posts\/383","targetHints":{"allow":["GET"]}}],"collection":[{"href":"https:\/\/wp.kristdemokraterna.se\/hultsfred\/wp-json\/wp\/v2\/posts"}],"about":[{"href":"https:\/\/wp.kristdemokraterna.se\/hultsfred\/wp-json\/wp\/v2\/types\/post"}],"author":[{"embeddable":true,"href":"https:\/\/wp.kristdemokraterna.se\/hultsfred\/wp-json\/wp\/v2\/users\/442"}],"replies":[{"embeddable":true,"href":"https:\/\/wp.kristdemokraterna.se\/hultsfred\/wp-json\/wp\/v2\/comments?post=383"}],"version-history":[{"count":1,"href":"https:\/\/wp.kristdemokraterna.se\/hultsfred\/wp-json\/wp\/v2\/posts\/383\/revisions"}],"predecessor-version":[{"id":387,"href":"https:\/\/wp.kristdemokraterna.se\/hultsfred\/wp-json\/wp\/v2\/posts\/383\/revisions\/387"}],"wp:attachment":[{"href":"https:\/\/wp.kristdemokraterna.se\/hultsfred\/wp-json\/wp\/v2\/media?parent=383"}],"wp:term":[{"taxonomy":"category","embeddable":true,"href":"https:\/\/wp.kristdemokraterna.se\/hultsfred\/wp-json\/wp\/v2\/categories?post=383"},{"taxonomy":"post_tag","embeddable":true,"href":"https:\/\/wp.kristdemokraterna.se\/hultsfred\/wp-json\/wp\/v2\/tags?post=383"}],"curies":[{"name":"wp","href":"https:\/\/api.w.org\/{rel}","templated":true}]}}