{"id":420,"date":"2018-02-20T12:32:03","date_gmt":"2018-02-20T11:32:03","guid":{"rendered":"http:\/\/wp.kristdemokraterna.se\/hultsfred\/?p=420"},"modified":"2018-02-20T12:32:03","modified_gmt":"2018-02-20T11:32:03","slug":"arets-vitsippspris-gick-till-virserums-hembygdsforening","status":"publish","type":"post","link":"https:\/\/wp.kristdemokraterna.se\/hultsfred\/arets-vitsippspris-gick-till-virserums-hembygdsforening\/","title":{"rendered":"\u00c5rets vitsippspris gick till Virserums hembygdsf\u00f6rening"},"content":{"rendered":"<p><img loading=\"lazy\" decoding=\"async\" class=\"aligncenter size-large wp-image-421\" src=\"http:\/\/wp.kristdemokraterna.se\/hultsfred\/files\/2018\/02\/20180214_113004-e1519125749481-405x540.jpg\" alt=\"\" width=\"405\" height=\"540\" srcset=\"https:\/\/wp.kristdemokraterna.se\/hultsfred\/files\/2018\/02\/20180214_113004-e1519125749481-405x540.jpg 405w, https:\/\/wp.kristdemokraterna.se\/hultsfred\/files\/2018\/02\/20180214_113004-e1519125749481-225x300.jpg 225w, https:\/\/wp.kristdemokraterna.se\/hultsfred\/files\/2018\/02\/20180214_113004-e1519125749481-768x1024.jpg 768w, https:\/\/wp.kristdemokraterna.se\/hultsfred\/files\/2018\/02\/20180214_113004-e1519125749481-260x346.jpg 260w, https:\/\/wp.kristdemokraterna.se\/hultsfred\/files\/2018\/02\/20180214_113004-e1519125749481-84x112.jpg 84w\" sizes=\"auto, (max-width: 405px) 100vw, 405px\" \/><\/p>\n<p>H\u00e4r \u00e4r motiveringen till priset som har ramats in och \u00f6verl\u00e4mnas<\/p>\n<p><img loading=\"lazy\" decoding=\"async\" class=\"aligncenter size-large wp-image-422\" src=\"http:\/\/wp.kristdemokraterna.se\/hultsfred\/files\/2018\/02\/20180214_113012-e1519125924894-405x540.jpg\" alt=\"\" width=\"405\" height=\"540\" srcset=\"https:\/\/wp.kristdemokraterna.se\/hultsfred\/files\/2018\/02\/20180214_113012-e1519125924894-405x540.jpg 405w, https:\/\/wp.kristdemokraterna.se\/hultsfred\/files\/2018\/02\/20180214_113012-e1519125924894-225x300.jpg 225w, https:\/\/wp.kristdemokraterna.se\/hultsfred\/files\/2018\/02\/20180214_113012-e1519125924894-768x1024.jpg 768w, https:\/\/wp.kristdemokraterna.se\/hultsfred\/files\/2018\/02\/20180214_113012-e1519125924894-260x346.jpg 260w, https:\/\/wp.kristdemokraterna.se\/hultsfred\/files\/2018\/02\/20180214_113012-e1519125924894-84x112.jpg 84w\" sizes=\"auto, (max-width: 405px) 100vw, 405px\" \/><\/p>\n<p>Den fina vitsippan f\u00e5r pristagaren ocks\u00e5<\/p>\n<p><img loading=\"lazy\" decoding=\"async\" class=\"aligncenter size-large wp-image-423\" src=\"http:\/\/wp.kristdemokraterna.se\/hultsfred\/files\/2018\/02\/20180214_105855-540x405.jpg\" alt=\"\" width=\"540\" height=\"405\" srcset=\"https:\/\/wp.kristdemokraterna.se\/hultsfred\/files\/2018\/02\/20180214_105855-540x405.jpg 540w, https:\/\/wp.kristdemokraterna.se\/hultsfred\/files\/2018\/02\/20180214_105855-300x225.jpg 300w, https:\/\/wp.kristdemokraterna.se\/hultsfred\/files\/2018\/02\/20180214_105855-768x576.jpg 768w, https:\/\/wp.kristdemokraterna.se\/hultsfred\/files\/2018\/02\/20180214_105855-461x346.jpg 461w, https:\/\/wp.kristdemokraterna.se\/hultsfred\/files\/2018\/02\/20180214_105855-149x112.jpg 149w\" sizes=\"auto, (max-width: 540px) 100vw, 540px\" \/><\/p>\n<p>H\u00e4r l\u00e4ser v\u00e5r ordf\u00f6rande Anders Andersson upp motiveringen f\u00f6r priset.V\u00e5r Gruppledare \u00c5ke Nilsson \u00f6verl\u00e4mnar Vitsippan och Sekreterare Monica Bergh \u00f6verl\u00e4mnar en bukett tulpaner till representanterna f\u00f6r Virserums Hembygdsf\u00f6rening Karl-Oskar Gladh och Ulrika Edgren<\/p>\n","protected":false},"excerpt":{"rendered":"<p>H\u00e4r \u00e4r motiveringen till priset som har ramats in och \u00f6verl\u00e4mnas Den fina vitsippan f\u00e5r pristagaren ocks\u00e5 H\u00e4r l\u00e4ser v\u00e5r ordf\u00f6rande Anders Andersson upp motiveringen f\u00f6r priset.V\u00e5r Gruppledare \u00c5ke Nilsson \u00f6verl\u00e4mnar Vitsippan och Sekreterare Monica Bergh \u00f6verl\u00e4mnar en bukett tulpaner till representanterna f\u00f6r Virserums Hembygdsf\u00f6rening Karl-Oskar Gladh och Ulrika Edgren<\/p>\n","protected":false},"author":442,"featured_media":0,"comment_status":"closed","ping_status":"closed","sticky":false,"template":"","format":"standard","meta":{"_acf_changed":false,"footnotes":""},"categories":[1],"tags":[],"class_list":["post-420","post","type-post","status-publish","format-standard","hentry","category-okategoriserade"],"acf":[],"yoast_head":"<!-- This site is optimized with the Yoast SEO plugin v27.4 - https:\/\/yoast.com\/product\/yoast-seo-wordpress\/ -->\n<title>\u00c5rets vitsippspris gick till Virserums hembygdsf\u00f6rening - Hultsfred<\/title>\n<meta name=\"robots\" content=\"index, follow, max-snippet:-1, max-image-preview:large, max-video-preview:-1\" \/>\n<link rel=\"canonical\" href=\"https:\/\/wp.kristdemokraterna.se\/hultsfred\/arets-vitsippspris-gick-till-virserums-hembygdsforening\/\" \/>\n<meta property=\"og:locale\" content=\"sv_SE\" \/>\n<meta property=\"og:type\" content=\"article\" \/>\n<meta property=\"og:title\" content=\"\u00c5rets vitsippspris gick till Virserums hembygdsf\u00f6rening - Hultsfred\" \/>\n<meta property=\"og:description\" content=\"H\u00e4r \u00e4r motiveringen till priset som har ramats in och \u00f6verl\u00e4mnas Den fina vitsippan f\u00e5r pristagaren ocks\u00e5 H\u00e4r l\u00e4ser v\u00e5r ordf\u00f6rande Anders Andersson upp motiveringen f\u00f6r priset.V\u00e5r Gruppledare \u00c5ke Nilsson \u00f6verl\u00e4mnar Vitsippan och Sekreterare Monica Bergh \u00f6verl\u00e4mnar en bukett tulpaner till representanterna f\u00f6r Virserums Hembygdsf\u00f6rening Karl-Oskar Gladh och Ulrika Edgren\" \/>\n<meta property=\"og:url\" content=\"https:\/\/wp.kristdemokraterna.se\/hultsfred\/arets-vitsippspris-gick-till-virserums-hembygdsforening\/\" \/>\n<meta property=\"og:site_name\" content=\"Hultsfred\" \/>\n<meta property=\"article:published_time\" content=\"2018-02-20T11:32:03+00:00\" \/>\n<meta property=\"og:image\" content=\"http:\/\/wp.kristdemokraterna.se\/hultsfred\/files\/2018\/02\/20180214_113004-e1519125749481-405x540.jpg\" \/>\n<meta name=\"author\" content=\"hultsfred\" \/>\n<meta name=\"twitter:card\" content=\"summary_large_image\" \/>\n<meta name=\"twitter:label1\" content=\"Skriven av\" \/>\n\t<meta name=\"twitter:data1\" content=\"hultsfred\" \/>\n<script type=\"application\/ld+json\" class=\"yoast-schema-graph\">{\"@context\":\"https:\\\/\\\/schema.org\",\"@graph\":[{\"@type\":\"Article\",\"@id\":\"https:\\\/\\\/wp.kristdemokraterna.se\\\/hultsfred\\\/arets-vitsippspris-gick-till-virserums-hembygdsforening\\\/#article\",\"isPartOf\":{\"@id\":\"https:\\\/\\\/wp.kristdemokraterna.se\\\/hultsfred\\\/arets-vitsippspris-gick-till-virserums-hembygdsforening\\\/\"},\"author\":{\"name\":\"hultsfred\",\"@id\":\"https:\\\/\\\/wp.kristdemokraterna.se\\\/hultsfred\\\/#\\\/schema\\\/person\\\/d5fb958f64c4aabda2b92681f9a53d3a\"},\"headline\":\"\u00c5rets vitsippspris gick till Virserums hembygdsf\u00f6rening\",\"datePublished\":\"2018-02-20T11:32:03+00:00\",\"mainEntityOfPage\":{\"@id\":\"https:\\\/\\\/wp.kristdemokraterna.se\\\/hultsfred\\\/arets-vitsippspris-gick-till-virserums-hembygdsforening\\\/\"},\"wordCount\":71,\"image\":{\"@id\":\"https:\\\/\\\/wp.kristdemokraterna.se\\\/hultsfred\\\/arets-vitsippspris-gick-till-virserums-hembygdsforening\\\/#primaryimage\"},\"thumbnailUrl\":\"http:\\\/\\\/wp.kristdemokraterna.se\\\/hultsfred\\\/files\\\/2018\\\/02\\\/20180214_113004-e1519125749481-405x540.jpg\",\"articleSection\":[\"V\u00e5ra inl\u00e4gg\"],\"inLanguage\":\"sv-SE\"},{\"@type\":\"WebPage\",\"@id\":\"https:\\\/\\\/wp.kristdemokraterna.se\\\/hultsfred\\\/arets-vitsippspris-gick-till-virserums-hembygdsforening\\\/\",\"url\":\"https:\\\/\\\/wp.kristdemokraterna.se\\\/hultsfred\\\/arets-vitsippspris-gick-till-virserums-hembygdsforening\\\/\",\"name\":\"\u00c5rets vitsippspris gick till Virserums hembygdsf\u00f6rening - Hultsfred\",\"isPartOf\":{\"@id\":\"https:\\\/\\\/wp.kristdemokraterna.se\\\/hultsfred\\\/#website\"},\"primaryImageOfPage\":{\"@id\":\"https:\\\/\\\/wp.kristdemokraterna.se\\\/hultsfred\\\/arets-vitsippspris-gick-till-virserums-hembygdsforening\\\/#primaryimage\"},\"image\":{\"@id\":\"https:\\\/\\\/wp.kristdemokraterna.se\\\/hultsfred\\\/arets-vitsippspris-gick-till-virserums-hembygdsforening\\\/#primaryimage\"},\"thumbnailUrl\":\"http:\\\/\\\/wp.kristdemokraterna.se\\\/hultsfred\\\/files\\\/2018\\\/02\\\/20180214_113004-e1519125749481-405x540.jpg\",\"datePublished\":\"2018-02-20T11:32:03+00:00\",\"author\":{\"@id\":\"https:\\\/\\\/wp.kristdemokraterna.se\\\/hultsfred\\\/#\\\/schema\\\/person\\\/d5fb958f64c4aabda2b92681f9a53d3a\"},\"breadcrumb\":{\"@id\":\"https:\\\/\\\/wp.kristdemokraterna.se\\\/hultsfred\\\/arets-vitsippspris-gick-till-virserums-hembygdsforening\\\/#breadcrumb\"},\"inLanguage\":\"sv-SE\",\"potentialAction\":[{\"@type\":\"ReadAction\",\"target\":[\"https:\\\/\\\/wp.kristdemokraterna.se\\\/hultsfred\\\/arets-vitsippspris-gick-till-virserums-hembygdsforening\\\/\"]}]},{\"@type\":\"ImageObject\",\"inLanguage\":\"sv-SE\",\"@id\":\"https:\\\/\\\/wp.kristdemokraterna.se\\\/hultsfred\\\/arets-vitsippspris-gick-till-virserums-hembygdsforening\\\/#primaryimage\",\"url\":\"https:\\\/\\\/wp.kristdemokraterna.se\\\/hultsfred\\\/files\\\/2018\\\/02\\\/20180214_113004-e1519125749481.jpg\",\"contentUrl\":\"https:\\\/\\\/wp.kristdemokraterna.se\\\/hultsfred\\\/files\\\/2018\\\/02\\\/20180214_113004-e1519125749481.jpg\",\"width\":3024,\"height\":4032},{\"@type\":\"BreadcrumbList\",\"@id\":\"https:\\\/\\\/wp.kristdemokraterna.se\\\/hultsfred\\\/arets-vitsippspris-gick-till-virserums-hembygdsforening\\\/#breadcrumb\",\"itemListElement\":[{\"@type\":\"ListItem\",\"position\":1,\"name\":\"Hem\",\"item\":\"https:\\\/\\\/wp.kristdemokraterna.se\\\/hultsfred\\\/\"},{\"@type\":\"ListItem\",\"position\":2,\"name\":\"\u00c5rets vitsippspris gick till Virserums hembygdsf\u00f6rening\"}]},{\"@type\":\"WebSite\",\"@id\":\"https:\\\/\\\/wp.kristdemokraterna.se\\\/hultsfred\\\/#website\",\"url\":\"https:\\\/\\\/wp.kristdemokraterna.se\\\/hultsfred\\\/\",\"name\":\"Hultsfred\",\"description\":\"En till Kristdemokraterna webbplats\",\"inLanguage\":\"sv-SE\"},{\"@type\":\"Person\",\"@id\":\"https:\\\/\\\/wp.kristdemokraterna.se\\\/hultsfred\\\/#\\\/schema\\\/person\\\/d5fb958f64c4aabda2b92681f9a53d3a\",\"name\":\"hultsfred\",\"image\":{\"@type\":\"ImageObject\",\"inLanguage\":\"sv-SE\",\"@id\":\"https:\\\/\\\/secure.gravatar.com\\\/avatar\\\/a3dc6a30c6eef2c1a2391d64ce1123c3a3d048b6adbbbb415417030889e093f6?s=96&r=g\",\"url\":\"https:\\\/\\\/secure.gravatar.com\\\/avatar\\\/a3dc6a30c6eef2c1a2391d64ce1123c3a3d048b6adbbbb415417030889e093f6?s=96&r=g\",\"contentUrl\":\"https:\\\/\\\/secure.gravatar.com\\\/avatar\\\/a3dc6a30c6eef2c1a2391d64ce1123c3a3d048b6adbbbb415417030889e093f6?s=96&r=g\",\"caption\":\"hultsfred\"},\"url\":\"https:\\\/\\\/wp.kristdemokraterna.se\\\/hultsfred\\\/author\\\/hultsfred\\\/\"}]}<\/script>\n<!-- \/ Yoast SEO plugin. -->","yoast_head_json":{"title":"\u00c5rets vitsippspris gick till Virserums hembygdsf\u00f6rening - Hultsfred","robots":{"index":"index","follow":"follow","max-snippet":"max-snippet:-1","max-image-preview":"max-image-preview:large","max-video-preview":"max-video-preview:-1"},"canonical":"https:\/\/wp.kristdemokraterna.se\/hultsfred\/arets-vitsippspris-gick-till-virserums-hembygdsforening\/","og_locale":"sv_SE","og_type":"article","og_title":"\u00c5rets vitsippspris gick till Virserums hembygdsf\u00f6rening - Hultsfred","og_description":"H\u00e4r \u00e4r motiveringen till priset som har ramats in och \u00f6verl\u00e4mnas Den fina vitsippan f\u00e5r pristagaren ocks\u00e5 H\u00e4r l\u00e4ser v\u00e5r ordf\u00f6rande Anders Andersson upp motiveringen f\u00f6r priset.V\u00e5r Gruppledare \u00c5ke Nilsson \u00f6verl\u00e4mnar Vitsippan och Sekreterare Monica Bergh \u00f6verl\u00e4mnar en bukett tulpaner till representanterna f\u00f6r Virserums Hembygdsf\u00f6rening Karl-Oskar Gladh och Ulrika Edgren","og_url":"https:\/\/wp.kristdemokraterna.se\/hultsfred\/arets-vitsippspris-gick-till-virserums-hembygdsforening\/","og_site_name":"Hultsfred","article_published_time":"2018-02-20T11:32:03+00:00","og_image":[{"url":"http:\/\/wp.kristdemokraterna.se\/hultsfred\/files\/2018\/02\/20180214_113004-e1519125749481-405x540.jpg","type":"","width":"","height":""}],"author":"hultsfred","twitter_card":"summary_large_image","twitter_misc":{"Skriven av":"hultsfred"},"schema":{"@context":"https:\/\/schema.org","@graph":[{"@type":"Article","@id":"https:\/\/wp.kristdemokraterna.se\/hultsfred\/arets-vitsippspris-gick-till-virserums-hembygdsforening\/#article","isPartOf":{"@id":"https:\/\/wp.kristdemokraterna.se\/hultsfred\/arets-vitsippspris-gick-till-virserums-hembygdsforening\/"},"author":{"name":"hultsfred","@id":"https:\/\/wp.kristdemokraterna.se\/hultsfred\/#\/schema\/person\/d5fb958f64c4aabda2b92681f9a53d3a"},"headline":"\u00c5rets vitsippspris gick till Virserums hembygdsf\u00f6rening","datePublished":"2018-02-20T11:32:03+00:00","mainEntityOfPage":{"@id":"https:\/\/wp.kristdemokraterna.se\/hultsfred\/arets-vitsippspris-gick-till-virserums-hembygdsforening\/"},"wordCount":71,"image":{"@id":"https:\/\/wp.kristdemokraterna.se\/hultsfred\/arets-vitsippspris-gick-till-virserums-hembygdsforening\/#primaryimage"},"thumbnailUrl":"http:\/\/wp.kristdemokraterna.se\/hultsfred\/files\/2018\/02\/20180214_113004-e1519125749481-405x540.jpg","articleSection":["V\u00e5ra inl\u00e4gg"],"inLanguage":"sv-SE"},{"@type":"WebPage","@id":"https:\/\/wp.kristdemokraterna.se\/hultsfred\/arets-vitsippspris-gick-till-virserums-hembygdsforening\/","url":"https:\/\/wp.kristdemokraterna.se\/hultsfred\/arets-vitsippspris-gick-till-virserums-hembygdsforening\/","name":"\u00c5rets vitsippspris gick till Virserums hembygdsf\u00f6rening - Hultsfred","isPartOf":{"@id":"https:\/\/wp.kristdemokraterna.se\/hultsfred\/#website"},"primaryImageOfPage":{"@id":"https:\/\/wp.kristdemokraterna.se\/hultsfred\/arets-vitsippspris-gick-till-virserums-hembygdsforening\/#primaryimage"},"image":{"@id":"https:\/\/wp.kristdemokraterna.se\/hultsfred\/arets-vitsippspris-gick-till-virserums-hembygdsforening\/#primaryimage"},"thumbnailUrl":"http:\/\/wp.kristdemokraterna.se\/hultsfred\/files\/2018\/02\/20180214_113004-e1519125749481-405x540.jpg","datePublished":"2018-02-20T11:32:03+00:00","author":{"@id":"https:\/\/wp.kristdemokraterna.se\/hultsfred\/#\/schema\/person\/d5fb958f64c4aabda2b92681f9a53d3a"},"breadcrumb":{"@id":"https:\/\/wp.kristdemokraterna.se\/hultsfred\/arets-vitsippspris-gick-till-virserums-hembygdsforening\/#breadcrumb"},"inLanguage":"sv-SE","potentialAction":[{"@type":"ReadAction","target":["https:\/\/wp.kristdemokraterna.se\/hultsfred\/arets-vitsippspris-gick-till-virserums-hembygdsforening\/"]}]},{"@type":"ImageObject","inLanguage":"sv-SE","@id":"https:\/\/wp.kristdemokraterna.se\/hultsfred\/arets-vitsippspris-gick-till-virserums-hembygdsforening\/#primaryimage","url":"https:\/\/wp.kristdemokraterna.se\/hultsfred\/files\/2018\/02\/20180214_113004-e1519125749481.jpg","contentUrl":"https:\/\/wp.kristdemokraterna.se\/hultsfred\/files\/2018\/02\/20180214_113004-e1519125749481.jpg","width":3024,"height":4032},{"@type":"BreadcrumbList","@id":"https:\/\/wp.kristdemokraterna.se\/hultsfred\/arets-vitsippspris-gick-till-virserums-hembygdsforening\/#breadcrumb","itemListElement":[{"@type":"ListItem","position":1,"name":"Hem","item":"https:\/\/wp.kristdemokraterna.se\/hultsfred\/"},{"@type":"ListItem","position":2,"name":"\u00c5rets vitsippspris gick till Virserums hembygdsf\u00f6rening"}]},{"@type":"WebSite","@id":"https:\/\/wp.kristdemokraterna.se\/hultsfred\/#website","url":"https:\/\/wp.kristdemokraterna.se\/hultsfred\/","name":"Hultsfred","description":"En till Kristdemokraterna webbplats","inLanguage":"sv-SE"},{"@type":"Person","@id":"https:\/\/wp.kristdemokraterna.se\/hultsfred\/#\/schema\/person\/d5fb958f64c4aabda2b92681f9a53d3a","name":"hultsfred","image":{"@type":"ImageObject","inLanguage":"sv-SE","@id":"https:\/\/secure.gravatar.com\/avatar\/a3dc6a30c6eef2c1a2391d64ce1123c3a3d048b6adbbbb415417030889e093f6?s=96&r=g","url":"https:\/\/secure.gravatar.com\/avatar\/a3dc6a30c6eef2c1a2391d64ce1123c3a3d048b6adbbbb415417030889e093f6?s=96&r=g","contentUrl":"https:\/\/secure.gravatar.com\/avatar\/a3dc6a30c6eef2c1a2391d64ce1123c3a3d048b6adbbbb415417030889e093f6?s=96&r=g","caption":"hultsfred"},"url":"https:\/\/wp.kristdemokraterna.se\/hultsfred\/author\/hultsfred\/"}]}},"_links":{"self":[{"href":"https:\/\/wp.kristdemokraterna.se\/hultsfred\/wp-json\/wp\/v2\/posts\/420","targetHints":{"allow":["GET"]}}],"collection":[{"href":"https:\/\/wp.kristdemokraterna.se\/hultsfred\/wp-json\/wp\/v2\/posts"}],"about":[{"href":"https:\/\/wp.kristdemokraterna.se\/hultsfred\/wp-json\/wp\/v2\/types\/post"}],"author":[{"embeddable":true,"href":"https:\/\/wp.kristdemokraterna.se\/hultsfred\/wp-json\/wp\/v2\/users\/442"}],"replies":[{"embeddable":true,"href":"https:\/\/wp.kristdemokraterna.se\/hultsfred\/wp-json\/wp\/v2\/comments?post=420"}],"version-history":[{"count":1,"href":"https:\/\/wp.kristdemokraterna.se\/hultsfred\/wp-json\/wp\/v2\/posts\/420\/revisions"}],"predecessor-version":[{"id":424,"href":"https:\/\/wp.kristdemokraterna.se\/hultsfred\/wp-json\/wp\/v2\/posts\/420\/revisions\/424"}],"wp:attachment":[{"href":"https:\/\/wp.kristdemokraterna.se\/hultsfred\/wp-json\/wp\/v2\/media?parent=420"}],"wp:term":[{"taxonomy":"category","embeddable":true,"href":"https:\/\/wp.kristdemokraterna.se\/hultsfred\/wp-json\/wp\/v2\/categories?post=420"},{"taxonomy":"post_tag","embeddable":true,"href":"https:\/\/wp.kristdemokraterna.se\/hultsfred\/wp-json\/wp\/v2\/tags?post=420"}],"curies":[{"name":"wp","href":"https:\/\/api.w.org\/{rel}","templated":true}]}}