{"id":426,"date":"2018-02-20T13:31:06","date_gmt":"2018-02-20T12:31:06","guid":{"rendered":"http:\/\/wp.kristdemokraterna.se\/hultsfred\/?p=426"},"modified":"2018-02-20T13:31:06","modified_gmt":"2018-02-20T12:31:06","slug":"arsmote-med-partiavdelningen-i-hultsfred-2","status":"publish","type":"post","link":"https:\/\/wp.kristdemokraterna.se\/hultsfred\/arsmote-med-partiavdelningen-i-hultsfred-2\/","title":{"rendered":"\u00c5rsm\u00f6te med partiavdelningen i Hultsfred"},"content":{"rendered":"<p><img loading=\"lazy\" decoding=\"async\" class=\"aligncenter size-full wp-image-427\" src=\"http:\/\/wp.kristdemokraterna.se\/hultsfred\/files\/2018\/02\/27752178_10211037772927813_9179388269277148364_n.jpg\" alt=\"\" width=\"320\" height=\"240\" srcset=\"https:\/\/wp.kristdemokraterna.se\/hultsfred\/files\/2018\/02\/27752178_10211037772927813_9179388269277148364_n.jpg 320w, https:\/\/wp.kristdemokraterna.se\/hultsfred\/files\/2018\/02\/27752178_10211037772927813_9179388269277148364_n-300x225.jpg 300w, https:\/\/wp.kristdemokraterna.se\/hultsfred\/files\/2018\/02\/27752178_10211037772927813_9179388269277148364_n-149x112.jpg 149w\" sizes=\"auto, (max-width: 320px) 100vw, 320px\" \/><\/p>\n<p>Anders Andersson h\u00e4lsar v\u00e4lkommen till \u00e5rsm\u00f6tet som h\u00f6lls alla hj\u00e4rtans dag 14 februari. H\u00e4r syns en del av deltagarna i Centrum huset Violen i J\u00e4rnforsen.<\/p>\n<p><img loading=\"lazy\" decoding=\"async\" class=\"aligncenter size-full wp-image-428\" src=\"http:\/\/wp.kristdemokraterna.se\/hultsfred\/files\/2018\/02\/27857865_10211037772607805_6330628298930909884_n.jpg\" alt=\"\" width=\"304\" height=\"240\" srcset=\"https:\/\/wp.kristdemokraterna.se\/hultsfred\/files\/2018\/02\/27857865_10211037772607805_6330628298930909884_n.jpg 304w, https:\/\/wp.kristdemokraterna.se\/hultsfred\/files\/2018\/02\/27857865_10211037772607805_6330628298930909884_n-300x237.jpg 300w, https:\/\/wp.kristdemokraterna.se\/hultsfred\/files\/2018\/02\/27857865_10211037772607805_6330628298930909884_n-142x112.jpg 142w\" sizes=\"auto, (max-width: 304px) 100vw, 304px\" \/><\/p>\n<p>v\u00e5r g\u00e4st var Gudrun Bruneg\u00e5rd fr\u00e5n Vimmerby oppositionsr\u00e5d i Kalmar l\u00e4ns landsting hon talade om V\u00e4lf\u00e4rdsl\u00f6ftet: Tillit och trygghet<\/p>\n<p><img loading=\"lazy\" decoding=\"async\" class=\"aligncenter wp-image-429\" src=\"http:\/\/wp.kristdemokraterna.se\/hultsfred\/files\/2018\/02\/27751472_10211037775087867_6740787570141956919_n.jpg\" alt=\"\" width=\"347\" height=\"277\" \/><\/p>\n<p>Fikastunden \u00e4r viktig f\u00f6r gemenskapen<\/p>\n<p>&nbsp;<\/p>\n","protected":false},"excerpt":{"rendered":"<p>Anders Andersson h\u00e4lsar v\u00e4lkommen till \u00e5rsm\u00f6tet som h\u00f6lls alla hj\u00e4rtans dag 14 februari. H\u00e4r syns en del av deltagarna i Centrum huset Violen i J\u00e4rnforsen. v\u00e5r g\u00e4st var Gudrun Bruneg\u00e5rd fr\u00e5n Vimmerby oppositionsr\u00e5d i Kalmar l\u00e4ns landsting hon talade om V\u00e4lf\u00e4rdsl\u00f6ftet: Tillit och trygghet Fikastunden \u00e4r viktig f\u00f6r gemenskapen &nbsp;<\/p>\n","protected":false},"author":442,"featured_media":0,"comment_status":"closed","ping_status":"closed","sticky":false,"template":"","format":"standard","meta":{"_acf_changed":false,"footnotes":""},"categories":[1],"tags":[],"class_list":["post-426","post","type-post","status-publish","format-standard","hentry","category-okategoriserade"],"acf":[],"yoast_head":"<!-- This site is optimized with the Yoast SEO plugin v27.5 - https:\/\/yoast.com\/product\/yoast-seo-wordpress\/ -->\n<title>\u00c5rsm\u00f6te med partiavdelningen i Hultsfred - Hultsfred<\/title>\n<meta name=\"robots\" content=\"index, follow, max-snippet:-1, max-image-preview:large, max-video-preview:-1\" \/>\n<link rel=\"canonical\" href=\"https:\/\/wp.kristdemokraterna.se\/hultsfred\/arsmote-med-partiavdelningen-i-hultsfred-2\/\" \/>\n<meta property=\"og:locale\" content=\"sv_SE\" \/>\n<meta property=\"og:type\" content=\"article\" \/>\n<meta property=\"og:title\" content=\"\u00c5rsm\u00f6te med partiavdelningen i Hultsfred - Hultsfred\" \/>\n<meta property=\"og:description\" content=\"Anders Andersson h\u00e4lsar v\u00e4lkommen till \u00e5rsm\u00f6tet som h\u00f6lls alla hj\u00e4rtans dag 14 februari. H\u00e4r syns en del av deltagarna i Centrum huset Violen i J\u00e4rnforsen. v\u00e5r g\u00e4st var Gudrun Bruneg\u00e5rd fr\u00e5n Vimmerby oppositionsr\u00e5d i Kalmar l\u00e4ns landsting hon talade om V\u00e4lf\u00e4rdsl\u00f6ftet: Tillit och trygghet Fikastunden \u00e4r viktig f\u00f6r gemenskapen &nbsp;\" \/>\n<meta property=\"og:url\" content=\"https:\/\/wp.kristdemokraterna.se\/hultsfred\/arsmote-med-partiavdelningen-i-hultsfred-2\/\" \/>\n<meta property=\"og:site_name\" content=\"Hultsfred\" \/>\n<meta property=\"article:published_time\" content=\"2018-02-20T12:31:06+00:00\" \/>\n<meta property=\"og:image\" content=\"http:\/\/wp.kristdemokraterna.se\/hultsfred\/files\/2018\/02\/27752178_10211037772927813_9179388269277148364_n.jpg\" \/>\n<meta name=\"author\" content=\"hultsfred\" \/>\n<meta name=\"twitter:card\" content=\"summary_large_image\" \/>\n<meta name=\"twitter:label1\" content=\"Skriven av\" \/>\n\t<meta name=\"twitter:data1\" content=\"hultsfred\" \/>\n<script type=\"application\/ld+json\" class=\"yoast-schema-graph\">{\"@context\":\"https:\\\/\\\/schema.org\",\"@graph\":[{\"@type\":\"Article\",\"@id\":\"https:\\\/\\\/wp.kristdemokraterna.se\\\/hultsfred\\\/arsmote-med-partiavdelningen-i-hultsfred-2\\\/#article\",\"isPartOf\":{\"@id\":\"https:\\\/\\\/wp.kristdemokraterna.se\\\/hultsfred\\\/arsmote-med-partiavdelningen-i-hultsfred-2\\\/\"},\"author\":{\"name\":\"hultsfred\",\"@id\":\"https:\\\/\\\/wp.kristdemokraterna.se\\\/hultsfred\\\/#\\\/schema\\\/person\\\/d5fb958f64c4aabda2b92681f9a53d3a\"},\"headline\":\"\u00c5rsm\u00f6te med partiavdelningen i Hultsfred\",\"datePublished\":\"2018-02-20T12:31:06+00:00\",\"mainEntityOfPage\":{\"@id\":\"https:\\\/\\\/wp.kristdemokraterna.se\\\/hultsfred\\\/arsmote-med-partiavdelningen-i-hultsfred-2\\\/\"},\"wordCount\":72,\"image\":{\"@id\":\"https:\\\/\\\/wp.kristdemokraterna.se\\\/hultsfred\\\/arsmote-med-partiavdelningen-i-hultsfred-2\\\/#primaryimage\"},\"thumbnailUrl\":\"http:\\\/\\\/wp.kristdemokraterna.se\\\/hultsfred\\\/files\\\/2018\\\/02\\\/27752178_10211037772927813_9179388269277148364_n.jpg\",\"articleSection\":[\"V\u00e5ra inl\u00e4gg\"],\"inLanguage\":\"sv-SE\"},{\"@type\":\"WebPage\",\"@id\":\"https:\\\/\\\/wp.kristdemokraterna.se\\\/hultsfred\\\/arsmote-med-partiavdelningen-i-hultsfred-2\\\/\",\"url\":\"https:\\\/\\\/wp.kristdemokraterna.se\\\/hultsfred\\\/arsmote-med-partiavdelningen-i-hultsfred-2\\\/\",\"name\":\"\u00c5rsm\u00f6te med partiavdelningen i Hultsfred - Hultsfred\",\"isPartOf\":{\"@id\":\"https:\\\/\\\/wp.kristdemokraterna.se\\\/hultsfred\\\/#website\"},\"primaryImageOfPage\":{\"@id\":\"https:\\\/\\\/wp.kristdemokraterna.se\\\/hultsfred\\\/arsmote-med-partiavdelningen-i-hultsfred-2\\\/#primaryimage\"},\"image\":{\"@id\":\"https:\\\/\\\/wp.kristdemokraterna.se\\\/hultsfred\\\/arsmote-med-partiavdelningen-i-hultsfred-2\\\/#primaryimage\"},\"thumbnailUrl\":\"http:\\\/\\\/wp.kristdemokraterna.se\\\/hultsfred\\\/files\\\/2018\\\/02\\\/27752178_10211037772927813_9179388269277148364_n.jpg\",\"datePublished\":\"2018-02-20T12:31:06+00:00\",\"author\":{\"@id\":\"https:\\\/\\\/wp.kristdemokraterna.se\\\/hultsfred\\\/#\\\/schema\\\/person\\\/d5fb958f64c4aabda2b92681f9a53d3a\"},\"breadcrumb\":{\"@id\":\"https:\\\/\\\/wp.kristdemokraterna.se\\\/hultsfred\\\/arsmote-med-partiavdelningen-i-hultsfred-2\\\/#breadcrumb\"},\"inLanguage\":\"sv-SE\",\"potentialAction\":[{\"@type\":\"ReadAction\",\"target\":[\"https:\\\/\\\/wp.kristdemokraterna.se\\\/hultsfred\\\/arsmote-med-partiavdelningen-i-hultsfred-2\\\/\"]}]},{\"@type\":\"ImageObject\",\"inLanguage\":\"sv-SE\",\"@id\":\"https:\\\/\\\/wp.kristdemokraterna.se\\\/hultsfred\\\/arsmote-med-partiavdelningen-i-hultsfred-2\\\/#primaryimage\",\"url\":\"https:\\\/\\\/wp.kristdemokraterna.se\\\/hultsfred\\\/files\\\/2018\\\/02\\\/27752178_10211037772927813_9179388269277148364_n.jpg\",\"contentUrl\":\"https:\\\/\\\/wp.kristdemokraterna.se\\\/hultsfred\\\/files\\\/2018\\\/02\\\/27752178_10211037772927813_9179388269277148364_n.jpg\",\"width\":320,\"height\":240},{\"@type\":\"BreadcrumbList\",\"@id\":\"https:\\\/\\\/wp.kristdemokraterna.se\\\/hultsfred\\\/arsmote-med-partiavdelningen-i-hultsfred-2\\\/#breadcrumb\",\"itemListElement\":[{\"@type\":\"ListItem\",\"position\":1,\"name\":\"Hem\",\"item\":\"https:\\\/\\\/wp.kristdemokraterna.se\\\/hultsfred\\\/\"},{\"@type\":\"ListItem\",\"position\":2,\"name\":\"\u00c5rsm\u00f6te med partiavdelningen i Hultsfred\"}]},{\"@type\":\"WebSite\",\"@id\":\"https:\\\/\\\/wp.kristdemokraterna.se\\\/hultsfred\\\/#website\",\"url\":\"https:\\\/\\\/wp.kristdemokraterna.se\\\/hultsfred\\\/\",\"name\":\"Hultsfred\",\"description\":\"En till Kristdemokraterna webbplats\",\"inLanguage\":\"sv-SE\"},{\"@type\":\"Person\",\"@id\":\"https:\\\/\\\/wp.kristdemokraterna.se\\\/hultsfred\\\/#\\\/schema\\\/person\\\/d5fb958f64c4aabda2b92681f9a53d3a\",\"name\":\"hultsfred\",\"image\":{\"@type\":\"ImageObject\",\"inLanguage\":\"sv-SE\",\"@id\":\"https:\\\/\\\/secure.gravatar.com\\\/avatar\\\/a3dc6a30c6eef2c1a2391d64ce1123c3a3d048b6adbbbb415417030889e093f6?s=96&r=g\",\"url\":\"https:\\\/\\\/secure.gravatar.com\\\/avatar\\\/a3dc6a30c6eef2c1a2391d64ce1123c3a3d048b6adbbbb415417030889e093f6?s=96&r=g\",\"contentUrl\":\"https:\\\/\\\/secure.gravatar.com\\\/avatar\\\/a3dc6a30c6eef2c1a2391d64ce1123c3a3d048b6adbbbb415417030889e093f6?s=96&r=g\",\"caption\":\"hultsfred\"},\"url\":\"https:\\\/\\\/wp.kristdemokraterna.se\\\/hultsfred\\\/author\\\/hultsfred\\\/\"}]}<\/script>\n<!-- \/ Yoast SEO plugin. -->","yoast_head_json":{"title":"\u00c5rsm\u00f6te med partiavdelningen i Hultsfred - Hultsfred","robots":{"index":"index","follow":"follow","max-snippet":"max-snippet:-1","max-image-preview":"max-image-preview:large","max-video-preview":"max-video-preview:-1"},"canonical":"https:\/\/wp.kristdemokraterna.se\/hultsfred\/arsmote-med-partiavdelningen-i-hultsfred-2\/","og_locale":"sv_SE","og_type":"article","og_title":"\u00c5rsm\u00f6te med partiavdelningen i Hultsfred - Hultsfred","og_description":"Anders Andersson h\u00e4lsar v\u00e4lkommen till \u00e5rsm\u00f6tet som h\u00f6lls alla hj\u00e4rtans dag 14 februari. H\u00e4r syns en del av deltagarna i Centrum huset Violen i J\u00e4rnforsen. v\u00e5r g\u00e4st var Gudrun Bruneg\u00e5rd fr\u00e5n Vimmerby oppositionsr\u00e5d i Kalmar l\u00e4ns landsting hon talade om V\u00e4lf\u00e4rdsl\u00f6ftet: Tillit och trygghet Fikastunden \u00e4r viktig f\u00f6r gemenskapen &nbsp;","og_url":"https:\/\/wp.kristdemokraterna.se\/hultsfred\/arsmote-med-partiavdelningen-i-hultsfred-2\/","og_site_name":"Hultsfred","article_published_time":"2018-02-20T12:31:06+00:00","og_image":[{"url":"http:\/\/wp.kristdemokraterna.se\/hultsfred\/files\/2018\/02\/27752178_10211037772927813_9179388269277148364_n.jpg","type":"","width":"","height":""}],"author":"hultsfred","twitter_card":"summary_large_image","twitter_misc":{"Skriven av":"hultsfred"},"schema":{"@context":"https:\/\/schema.org","@graph":[{"@type":"Article","@id":"https:\/\/wp.kristdemokraterna.se\/hultsfred\/arsmote-med-partiavdelningen-i-hultsfred-2\/#article","isPartOf":{"@id":"https:\/\/wp.kristdemokraterna.se\/hultsfred\/arsmote-med-partiavdelningen-i-hultsfred-2\/"},"author":{"name":"hultsfred","@id":"https:\/\/wp.kristdemokraterna.se\/hultsfred\/#\/schema\/person\/d5fb958f64c4aabda2b92681f9a53d3a"},"headline":"\u00c5rsm\u00f6te med partiavdelningen i Hultsfred","datePublished":"2018-02-20T12:31:06+00:00","mainEntityOfPage":{"@id":"https:\/\/wp.kristdemokraterna.se\/hultsfred\/arsmote-med-partiavdelningen-i-hultsfred-2\/"},"wordCount":72,"image":{"@id":"https:\/\/wp.kristdemokraterna.se\/hultsfred\/arsmote-med-partiavdelningen-i-hultsfred-2\/#primaryimage"},"thumbnailUrl":"http:\/\/wp.kristdemokraterna.se\/hultsfred\/files\/2018\/02\/27752178_10211037772927813_9179388269277148364_n.jpg","articleSection":["V\u00e5ra inl\u00e4gg"],"inLanguage":"sv-SE"},{"@type":"WebPage","@id":"https:\/\/wp.kristdemokraterna.se\/hultsfred\/arsmote-med-partiavdelningen-i-hultsfred-2\/","url":"https:\/\/wp.kristdemokraterna.se\/hultsfred\/arsmote-med-partiavdelningen-i-hultsfred-2\/","name":"\u00c5rsm\u00f6te med partiavdelningen i Hultsfred - Hultsfred","isPartOf":{"@id":"https:\/\/wp.kristdemokraterna.se\/hultsfred\/#website"},"primaryImageOfPage":{"@id":"https:\/\/wp.kristdemokraterna.se\/hultsfred\/arsmote-med-partiavdelningen-i-hultsfred-2\/#primaryimage"},"image":{"@id":"https:\/\/wp.kristdemokraterna.se\/hultsfred\/arsmote-med-partiavdelningen-i-hultsfred-2\/#primaryimage"},"thumbnailUrl":"http:\/\/wp.kristdemokraterna.se\/hultsfred\/files\/2018\/02\/27752178_10211037772927813_9179388269277148364_n.jpg","datePublished":"2018-02-20T12:31:06+00:00","author":{"@id":"https:\/\/wp.kristdemokraterna.se\/hultsfred\/#\/schema\/person\/d5fb958f64c4aabda2b92681f9a53d3a"},"breadcrumb":{"@id":"https:\/\/wp.kristdemokraterna.se\/hultsfred\/arsmote-med-partiavdelningen-i-hultsfred-2\/#breadcrumb"},"inLanguage":"sv-SE","potentialAction":[{"@type":"ReadAction","target":["https:\/\/wp.kristdemokraterna.se\/hultsfred\/arsmote-med-partiavdelningen-i-hultsfred-2\/"]}]},{"@type":"ImageObject","inLanguage":"sv-SE","@id":"https:\/\/wp.kristdemokraterna.se\/hultsfred\/arsmote-med-partiavdelningen-i-hultsfred-2\/#primaryimage","url":"https:\/\/wp.kristdemokraterna.se\/hultsfred\/files\/2018\/02\/27752178_10211037772927813_9179388269277148364_n.jpg","contentUrl":"https:\/\/wp.kristdemokraterna.se\/hultsfred\/files\/2018\/02\/27752178_10211037772927813_9179388269277148364_n.jpg","width":320,"height":240},{"@type":"BreadcrumbList","@id":"https:\/\/wp.kristdemokraterna.se\/hultsfred\/arsmote-med-partiavdelningen-i-hultsfred-2\/#breadcrumb","itemListElement":[{"@type":"ListItem","position":1,"name":"Hem","item":"https:\/\/wp.kristdemokraterna.se\/hultsfred\/"},{"@type":"ListItem","position":2,"name":"\u00c5rsm\u00f6te med partiavdelningen i Hultsfred"}]},{"@type":"WebSite","@id":"https:\/\/wp.kristdemokraterna.se\/hultsfred\/#website","url":"https:\/\/wp.kristdemokraterna.se\/hultsfred\/","name":"Hultsfred","description":"En till Kristdemokraterna webbplats","inLanguage":"sv-SE"},{"@type":"Person","@id":"https:\/\/wp.kristdemokraterna.se\/hultsfred\/#\/schema\/person\/d5fb958f64c4aabda2b92681f9a53d3a","name":"hultsfred","image":{"@type":"ImageObject","inLanguage":"sv-SE","@id":"https:\/\/secure.gravatar.com\/avatar\/a3dc6a30c6eef2c1a2391d64ce1123c3a3d048b6adbbbb415417030889e093f6?s=96&r=g","url":"https:\/\/secure.gravatar.com\/avatar\/a3dc6a30c6eef2c1a2391d64ce1123c3a3d048b6adbbbb415417030889e093f6?s=96&r=g","contentUrl":"https:\/\/secure.gravatar.com\/avatar\/a3dc6a30c6eef2c1a2391d64ce1123c3a3d048b6adbbbb415417030889e093f6?s=96&r=g","caption":"hultsfred"},"url":"https:\/\/wp.kristdemokraterna.se\/hultsfred\/author\/hultsfred\/"}]}},"_links":{"self":[{"href":"https:\/\/wp.kristdemokraterna.se\/hultsfred\/wp-json\/wp\/v2\/posts\/426","targetHints":{"allow":["GET"]}}],"collection":[{"href":"https:\/\/wp.kristdemokraterna.se\/hultsfred\/wp-json\/wp\/v2\/posts"}],"about":[{"href":"https:\/\/wp.kristdemokraterna.se\/hultsfred\/wp-json\/wp\/v2\/types\/post"}],"author":[{"embeddable":true,"href":"https:\/\/wp.kristdemokraterna.se\/hultsfred\/wp-json\/wp\/v2\/users\/442"}],"replies":[{"embeddable":true,"href":"https:\/\/wp.kristdemokraterna.se\/hultsfred\/wp-json\/wp\/v2\/comments?post=426"}],"version-history":[{"count":1,"href":"https:\/\/wp.kristdemokraterna.se\/hultsfred\/wp-json\/wp\/v2\/posts\/426\/revisions"}],"predecessor-version":[{"id":430,"href":"https:\/\/wp.kristdemokraterna.se\/hultsfred\/wp-json\/wp\/v2\/posts\/426\/revisions\/430"}],"wp:attachment":[{"href":"https:\/\/wp.kristdemokraterna.se\/hultsfred\/wp-json\/wp\/v2\/media?parent=426"}],"wp:term":[{"taxonomy":"category","embeddable":true,"href":"https:\/\/wp.kristdemokraterna.se\/hultsfred\/wp-json\/wp\/v2\/categories?post=426"},{"taxonomy":"post_tag","embeddable":true,"href":"https:\/\/wp.kristdemokraterna.se\/hultsfred\/wp-json\/wp\/v2\/tags?post=426"}],"curies":[{"name":"wp","href":"https:\/\/api.w.org\/{rel}","templated":true}]}}