{"id":441,"date":"2018-03-13T20:30:51","date_gmt":"2018-03-13T19:30:51","guid":{"rendered":"http:\/\/wp.kristdemokraterna.se\/hultsfred\/?p=441"},"modified":"2018-03-13T21:07:47","modified_gmt":"2018-03-13T20:07:47","slug":"vi-har-presenterat-var-valsedel-for-pressen","status":"publish","type":"post","link":"https:\/\/wp.kristdemokraterna.se\/hultsfred\/vi-har-presenterat-var-valsedel-for-pressen\/","title":{"rendered":"Vi har presenterat v\u00e5r valsedel f\u00f6r pressen"},"content":{"rendered":"<p><img loading=\"lazy\" decoding=\"async\" class=\"aligncenter size-large wp-image-442\" src=\"http:\/\/wp.kristdemokraterna.se\/hultsfred\/files\/2018\/03\/62fbd511-c278-40a3-b288-b48800eb9e97-540x397.jpeg\" alt=\"\" width=\"540\" height=\"397\" srcset=\"https:\/\/wp.kristdemokraterna.se\/hultsfred\/files\/2018\/03\/62fbd511-c278-40a3-b288-b48800eb9e97-540x397.jpeg 540w, https:\/\/wp.kristdemokraterna.se\/hultsfred\/files\/2018\/03\/62fbd511-c278-40a3-b288-b48800eb9e97-300x221.jpeg 300w, https:\/\/wp.kristdemokraterna.se\/hultsfred\/files\/2018\/03\/62fbd511-c278-40a3-b288-b48800eb9e97-768x565.jpeg 768w, https:\/\/wp.kristdemokraterna.se\/hultsfred\/files\/2018\/03\/62fbd511-c278-40a3-b288-b48800eb9e97-470x346.jpeg 470w, https:\/\/wp.kristdemokraterna.se\/hultsfred\/files\/2018\/03\/62fbd511-c278-40a3-b288-b48800eb9e97-152x112.jpeg 152w, https:\/\/wp.kristdemokraterna.se\/hultsfred\/files\/2018\/03\/62fbd511-c278-40a3-b288-b48800eb9e97.jpeg 799w\" sizes=\"auto, (max-width: 540px) 100vw, 540px\" \/><\/p>\n<p>KD presenterar valsedel f\u00f6r kommunvalet!<\/p>\n<p>KD toppar med erfarenhet och har \u00c5ke Nilsson som etta p\u00e5 valsedeln till kommunvalet. Han \u00e4r idag 1:e vice ordf\u00f6rande i kommunstyrelsen och dessutom ordf\u00f6rande i \u00d6SK och Hultsfreds Bost\u00e4der. I \u00f6vrigt finns i toppen p\u00e5 valsedeln k\u00e4nda namn som idag ofta g\u00f6r sin r\u00f6st h\u00f6rd i kommunfullm\u00e4ktige genom motioner och inl\u00e4gg.<br \/>\nValsedeln inneh\u00e5ller en god spridning av kandidater n\u00e4r det g\u00e4ller orter i v\u00e5r kommun liksom olika \u00e5ldrar och erfarenheter. Det \u00e4r 11 kvinnor och 11 m\u00e4n och av de 22 kandidaterna \u00e4r hela 10 nya kandidater, nio helt nya och en av de nya har varit med vid tidigare val l\u00e4ngre tillbaa. Vi hoppas och arbetar f\u00f6r ett gott valresultat s\u00f6ndagen den 9 september!<\/p>\n<p>En av de politiska fr\u00e5gor som vi kommer att lyfta fram \u00e4r behovet av en \u00e4ldreboendegaranti. F\u00f6rhoppningsvis kan vi under kommande mandatperiod f\u00e5r fram ett beslut som ger denna trygghet f\u00f6r kommunens pension\u00e4rer. F\u00f6rslaget fr\u00e5n v\u00e5r sida \u00e4r att den pension\u00e4r som fyllt 85 \u00e5r ska sj\u00e4lv helt kunna avg\u00f6ra om man \u00f6nskar ett tryggare boende och d\u00e5 v\u00e4lja mellan s\u00e4rskilt boende, trygghetsboende eller \u00e4ldreboende. Kommunens uppgift \u00e4r se till att det finns platser och olika boendealternativ med olika serviceniv\u00e5er, s\u00e4ger Anders Andersson, ordf\u00f6rande i partiavdelningen, i en kommentar efter presstr\u00e4ffen p\u00e5 tisdagen.<\/p>\n<p>P\u00e5 bilden \u00e5terfinns KD-kandidaterna; fr v Monica Bergh, Lennart Davidsson, \u00c5ke Nilsson, Anne-Charlotte Cederberg och Anders Andersson<\/p>\n<p>Valsedel f\u00f6r kommunvalet 2018<\/p>\n<p>\u00c5ke Nilsson, Silverdalen<br \/>\nLennart Davidsson, M\u00f6rlunda<br \/>\nMonica Bergh, Virserum<br \/>\nAnders Andersson, J\u00e4rnforsen<br \/>\nChristian Nytorpet, Hultsfred<br \/>\nAnne-Charlotte Cederberg, J\u00e4rnforsen<br \/>\nJoachim Erlandsson, M\u00e5lilla<br \/>\nMalin Nytorpet, Hultsfred<br \/>\nAnders Elgenmark, J\u00e4rnforsen<br \/>\nBrita Freudenthal, M\u00e5lilla<br \/>\nTorgny R\u00f6nnestad, Hultsfred<br \/>\nSanne Nytorpet, Silverdalen<br \/>\nGun-Britt Axelsson, Virserum<br \/>\nPernilla Hill, M\u00f6rlunda<br \/>\nStefan M\u00f6ller, J\u00e4rnforsen<br \/>\nElham Radmanesh, Hultsfred<br \/>\nInger Fr\u00f6\u00f6jd, Virserum<br \/>\nSture Bergh, Virserum<br \/>\nAnnica Eek, M\u00f6rlunda<br \/>\nLeif Axelsson, Virserum<br \/>\nAngela \u00d6stergren, Hultsfred<br \/>\nEvert M\u00f6ller, J\u00e4rnfosen<\/p>\n","protected":false},"excerpt":{"rendered":"<p>KD presenterar valsedel f\u00f6r kommunvalet! KD toppar med erfarenhet och har \u00c5ke Nilsson som etta p\u00e5 valsedeln till kommunvalet. Han \u00e4r idag 1:e vice ordf\u00f6rande i kommunstyrelsen och dessutom ordf\u00f6rande i \u00d6SK och Hultsfreds Bost\u00e4der. I \u00f6vrigt finns i toppen p\u00e5 valsedeln k\u00e4nda namn som idag ofta g\u00f6r sin r\u00f6st h\u00f6rd i kommunfullm\u00e4ktige genom motioner <a class=\"read-more-link\" href=\"https:\/\/wp.kristdemokraterna.se\/hultsfred\/vi-har-presenterat-var-valsedel-for-pressen\/\">Read More<\/a><\/p>\n","protected":false},"author":442,"featured_media":0,"comment_status":"closed","ping_status":"closed","sticky":false,"template":"","format":"standard","meta":{"_acf_changed":false,"footnotes":""},"categories":[1],"tags":[],"class_list":["post-441","post","type-post","status-publish","format-standard","hentry","category-okategoriserade"],"acf":[],"yoast_head":"<!-- This site is optimized with the Yoast SEO plugin v27.5 - https:\/\/yoast.com\/product\/yoast-seo-wordpress\/ -->\n<title>Vi har presenterat v\u00e5r valsedel f\u00f6r pressen - Hultsfred<\/title>\n<meta name=\"robots\" content=\"index, follow, max-snippet:-1, max-image-preview:large, max-video-preview:-1\" \/>\n<link rel=\"canonical\" href=\"https:\/\/wp.kristdemokraterna.se\/hultsfred\/vi-har-presenterat-var-valsedel-for-pressen\/\" \/>\n<meta property=\"og:locale\" content=\"sv_SE\" \/>\n<meta property=\"og:type\" content=\"article\" \/>\n<meta property=\"og:title\" content=\"Vi har presenterat v\u00e5r valsedel f\u00f6r pressen - Hultsfred\" \/>\n<meta property=\"og:description\" content=\"KD presenterar valsedel f\u00f6r kommunvalet! KD toppar med erfarenhet och har \u00c5ke Nilsson som etta p\u00e5 valsedeln till kommunvalet. Han \u00e4r idag 1:e vice ordf\u00f6rande i kommunstyrelsen och dessutom ordf\u00f6rande i \u00d6SK och Hultsfreds Bost\u00e4der. I \u00f6vrigt finns i toppen p\u00e5 valsedeln k\u00e4nda namn som idag ofta g\u00f6r sin r\u00f6st h\u00f6rd i kommunfullm\u00e4ktige genom motioner Read More\" \/>\n<meta property=\"og:url\" content=\"https:\/\/wp.kristdemokraterna.se\/hultsfred\/vi-har-presenterat-var-valsedel-for-pressen\/\" \/>\n<meta property=\"og:site_name\" content=\"Hultsfred\" \/>\n<meta property=\"article:published_time\" content=\"2018-03-13T19:30:51+00:00\" \/>\n<meta property=\"article:modified_time\" content=\"2018-03-13T20:07:47+00:00\" \/>\n<meta property=\"og:image\" content=\"http:\/\/wp.kristdemokraterna.se\/hultsfred\/files\/2018\/03\/62fbd511-c278-40a3-b288-b48800eb9e97-540x397.jpeg\" \/>\n<meta name=\"author\" content=\"hultsfred\" \/>\n<meta name=\"twitter:card\" content=\"summary_large_image\" \/>\n<meta name=\"twitter:label1\" content=\"Skriven av\" \/>\n\t<meta name=\"twitter:data1\" content=\"hultsfred\" \/>\n\t<meta name=\"twitter:label2\" content=\"Ber\u00e4knad l\u00e4stid\" \/>\n\t<meta name=\"twitter:data2\" content=\"2 minuter\" \/>\n<script type=\"application\/ld+json\" class=\"yoast-schema-graph\">{\"@context\":\"https:\\\/\\\/schema.org\",\"@graph\":[{\"@type\":\"Article\",\"@id\":\"https:\\\/\\\/wp.kristdemokraterna.se\\\/hultsfred\\\/vi-har-presenterat-var-valsedel-for-pressen\\\/#article\",\"isPartOf\":{\"@id\":\"https:\\\/\\\/wp.kristdemokraterna.se\\\/hultsfred\\\/vi-har-presenterat-var-valsedel-for-pressen\\\/\"},\"author\":{\"name\":\"hultsfred\",\"@id\":\"https:\\\/\\\/wp.kristdemokraterna.se\\\/hultsfred\\\/#\\\/schema\\\/person\\\/d5fb958f64c4aabda2b92681f9a53d3a\"},\"headline\":\"Vi har presenterat v\u00e5r valsedel f\u00f6r pressen\",\"datePublished\":\"2018-03-13T19:30:51+00:00\",\"dateModified\":\"2018-03-13T20:07:47+00:00\",\"mainEntityOfPage\":{\"@id\":\"https:\\\/\\\/wp.kristdemokraterna.se\\\/hultsfred\\\/vi-har-presenterat-var-valsedel-for-pressen\\\/\"},\"wordCount\":353,\"image\":{\"@id\":\"https:\\\/\\\/wp.kristdemokraterna.se\\\/hultsfred\\\/vi-har-presenterat-var-valsedel-for-pressen\\\/#primaryimage\"},\"thumbnailUrl\":\"http:\\\/\\\/wp.kristdemokraterna.se\\\/hultsfred\\\/files\\\/2018\\\/03\\\/62fbd511-c278-40a3-b288-b48800eb9e97-540x397.jpeg\",\"articleSection\":[\"V\u00e5ra inl\u00e4gg\"],\"inLanguage\":\"sv-SE\"},{\"@type\":\"WebPage\",\"@id\":\"https:\\\/\\\/wp.kristdemokraterna.se\\\/hultsfred\\\/vi-har-presenterat-var-valsedel-for-pressen\\\/\",\"url\":\"https:\\\/\\\/wp.kristdemokraterna.se\\\/hultsfred\\\/vi-har-presenterat-var-valsedel-for-pressen\\\/\",\"name\":\"Vi har presenterat v\u00e5r valsedel f\u00f6r pressen - Hultsfred\",\"isPartOf\":{\"@id\":\"https:\\\/\\\/wp.kristdemokraterna.se\\\/hultsfred\\\/#website\"},\"primaryImageOfPage\":{\"@id\":\"https:\\\/\\\/wp.kristdemokraterna.se\\\/hultsfred\\\/vi-har-presenterat-var-valsedel-for-pressen\\\/#primaryimage\"},\"image\":{\"@id\":\"https:\\\/\\\/wp.kristdemokraterna.se\\\/hultsfred\\\/vi-har-presenterat-var-valsedel-for-pressen\\\/#primaryimage\"},\"thumbnailUrl\":\"http:\\\/\\\/wp.kristdemokraterna.se\\\/hultsfred\\\/files\\\/2018\\\/03\\\/62fbd511-c278-40a3-b288-b48800eb9e97-540x397.jpeg\",\"datePublished\":\"2018-03-13T19:30:51+00:00\",\"dateModified\":\"2018-03-13T20:07:47+00:00\",\"author\":{\"@id\":\"https:\\\/\\\/wp.kristdemokraterna.se\\\/hultsfred\\\/#\\\/schema\\\/person\\\/d5fb958f64c4aabda2b92681f9a53d3a\"},\"breadcrumb\":{\"@id\":\"https:\\\/\\\/wp.kristdemokraterna.se\\\/hultsfred\\\/vi-har-presenterat-var-valsedel-for-pressen\\\/#breadcrumb\"},\"inLanguage\":\"sv-SE\",\"potentialAction\":[{\"@type\":\"ReadAction\",\"target\":[\"https:\\\/\\\/wp.kristdemokraterna.se\\\/hultsfred\\\/vi-har-presenterat-var-valsedel-for-pressen\\\/\"]}]},{\"@type\":\"ImageObject\",\"inLanguage\":\"sv-SE\",\"@id\":\"https:\\\/\\\/wp.kristdemokraterna.se\\\/hultsfred\\\/vi-har-presenterat-var-valsedel-for-pressen\\\/#primaryimage\",\"url\":\"http:\\\/\\\/wp.kristdemokraterna.se\\\/hultsfred\\\/files\\\/2018\\\/03\\\/62fbd511-c278-40a3-b288-b48800eb9e97-540x397.jpeg\",\"contentUrl\":\"http:\\\/\\\/wp.kristdemokraterna.se\\\/hultsfred\\\/files\\\/2018\\\/03\\\/62fbd511-c278-40a3-b288-b48800eb9e97-540x397.jpeg\"},{\"@type\":\"BreadcrumbList\",\"@id\":\"https:\\\/\\\/wp.kristdemokraterna.se\\\/hultsfred\\\/vi-har-presenterat-var-valsedel-for-pressen\\\/#breadcrumb\",\"itemListElement\":[{\"@type\":\"ListItem\",\"position\":1,\"name\":\"Hem\",\"item\":\"https:\\\/\\\/wp.kristdemokraterna.se\\\/hultsfred\\\/\"},{\"@type\":\"ListItem\",\"position\":2,\"name\":\"Vi har presenterat v\u00e5r valsedel f\u00f6r pressen\"}]},{\"@type\":\"WebSite\",\"@id\":\"https:\\\/\\\/wp.kristdemokraterna.se\\\/hultsfred\\\/#website\",\"url\":\"https:\\\/\\\/wp.kristdemokraterna.se\\\/hultsfred\\\/\",\"name\":\"Hultsfred\",\"description\":\"En till Kristdemokraterna webbplats\",\"inLanguage\":\"sv-SE\"},{\"@type\":\"Person\",\"@id\":\"https:\\\/\\\/wp.kristdemokraterna.se\\\/hultsfred\\\/#\\\/schema\\\/person\\\/d5fb958f64c4aabda2b92681f9a53d3a\",\"name\":\"hultsfred\",\"image\":{\"@type\":\"ImageObject\",\"inLanguage\":\"sv-SE\",\"@id\":\"https:\\\/\\\/secure.gravatar.com\\\/avatar\\\/a3dc6a30c6eef2c1a2391d64ce1123c3a3d048b6adbbbb415417030889e093f6?s=96&r=g\",\"url\":\"https:\\\/\\\/secure.gravatar.com\\\/avatar\\\/a3dc6a30c6eef2c1a2391d64ce1123c3a3d048b6adbbbb415417030889e093f6?s=96&r=g\",\"contentUrl\":\"https:\\\/\\\/secure.gravatar.com\\\/avatar\\\/a3dc6a30c6eef2c1a2391d64ce1123c3a3d048b6adbbbb415417030889e093f6?s=96&r=g\",\"caption\":\"hultsfred\"},\"url\":\"https:\\\/\\\/wp.kristdemokraterna.se\\\/hultsfred\\\/author\\\/hultsfred\\\/\"}]}<\/script>\n<!-- \/ Yoast SEO plugin. -->","yoast_head_json":{"title":"Vi har presenterat v\u00e5r valsedel f\u00f6r pressen - Hultsfred","robots":{"index":"index","follow":"follow","max-snippet":"max-snippet:-1","max-image-preview":"max-image-preview:large","max-video-preview":"max-video-preview:-1"},"canonical":"https:\/\/wp.kristdemokraterna.se\/hultsfred\/vi-har-presenterat-var-valsedel-for-pressen\/","og_locale":"sv_SE","og_type":"article","og_title":"Vi har presenterat v\u00e5r valsedel f\u00f6r pressen - Hultsfred","og_description":"KD presenterar valsedel f\u00f6r kommunvalet! KD toppar med erfarenhet och har \u00c5ke Nilsson som etta p\u00e5 valsedeln till kommunvalet. Han \u00e4r idag 1:e vice ordf\u00f6rande i kommunstyrelsen och dessutom ordf\u00f6rande i \u00d6SK och Hultsfreds Bost\u00e4der. I \u00f6vrigt finns i toppen p\u00e5 valsedeln k\u00e4nda namn som idag ofta g\u00f6r sin r\u00f6st h\u00f6rd i kommunfullm\u00e4ktige genom motioner Read More","og_url":"https:\/\/wp.kristdemokraterna.se\/hultsfred\/vi-har-presenterat-var-valsedel-for-pressen\/","og_site_name":"Hultsfred","article_published_time":"2018-03-13T19:30:51+00:00","article_modified_time":"2018-03-13T20:07:47+00:00","og_image":[{"url":"http:\/\/wp.kristdemokraterna.se\/hultsfred\/files\/2018\/03\/62fbd511-c278-40a3-b288-b48800eb9e97-540x397.jpeg","type":"","width":"","height":""}],"author":"hultsfred","twitter_card":"summary_large_image","twitter_misc":{"Skriven av":"hultsfred","Ber\u00e4knad l\u00e4stid":"2 minuter"},"schema":{"@context":"https:\/\/schema.org","@graph":[{"@type":"Article","@id":"https:\/\/wp.kristdemokraterna.se\/hultsfred\/vi-har-presenterat-var-valsedel-for-pressen\/#article","isPartOf":{"@id":"https:\/\/wp.kristdemokraterna.se\/hultsfred\/vi-har-presenterat-var-valsedel-for-pressen\/"},"author":{"name":"hultsfred","@id":"https:\/\/wp.kristdemokraterna.se\/hultsfred\/#\/schema\/person\/d5fb958f64c4aabda2b92681f9a53d3a"},"headline":"Vi har presenterat v\u00e5r valsedel f\u00f6r pressen","datePublished":"2018-03-13T19:30:51+00:00","dateModified":"2018-03-13T20:07:47+00:00","mainEntityOfPage":{"@id":"https:\/\/wp.kristdemokraterna.se\/hultsfred\/vi-har-presenterat-var-valsedel-for-pressen\/"},"wordCount":353,"image":{"@id":"https:\/\/wp.kristdemokraterna.se\/hultsfred\/vi-har-presenterat-var-valsedel-for-pressen\/#primaryimage"},"thumbnailUrl":"http:\/\/wp.kristdemokraterna.se\/hultsfred\/files\/2018\/03\/62fbd511-c278-40a3-b288-b48800eb9e97-540x397.jpeg","articleSection":["V\u00e5ra inl\u00e4gg"],"inLanguage":"sv-SE"},{"@type":"WebPage","@id":"https:\/\/wp.kristdemokraterna.se\/hultsfred\/vi-har-presenterat-var-valsedel-for-pressen\/","url":"https:\/\/wp.kristdemokraterna.se\/hultsfred\/vi-har-presenterat-var-valsedel-for-pressen\/","name":"Vi har presenterat v\u00e5r valsedel f\u00f6r pressen - Hultsfred","isPartOf":{"@id":"https:\/\/wp.kristdemokraterna.se\/hultsfred\/#website"},"primaryImageOfPage":{"@id":"https:\/\/wp.kristdemokraterna.se\/hultsfred\/vi-har-presenterat-var-valsedel-for-pressen\/#primaryimage"},"image":{"@id":"https:\/\/wp.kristdemokraterna.se\/hultsfred\/vi-har-presenterat-var-valsedel-for-pressen\/#primaryimage"},"thumbnailUrl":"http:\/\/wp.kristdemokraterna.se\/hultsfred\/files\/2018\/03\/62fbd511-c278-40a3-b288-b48800eb9e97-540x397.jpeg","datePublished":"2018-03-13T19:30:51+00:00","dateModified":"2018-03-13T20:07:47+00:00","author":{"@id":"https:\/\/wp.kristdemokraterna.se\/hultsfred\/#\/schema\/person\/d5fb958f64c4aabda2b92681f9a53d3a"},"breadcrumb":{"@id":"https:\/\/wp.kristdemokraterna.se\/hultsfred\/vi-har-presenterat-var-valsedel-for-pressen\/#breadcrumb"},"inLanguage":"sv-SE","potentialAction":[{"@type":"ReadAction","target":["https:\/\/wp.kristdemokraterna.se\/hultsfred\/vi-har-presenterat-var-valsedel-for-pressen\/"]}]},{"@type":"ImageObject","inLanguage":"sv-SE","@id":"https:\/\/wp.kristdemokraterna.se\/hultsfred\/vi-har-presenterat-var-valsedel-for-pressen\/#primaryimage","url":"http:\/\/wp.kristdemokraterna.se\/hultsfred\/files\/2018\/03\/62fbd511-c278-40a3-b288-b48800eb9e97-540x397.jpeg","contentUrl":"http:\/\/wp.kristdemokraterna.se\/hultsfred\/files\/2018\/03\/62fbd511-c278-40a3-b288-b48800eb9e97-540x397.jpeg"},{"@type":"BreadcrumbList","@id":"https:\/\/wp.kristdemokraterna.se\/hultsfred\/vi-har-presenterat-var-valsedel-for-pressen\/#breadcrumb","itemListElement":[{"@type":"ListItem","position":1,"name":"Hem","item":"https:\/\/wp.kristdemokraterna.se\/hultsfred\/"},{"@type":"ListItem","position":2,"name":"Vi har presenterat v\u00e5r valsedel f\u00f6r pressen"}]},{"@type":"WebSite","@id":"https:\/\/wp.kristdemokraterna.se\/hultsfred\/#website","url":"https:\/\/wp.kristdemokraterna.se\/hultsfred\/","name":"Hultsfred","description":"En till Kristdemokraterna webbplats","inLanguage":"sv-SE"},{"@type":"Person","@id":"https:\/\/wp.kristdemokraterna.se\/hultsfred\/#\/schema\/person\/d5fb958f64c4aabda2b92681f9a53d3a","name":"hultsfred","image":{"@type":"ImageObject","inLanguage":"sv-SE","@id":"https:\/\/secure.gravatar.com\/avatar\/a3dc6a30c6eef2c1a2391d64ce1123c3a3d048b6adbbbb415417030889e093f6?s=96&r=g","url":"https:\/\/secure.gravatar.com\/avatar\/a3dc6a30c6eef2c1a2391d64ce1123c3a3d048b6adbbbb415417030889e093f6?s=96&r=g","contentUrl":"https:\/\/secure.gravatar.com\/avatar\/a3dc6a30c6eef2c1a2391d64ce1123c3a3d048b6adbbbb415417030889e093f6?s=96&r=g","caption":"hultsfred"},"url":"https:\/\/wp.kristdemokraterna.se\/hultsfred\/author\/hultsfred\/"}]}},"_links":{"self":[{"href":"https:\/\/wp.kristdemokraterna.se\/hultsfred\/wp-json\/wp\/v2\/posts\/441","targetHints":{"allow":["GET"]}}],"collection":[{"href":"https:\/\/wp.kristdemokraterna.se\/hultsfred\/wp-json\/wp\/v2\/posts"}],"about":[{"href":"https:\/\/wp.kristdemokraterna.se\/hultsfred\/wp-json\/wp\/v2\/types\/post"}],"author":[{"embeddable":true,"href":"https:\/\/wp.kristdemokraterna.se\/hultsfred\/wp-json\/wp\/v2\/users\/442"}],"replies":[{"embeddable":true,"href":"https:\/\/wp.kristdemokraterna.se\/hultsfred\/wp-json\/wp\/v2\/comments?post=441"}],"version-history":[{"count":2,"href":"https:\/\/wp.kristdemokraterna.se\/hultsfred\/wp-json\/wp\/v2\/posts\/441\/revisions"}],"predecessor-version":[{"id":448,"href":"https:\/\/wp.kristdemokraterna.se\/hultsfred\/wp-json\/wp\/v2\/posts\/441\/revisions\/448"}],"wp:attachment":[{"href":"https:\/\/wp.kristdemokraterna.se\/hultsfred\/wp-json\/wp\/v2\/media?parent=441"}],"wp:term":[{"taxonomy":"category","embeddable":true,"href":"https:\/\/wp.kristdemokraterna.se\/hultsfred\/wp-json\/wp\/v2\/categories?post=441"},{"taxonomy":"post_tag","embeddable":true,"href":"https:\/\/wp.kristdemokraterna.se\/hultsfred\/wp-json\/wp\/v2\/tags?post=441"}],"curies":[{"name":"wp","href":"https:\/\/api.w.org\/{rel}","templated":true}]}}