{"id":654,"date":"2021-04-22T11:55:06","date_gmt":"2021-04-22T09:55:06","guid":{"rendered":"https:\/\/wp.kristdemokraterna.se\/hultsfred\/?p=654"},"modified":"2021-04-22T11:56:24","modified_gmt":"2021-04-22T09:56:24","slug":"oppet-brev-till-partiledarna-om-mans-vald-mot-kvinnor","status":"publish","type":"post","link":"https:\/\/wp.kristdemokraterna.se\/hultsfred\/oppet-brev-till-partiledarna-om-mans-vald-mot-kvinnor\/","title":{"rendered":"\u00d6ppet brev till partiledarna om m\u00e4ns v\u00e5ld mot kvinnor"},"content":{"rendered":"<p>M\u00e4ns v\u00e5ld mot kvinnor har \u00e4nnu en g\u00e5ng hamnat i fokus, nu utifr\u00e5n den tragiska bakgrunden fem kvinnor m\u00f6rdats de senaste tre veckorna av m\u00e4n som de haft en relation med. Att flera partiledare och politiska f\u00f6retr\u00e4dare uppm\u00e4rksammar detta \u00e4r naturligtvis bra. Att j\u00e4mst\u00e4lldhetsministern meddelat att hon ska bjuda in partiledarna till gemensamma samtal \u00e4r ocks\u00e5 bra. Men vad som verkligen beh\u00f6vs \u00e4r konkret handling och det beh\u00f6vs nu.<span id=\"more-12850\"><\/span><\/p>\n<p>P\u00e5 torsdag ska justitieutskottet i riksdagen behandla f\u00f6rslag p\u00e5 \u00e5tg\u00e4rder mot v\u00e5ldsbrott och f\u00f6r brottsoffer. Det \u00e4r ett omfattande bet\u00e4nkande men p\u00e5 f\u00f6ljande sju punkter finns skarpa \u00e5tg\u00e4rder f\u00f6r att bek\u00e4mpa v\u00e5ld mot kvinnor.<\/p>\n<ul>\n<li>v\u00e5ld i n\u00e4ra relation<\/li>\n<li>hedersbrott<\/li>\n<li>kontaktf\u00f6rbud ska anv\u00e4ndas i fler fall<\/li>\n<li>st\u00e4rkt st\u00f6d till brottsoffer<\/li>\n<li>h\u00f6jd avgift till brottsofferfonden<\/li>\n<li>automatisk utbetalning av skadest\u00e5nd<\/li>\n<li>\u00f6versyn av skadest\u00e5ndsniv\u00e5erna<\/li>\n<\/ul>\n<p>Det h\u00e4r \u00e4r f\u00f6rslag som de partier som nu med r\u00e4tta h\u00f6jer r\u00f6stl\u00e4get f\u00f6r att bek\u00e4mpa detta v\u00e5ld borde st\u00e4lla sig bakom. Kommer regeringspartierna, Socialdemokraterna och Milj\u00f6partiet, st\u00f6dja dessa p\u00e5 torsdag f\u00f6r det som kan bli ett f\u00f6rsta paket av sju punkter f\u00f6r kvinnofrid.<\/p>\n<p>Men inte heller detta r\u00e4cker. Det beh\u00f6ver genomf\u00f6ras ytterligare \u00e5tg\u00e4rder. J\u00e4mst\u00e4lldhetsministern har aviserat ett m\u00f6te med partiledarna. Om det \u00e4r ett m\u00f6te som \u00e4r \u00e4mnat att diskutera och f\u00f6rhandla konkreta \u00e5tg\u00e4rder s\u00e5 kommer vi g\u00e4rna. Vi noterar att regeringen aviserat m\u00f6tet genom j\u00e4mst\u00e4lldhetsministern. Vi anser att \u00e4ven justitieministern b\u00f6r delta i s\u00e5dana \u00f6verl\u00e4ggningar. I det aviserade partiledarm\u00f6tet f\u00f6rv\u00e4ntar vi oss att m\u00f6ta regeringsrepresentanter med ett tydlig mandat att f\u00f6rhandla. Inf\u00f6r m\u00f6tet tar Kristdemokraterna med sig f\u00f6ljande lista \u00f6ver f\u00f6rslag. Finns andra och fler f\u00f6rslag \u00e4r det naturligtvis bra. Men Kristdemokraternas utg\u00e5ngspunkt och krav p\u00e5 ett partiledarm\u00f6te \u00e4r att vi m\u00f6ts redo att konkret agera inte bara f\u00f6ra samtal. Det \u00e4r v\u00e5r skyldighet mot Sveriges m\u00e5nga v\u00e5ldsutsatta kvinnor.<\/p>\n<p>Kristdemokraternas kr\u00e4ver:<\/p>\n<ul>\n<li>Fotboja b\u00f6r alltid \u00f6verv\u00e4gas vid kontaktf\u00f6rbud \u00e4ven vid ordin\u00e4rt kontaktf\u00f6rbud.<\/li>\n<li>Straffen vid \u00f6vertr\u00e4delse av kontaktf\u00f6rbud ska sk\u00e4rpas. Fysiska \u00f6vertr\u00e4delser ska alltid inneb\u00e4ra f\u00e4ngelse och annan \u00f6vertr\u00e4delse ska leda till f\u00e4ngelse i st\u00f6rre utstr\u00e4ckning \u00e4n idag.<\/li>\n<li>Fler f\u00e4ngelseplatser \u2013 om g\u00e4rningsm\u00e4n g\u00e5r fria f\u00e5r inte kvinnor vare sig uppr\u00e4ttelse eller trygghet<\/li>\n<li>H\u00f6j minimistraffet f\u00f6r grov kvinnofridskr\u00e4nkning och fridskr\u00e4nkning<\/li>\n<li>Gemensam v\u00e5rdnad eller umg\u00e4ngesr\u00e4tt ska, som huvudregel, ej utd\u00f6mas d\u00e5 det finns en dom om v\u00e5ld eller andra \u00f6vergrepp inom familjen eller vid kontaktf\u00f6rbud<\/li>\n<li>S\u00e4rreglera hedersbrott i brottsbalken<\/li>\n<li>\u00d6kade medel till kvinnojourerna<\/li>\n<\/ul>\n<p><strong>Ebba Busch<\/strong><br \/>\nPartiledare, Kristdemokraterna<\/p>\n<p><strong>Andreas Carlson<\/strong><br \/>\nR\u00e4ttspolitisk talesperson f\u00f6r Kristdemokraterna<\/p>\n","protected":false},"excerpt":{"rendered":"<p>M\u00e4ns v\u00e5ld mot kvinnor har \u00e4nnu en g\u00e5ng hamnat i fokus, nu utifr\u00e5n den tragiska bakgrunden fem kvinnor m\u00f6rdats de senaste tre veckorna av m\u00e4n som de haft en relation med. Att flera partiledare och politiska f\u00f6retr\u00e4dare uppm\u00e4rksammar detta \u00e4r naturligtvis bra. Att j\u00e4mst\u00e4lldhetsministern meddelat att hon ska bjuda in partiledarna till gemensamma samtal \u00e4r <a class=\"read-more-link\" href=\"https:\/\/wp.kristdemokraterna.se\/hultsfred\/oppet-brev-till-partiledarna-om-mans-vald-mot-kvinnor\/\">Read More<\/a><\/p>\n","protected":false},"author":444,"featured_media":0,"comment_status":"closed","ping_status":"closed","sticky":false,"template":"","format":"standard","meta":{"_acf_changed":false,"footnotes":""},"categories":[1],"tags":[],"class_list":["post-654","post","type-post","status-publish","format-standard","hentry","category-okategoriserade"],"acf":[],"yoast_head":"<!-- This site is optimized with the Yoast SEO plugin v27.5 - https:\/\/yoast.com\/product\/yoast-seo-wordpress\/ -->\n<title>\u00d6ppet brev till partiledarna om m\u00e4ns v\u00e5ld mot kvinnor - Hultsfred<\/title>\n<meta name=\"robots\" content=\"index, follow, max-snippet:-1, max-image-preview:large, max-video-preview:-1\" \/>\n<link rel=\"canonical\" href=\"https:\/\/wp.kristdemokraterna.se\/hultsfred\/oppet-brev-till-partiledarna-om-mans-vald-mot-kvinnor\/\" \/>\n<meta property=\"og:locale\" content=\"sv_SE\" \/>\n<meta property=\"og:type\" content=\"article\" \/>\n<meta property=\"og:title\" content=\"\u00d6ppet brev till partiledarna om m\u00e4ns v\u00e5ld mot kvinnor - Hultsfred\" \/>\n<meta property=\"og:description\" content=\"M\u00e4ns v\u00e5ld mot kvinnor har \u00e4nnu en g\u00e5ng hamnat i fokus, nu utifr\u00e5n den tragiska bakgrunden fem kvinnor m\u00f6rdats de senaste tre veckorna av m\u00e4n som de haft en relation med. Att flera partiledare och politiska f\u00f6retr\u00e4dare uppm\u00e4rksammar detta \u00e4r naturligtvis bra. Att j\u00e4mst\u00e4lldhetsministern meddelat att hon ska bjuda in partiledarna till gemensamma samtal \u00e4r Read More\" \/>\n<meta property=\"og:url\" content=\"https:\/\/wp.kristdemokraterna.se\/hultsfred\/oppet-brev-till-partiledarna-om-mans-vald-mot-kvinnor\/\" \/>\n<meta property=\"og:site_name\" content=\"Hultsfred\" \/>\n<meta property=\"article:published_time\" content=\"2021-04-22T09:55:06+00:00\" \/>\n<meta property=\"article:modified_time\" content=\"2021-04-22T09:56:24+00:00\" \/>\n<meta name=\"author\" content=\"helpdesk\" \/>\n<meta name=\"twitter:card\" content=\"summary_large_image\" \/>\n<meta name=\"twitter:label1\" content=\"Skriven av\" \/>\n\t<meta name=\"twitter:data1\" content=\"helpdesk\" \/>\n\t<meta name=\"twitter:label2\" content=\"Ber\u00e4knad l\u00e4stid\" \/>\n\t<meta name=\"twitter:data2\" content=\"2 minuter\" \/>\n<script type=\"application\/ld+json\" class=\"yoast-schema-graph\">{\"@context\":\"https:\\\/\\\/schema.org\",\"@graph\":[{\"@type\":\"Article\",\"@id\":\"https:\\\/\\\/wp.kristdemokraterna.se\\\/hultsfred\\\/oppet-brev-till-partiledarna-om-mans-vald-mot-kvinnor\\\/#article\",\"isPartOf\":{\"@id\":\"https:\\\/\\\/wp.kristdemokraterna.se\\\/hultsfred\\\/oppet-brev-till-partiledarna-om-mans-vald-mot-kvinnor\\\/\"},\"author\":{\"name\":\"helpdesk\",\"@id\":\"https:\\\/\\\/wp.kristdemokraterna.se\\\/hultsfred\\\/#\\\/schema\\\/person\\\/98d27838d17178471da5e8a56aa604a4\"},\"headline\":\"\u00d6ppet brev till partiledarna om m\u00e4ns v\u00e5ld mot kvinnor\",\"datePublished\":\"2021-04-22T09:55:06+00:00\",\"dateModified\":\"2021-04-22T09:56:24+00:00\",\"mainEntityOfPage\":{\"@id\":\"https:\\\/\\\/wp.kristdemokraterna.se\\\/hultsfred\\\/oppet-brev-till-partiledarna-om-mans-vald-mot-kvinnor\\\/\"},\"wordCount\":518,\"articleSection\":[\"V\u00e5ra inl\u00e4gg\"],\"inLanguage\":\"sv-SE\"},{\"@type\":\"WebPage\",\"@id\":\"https:\\\/\\\/wp.kristdemokraterna.se\\\/hultsfred\\\/oppet-brev-till-partiledarna-om-mans-vald-mot-kvinnor\\\/\",\"url\":\"https:\\\/\\\/wp.kristdemokraterna.se\\\/hultsfred\\\/oppet-brev-till-partiledarna-om-mans-vald-mot-kvinnor\\\/\",\"name\":\"\u00d6ppet brev till partiledarna om m\u00e4ns v\u00e5ld mot kvinnor - Hultsfred\",\"isPartOf\":{\"@id\":\"https:\\\/\\\/wp.kristdemokraterna.se\\\/hultsfred\\\/#website\"},\"datePublished\":\"2021-04-22T09:55:06+00:00\",\"dateModified\":\"2021-04-22T09:56:24+00:00\",\"author\":{\"@id\":\"https:\\\/\\\/wp.kristdemokraterna.se\\\/hultsfred\\\/#\\\/schema\\\/person\\\/98d27838d17178471da5e8a56aa604a4\"},\"breadcrumb\":{\"@id\":\"https:\\\/\\\/wp.kristdemokraterna.se\\\/hultsfred\\\/oppet-brev-till-partiledarna-om-mans-vald-mot-kvinnor\\\/#breadcrumb\"},\"inLanguage\":\"sv-SE\",\"potentialAction\":[{\"@type\":\"ReadAction\",\"target\":[\"https:\\\/\\\/wp.kristdemokraterna.se\\\/hultsfred\\\/oppet-brev-till-partiledarna-om-mans-vald-mot-kvinnor\\\/\"]}]},{\"@type\":\"BreadcrumbList\",\"@id\":\"https:\\\/\\\/wp.kristdemokraterna.se\\\/hultsfred\\\/oppet-brev-till-partiledarna-om-mans-vald-mot-kvinnor\\\/#breadcrumb\",\"itemListElement\":[{\"@type\":\"ListItem\",\"position\":1,\"name\":\"Hem\",\"item\":\"https:\\\/\\\/wp.kristdemokraterna.se\\\/hultsfred\\\/\"},{\"@type\":\"ListItem\",\"position\":2,\"name\":\"\u00d6ppet brev till partiledarna om m\u00e4ns v\u00e5ld mot kvinnor\"}]},{\"@type\":\"WebSite\",\"@id\":\"https:\\\/\\\/wp.kristdemokraterna.se\\\/hultsfred\\\/#website\",\"url\":\"https:\\\/\\\/wp.kristdemokraterna.se\\\/hultsfred\\\/\",\"name\":\"Hultsfred\",\"description\":\"En till Kristdemokraterna webbplats\",\"inLanguage\":\"sv-SE\"},{\"@type\":\"Person\",\"@id\":\"https:\\\/\\\/wp.kristdemokraterna.se\\\/hultsfred\\\/#\\\/schema\\\/person\\\/98d27838d17178471da5e8a56aa604a4\",\"name\":\"helpdesk\",\"image\":{\"@type\":\"ImageObject\",\"inLanguage\":\"sv-SE\",\"@id\":\"https:\\\/\\\/secure.gravatar.com\\\/avatar\\\/2e747bc9a7d4e5a6ecca7d851e4175129f995f3f6d9ef18734d1ff623abe4a88?s=96&r=g\",\"url\":\"https:\\\/\\\/secure.gravatar.com\\\/avatar\\\/2e747bc9a7d4e5a6ecca7d851e4175129f995f3f6d9ef18734d1ff623abe4a88?s=96&r=g\",\"contentUrl\":\"https:\\\/\\\/secure.gravatar.com\\\/avatar\\\/2e747bc9a7d4e5a6ecca7d851e4175129f995f3f6d9ef18734d1ff623abe4a88?s=96&r=g\",\"caption\":\"helpdesk\"},\"url\":\"https:\\\/\\\/wp.kristdemokraterna.se\\\/hultsfred\\\/author\\\/helpdesk\\\/\"}]}<\/script>\n<!-- \/ Yoast SEO plugin. -->","yoast_head_json":{"title":"\u00d6ppet brev till partiledarna om m\u00e4ns v\u00e5ld mot kvinnor - Hultsfred","robots":{"index":"index","follow":"follow","max-snippet":"max-snippet:-1","max-image-preview":"max-image-preview:large","max-video-preview":"max-video-preview:-1"},"canonical":"https:\/\/wp.kristdemokraterna.se\/hultsfred\/oppet-brev-till-partiledarna-om-mans-vald-mot-kvinnor\/","og_locale":"sv_SE","og_type":"article","og_title":"\u00d6ppet brev till partiledarna om m\u00e4ns v\u00e5ld mot kvinnor - Hultsfred","og_description":"M\u00e4ns v\u00e5ld mot kvinnor har \u00e4nnu en g\u00e5ng hamnat i fokus, nu utifr\u00e5n den tragiska bakgrunden fem kvinnor m\u00f6rdats de senaste tre veckorna av m\u00e4n som de haft en relation med. Att flera partiledare och politiska f\u00f6retr\u00e4dare uppm\u00e4rksammar detta \u00e4r naturligtvis bra. Att j\u00e4mst\u00e4lldhetsministern meddelat att hon ska bjuda in partiledarna till gemensamma samtal \u00e4r Read More","og_url":"https:\/\/wp.kristdemokraterna.se\/hultsfred\/oppet-brev-till-partiledarna-om-mans-vald-mot-kvinnor\/","og_site_name":"Hultsfred","article_published_time":"2021-04-22T09:55:06+00:00","article_modified_time":"2021-04-22T09:56:24+00:00","author":"helpdesk","twitter_card":"summary_large_image","twitter_misc":{"Skriven av":"helpdesk","Ber\u00e4knad l\u00e4stid":"2 minuter"},"schema":{"@context":"https:\/\/schema.org","@graph":[{"@type":"Article","@id":"https:\/\/wp.kristdemokraterna.se\/hultsfred\/oppet-brev-till-partiledarna-om-mans-vald-mot-kvinnor\/#article","isPartOf":{"@id":"https:\/\/wp.kristdemokraterna.se\/hultsfred\/oppet-brev-till-partiledarna-om-mans-vald-mot-kvinnor\/"},"author":{"name":"helpdesk","@id":"https:\/\/wp.kristdemokraterna.se\/hultsfred\/#\/schema\/person\/98d27838d17178471da5e8a56aa604a4"},"headline":"\u00d6ppet brev till partiledarna om m\u00e4ns v\u00e5ld mot kvinnor","datePublished":"2021-04-22T09:55:06+00:00","dateModified":"2021-04-22T09:56:24+00:00","mainEntityOfPage":{"@id":"https:\/\/wp.kristdemokraterna.se\/hultsfred\/oppet-brev-till-partiledarna-om-mans-vald-mot-kvinnor\/"},"wordCount":518,"articleSection":["V\u00e5ra inl\u00e4gg"],"inLanguage":"sv-SE"},{"@type":"WebPage","@id":"https:\/\/wp.kristdemokraterna.se\/hultsfred\/oppet-brev-till-partiledarna-om-mans-vald-mot-kvinnor\/","url":"https:\/\/wp.kristdemokraterna.se\/hultsfred\/oppet-brev-till-partiledarna-om-mans-vald-mot-kvinnor\/","name":"\u00d6ppet brev till partiledarna om m\u00e4ns v\u00e5ld mot kvinnor - Hultsfred","isPartOf":{"@id":"https:\/\/wp.kristdemokraterna.se\/hultsfred\/#website"},"datePublished":"2021-04-22T09:55:06+00:00","dateModified":"2021-04-22T09:56:24+00:00","author":{"@id":"https:\/\/wp.kristdemokraterna.se\/hultsfred\/#\/schema\/person\/98d27838d17178471da5e8a56aa604a4"},"breadcrumb":{"@id":"https:\/\/wp.kristdemokraterna.se\/hultsfred\/oppet-brev-till-partiledarna-om-mans-vald-mot-kvinnor\/#breadcrumb"},"inLanguage":"sv-SE","potentialAction":[{"@type":"ReadAction","target":["https:\/\/wp.kristdemokraterna.se\/hultsfred\/oppet-brev-till-partiledarna-om-mans-vald-mot-kvinnor\/"]}]},{"@type":"BreadcrumbList","@id":"https:\/\/wp.kristdemokraterna.se\/hultsfred\/oppet-brev-till-partiledarna-om-mans-vald-mot-kvinnor\/#breadcrumb","itemListElement":[{"@type":"ListItem","position":1,"name":"Hem","item":"https:\/\/wp.kristdemokraterna.se\/hultsfred\/"},{"@type":"ListItem","position":2,"name":"\u00d6ppet brev till partiledarna om m\u00e4ns v\u00e5ld mot kvinnor"}]},{"@type":"WebSite","@id":"https:\/\/wp.kristdemokraterna.se\/hultsfred\/#website","url":"https:\/\/wp.kristdemokraterna.se\/hultsfred\/","name":"Hultsfred","description":"En till Kristdemokraterna webbplats","inLanguage":"sv-SE"},{"@type":"Person","@id":"https:\/\/wp.kristdemokraterna.se\/hultsfred\/#\/schema\/person\/98d27838d17178471da5e8a56aa604a4","name":"helpdesk","image":{"@type":"ImageObject","inLanguage":"sv-SE","@id":"https:\/\/secure.gravatar.com\/avatar\/2e747bc9a7d4e5a6ecca7d851e4175129f995f3f6d9ef18734d1ff623abe4a88?s=96&r=g","url":"https:\/\/secure.gravatar.com\/avatar\/2e747bc9a7d4e5a6ecca7d851e4175129f995f3f6d9ef18734d1ff623abe4a88?s=96&r=g","contentUrl":"https:\/\/secure.gravatar.com\/avatar\/2e747bc9a7d4e5a6ecca7d851e4175129f995f3f6d9ef18734d1ff623abe4a88?s=96&r=g","caption":"helpdesk"},"url":"https:\/\/wp.kristdemokraterna.se\/hultsfred\/author\/helpdesk\/"}]}},"_links":{"self":[{"href":"https:\/\/wp.kristdemokraterna.se\/hultsfred\/wp-json\/wp\/v2\/posts\/654","targetHints":{"allow":["GET"]}}],"collection":[{"href":"https:\/\/wp.kristdemokraterna.se\/hultsfred\/wp-json\/wp\/v2\/posts"}],"about":[{"href":"https:\/\/wp.kristdemokraterna.se\/hultsfred\/wp-json\/wp\/v2\/types\/post"}],"author":[{"embeddable":true,"href":"https:\/\/wp.kristdemokraterna.se\/hultsfred\/wp-json\/wp\/v2\/users\/444"}],"replies":[{"embeddable":true,"href":"https:\/\/wp.kristdemokraterna.se\/hultsfred\/wp-json\/wp\/v2\/comments?post=654"}],"version-history":[{"count":1,"href":"https:\/\/wp.kristdemokraterna.se\/hultsfred\/wp-json\/wp\/v2\/posts\/654\/revisions"}],"predecessor-version":[{"id":656,"href":"https:\/\/wp.kristdemokraterna.se\/hultsfred\/wp-json\/wp\/v2\/posts\/654\/revisions\/656"}],"wp:attachment":[{"href":"https:\/\/wp.kristdemokraterna.se\/hultsfred\/wp-json\/wp\/v2\/media?parent=654"}],"wp:term":[{"taxonomy":"category","embeddable":true,"href":"https:\/\/wp.kristdemokraterna.se\/hultsfred\/wp-json\/wp\/v2\/categories?post=654"},{"taxonomy":"post_tag","embeddable":true,"href":"https:\/\/wp.kristdemokraterna.se\/hultsfred\/wp-json\/wp\/v2\/tags?post=654"}],"curies":[{"name":"wp","href":"https:\/\/api.w.org\/{rel}","templated":true}]}}