{"id":102,"date":"2014-09-13T16:26:34","date_gmt":"2014-09-13T14:26:34","guid":{"rendered":"http:\/\/wp.kristdemokraterna.se\/janstefanson\/?p=102"},"modified":"2014-09-13T16:27:01","modified_gmt":"2014-09-13T14:27:01","slug":"debatt-om-det-mesta","status":"publish","type":"post","link":"https:\/\/wp.kristdemokraterna.se\/janstefanson\/debatt-om-det-mesta\/","title":{"rendered":"Debatt om det mesta!"},"content":{"rendered":"<p>Idag hade vi den kommunala debatten mellan alla partier i kommunen. Det mesta kom att handla om s\u00e5dant som kommunpolitiken INTE har yttersta ansvar f\u00f6r. Ta t.ex. kvartstrafik till Bro som blivit en fr\u00e5ga f\u00f6r flera partier inte minst (S). Fr\u00e5gan beslutas av Landstinget och SL:s utbudsplan den dag Trafikverket beslutat bygga fler sp\u00e5r f\u00f6rbi Bro station. \u00c4nd\u00e5 lyfter man den som om det finns partier emot kvartstrafik. Alla \u00e4r f\u00f6r! Det vi kan g\u00f6ra \u00e4r att i alla v\u00e5ra kontakter med dessa b\u00e5da beslutsinstanser f\u00f6ra fram den stora betydelsen av fler t\u00e5g f\u00f6r att kunna f\u00e5 fler att bygga l\u00e4genheter och hus i Bro. Det h\u00e4nger ob\u00f6nh\u00f6rligen ihop. Vi har planer i kommunen f\u00f6r \u00f6ver 7.000 nya l\u00e4genheter och hus som till stor del v\u00e4ntar p\u00e5 startskott fr\u00e5n byggherrar. Med b\u00e4ttre kollektivtrafik kommer detta ig\u00e5ng.<\/p>\n<p>Jag p\u00e5minde om att inte heller kungahusets vara eller icke vara avg\u00f6rs av kommunfullm\u00e4ktige och d\u00e4rf\u00f6r har vi endast att st\u00e4lla till svars f\u00f6r fr\u00e5gor som vi har ansvar f\u00f6r och det som skiljer oss \u00e5t. En s\u00e5dan fr\u00e5ga \u00e4r t.ex att hur mycket vi ska till\u00e5ta att det byggs och var det ska byggas, t.ex p\u00e5 landet och om n\u00e4rhet till M\u00e4laren. D\u00e4r har de b\u00e5da blocken i kommunpolitiken skilda uppfattningar. Det g\u00e4ller ocks\u00e5 EON:s nyligen beslutade etablering vid H\u00f6gbytorp. Och det g\u00e4ller KD:s viktiga fr\u00e5ga om det v\u00e5rdnadsbidrag vi inf\u00f6rde i november 2012 och som kommer att rivas upp om de r\u00f6dgr\u00f6na vinner valet. Detta \u00e4r kommunala fr\u00e5gor som inte trafikverket och SL kan beskyllas f\u00f6r men som vi som kommunpolitiker b\u00e4r ansvar f\u00f6r.<\/p>\n<p>Om detta hade vi kunnat debattera mer s\u00e5 att olikheterna hade blivit tydligare!<\/p>\n","protected":false},"excerpt":{"rendered":"<p>Idag hade vi den kommunala debatten mellan alla partier i kommunen. Det mesta kom att handla om s\u00e5dant som kommunpolitiken INTE har yttersta ansvar f\u00f6r. Ta t.ex. kvartstrafik till Bro som blivit en fr\u00e5ga f\u00f6r flera partier inte minst (S). Fr\u00e5gan beslutas av Landstinget och SL:s utbudsplan den dag Trafikverket beslutat bygga fler sp\u00e5r f\u00f6rbi <a class=\"read-more-link\" href=\"https:\/\/wp.kristdemokraterna.se\/janstefanson\/debatt-om-det-mesta\/\">Read More<\/a><\/p>\n","protected":false},"author":530,"featured_media":0,"comment_status":"closed","ping_status":"closed","sticky":false,"template":"","format":"standard","meta":{"_acf_changed":false,"footnotes":""},"categories":[1],"tags":[],"class_list":["post-102","post","type-post","status-publish","format-standard","hentry","category-okategoriserade"],"acf":[],"yoast_head":"<!-- This site is optimized with the Yoast SEO plugin v27.4 - https:\/\/yoast.com\/product\/yoast-seo-wordpress\/ -->\n<title>Debatt om det mesta! - Jan Stefanson<\/title>\n<meta name=\"robots\" content=\"index, follow, max-snippet:-1, max-image-preview:large, max-video-preview:-1\" \/>\n<link rel=\"canonical\" href=\"https:\/\/wp.kristdemokraterna.se\/janstefanson\/debatt-om-det-mesta\/\" \/>\n<meta property=\"og:locale\" content=\"sv_SE\" \/>\n<meta property=\"og:type\" content=\"article\" \/>\n<meta property=\"og:title\" content=\"Debatt om det mesta! - Jan Stefanson\" \/>\n<meta property=\"og:description\" content=\"Idag hade vi den kommunala debatten mellan alla partier i kommunen. Det mesta kom att handla om s\u00e5dant som kommunpolitiken INTE har yttersta ansvar f\u00f6r. Ta t.ex. kvartstrafik till Bro som blivit en fr\u00e5ga f\u00f6r flera partier inte minst (S). Fr\u00e5gan beslutas av Landstinget och SL:s utbudsplan den dag Trafikverket beslutat bygga fler sp\u00e5r f\u00f6rbi Read More\" \/>\n<meta property=\"og:url\" content=\"https:\/\/wp.kristdemokraterna.se\/janstefanson\/debatt-om-det-mesta\/\" \/>\n<meta property=\"og:site_name\" content=\"Jan Stefanson\" \/>\n<meta property=\"article:published_time\" content=\"2014-09-13T14:26:34+00:00\" \/>\n<meta property=\"article:modified_time\" content=\"2014-09-13T14:27:01+00:00\" \/>\n<meta name=\"author\" content=\"janstefanson\" \/>\n<meta name=\"twitter:card\" content=\"summary_large_image\" \/>\n<meta name=\"twitter:label1\" content=\"Skriven av\" \/>\n\t<meta name=\"twitter:data1\" content=\"janstefanson\" \/>\n\t<meta name=\"twitter:label2\" content=\"Ber\u00e4knad l\u00e4stid\" \/>\n\t<meta name=\"twitter:data2\" content=\"2 minuter\" \/>\n<script type=\"application\/ld+json\" class=\"yoast-schema-graph\">{\"@context\":\"https:\\\/\\\/schema.org\",\"@graph\":[{\"@type\":\"Article\",\"@id\":\"https:\\\/\\\/wp.kristdemokraterna.se\\\/janstefanson\\\/debatt-om-det-mesta\\\/#article\",\"isPartOf\":{\"@id\":\"https:\\\/\\\/wp.kristdemokraterna.se\\\/janstefanson\\\/debatt-om-det-mesta\\\/\"},\"author\":{\"name\":\"janstefanson\",\"@id\":\"https:\\\/\\\/wp.kristdemokraterna.se\\\/janstefanson\\\/#\\\/schema\\\/person\\\/f8122372f46f49cffa0c02a57c89b40f\"},\"headline\":\"Debatt om det mesta!\",\"datePublished\":\"2014-09-13T14:26:34+00:00\",\"dateModified\":\"2014-09-13T14:27:01+00:00\",\"mainEntityOfPage\":{\"@id\":\"https:\\\/\\\/wp.kristdemokraterna.se\\\/janstefanson\\\/debatt-om-det-mesta\\\/\"},\"wordCount\":335,\"inLanguage\":\"sv-SE\"},{\"@type\":\"WebPage\",\"@id\":\"https:\\\/\\\/wp.kristdemokraterna.se\\\/janstefanson\\\/debatt-om-det-mesta\\\/\",\"url\":\"https:\\\/\\\/wp.kristdemokraterna.se\\\/janstefanson\\\/debatt-om-det-mesta\\\/\",\"name\":\"Debatt om det mesta! - Jan Stefanson\",\"isPartOf\":{\"@id\":\"https:\\\/\\\/wp.kristdemokraterna.se\\\/janstefanson\\\/#website\"},\"datePublished\":\"2014-09-13T14:26:34+00:00\",\"dateModified\":\"2014-09-13T14:27:01+00:00\",\"author\":{\"@id\":\"https:\\\/\\\/wp.kristdemokraterna.se\\\/janstefanson\\\/#\\\/schema\\\/person\\\/f8122372f46f49cffa0c02a57c89b40f\"},\"breadcrumb\":{\"@id\":\"https:\\\/\\\/wp.kristdemokraterna.se\\\/janstefanson\\\/debatt-om-det-mesta\\\/#breadcrumb\"},\"inLanguage\":\"sv-SE\",\"potentialAction\":[{\"@type\":\"ReadAction\",\"target\":[\"https:\\\/\\\/wp.kristdemokraterna.se\\\/janstefanson\\\/debatt-om-det-mesta\\\/\"]}]},{\"@type\":\"BreadcrumbList\",\"@id\":\"https:\\\/\\\/wp.kristdemokraterna.se\\\/janstefanson\\\/debatt-om-det-mesta\\\/#breadcrumb\",\"itemListElement\":[{\"@type\":\"ListItem\",\"position\":1,\"name\":\"Hem\",\"item\":\"https:\\\/\\\/wp.kristdemokraterna.se\\\/janstefanson\\\/\"},{\"@type\":\"ListItem\",\"position\":2,\"name\":\"Debatt om det mesta!\"}]},{\"@type\":\"WebSite\",\"@id\":\"https:\\\/\\\/wp.kristdemokraterna.se\\\/janstefanson\\\/#website\",\"url\":\"https:\\\/\\\/wp.kristdemokraterna.se\\\/janstefanson\\\/\",\"name\":\"Jan Stefanson\",\"description\":\"En till Kristdemokraterna webbplats\",\"inLanguage\":\"sv-SE\"},{\"@type\":\"Person\",\"@id\":\"https:\\\/\\\/wp.kristdemokraterna.se\\\/janstefanson\\\/#\\\/schema\\\/person\\\/f8122372f46f49cffa0c02a57c89b40f\",\"name\":\"janstefanson\",\"image\":{\"@type\":\"ImageObject\",\"inLanguage\":\"sv-SE\",\"@id\":\"https:\\\/\\\/secure.gravatar.com\\\/avatar\\\/c8880da1e0ca1fb1fd99d661e99b32931e79d1537ef8441e71fc6630d4b6633c?s=96&r=g\",\"url\":\"https:\\\/\\\/secure.gravatar.com\\\/avatar\\\/c8880da1e0ca1fb1fd99d661e99b32931e79d1537ef8441e71fc6630d4b6633c?s=96&r=g\",\"contentUrl\":\"https:\\\/\\\/secure.gravatar.com\\\/avatar\\\/c8880da1e0ca1fb1fd99d661e99b32931e79d1537ef8441e71fc6630d4b6633c?s=96&r=g\",\"caption\":\"janstefanson\"},\"url\":\"https:\\\/\\\/wp.kristdemokraterna.se\\\/janstefanson\\\/author\\\/janstefanson\\\/\"}]}<\/script>\n<!-- \/ Yoast SEO plugin. -->","yoast_head_json":{"title":"Debatt om det mesta! - Jan Stefanson","robots":{"index":"index","follow":"follow","max-snippet":"max-snippet:-1","max-image-preview":"max-image-preview:large","max-video-preview":"max-video-preview:-1"},"canonical":"https:\/\/wp.kristdemokraterna.se\/janstefanson\/debatt-om-det-mesta\/","og_locale":"sv_SE","og_type":"article","og_title":"Debatt om det mesta! - Jan Stefanson","og_description":"Idag hade vi den kommunala debatten mellan alla partier i kommunen. Det mesta kom att handla om s\u00e5dant som kommunpolitiken INTE har yttersta ansvar f\u00f6r. Ta t.ex. kvartstrafik till Bro som blivit en fr\u00e5ga f\u00f6r flera partier inte minst (S). Fr\u00e5gan beslutas av Landstinget och SL:s utbudsplan den dag Trafikverket beslutat bygga fler sp\u00e5r f\u00f6rbi Read More","og_url":"https:\/\/wp.kristdemokraterna.se\/janstefanson\/debatt-om-det-mesta\/","og_site_name":"Jan Stefanson","article_published_time":"2014-09-13T14:26:34+00:00","article_modified_time":"2014-09-13T14:27:01+00:00","author":"janstefanson","twitter_card":"summary_large_image","twitter_misc":{"Skriven av":"janstefanson","Ber\u00e4knad l\u00e4stid":"2 minuter"},"schema":{"@context":"https:\/\/schema.org","@graph":[{"@type":"Article","@id":"https:\/\/wp.kristdemokraterna.se\/janstefanson\/debatt-om-det-mesta\/#article","isPartOf":{"@id":"https:\/\/wp.kristdemokraterna.se\/janstefanson\/debatt-om-det-mesta\/"},"author":{"name":"janstefanson","@id":"https:\/\/wp.kristdemokraterna.se\/janstefanson\/#\/schema\/person\/f8122372f46f49cffa0c02a57c89b40f"},"headline":"Debatt om det mesta!","datePublished":"2014-09-13T14:26:34+00:00","dateModified":"2014-09-13T14:27:01+00:00","mainEntityOfPage":{"@id":"https:\/\/wp.kristdemokraterna.se\/janstefanson\/debatt-om-det-mesta\/"},"wordCount":335,"inLanguage":"sv-SE"},{"@type":"WebPage","@id":"https:\/\/wp.kristdemokraterna.se\/janstefanson\/debatt-om-det-mesta\/","url":"https:\/\/wp.kristdemokraterna.se\/janstefanson\/debatt-om-det-mesta\/","name":"Debatt om det mesta! - Jan Stefanson","isPartOf":{"@id":"https:\/\/wp.kristdemokraterna.se\/janstefanson\/#website"},"datePublished":"2014-09-13T14:26:34+00:00","dateModified":"2014-09-13T14:27:01+00:00","author":{"@id":"https:\/\/wp.kristdemokraterna.se\/janstefanson\/#\/schema\/person\/f8122372f46f49cffa0c02a57c89b40f"},"breadcrumb":{"@id":"https:\/\/wp.kristdemokraterna.se\/janstefanson\/debatt-om-det-mesta\/#breadcrumb"},"inLanguage":"sv-SE","potentialAction":[{"@type":"ReadAction","target":["https:\/\/wp.kristdemokraterna.se\/janstefanson\/debatt-om-det-mesta\/"]}]},{"@type":"BreadcrumbList","@id":"https:\/\/wp.kristdemokraterna.se\/janstefanson\/debatt-om-det-mesta\/#breadcrumb","itemListElement":[{"@type":"ListItem","position":1,"name":"Hem","item":"https:\/\/wp.kristdemokraterna.se\/janstefanson\/"},{"@type":"ListItem","position":2,"name":"Debatt om det mesta!"}]},{"@type":"WebSite","@id":"https:\/\/wp.kristdemokraterna.se\/janstefanson\/#website","url":"https:\/\/wp.kristdemokraterna.se\/janstefanson\/","name":"Jan Stefanson","description":"En till Kristdemokraterna webbplats","inLanguage":"sv-SE"},{"@type":"Person","@id":"https:\/\/wp.kristdemokraterna.se\/janstefanson\/#\/schema\/person\/f8122372f46f49cffa0c02a57c89b40f","name":"janstefanson","image":{"@type":"ImageObject","inLanguage":"sv-SE","@id":"https:\/\/secure.gravatar.com\/avatar\/c8880da1e0ca1fb1fd99d661e99b32931e79d1537ef8441e71fc6630d4b6633c?s=96&r=g","url":"https:\/\/secure.gravatar.com\/avatar\/c8880da1e0ca1fb1fd99d661e99b32931e79d1537ef8441e71fc6630d4b6633c?s=96&r=g","contentUrl":"https:\/\/secure.gravatar.com\/avatar\/c8880da1e0ca1fb1fd99d661e99b32931e79d1537ef8441e71fc6630d4b6633c?s=96&r=g","caption":"janstefanson"},"url":"https:\/\/wp.kristdemokraterna.se\/janstefanson\/author\/janstefanson\/"}]}},"_links":{"self":[{"href":"https:\/\/wp.kristdemokraterna.se\/janstefanson\/wp-json\/wp\/v2\/posts\/102","targetHints":{"allow":["GET"]}}],"collection":[{"href":"https:\/\/wp.kristdemokraterna.se\/janstefanson\/wp-json\/wp\/v2\/posts"}],"about":[{"href":"https:\/\/wp.kristdemokraterna.se\/janstefanson\/wp-json\/wp\/v2\/types\/post"}],"author":[{"embeddable":true,"href":"https:\/\/wp.kristdemokraterna.se\/janstefanson\/wp-json\/wp\/v2\/users\/530"}],"replies":[{"embeddable":true,"href":"https:\/\/wp.kristdemokraterna.se\/janstefanson\/wp-json\/wp\/v2\/comments?post=102"}],"version-history":[{"count":1,"href":"https:\/\/wp.kristdemokraterna.se\/janstefanson\/wp-json\/wp\/v2\/posts\/102\/revisions"}],"predecessor-version":[{"id":103,"href":"https:\/\/wp.kristdemokraterna.se\/janstefanson\/wp-json\/wp\/v2\/posts\/102\/revisions\/103"}],"wp:attachment":[{"href":"https:\/\/wp.kristdemokraterna.se\/janstefanson\/wp-json\/wp\/v2\/media?parent=102"}],"wp:term":[{"taxonomy":"category","embeddable":true,"href":"https:\/\/wp.kristdemokraterna.se\/janstefanson\/wp-json\/wp\/v2\/categories?post=102"},{"taxonomy":"post_tag","embeddable":true,"href":"https:\/\/wp.kristdemokraterna.se\/janstefanson\/wp-json\/wp\/v2\/tags?post=102"}],"curies":[{"name":"wp","href":"https:\/\/api.w.org\/{rel}","templated":true}]}}