{"id":1031,"date":"2018-12-05T08:51:19","date_gmt":"2018-12-05T07:51:19","guid":{"rendered":"http:\/\/wp.kristdemokraterna.se\/janstefanson\/?p=1031"},"modified":"2018-12-05T08:51:19","modified_gmt":"2018-12-05T07:51:19","slug":"ibland-blir-det-for-mycket","status":"publish","type":"post","link":"https:\/\/wp.kristdemokraterna.se\/janstefanson\/ibland-blir-det-for-mycket\/","title":{"rendered":"Ibland blir det f\u00f6r mycket&#8230;"},"content":{"rendered":"<p>Jag har gjort en paus&#8230;<\/p>\n<p>Ibland blir det helt enkelt f\u00f6r mycket. Huvudet \u00e4r fullt av tankar men avst\u00e5ndet till bloggen alldeles f\u00f6r l\u00e5ngt.\u00a0 S\u00e5 har det varit nu.<\/p>\n<p>Politiken har \u00e5kt berg och dalbana p\u00e5 riksniv\u00e5 \u00e4ven om det just nu tycks sk\u00f6nja n\u00e5gon form av riktning. L\u00e5ngt ifr\u00e5n s\u00e4kert. Och vad h\u00e4nder sedan?<\/p>\n<p>I kommunen har vi f\u00e5tt en bra start med Alliansen \u00e4ven om vi saknar tv\u00e5 mandat och kommer att g\u00f6ra s\u00e5 i fyra \u00e5r. Vi vet vad vi vill och har mycket gemensamt och har f\u00e5tt det sociala umg\u00e4nget p\u00e5 plats. Helt enkelt goda m\u00f6jligheter att f\u00e5 ett v\u00e4l utf\u00f6rt arbete gjort \u00e4ven om det h\u00f6js r\u00f6ster om motsatsen. Det h\u00f6r liksom till!<\/p>\n<p>Mitt uppe i alltihop avled pappa 97 \u00e5r gammal. Det \u00e4r klart att det p\u00e5verkar vardagen p\u00e5 ett p\u00e5tagligt s\u00e4tt. Sorg och gl\u00e4dje \u00e4r inte s\u00e4llan parh\u00e4star i livet.<\/p>\n<p>Idag skiner solen och om n\u00e5gra timmar \u00e4r det kommunstyrelsem\u00f6te. D\u00e4r v\u00e4ntar sannolikt politisk oenighet. Men utg\u00e5ngen av m\u00f6tet kommer knappast att \u00f6verraska. I alla fall inte mig.<\/p>\n","protected":false},"excerpt":{"rendered":"<p>Jag har gjort en paus&#8230; Ibland blir det helt enkelt f\u00f6r mycket. Huvudet \u00e4r fullt av tankar men avst\u00e5ndet till bloggen alldeles f\u00f6r l\u00e5ngt.\u00a0 S\u00e5 har det varit nu. Politiken har \u00e5kt berg och dalbana p\u00e5 riksniv\u00e5 \u00e4ven om det just nu tycks sk\u00f6nja n\u00e5gon form av riktning. L\u00e5ngt ifr\u00e5n s\u00e4kert. Och vad h\u00e4nder sedan? <a class=\"read-more-link\" href=\"https:\/\/wp.kristdemokraterna.se\/janstefanson\/ibland-blir-det-for-mycket\/\">Read More<\/a><\/p>\n","protected":false},"author":530,"featured_media":0,"comment_status":"closed","ping_status":"closed","sticky":false,"template":"","format":"standard","meta":{"_acf_changed":false,"footnotes":""},"categories":[1],"tags":[],"class_list":["post-1031","post","type-post","status-publish","format-standard","hentry","category-okategoriserade"],"acf":[],"yoast_head":"<!-- This site is optimized with the Yoast SEO plugin v27.4 - https:\/\/yoast.com\/product\/yoast-seo-wordpress\/ -->\n<title>Ibland blir det f\u00f6r mycket... - Jan Stefanson<\/title>\n<meta name=\"robots\" content=\"index, follow, max-snippet:-1, max-image-preview:large, max-video-preview:-1\" \/>\n<link rel=\"canonical\" href=\"https:\/\/wp.kristdemokraterna.se\/janstefanson\/ibland-blir-det-for-mycket\/\" \/>\n<meta property=\"og:locale\" content=\"sv_SE\" \/>\n<meta property=\"og:type\" content=\"article\" \/>\n<meta property=\"og:title\" content=\"Ibland blir det f\u00f6r mycket... - Jan Stefanson\" \/>\n<meta property=\"og:description\" content=\"Jag har gjort en paus&#8230; Ibland blir det helt enkelt f\u00f6r mycket. Huvudet \u00e4r fullt av tankar men avst\u00e5ndet till bloggen alldeles f\u00f6r l\u00e5ngt.\u00a0 S\u00e5 har det varit nu. Politiken har \u00e5kt berg och dalbana p\u00e5 riksniv\u00e5 \u00e4ven om det just nu tycks sk\u00f6nja n\u00e5gon form av riktning. L\u00e5ngt ifr\u00e5n s\u00e4kert. Och vad h\u00e4nder sedan? Read More\" \/>\n<meta property=\"og:url\" content=\"https:\/\/wp.kristdemokraterna.se\/janstefanson\/ibland-blir-det-for-mycket\/\" \/>\n<meta property=\"og:site_name\" content=\"Jan Stefanson\" \/>\n<meta property=\"article:published_time\" content=\"2018-12-05T07:51:19+00:00\" \/>\n<meta name=\"author\" content=\"janstefanson\" \/>\n<meta name=\"twitter:card\" content=\"summary_large_image\" \/>\n<meta name=\"twitter:label1\" content=\"Skriven av\" \/>\n\t<meta name=\"twitter:data1\" content=\"janstefanson\" \/>\n\t<meta name=\"twitter:label2\" content=\"Ber\u00e4knad l\u00e4stid\" \/>\n\t<meta name=\"twitter:data2\" content=\"1 minut\" \/>\n<script type=\"application\/ld+json\" class=\"yoast-schema-graph\">{\"@context\":\"https:\\\/\\\/schema.org\",\"@graph\":[{\"@type\":\"Article\",\"@id\":\"https:\\\/\\\/wp.kristdemokraterna.se\\\/janstefanson\\\/ibland-blir-det-for-mycket\\\/#article\",\"isPartOf\":{\"@id\":\"https:\\\/\\\/wp.kristdemokraterna.se\\\/janstefanson\\\/ibland-blir-det-for-mycket\\\/\"},\"author\":{\"name\":\"janstefanson\",\"@id\":\"https:\\\/\\\/wp.kristdemokraterna.se\\\/janstefanson\\\/#\\\/schema\\\/person\\\/f8122372f46f49cffa0c02a57c89b40f\"},\"headline\":\"Ibland blir det f\u00f6r mycket&#8230;\",\"datePublished\":\"2018-12-05T07:51:19+00:00\",\"mainEntityOfPage\":{\"@id\":\"https:\\\/\\\/wp.kristdemokraterna.se\\\/janstefanson\\\/ibland-blir-det-for-mycket\\\/\"},\"wordCount\":212,\"inLanguage\":\"sv-SE\"},{\"@type\":\"WebPage\",\"@id\":\"https:\\\/\\\/wp.kristdemokraterna.se\\\/janstefanson\\\/ibland-blir-det-for-mycket\\\/\",\"url\":\"https:\\\/\\\/wp.kristdemokraterna.se\\\/janstefanson\\\/ibland-blir-det-for-mycket\\\/\",\"name\":\"Ibland blir det f\u00f6r mycket... - Jan Stefanson\",\"isPartOf\":{\"@id\":\"https:\\\/\\\/wp.kristdemokraterna.se\\\/janstefanson\\\/#website\"},\"datePublished\":\"2018-12-05T07:51:19+00:00\",\"author\":{\"@id\":\"https:\\\/\\\/wp.kristdemokraterna.se\\\/janstefanson\\\/#\\\/schema\\\/person\\\/f8122372f46f49cffa0c02a57c89b40f\"},\"breadcrumb\":{\"@id\":\"https:\\\/\\\/wp.kristdemokraterna.se\\\/janstefanson\\\/ibland-blir-det-for-mycket\\\/#breadcrumb\"},\"inLanguage\":\"sv-SE\",\"potentialAction\":[{\"@type\":\"ReadAction\",\"target\":[\"https:\\\/\\\/wp.kristdemokraterna.se\\\/janstefanson\\\/ibland-blir-det-for-mycket\\\/\"]}]},{\"@type\":\"BreadcrumbList\",\"@id\":\"https:\\\/\\\/wp.kristdemokraterna.se\\\/janstefanson\\\/ibland-blir-det-for-mycket\\\/#breadcrumb\",\"itemListElement\":[{\"@type\":\"ListItem\",\"position\":1,\"name\":\"Hem\",\"item\":\"https:\\\/\\\/wp.kristdemokraterna.se\\\/janstefanson\\\/\"},{\"@type\":\"ListItem\",\"position\":2,\"name\":\"Ibland blir det f\u00f6r mycket&#8230;\"}]},{\"@type\":\"WebSite\",\"@id\":\"https:\\\/\\\/wp.kristdemokraterna.se\\\/janstefanson\\\/#website\",\"url\":\"https:\\\/\\\/wp.kristdemokraterna.se\\\/janstefanson\\\/\",\"name\":\"Jan Stefanson\",\"description\":\"En till Kristdemokraterna webbplats\",\"inLanguage\":\"sv-SE\"},{\"@type\":\"Person\",\"@id\":\"https:\\\/\\\/wp.kristdemokraterna.se\\\/janstefanson\\\/#\\\/schema\\\/person\\\/f8122372f46f49cffa0c02a57c89b40f\",\"name\":\"janstefanson\",\"image\":{\"@type\":\"ImageObject\",\"inLanguage\":\"sv-SE\",\"@id\":\"https:\\\/\\\/secure.gravatar.com\\\/avatar\\\/c8880da1e0ca1fb1fd99d661e99b32931e79d1537ef8441e71fc6630d4b6633c?s=96&r=g\",\"url\":\"https:\\\/\\\/secure.gravatar.com\\\/avatar\\\/c8880da1e0ca1fb1fd99d661e99b32931e79d1537ef8441e71fc6630d4b6633c?s=96&r=g\",\"contentUrl\":\"https:\\\/\\\/secure.gravatar.com\\\/avatar\\\/c8880da1e0ca1fb1fd99d661e99b32931e79d1537ef8441e71fc6630d4b6633c?s=96&r=g\",\"caption\":\"janstefanson\"},\"url\":\"https:\\\/\\\/wp.kristdemokraterna.se\\\/janstefanson\\\/author\\\/janstefanson\\\/\"}]}<\/script>\n<!-- \/ Yoast SEO plugin. -->","yoast_head_json":{"title":"Ibland blir det f\u00f6r mycket... - Jan Stefanson","robots":{"index":"index","follow":"follow","max-snippet":"max-snippet:-1","max-image-preview":"max-image-preview:large","max-video-preview":"max-video-preview:-1"},"canonical":"https:\/\/wp.kristdemokraterna.se\/janstefanson\/ibland-blir-det-for-mycket\/","og_locale":"sv_SE","og_type":"article","og_title":"Ibland blir det f\u00f6r mycket... - Jan Stefanson","og_description":"Jag har gjort en paus&#8230; Ibland blir det helt enkelt f\u00f6r mycket. Huvudet \u00e4r fullt av tankar men avst\u00e5ndet till bloggen alldeles f\u00f6r l\u00e5ngt.\u00a0 S\u00e5 har det varit nu. Politiken har \u00e5kt berg och dalbana p\u00e5 riksniv\u00e5 \u00e4ven om det just nu tycks sk\u00f6nja n\u00e5gon form av riktning. L\u00e5ngt ifr\u00e5n s\u00e4kert. Och vad h\u00e4nder sedan? Read More","og_url":"https:\/\/wp.kristdemokraterna.se\/janstefanson\/ibland-blir-det-for-mycket\/","og_site_name":"Jan Stefanson","article_published_time":"2018-12-05T07:51:19+00:00","author":"janstefanson","twitter_card":"summary_large_image","twitter_misc":{"Skriven av":"janstefanson","Ber\u00e4knad l\u00e4stid":"1 minut"},"schema":{"@context":"https:\/\/schema.org","@graph":[{"@type":"Article","@id":"https:\/\/wp.kristdemokraterna.se\/janstefanson\/ibland-blir-det-for-mycket\/#article","isPartOf":{"@id":"https:\/\/wp.kristdemokraterna.se\/janstefanson\/ibland-blir-det-for-mycket\/"},"author":{"name":"janstefanson","@id":"https:\/\/wp.kristdemokraterna.se\/janstefanson\/#\/schema\/person\/f8122372f46f49cffa0c02a57c89b40f"},"headline":"Ibland blir det f\u00f6r mycket&#8230;","datePublished":"2018-12-05T07:51:19+00:00","mainEntityOfPage":{"@id":"https:\/\/wp.kristdemokraterna.se\/janstefanson\/ibland-blir-det-for-mycket\/"},"wordCount":212,"inLanguage":"sv-SE"},{"@type":"WebPage","@id":"https:\/\/wp.kristdemokraterna.se\/janstefanson\/ibland-blir-det-for-mycket\/","url":"https:\/\/wp.kristdemokraterna.se\/janstefanson\/ibland-blir-det-for-mycket\/","name":"Ibland blir det f\u00f6r mycket... - Jan Stefanson","isPartOf":{"@id":"https:\/\/wp.kristdemokraterna.se\/janstefanson\/#website"},"datePublished":"2018-12-05T07:51:19+00:00","author":{"@id":"https:\/\/wp.kristdemokraterna.se\/janstefanson\/#\/schema\/person\/f8122372f46f49cffa0c02a57c89b40f"},"breadcrumb":{"@id":"https:\/\/wp.kristdemokraterna.se\/janstefanson\/ibland-blir-det-for-mycket\/#breadcrumb"},"inLanguage":"sv-SE","potentialAction":[{"@type":"ReadAction","target":["https:\/\/wp.kristdemokraterna.se\/janstefanson\/ibland-blir-det-for-mycket\/"]}]},{"@type":"BreadcrumbList","@id":"https:\/\/wp.kristdemokraterna.se\/janstefanson\/ibland-blir-det-for-mycket\/#breadcrumb","itemListElement":[{"@type":"ListItem","position":1,"name":"Hem","item":"https:\/\/wp.kristdemokraterna.se\/janstefanson\/"},{"@type":"ListItem","position":2,"name":"Ibland blir det f\u00f6r mycket&#8230;"}]},{"@type":"WebSite","@id":"https:\/\/wp.kristdemokraterna.se\/janstefanson\/#website","url":"https:\/\/wp.kristdemokraterna.se\/janstefanson\/","name":"Jan Stefanson","description":"En till Kristdemokraterna webbplats","inLanguage":"sv-SE"},{"@type":"Person","@id":"https:\/\/wp.kristdemokraterna.se\/janstefanson\/#\/schema\/person\/f8122372f46f49cffa0c02a57c89b40f","name":"janstefanson","image":{"@type":"ImageObject","inLanguage":"sv-SE","@id":"https:\/\/secure.gravatar.com\/avatar\/c8880da1e0ca1fb1fd99d661e99b32931e79d1537ef8441e71fc6630d4b6633c?s=96&r=g","url":"https:\/\/secure.gravatar.com\/avatar\/c8880da1e0ca1fb1fd99d661e99b32931e79d1537ef8441e71fc6630d4b6633c?s=96&r=g","contentUrl":"https:\/\/secure.gravatar.com\/avatar\/c8880da1e0ca1fb1fd99d661e99b32931e79d1537ef8441e71fc6630d4b6633c?s=96&r=g","caption":"janstefanson"},"url":"https:\/\/wp.kristdemokraterna.se\/janstefanson\/author\/janstefanson\/"}]}},"_links":{"self":[{"href":"https:\/\/wp.kristdemokraterna.se\/janstefanson\/wp-json\/wp\/v2\/posts\/1031","targetHints":{"allow":["GET"]}}],"collection":[{"href":"https:\/\/wp.kristdemokraterna.se\/janstefanson\/wp-json\/wp\/v2\/posts"}],"about":[{"href":"https:\/\/wp.kristdemokraterna.se\/janstefanson\/wp-json\/wp\/v2\/types\/post"}],"author":[{"embeddable":true,"href":"https:\/\/wp.kristdemokraterna.se\/janstefanson\/wp-json\/wp\/v2\/users\/530"}],"replies":[{"embeddable":true,"href":"https:\/\/wp.kristdemokraterna.se\/janstefanson\/wp-json\/wp\/v2\/comments?post=1031"}],"version-history":[{"count":1,"href":"https:\/\/wp.kristdemokraterna.se\/janstefanson\/wp-json\/wp\/v2\/posts\/1031\/revisions"}],"predecessor-version":[{"id":1032,"href":"https:\/\/wp.kristdemokraterna.se\/janstefanson\/wp-json\/wp\/v2\/posts\/1031\/revisions\/1032"}],"wp:attachment":[{"href":"https:\/\/wp.kristdemokraterna.se\/janstefanson\/wp-json\/wp\/v2\/media?parent=1031"}],"wp:term":[{"taxonomy":"category","embeddable":true,"href":"https:\/\/wp.kristdemokraterna.se\/janstefanson\/wp-json\/wp\/v2\/categories?post=1031"},{"taxonomy":"post_tag","embeddable":true,"href":"https:\/\/wp.kristdemokraterna.se\/janstefanson\/wp-json\/wp\/v2\/tags?post=1031"}],"curies":[{"name":"wp","href":"https:\/\/api.w.org\/{rel}","templated":true}]}}