{"id":1060,"date":"2019-03-12T09:41:47","date_gmt":"2019-03-12T08:41:47","guid":{"rendered":"http:\/\/wp.kristdemokraterna.se\/janstefanson\/?p=1060"},"modified":"2019-03-12T09:41:47","modified_gmt":"2019-03-12T08:41:47","slug":"okat-antal-fortroendevalda-in-mass","status":"publish","type":"post","link":"https:\/\/wp.kristdemokraterna.se\/janstefanson\/okat-antal-fortroendevalda-in-mass\/","title":{"rendered":"\u00d6kat antal f\u00f6rtroendevalda &#8221;in mass&#8221;"},"content":{"rendered":"<h1><strong>10,6 %<\/strong><\/h1>\n<p>Opinionsm\u00e4tningarna f\u00f6r KD \u00e4r s\u00e5dana som vi som varit med ett tag knappt kan minnas. Det genomslag som Alf Svensson fick 1991 med b\u00e4st i valdebatten och stort uppslagen i kv\u00e4llstidningarna som segrare b\u00e5de p\u00e5 ettan och tidigt i tidningen i helt uppslag kanske kan likna k\u00e4nslan. In i riksdagen f\u00f6r f\u00f6rsta g\u00e5ngen p\u00e5 egna ben och med en hel grupp och i regeringen med tre ministrar som som gjorde starka avtryck. Bara kort tid dessf\u00f6rinnan utr\u00e4knade och betraktade som religi\u00f6sa fundamentalister. \u00d6kenvandringen hade i stort sett p\u00e5g\u00e5tt sedan 1964 i hela 25 \u00e5r!!! Det st\u00f6d som erh\u00f6lls 1998 med \u00f6ver 11% hade bara valet innan precis \u00f6vertr\u00e4ffat riksdagssp\u00e4rren med n\u00e5gon tiondel. S\u00e5 k\u00e4nslan nu har yrvaket f\u00e5tt mig och m\u00e5nga andra att gnugga \u00f6gonen. \u00c4r det sant och \u00e4r det p\u00e5 riktigt. Att Ebbas genomslag kom i &#8221;grevens tid&#8221; g\u00e5r inte att f\u00f6rneka. KD var under hela f\u00f6rra mandatperioden utr\u00e4knade! Profill\u00f6sa sa kritikerna. Beh\u00f6vdes inte! K\u00e4rnv\u00e4ljarna, om de finns, var uppgivna.<\/p>\n<p>Jag p\u00e5minner g\u00e4rna mina Allianskollegor i kommunen om v\u00e5r uppg\u00e5ng som enligt Aftonbladets Anders Lindbergs f\u00f6rfasande kan bli att KD redan om ett \u00e5r \u00e4r st\u00f6rre \u00e4n Moderaterna. Inte mycket av det han s\u00e4ger st\u00e4mmer, men varf\u00f6r inte detta.<\/p>\n<p>&#8221;H\u00f6gmod g\u00e5r f\u00f6re fall&#8221; brukar det heta och jag vet inte om min \u00e5terh\u00e5llsamhet grundar sig i de motg\u00e5ngs\u00e5r och decennier som format m\u00e5nga av oss KD:are. Eller om vi ser ett skifte i v\u00e4rderingspolitiken d\u00e4r v\u00e5ra ide\u00e9r passar dagens behov b\u00e4ttre \u00e4n de traditionella. Det kommer att visa sig!<\/p>\n<p>Fram till dess konstaterar jag att vi har lyckats \u00f6vervintra de sn\u00e5la \u00e5ren och nu m\u00e5ste mobilisera kraft och f\u00f6rm\u00e5ga att m\u00f6ta den framg\u00e5ng i v\u00e4ljarst\u00f6d som kommer med m\u00e5nga fler och nya politiker som visar att de som r\u00f6stat p\u00e5 KD inte gjort det f\u00f6rg\u00e4ves.<\/p>\n<p><strong>Det \u00e4r nu det sker! Efter valet 2022 kan antalet f\u00f6rtroendevalda f\u00f6r KD vara mer \u00e4n tredubblat.<\/strong><\/p>\n<p><em>Det \u00e4r inte i M\u00e5ngsbodarna man vinner Vasaloppet och kanske inte ens i Mora om j\u00e4mf\u00f6relsen till\u00e5ts.\u00a0<\/em><\/p>\n<p>&nbsp;<\/p>\n","protected":false},"excerpt":{"rendered":"<p>10,6 % Opinionsm\u00e4tningarna f\u00f6r KD \u00e4r s\u00e5dana som vi som varit med ett tag knappt kan minnas. Det genomslag som Alf Svensson fick 1991 med b\u00e4st i valdebatten och stort uppslagen i kv\u00e4llstidningarna som segrare b\u00e5de p\u00e5 ettan och tidigt i tidningen i helt uppslag kanske kan likna k\u00e4nslan. In i riksdagen f\u00f6r f\u00f6rsta g\u00e5ngen <a class=\"read-more-link\" href=\"https:\/\/wp.kristdemokraterna.se\/janstefanson\/okat-antal-fortroendevalda-in-mass\/\">Read More<\/a><\/p>\n","protected":false},"author":530,"featured_media":0,"comment_status":"closed","ping_status":"closed","sticky":false,"template":"","format":"standard","meta":{"_acf_changed":false,"footnotes":""},"categories":[1],"tags":[],"class_list":["post-1060","post","type-post","status-publish","format-standard","hentry","category-okategoriserade"],"acf":[],"yoast_head":"<!-- This site is optimized with the Yoast SEO plugin v27.4 - https:\/\/yoast.com\/product\/yoast-seo-wordpress\/ -->\n<title>\u00d6kat antal f\u00f6rtroendevalda &quot;in mass&quot; - Jan Stefanson<\/title>\n<meta name=\"robots\" content=\"index, follow, max-snippet:-1, max-image-preview:large, max-video-preview:-1\" \/>\n<link rel=\"canonical\" href=\"https:\/\/wp.kristdemokraterna.se\/janstefanson\/okat-antal-fortroendevalda-in-mass\/\" \/>\n<meta property=\"og:locale\" content=\"sv_SE\" \/>\n<meta property=\"og:type\" content=\"article\" \/>\n<meta property=\"og:title\" content=\"\u00d6kat antal f\u00f6rtroendevalda &quot;in mass&quot; - Jan Stefanson\" \/>\n<meta property=\"og:description\" content=\"10,6 % Opinionsm\u00e4tningarna f\u00f6r KD \u00e4r s\u00e5dana som vi som varit med ett tag knappt kan minnas. Det genomslag som Alf Svensson fick 1991 med b\u00e4st i valdebatten och stort uppslagen i kv\u00e4llstidningarna som segrare b\u00e5de p\u00e5 ettan och tidigt i tidningen i helt uppslag kanske kan likna k\u00e4nslan. In i riksdagen f\u00f6r f\u00f6rsta g\u00e5ngen Read More\" \/>\n<meta property=\"og:url\" content=\"https:\/\/wp.kristdemokraterna.se\/janstefanson\/okat-antal-fortroendevalda-in-mass\/\" \/>\n<meta property=\"og:site_name\" content=\"Jan Stefanson\" \/>\n<meta property=\"article:published_time\" content=\"2019-03-12T08:41:47+00:00\" \/>\n<meta name=\"author\" content=\"janstefanson\" \/>\n<meta name=\"twitter:card\" content=\"summary_large_image\" \/>\n<meta name=\"twitter:label1\" content=\"Skriven av\" \/>\n\t<meta name=\"twitter:data1\" content=\"janstefanson\" \/>\n\t<meta name=\"twitter:label2\" content=\"Ber\u00e4knad l\u00e4stid\" \/>\n\t<meta name=\"twitter:data2\" content=\"2 minuter\" \/>\n<script type=\"application\/ld+json\" class=\"yoast-schema-graph\">{\"@context\":\"https:\\\/\\\/schema.org\",\"@graph\":[{\"@type\":\"Article\",\"@id\":\"https:\\\/\\\/wp.kristdemokraterna.se\\\/janstefanson\\\/okat-antal-fortroendevalda-in-mass\\\/#article\",\"isPartOf\":{\"@id\":\"https:\\\/\\\/wp.kristdemokraterna.se\\\/janstefanson\\\/okat-antal-fortroendevalda-in-mass\\\/\"},\"author\":{\"name\":\"janstefanson\",\"@id\":\"https:\\\/\\\/wp.kristdemokraterna.se\\\/janstefanson\\\/#\\\/schema\\\/person\\\/f8122372f46f49cffa0c02a57c89b40f\"},\"headline\":\"\u00d6kat antal f\u00f6rtroendevalda &#8221;in mass&#8221;\",\"datePublished\":\"2019-03-12T08:41:47+00:00\",\"mainEntityOfPage\":{\"@id\":\"https:\\\/\\\/wp.kristdemokraterna.se\\\/janstefanson\\\/okat-antal-fortroendevalda-in-mass\\\/\"},\"wordCount\":403,\"inLanguage\":\"sv-SE\"},{\"@type\":\"WebPage\",\"@id\":\"https:\\\/\\\/wp.kristdemokraterna.se\\\/janstefanson\\\/okat-antal-fortroendevalda-in-mass\\\/\",\"url\":\"https:\\\/\\\/wp.kristdemokraterna.se\\\/janstefanson\\\/okat-antal-fortroendevalda-in-mass\\\/\",\"name\":\"\u00d6kat antal f\u00f6rtroendevalda \\\"in mass\\\" - Jan Stefanson\",\"isPartOf\":{\"@id\":\"https:\\\/\\\/wp.kristdemokraterna.se\\\/janstefanson\\\/#website\"},\"datePublished\":\"2019-03-12T08:41:47+00:00\",\"author\":{\"@id\":\"https:\\\/\\\/wp.kristdemokraterna.se\\\/janstefanson\\\/#\\\/schema\\\/person\\\/f8122372f46f49cffa0c02a57c89b40f\"},\"breadcrumb\":{\"@id\":\"https:\\\/\\\/wp.kristdemokraterna.se\\\/janstefanson\\\/okat-antal-fortroendevalda-in-mass\\\/#breadcrumb\"},\"inLanguage\":\"sv-SE\",\"potentialAction\":[{\"@type\":\"ReadAction\",\"target\":[\"https:\\\/\\\/wp.kristdemokraterna.se\\\/janstefanson\\\/okat-antal-fortroendevalda-in-mass\\\/\"]}]},{\"@type\":\"BreadcrumbList\",\"@id\":\"https:\\\/\\\/wp.kristdemokraterna.se\\\/janstefanson\\\/okat-antal-fortroendevalda-in-mass\\\/#breadcrumb\",\"itemListElement\":[{\"@type\":\"ListItem\",\"position\":1,\"name\":\"Hem\",\"item\":\"https:\\\/\\\/wp.kristdemokraterna.se\\\/janstefanson\\\/\"},{\"@type\":\"ListItem\",\"position\":2,\"name\":\"\u00d6kat antal f\u00f6rtroendevalda &#8221;in mass&#8221;\"}]},{\"@type\":\"WebSite\",\"@id\":\"https:\\\/\\\/wp.kristdemokraterna.se\\\/janstefanson\\\/#website\",\"url\":\"https:\\\/\\\/wp.kristdemokraterna.se\\\/janstefanson\\\/\",\"name\":\"Jan Stefanson\",\"description\":\"En till Kristdemokraterna webbplats\",\"inLanguage\":\"sv-SE\"},{\"@type\":\"Person\",\"@id\":\"https:\\\/\\\/wp.kristdemokraterna.se\\\/janstefanson\\\/#\\\/schema\\\/person\\\/f8122372f46f49cffa0c02a57c89b40f\",\"name\":\"janstefanson\",\"image\":{\"@type\":\"ImageObject\",\"inLanguage\":\"sv-SE\",\"@id\":\"https:\\\/\\\/secure.gravatar.com\\\/avatar\\\/c8880da1e0ca1fb1fd99d661e99b32931e79d1537ef8441e71fc6630d4b6633c?s=96&r=g\",\"url\":\"https:\\\/\\\/secure.gravatar.com\\\/avatar\\\/c8880da1e0ca1fb1fd99d661e99b32931e79d1537ef8441e71fc6630d4b6633c?s=96&r=g\",\"contentUrl\":\"https:\\\/\\\/secure.gravatar.com\\\/avatar\\\/c8880da1e0ca1fb1fd99d661e99b32931e79d1537ef8441e71fc6630d4b6633c?s=96&r=g\",\"caption\":\"janstefanson\"},\"url\":\"https:\\\/\\\/wp.kristdemokraterna.se\\\/janstefanson\\\/author\\\/janstefanson\\\/\"}]}<\/script>\n<!-- \/ Yoast SEO plugin. -->","yoast_head_json":{"title":"\u00d6kat antal f\u00f6rtroendevalda \"in mass\" - Jan Stefanson","robots":{"index":"index","follow":"follow","max-snippet":"max-snippet:-1","max-image-preview":"max-image-preview:large","max-video-preview":"max-video-preview:-1"},"canonical":"https:\/\/wp.kristdemokraterna.se\/janstefanson\/okat-antal-fortroendevalda-in-mass\/","og_locale":"sv_SE","og_type":"article","og_title":"\u00d6kat antal f\u00f6rtroendevalda \"in mass\" - Jan Stefanson","og_description":"10,6 % Opinionsm\u00e4tningarna f\u00f6r KD \u00e4r s\u00e5dana som vi som varit med ett tag knappt kan minnas. Det genomslag som Alf Svensson fick 1991 med b\u00e4st i valdebatten och stort uppslagen i kv\u00e4llstidningarna som segrare b\u00e5de p\u00e5 ettan och tidigt i tidningen i helt uppslag kanske kan likna k\u00e4nslan. In i riksdagen f\u00f6r f\u00f6rsta g\u00e5ngen Read More","og_url":"https:\/\/wp.kristdemokraterna.se\/janstefanson\/okat-antal-fortroendevalda-in-mass\/","og_site_name":"Jan Stefanson","article_published_time":"2019-03-12T08:41:47+00:00","author":"janstefanson","twitter_card":"summary_large_image","twitter_misc":{"Skriven av":"janstefanson","Ber\u00e4knad l\u00e4stid":"2 minuter"},"schema":{"@context":"https:\/\/schema.org","@graph":[{"@type":"Article","@id":"https:\/\/wp.kristdemokraterna.se\/janstefanson\/okat-antal-fortroendevalda-in-mass\/#article","isPartOf":{"@id":"https:\/\/wp.kristdemokraterna.se\/janstefanson\/okat-antal-fortroendevalda-in-mass\/"},"author":{"name":"janstefanson","@id":"https:\/\/wp.kristdemokraterna.se\/janstefanson\/#\/schema\/person\/f8122372f46f49cffa0c02a57c89b40f"},"headline":"\u00d6kat antal f\u00f6rtroendevalda &#8221;in mass&#8221;","datePublished":"2019-03-12T08:41:47+00:00","mainEntityOfPage":{"@id":"https:\/\/wp.kristdemokraterna.se\/janstefanson\/okat-antal-fortroendevalda-in-mass\/"},"wordCount":403,"inLanguage":"sv-SE"},{"@type":"WebPage","@id":"https:\/\/wp.kristdemokraterna.se\/janstefanson\/okat-antal-fortroendevalda-in-mass\/","url":"https:\/\/wp.kristdemokraterna.se\/janstefanson\/okat-antal-fortroendevalda-in-mass\/","name":"\u00d6kat antal f\u00f6rtroendevalda \"in mass\" - Jan Stefanson","isPartOf":{"@id":"https:\/\/wp.kristdemokraterna.se\/janstefanson\/#website"},"datePublished":"2019-03-12T08:41:47+00:00","author":{"@id":"https:\/\/wp.kristdemokraterna.se\/janstefanson\/#\/schema\/person\/f8122372f46f49cffa0c02a57c89b40f"},"breadcrumb":{"@id":"https:\/\/wp.kristdemokraterna.se\/janstefanson\/okat-antal-fortroendevalda-in-mass\/#breadcrumb"},"inLanguage":"sv-SE","potentialAction":[{"@type":"ReadAction","target":["https:\/\/wp.kristdemokraterna.se\/janstefanson\/okat-antal-fortroendevalda-in-mass\/"]}]},{"@type":"BreadcrumbList","@id":"https:\/\/wp.kristdemokraterna.se\/janstefanson\/okat-antal-fortroendevalda-in-mass\/#breadcrumb","itemListElement":[{"@type":"ListItem","position":1,"name":"Hem","item":"https:\/\/wp.kristdemokraterna.se\/janstefanson\/"},{"@type":"ListItem","position":2,"name":"\u00d6kat antal f\u00f6rtroendevalda &#8221;in mass&#8221;"}]},{"@type":"WebSite","@id":"https:\/\/wp.kristdemokraterna.se\/janstefanson\/#website","url":"https:\/\/wp.kristdemokraterna.se\/janstefanson\/","name":"Jan Stefanson","description":"En till Kristdemokraterna webbplats","inLanguage":"sv-SE"},{"@type":"Person","@id":"https:\/\/wp.kristdemokraterna.se\/janstefanson\/#\/schema\/person\/f8122372f46f49cffa0c02a57c89b40f","name":"janstefanson","image":{"@type":"ImageObject","inLanguage":"sv-SE","@id":"https:\/\/secure.gravatar.com\/avatar\/c8880da1e0ca1fb1fd99d661e99b32931e79d1537ef8441e71fc6630d4b6633c?s=96&r=g","url":"https:\/\/secure.gravatar.com\/avatar\/c8880da1e0ca1fb1fd99d661e99b32931e79d1537ef8441e71fc6630d4b6633c?s=96&r=g","contentUrl":"https:\/\/secure.gravatar.com\/avatar\/c8880da1e0ca1fb1fd99d661e99b32931e79d1537ef8441e71fc6630d4b6633c?s=96&r=g","caption":"janstefanson"},"url":"https:\/\/wp.kristdemokraterna.se\/janstefanson\/author\/janstefanson\/"}]}},"_links":{"self":[{"href":"https:\/\/wp.kristdemokraterna.se\/janstefanson\/wp-json\/wp\/v2\/posts\/1060","targetHints":{"allow":["GET"]}}],"collection":[{"href":"https:\/\/wp.kristdemokraterna.se\/janstefanson\/wp-json\/wp\/v2\/posts"}],"about":[{"href":"https:\/\/wp.kristdemokraterna.se\/janstefanson\/wp-json\/wp\/v2\/types\/post"}],"author":[{"embeddable":true,"href":"https:\/\/wp.kristdemokraterna.se\/janstefanson\/wp-json\/wp\/v2\/users\/530"}],"replies":[{"embeddable":true,"href":"https:\/\/wp.kristdemokraterna.se\/janstefanson\/wp-json\/wp\/v2\/comments?post=1060"}],"version-history":[{"count":1,"href":"https:\/\/wp.kristdemokraterna.se\/janstefanson\/wp-json\/wp\/v2\/posts\/1060\/revisions"}],"predecessor-version":[{"id":1061,"href":"https:\/\/wp.kristdemokraterna.se\/janstefanson\/wp-json\/wp\/v2\/posts\/1060\/revisions\/1061"}],"wp:attachment":[{"href":"https:\/\/wp.kristdemokraterna.se\/janstefanson\/wp-json\/wp\/v2\/media?parent=1060"}],"wp:term":[{"taxonomy":"category","embeddable":true,"href":"https:\/\/wp.kristdemokraterna.se\/janstefanson\/wp-json\/wp\/v2\/categories?post=1060"},{"taxonomy":"post_tag","embeddable":true,"href":"https:\/\/wp.kristdemokraterna.se\/janstefanson\/wp-json\/wp\/v2\/tags?post=1060"}],"curies":[{"name":"wp","href":"https:\/\/api.w.org\/{rel}","templated":true}]}}