{"id":1064,"date":"2019-03-25T10:21:31","date_gmt":"2019-03-25T09:21:31","guid":{"rendered":"http:\/\/wp.kristdemokraterna.se\/janstefanson\/?p=1064"},"modified":"2019-03-25T10:21:31","modified_gmt":"2019-03-25T09:21:31","slug":"hur-skulle-jag-kunna-vara-kritisk","status":"publish","type":"post","link":"https:\/\/wp.kristdemokraterna.se\/janstefanson\/hur-skulle-jag-kunna-vara-kritisk\/","title":{"rendered":"Hur skulle jag kunna vara kritisk?"},"content":{"rendered":"<p>Ebba Busch Thor, s\u00e4g det namnet och halva svenska folket lyser upp. Just nu leder hon hon de flesta instituts gillande. P\u00e5 k\u00f6pet lyfter KD:s siffror! Eller \u00e4r det tv\u00e4rtom?<\/p>\n<p>Den andra halvan bidar tid f\u00f6r att ta heder och \u00e4ra av b\u00e5de EBT och KD.\u00a0<strong>Jag vet vilken halva som \u00e4r min.<\/strong><\/p>\n<p>I torsdags morse m\u00f6ttes jag av ett SMS med lydelsen<strong> &#8221; hon \u00e4r bra Ebba, nu blir jag medlem&#8221;<\/strong>. Det \u00e4r en sm\u00e5barnsf\u00f6r\u00e4lder i sina b\u00e4sta \u00e5r som gjorde sitt val.<\/p>\n<p>Samma dag hade vi ett m\u00f6te i kommunen med alla partiernas ledande politiker uppdelade i grupper. Vid mitt bord kom fr\u00e5gan upp <strong>vad jag tycker om EBT:s senaste utspel.<\/strong> Jag hade sv\u00e5rt att vara kritisk. Inte mot SD men mot EBT och PS. Det \u00e4r l\u00e4ttare \u00e4n p\u00e5 l\u00e4nge att vara kristdemokrat. Min bordsgranne ber\u00e4ttade att hon trots annan partitillh\u00f6righet hade samtyckt med sin vuxne sons f\u00f6rslag att g\u00e5 med i KD.<\/p>\n<p>P\u00e5 Facebook \u00e4r det tyv\u00e4rr v\u00e4ldigt h\u00e5rda ord f\u00f6r eller emot st\u00e4llningstagandet. Det skapar s\u00e5r och splittring som \u00e4r sv\u00e5ra att ta hand om. <strong>Det borde de som bidrar begripa.<\/strong><\/p>\n<p>Jag kommer bek\u00e4mpa SD:s politik till de delar jag anser hemska. M\u00e4nniskorna d\u00e4remot vill jag l\u00e4ra k\u00e4nna. <strong>Den del av deras politik som st\u00f6der v\u00e5r vill jag ta emot och samtala om. Sv\u00e5rare \u00e4n s\u00e5 \u00e4r det inte!<\/strong> S\u00e5 har jag hanterat kommunisterna innan de str\u00f6k sitt k och fortsatt att g\u00f6ra d\u00e4refter. Jag ogillar fler ismer och lovar s\u00e5 l\u00e4nge jag f\u00e5r vara med att bek\u00e4mpa dem till f\u00f6rm\u00e5n f\u00f6r kristdemokratin.<\/p>\n<p>Jag har v\u00e4ldigt sv\u00e5rt att vara kritisk till partistyrelsens v\u00e4gval att samtala med alla i riksdagen, men s\u00e4tter g\u00e4rna upp ett varningens finger, d\u00e5 det kr\u00e4ver mycket mognad och vishet f\u00f6r att inte falla av den sv\u00e5ra balansg\u00e5ngens lina. Varken \u00e5t det ena eller andra h\u00e5llet.<\/p>\n<p>Det finns en uppenbar risk f\u00f6r politisk fartblindhet. D\u00e4r finns det j\u00e4mf\u00f6relser att g\u00f6ra p\u00e5 n\u00e4ra h\u00e5ll. F\u00f6r inte alltf\u00f6r l\u00e4nge sedan var den sj\u00e4lvutn\u00e4mnde statsministerkandidaten centerledaren, Annie.<\/p>\n<p>Inte l\u00e4ngre!<\/p>\n","protected":false},"excerpt":{"rendered":"<p>Ebba Busch Thor, s\u00e4g det namnet och halva svenska folket lyser upp. Just nu leder hon hon de flesta instituts gillande. P\u00e5 k\u00f6pet lyfter KD:s siffror! Eller \u00e4r det tv\u00e4rtom? Den andra halvan bidar tid f\u00f6r att ta heder och \u00e4ra av b\u00e5de EBT och KD.\u00a0Jag vet vilken halva som \u00e4r min. I torsdags morse <a class=\"read-more-link\" href=\"https:\/\/wp.kristdemokraterna.se\/janstefanson\/hur-skulle-jag-kunna-vara-kritisk\/\">Read More<\/a><\/p>\n","protected":false},"author":530,"featured_media":0,"comment_status":"closed","ping_status":"closed","sticky":false,"template":"","format":"standard","meta":{"_acf_changed":false,"footnotes":""},"categories":[1],"tags":[],"class_list":["post-1064","post","type-post","status-publish","format-standard","hentry","category-okategoriserade"],"acf":[],"yoast_head":"<!-- This site is optimized with the Yoast SEO plugin v27.4 - https:\/\/yoast.com\/product\/yoast-seo-wordpress\/ -->\n<title>Hur skulle jag kunna vara kritisk? - Jan Stefanson<\/title>\n<meta name=\"robots\" content=\"index, follow, max-snippet:-1, max-image-preview:large, max-video-preview:-1\" \/>\n<link rel=\"canonical\" href=\"https:\/\/wp.kristdemokraterna.se\/janstefanson\/hur-skulle-jag-kunna-vara-kritisk\/\" \/>\n<meta property=\"og:locale\" content=\"sv_SE\" \/>\n<meta property=\"og:type\" content=\"article\" \/>\n<meta property=\"og:title\" content=\"Hur skulle jag kunna vara kritisk? - Jan Stefanson\" \/>\n<meta property=\"og:description\" content=\"Ebba Busch Thor, s\u00e4g det namnet och halva svenska folket lyser upp. Just nu leder hon hon de flesta instituts gillande. P\u00e5 k\u00f6pet lyfter KD:s siffror! Eller \u00e4r det tv\u00e4rtom? Den andra halvan bidar tid f\u00f6r att ta heder och \u00e4ra av b\u00e5de EBT och KD.\u00a0Jag vet vilken halva som \u00e4r min. I torsdags morse Read More\" \/>\n<meta property=\"og:url\" content=\"https:\/\/wp.kristdemokraterna.se\/janstefanson\/hur-skulle-jag-kunna-vara-kritisk\/\" \/>\n<meta property=\"og:site_name\" content=\"Jan Stefanson\" \/>\n<meta property=\"article:published_time\" content=\"2019-03-25T09:21:31+00:00\" \/>\n<meta name=\"author\" content=\"janstefanson\" \/>\n<meta name=\"twitter:card\" content=\"summary_large_image\" \/>\n<meta name=\"twitter:label1\" content=\"Skriven av\" \/>\n\t<meta name=\"twitter:data1\" content=\"janstefanson\" \/>\n\t<meta name=\"twitter:label2\" content=\"Ber\u00e4knad l\u00e4stid\" \/>\n\t<meta name=\"twitter:data2\" content=\"2 minuter\" \/>\n<script type=\"application\/ld+json\" class=\"yoast-schema-graph\">{\"@context\":\"https:\\\/\\\/schema.org\",\"@graph\":[{\"@type\":\"Article\",\"@id\":\"https:\\\/\\\/wp.kristdemokraterna.se\\\/janstefanson\\\/hur-skulle-jag-kunna-vara-kritisk\\\/#article\",\"isPartOf\":{\"@id\":\"https:\\\/\\\/wp.kristdemokraterna.se\\\/janstefanson\\\/hur-skulle-jag-kunna-vara-kritisk\\\/\"},\"author\":{\"name\":\"janstefanson\",\"@id\":\"https:\\\/\\\/wp.kristdemokraterna.se\\\/janstefanson\\\/#\\\/schema\\\/person\\\/f8122372f46f49cffa0c02a57c89b40f\"},\"headline\":\"Hur skulle jag kunna vara kritisk?\",\"datePublished\":\"2019-03-25T09:21:31+00:00\",\"mainEntityOfPage\":{\"@id\":\"https:\\\/\\\/wp.kristdemokraterna.se\\\/janstefanson\\\/hur-skulle-jag-kunna-vara-kritisk\\\/\"},\"wordCount\":407,\"inLanguage\":\"sv-SE\"},{\"@type\":\"WebPage\",\"@id\":\"https:\\\/\\\/wp.kristdemokraterna.se\\\/janstefanson\\\/hur-skulle-jag-kunna-vara-kritisk\\\/\",\"url\":\"https:\\\/\\\/wp.kristdemokraterna.se\\\/janstefanson\\\/hur-skulle-jag-kunna-vara-kritisk\\\/\",\"name\":\"Hur skulle jag kunna vara kritisk? - Jan Stefanson\",\"isPartOf\":{\"@id\":\"https:\\\/\\\/wp.kristdemokraterna.se\\\/janstefanson\\\/#website\"},\"datePublished\":\"2019-03-25T09:21:31+00:00\",\"author\":{\"@id\":\"https:\\\/\\\/wp.kristdemokraterna.se\\\/janstefanson\\\/#\\\/schema\\\/person\\\/f8122372f46f49cffa0c02a57c89b40f\"},\"breadcrumb\":{\"@id\":\"https:\\\/\\\/wp.kristdemokraterna.se\\\/janstefanson\\\/hur-skulle-jag-kunna-vara-kritisk\\\/#breadcrumb\"},\"inLanguage\":\"sv-SE\",\"potentialAction\":[{\"@type\":\"ReadAction\",\"target\":[\"https:\\\/\\\/wp.kristdemokraterna.se\\\/janstefanson\\\/hur-skulle-jag-kunna-vara-kritisk\\\/\"]}]},{\"@type\":\"BreadcrumbList\",\"@id\":\"https:\\\/\\\/wp.kristdemokraterna.se\\\/janstefanson\\\/hur-skulle-jag-kunna-vara-kritisk\\\/#breadcrumb\",\"itemListElement\":[{\"@type\":\"ListItem\",\"position\":1,\"name\":\"Hem\",\"item\":\"https:\\\/\\\/wp.kristdemokraterna.se\\\/janstefanson\\\/\"},{\"@type\":\"ListItem\",\"position\":2,\"name\":\"Hur skulle jag kunna vara kritisk?\"}]},{\"@type\":\"WebSite\",\"@id\":\"https:\\\/\\\/wp.kristdemokraterna.se\\\/janstefanson\\\/#website\",\"url\":\"https:\\\/\\\/wp.kristdemokraterna.se\\\/janstefanson\\\/\",\"name\":\"Jan Stefanson\",\"description\":\"En till Kristdemokraterna webbplats\",\"inLanguage\":\"sv-SE\"},{\"@type\":\"Person\",\"@id\":\"https:\\\/\\\/wp.kristdemokraterna.se\\\/janstefanson\\\/#\\\/schema\\\/person\\\/f8122372f46f49cffa0c02a57c89b40f\",\"name\":\"janstefanson\",\"image\":{\"@type\":\"ImageObject\",\"inLanguage\":\"sv-SE\",\"@id\":\"https:\\\/\\\/secure.gravatar.com\\\/avatar\\\/c8880da1e0ca1fb1fd99d661e99b32931e79d1537ef8441e71fc6630d4b6633c?s=96&r=g\",\"url\":\"https:\\\/\\\/secure.gravatar.com\\\/avatar\\\/c8880da1e0ca1fb1fd99d661e99b32931e79d1537ef8441e71fc6630d4b6633c?s=96&r=g\",\"contentUrl\":\"https:\\\/\\\/secure.gravatar.com\\\/avatar\\\/c8880da1e0ca1fb1fd99d661e99b32931e79d1537ef8441e71fc6630d4b6633c?s=96&r=g\",\"caption\":\"janstefanson\"},\"url\":\"https:\\\/\\\/wp.kristdemokraterna.se\\\/janstefanson\\\/author\\\/janstefanson\\\/\"}]}<\/script>\n<!-- \/ Yoast SEO plugin. -->","yoast_head_json":{"title":"Hur skulle jag kunna vara kritisk? - Jan Stefanson","robots":{"index":"index","follow":"follow","max-snippet":"max-snippet:-1","max-image-preview":"max-image-preview:large","max-video-preview":"max-video-preview:-1"},"canonical":"https:\/\/wp.kristdemokraterna.se\/janstefanson\/hur-skulle-jag-kunna-vara-kritisk\/","og_locale":"sv_SE","og_type":"article","og_title":"Hur skulle jag kunna vara kritisk? - Jan Stefanson","og_description":"Ebba Busch Thor, s\u00e4g det namnet och halva svenska folket lyser upp. Just nu leder hon hon de flesta instituts gillande. P\u00e5 k\u00f6pet lyfter KD:s siffror! Eller \u00e4r det tv\u00e4rtom? Den andra halvan bidar tid f\u00f6r att ta heder och \u00e4ra av b\u00e5de EBT och KD.\u00a0Jag vet vilken halva som \u00e4r min. I torsdags morse Read More","og_url":"https:\/\/wp.kristdemokraterna.se\/janstefanson\/hur-skulle-jag-kunna-vara-kritisk\/","og_site_name":"Jan Stefanson","article_published_time":"2019-03-25T09:21:31+00:00","author":"janstefanson","twitter_card":"summary_large_image","twitter_misc":{"Skriven av":"janstefanson","Ber\u00e4knad l\u00e4stid":"2 minuter"},"schema":{"@context":"https:\/\/schema.org","@graph":[{"@type":"Article","@id":"https:\/\/wp.kristdemokraterna.se\/janstefanson\/hur-skulle-jag-kunna-vara-kritisk\/#article","isPartOf":{"@id":"https:\/\/wp.kristdemokraterna.se\/janstefanson\/hur-skulle-jag-kunna-vara-kritisk\/"},"author":{"name":"janstefanson","@id":"https:\/\/wp.kristdemokraterna.se\/janstefanson\/#\/schema\/person\/f8122372f46f49cffa0c02a57c89b40f"},"headline":"Hur skulle jag kunna vara kritisk?","datePublished":"2019-03-25T09:21:31+00:00","mainEntityOfPage":{"@id":"https:\/\/wp.kristdemokraterna.se\/janstefanson\/hur-skulle-jag-kunna-vara-kritisk\/"},"wordCount":407,"inLanguage":"sv-SE"},{"@type":"WebPage","@id":"https:\/\/wp.kristdemokraterna.se\/janstefanson\/hur-skulle-jag-kunna-vara-kritisk\/","url":"https:\/\/wp.kristdemokraterna.se\/janstefanson\/hur-skulle-jag-kunna-vara-kritisk\/","name":"Hur skulle jag kunna vara kritisk? - Jan Stefanson","isPartOf":{"@id":"https:\/\/wp.kristdemokraterna.se\/janstefanson\/#website"},"datePublished":"2019-03-25T09:21:31+00:00","author":{"@id":"https:\/\/wp.kristdemokraterna.se\/janstefanson\/#\/schema\/person\/f8122372f46f49cffa0c02a57c89b40f"},"breadcrumb":{"@id":"https:\/\/wp.kristdemokraterna.se\/janstefanson\/hur-skulle-jag-kunna-vara-kritisk\/#breadcrumb"},"inLanguage":"sv-SE","potentialAction":[{"@type":"ReadAction","target":["https:\/\/wp.kristdemokraterna.se\/janstefanson\/hur-skulle-jag-kunna-vara-kritisk\/"]}]},{"@type":"BreadcrumbList","@id":"https:\/\/wp.kristdemokraterna.se\/janstefanson\/hur-skulle-jag-kunna-vara-kritisk\/#breadcrumb","itemListElement":[{"@type":"ListItem","position":1,"name":"Hem","item":"https:\/\/wp.kristdemokraterna.se\/janstefanson\/"},{"@type":"ListItem","position":2,"name":"Hur skulle jag kunna vara kritisk?"}]},{"@type":"WebSite","@id":"https:\/\/wp.kristdemokraterna.se\/janstefanson\/#website","url":"https:\/\/wp.kristdemokraterna.se\/janstefanson\/","name":"Jan Stefanson","description":"En till Kristdemokraterna webbplats","inLanguage":"sv-SE"},{"@type":"Person","@id":"https:\/\/wp.kristdemokraterna.se\/janstefanson\/#\/schema\/person\/f8122372f46f49cffa0c02a57c89b40f","name":"janstefanson","image":{"@type":"ImageObject","inLanguage":"sv-SE","@id":"https:\/\/secure.gravatar.com\/avatar\/c8880da1e0ca1fb1fd99d661e99b32931e79d1537ef8441e71fc6630d4b6633c?s=96&r=g","url":"https:\/\/secure.gravatar.com\/avatar\/c8880da1e0ca1fb1fd99d661e99b32931e79d1537ef8441e71fc6630d4b6633c?s=96&r=g","contentUrl":"https:\/\/secure.gravatar.com\/avatar\/c8880da1e0ca1fb1fd99d661e99b32931e79d1537ef8441e71fc6630d4b6633c?s=96&r=g","caption":"janstefanson"},"url":"https:\/\/wp.kristdemokraterna.se\/janstefanson\/author\/janstefanson\/"}]}},"_links":{"self":[{"href":"https:\/\/wp.kristdemokraterna.se\/janstefanson\/wp-json\/wp\/v2\/posts\/1064","targetHints":{"allow":["GET"]}}],"collection":[{"href":"https:\/\/wp.kristdemokraterna.se\/janstefanson\/wp-json\/wp\/v2\/posts"}],"about":[{"href":"https:\/\/wp.kristdemokraterna.se\/janstefanson\/wp-json\/wp\/v2\/types\/post"}],"author":[{"embeddable":true,"href":"https:\/\/wp.kristdemokraterna.se\/janstefanson\/wp-json\/wp\/v2\/users\/530"}],"replies":[{"embeddable":true,"href":"https:\/\/wp.kristdemokraterna.se\/janstefanson\/wp-json\/wp\/v2\/comments?post=1064"}],"version-history":[{"count":1,"href":"https:\/\/wp.kristdemokraterna.se\/janstefanson\/wp-json\/wp\/v2\/posts\/1064\/revisions"}],"predecessor-version":[{"id":1065,"href":"https:\/\/wp.kristdemokraterna.se\/janstefanson\/wp-json\/wp\/v2\/posts\/1064\/revisions\/1065"}],"wp:attachment":[{"href":"https:\/\/wp.kristdemokraterna.se\/janstefanson\/wp-json\/wp\/v2\/media?parent=1064"}],"wp:term":[{"taxonomy":"category","embeddable":true,"href":"https:\/\/wp.kristdemokraterna.se\/janstefanson\/wp-json\/wp\/v2\/categories?post=1064"},{"taxonomy":"post_tag","embeddable":true,"href":"https:\/\/wp.kristdemokraterna.se\/janstefanson\/wp-json\/wp\/v2\/tags?post=1064"}],"curies":[{"name":"wp","href":"https:\/\/api.w.org\/{rel}","templated":true}]}}