{"id":108,"date":"2014-11-17T17:38:39","date_gmt":"2014-11-17T16:38:39","guid":{"rendered":"http:\/\/wp.kristdemokraterna.se\/janstefanson\/?p=108"},"modified":"2014-11-17T17:40:06","modified_gmt":"2014-11-17T16:40:06","slug":"kramar-och-karate-fick-pris","status":"publish","type":"post","link":"https:\/\/wp.kristdemokraterna.se\/janstefanson\/kramar-och-karate-fick-pris\/","title":{"rendered":"Kramar och karate fick pris!"},"content":{"rendered":"<p>P\u00e5 l\u00f6rdagen delade jag ut tretton priser till deltagare p\u00e5 DM i Karate i Kungs\u00e4ngen. F\u00f6r mig som novis p\u00e5 sporten var det en sk\u00f6n upplevelse som m\u00f6tte oss bes\u00f6kare. Kombattanterna h\u00e4lsade p\u00e5 varandra innan matchen startades. N\u00e4r matchen var slut kramade de t\u00e4vlande om varandra i riktig kompisanda. En tjusig sport p\u00e5 det s\u00e4ttet som har som id\u00e9, sj\u00e4lvf\u00f6rsvar. Det var m\u00e5nga blandade \u00e5ldrar och inte minst m\u00e5nga flickor som deltog i t\u00e4vlingarna som hade deltagare fr\u00e5n b\u00e5de Stockholms regionen och Gotland.<\/p>\n<p>N\u00e4r jag ber\u00e4ttade f\u00f6r n\u00e4rst\u00e5ende att jag skulle som ordf\u00f6rande i Fritidsn\u00e4mnden f\u00f6rr\u00e4tta prisutdelning s\u00e5 fr\u00e5gade man om det var f\u00f6renligt med min partitillh\u00f6righet. -\u00c4r inte ni emot det? Vi \u00e4r emot att kriminella utnyttjar sina kunskaper i kriminella g\u00e4rningar. Det g\u00e4ller s\u00e5v\u00e4l sj\u00e4lvf\u00f6rsvarskunskap som kunskap i ekonomi eller datorkunskap som inte s\u00e4llan anv\u00e4nds f\u00f6r att uppn\u00e5 kriminella f\u00f6rdelar.<\/p>\n<p>Karate \u00e4r en disciplinerad sport med minst lika stor respekt f\u00f6r mots\u00e5ndaren som g\u00e4ller f\u00f6r fotbollsspelare. Och det gillar vi!<\/p>\n<p><a href=\"http:\/\/wp.kristdemokraterna.se\/janstefanson\/files\/2014\/11\/karate.jpg\"><img loading=\"lazy\" decoding=\"async\" class=\"alignnone size-medium wp-image-111\" src=\"http:\/\/wp.kristdemokraterna.se\/janstefanson\/files\/2014\/11\/karate-300x223.jpg\" alt=\"Karate\" width=\"300\" height=\"223\" srcset=\"https:\/\/wp.kristdemokraterna.se\/janstefanson\/files\/2014\/11\/karate-300x223.jpg 300w, https:\/\/wp.kristdemokraterna.se\/janstefanson\/files\/2014\/11\/karate-540x402.jpg 540w, https:\/\/wp.kristdemokraterna.se\/janstefanson\/files\/2014\/11\/karate-463x346.jpg 463w, https:\/\/wp.kristdemokraterna.se\/janstefanson\/files\/2014\/11\/karate-150x112.jpg 150w, https:\/\/wp.kristdemokraterna.se\/janstefanson\/files\/2014\/11\/karate.jpg 1024w\" sizes=\"auto, (max-width: 300px) 100vw, 300px\" \/><\/a><\/p>\n","protected":false},"excerpt":{"rendered":"<p>P\u00e5 l\u00f6rdagen delade jag ut tretton priser till deltagare p\u00e5 DM i Karate i Kungs\u00e4ngen. F\u00f6r mig som novis p\u00e5 sporten var det en sk\u00f6n upplevelse som m\u00f6tte oss bes\u00f6kare. Kombattanterna h\u00e4lsade p\u00e5 varandra innan matchen startades. N\u00e4r matchen var slut kramade de t\u00e4vlande om varandra i riktig kompisanda. En tjusig sport p\u00e5 det s\u00e4ttet <a class=\"read-more-link\" href=\"https:\/\/wp.kristdemokraterna.se\/janstefanson\/kramar-och-karate-fick-pris\/\">Read More<\/a><\/p>\n","protected":false},"author":530,"featured_media":0,"comment_status":"closed","ping_status":"closed","sticky":false,"template":"","format":"standard","meta":{"_acf_changed":false,"footnotes":""},"categories":[1],"tags":[],"class_list":["post-108","post","type-post","status-publish","format-standard","hentry","category-okategoriserade"],"acf":[],"yoast_head":"<!-- This site is optimized with the Yoast SEO plugin v27.5 - https:\/\/yoast.com\/product\/yoast-seo-wordpress\/ -->\n<title>Kramar och karate fick pris! - Jan Stefanson<\/title>\n<meta name=\"robots\" content=\"index, follow, max-snippet:-1, max-image-preview:large, max-video-preview:-1\" \/>\n<link rel=\"canonical\" href=\"https:\/\/wp.kristdemokraterna.se\/janstefanson\/kramar-och-karate-fick-pris\/\" \/>\n<meta property=\"og:locale\" content=\"sv_SE\" \/>\n<meta property=\"og:type\" content=\"article\" \/>\n<meta property=\"og:title\" content=\"Kramar och karate fick pris! - Jan Stefanson\" \/>\n<meta property=\"og:description\" content=\"P\u00e5 l\u00f6rdagen delade jag ut tretton priser till deltagare p\u00e5 DM i Karate i Kungs\u00e4ngen. F\u00f6r mig som novis p\u00e5 sporten var det en sk\u00f6n upplevelse som m\u00f6tte oss bes\u00f6kare. Kombattanterna h\u00e4lsade p\u00e5 varandra innan matchen startades. N\u00e4r matchen var slut kramade de t\u00e4vlande om varandra i riktig kompisanda. En tjusig sport p\u00e5 det s\u00e4ttet Read More\" \/>\n<meta property=\"og:url\" content=\"https:\/\/wp.kristdemokraterna.se\/janstefanson\/kramar-och-karate-fick-pris\/\" \/>\n<meta property=\"og:site_name\" content=\"Jan Stefanson\" \/>\n<meta property=\"article:published_time\" content=\"2014-11-17T16:38:39+00:00\" \/>\n<meta property=\"article:modified_time\" content=\"2014-11-17T16:40:06+00:00\" \/>\n<meta property=\"og:image\" content=\"http:\/\/wp.kristdemokraterna.se\/janstefanson\/files\/2014\/11\/karate-300x223.jpg\" \/>\n<meta name=\"author\" content=\"janstefanson\" \/>\n<meta name=\"twitter:card\" content=\"summary_large_image\" \/>\n<meta name=\"twitter:label1\" content=\"Skriven av\" \/>\n\t<meta name=\"twitter:data1\" content=\"janstefanson\" \/>\n\t<meta name=\"twitter:label2\" content=\"Ber\u00e4knad l\u00e4stid\" \/>\n\t<meta name=\"twitter:data2\" content=\"1 minut\" \/>\n<script type=\"application\/ld+json\" class=\"yoast-schema-graph\">{\"@context\":\"https:\\\/\\\/schema.org\",\"@graph\":[{\"@type\":\"Article\",\"@id\":\"https:\\\/\\\/wp.kristdemokraterna.se\\\/janstefanson\\\/kramar-och-karate-fick-pris\\\/#article\",\"isPartOf\":{\"@id\":\"https:\\\/\\\/wp.kristdemokraterna.se\\\/janstefanson\\\/kramar-och-karate-fick-pris\\\/\"},\"author\":{\"name\":\"janstefanson\",\"@id\":\"https:\\\/\\\/wp.kristdemokraterna.se\\\/janstefanson\\\/#\\\/schema\\\/person\\\/f8122372f46f49cffa0c02a57c89b40f\"},\"headline\":\"Kramar och karate fick pris!\",\"datePublished\":\"2014-11-17T16:38:39+00:00\",\"dateModified\":\"2014-11-17T16:40:06+00:00\",\"mainEntityOfPage\":{\"@id\":\"https:\\\/\\\/wp.kristdemokraterna.se\\\/janstefanson\\\/kramar-och-karate-fick-pris\\\/\"},\"wordCount\":211,\"image\":{\"@id\":\"https:\\\/\\\/wp.kristdemokraterna.se\\\/janstefanson\\\/kramar-och-karate-fick-pris\\\/#primaryimage\"},\"thumbnailUrl\":\"http:\\\/\\\/wp.kristdemokraterna.se\\\/janstefanson\\\/files\\\/2014\\\/11\\\/karate-300x223.jpg\",\"inLanguage\":\"sv-SE\"},{\"@type\":\"WebPage\",\"@id\":\"https:\\\/\\\/wp.kristdemokraterna.se\\\/janstefanson\\\/kramar-och-karate-fick-pris\\\/\",\"url\":\"https:\\\/\\\/wp.kristdemokraterna.se\\\/janstefanson\\\/kramar-och-karate-fick-pris\\\/\",\"name\":\"Kramar och karate fick pris! - Jan Stefanson\",\"isPartOf\":{\"@id\":\"https:\\\/\\\/wp.kristdemokraterna.se\\\/janstefanson\\\/#website\"},\"primaryImageOfPage\":{\"@id\":\"https:\\\/\\\/wp.kristdemokraterna.se\\\/janstefanson\\\/kramar-och-karate-fick-pris\\\/#primaryimage\"},\"image\":{\"@id\":\"https:\\\/\\\/wp.kristdemokraterna.se\\\/janstefanson\\\/kramar-och-karate-fick-pris\\\/#primaryimage\"},\"thumbnailUrl\":\"http:\\\/\\\/wp.kristdemokraterna.se\\\/janstefanson\\\/files\\\/2014\\\/11\\\/karate-300x223.jpg\",\"datePublished\":\"2014-11-17T16:38:39+00:00\",\"dateModified\":\"2014-11-17T16:40:06+00:00\",\"author\":{\"@id\":\"https:\\\/\\\/wp.kristdemokraterna.se\\\/janstefanson\\\/#\\\/schema\\\/person\\\/f8122372f46f49cffa0c02a57c89b40f\"},\"breadcrumb\":{\"@id\":\"https:\\\/\\\/wp.kristdemokraterna.se\\\/janstefanson\\\/kramar-och-karate-fick-pris\\\/#breadcrumb\"},\"inLanguage\":\"sv-SE\",\"potentialAction\":[{\"@type\":\"ReadAction\",\"target\":[\"https:\\\/\\\/wp.kristdemokraterna.se\\\/janstefanson\\\/kramar-och-karate-fick-pris\\\/\"]}]},{\"@type\":\"ImageObject\",\"inLanguage\":\"sv-SE\",\"@id\":\"https:\\\/\\\/wp.kristdemokraterna.se\\\/janstefanson\\\/kramar-och-karate-fick-pris\\\/#primaryimage\",\"url\":\"https:\\\/\\\/wp.kristdemokraterna.se\\\/janstefanson\\\/files\\\/2014\\\/11\\\/karate.jpg\",\"contentUrl\":\"https:\\\/\\\/wp.kristdemokraterna.se\\\/janstefanson\\\/files\\\/2014\\\/11\\\/karate.jpg\",\"width\":1024,\"height\":764},{\"@type\":\"BreadcrumbList\",\"@id\":\"https:\\\/\\\/wp.kristdemokraterna.se\\\/janstefanson\\\/kramar-och-karate-fick-pris\\\/#breadcrumb\",\"itemListElement\":[{\"@type\":\"ListItem\",\"position\":1,\"name\":\"Hem\",\"item\":\"https:\\\/\\\/wp.kristdemokraterna.se\\\/janstefanson\\\/\"},{\"@type\":\"ListItem\",\"position\":2,\"name\":\"Kramar och karate fick pris!\"}]},{\"@type\":\"WebSite\",\"@id\":\"https:\\\/\\\/wp.kristdemokraterna.se\\\/janstefanson\\\/#website\",\"url\":\"https:\\\/\\\/wp.kristdemokraterna.se\\\/janstefanson\\\/\",\"name\":\"Jan Stefanson\",\"description\":\"En till Kristdemokraterna webbplats\",\"inLanguage\":\"sv-SE\"},{\"@type\":\"Person\",\"@id\":\"https:\\\/\\\/wp.kristdemokraterna.se\\\/janstefanson\\\/#\\\/schema\\\/person\\\/f8122372f46f49cffa0c02a57c89b40f\",\"name\":\"janstefanson\",\"image\":{\"@type\":\"ImageObject\",\"inLanguage\":\"sv-SE\",\"@id\":\"https:\\\/\\\/secure.gravatar.com\\\/avatar\\\/c8880da1e0ca1fb1fd99d661e99b32931e79d1537ef8441e71fc6630d4b6633c?s=96&r=g\",\"url\":\"https:\\\/\\\/secure.gravatar.com\\\/avatar\\\/c8880da1e0ca1fb1fd99d661e99b32931e79d1537ef8441e71fc6630d4b6633c?s=96&r=g\",\"contentUrl\":\"https:\\\/\\\/secure.gravatar.com\\\/avatar\\\/c8880da1e0ca1fb1fd99d661e99b32931e79d1537ef8441e71fc6630d4b6633c?s=96&r=g\",\"caption\":\"janstefanson\"},\"url\":\"https:\\\/\\\/wp.kristdemokraterna.se\\\/janstefanson\\\/author\\\/janstefanson\\\/\"}]}<\/script>\n<!-- \/ Yoast SEO plugin. -->","yoast_head_json":{"title":"Kramar och karate fick pris! - Jan Stefanson","robots":{"index":"index","follow":"follow","max-snippet":"max-snippet:-1","max-image-preview":"max-image-preview:large","max-video-preview":"max-video-preview:-1"},"canonical":"https:\/\/wp.kristdemokraterna.se\/janstefanson\/kramar-och-karate-fick-pris\/","og_locale":"sv_SE","og_type":"article","og_title":"Kramar och karate fick pris! - Jan Stefanson","og_description":"P\u00e5 l\u00f6rdagen delade jag ut tretton priser till deltagare p\u00e5 DM i Karate i Kungs\u00e4ngen. F\u00f6r mig som novis p\u00e5 sporten var det en sk\u00f6n upplevelse som m\u00f6tte oss bes\u00f6kare. Kombattanterna h\u00e4lsade p\u00e5 varandra innan matchen startades. N\u00e4r matchen var slut kramade de t\u00e4vlande om varandra i riktig kompisanda. En tjusig sport p\u00e5 det s\u00e4ttet Read More","og_url":"https:\/\/wp.kristdemokraterna.se\/janstefanson\/kramar-och-karate-fick-pris\/","og_site_name":"Jan Stefanson","article_published_time":"2014-11-17T16:38:39+00:00","article_modified_time":"2014-11-17T16:40:06+00:00","og_image":[{"url":"http:\/\/wp.kristdemokraterna.se\/janstefanson\/files\/2014\/11\/karate-300x223.jpg","type":"","width":"","height":""}],"author":"janstefanson","twitter_card":"summary_large_image","twitter_misc":{"Skriven av":"janstefanson","Ber\u00e4knad l\u00e4stid":"1 minut"},"schema":{"@context":"https:\/\/schema.org","@graph":[{"@type":"Article","@id":"https:\/\/wp.kristdemokraterna.se\/janstefanson\/kramar-och-karate-fick-pris\/#article","isPartOf":{"@id":"https:\/\/wp.kristdemokraterna.se\/janstefanson\/kramar-och-karate-fick-pris\/"},"author":{"name":"janstefanson","@id":"https:\/\/wp.kristdemokraterna.se\/janstefanson\/#\/schema\/person\/f8122372f46f49cffa0c02a57c89b40f"},"headline":"Kramar och karate fick pris!","datePublished":"2014-11-17T16:38:39+00:00","dateModified":"2014-11-17T16:40:06+00:00","mainEntityOfPage":{"@id":"https:\/\/wp.kristdemokraterna.se\/janstefanson\/kramar-och-karate-fick-pris\/"},"wordCount":211,"image":{"@id":"https:\/\/wp.kristdemokraterna.se\/janstefanson\/kramar-och-karate-fick-pris\/#primaryimage"},"thumbnailUrl":"http:\/\/wp.kristdemokraterna.se\/janstefanson\/files\/2014\/11\/karate-300x223.jpg","inLanguage":"sv-SE"},{"@type":"WebPage","@id":"https:\/\/wp.kristdemokraterna.se\/janstefanson\/kramar-och-karate-fick-pris\/","url":"https:\/\/wp.kristdemokraterna.se\/janstefanson\/kramar-och-karate-fick-pris\/","name":"Kramar och karate fick pris! - Jan Stefanson","isPartOf":{"@id":"https:\/\/wp.kristdemokraterna.se\/janstefanson\/#website"},"primaryImageOfPage":{"@id":"https:\/\/wp.kristdemokraterna.se\/janstefanson\/kramar-och-karate-fick-pris\/#primaryimage"},"image":{"@id":"https:\/\/wp.kristdemokraterna.se\/janstefanson\/kramar-och-karate-fick-pris\/#primaryimage"},"thumbnailUrl":"http:\/\/wp.kristdemokraterna.se\/janstefanson\/files\/2014\/11\/karate-300x223.jpg","datePublished":"2014-11-17T16:38:39+00:00","dateModified":"2014-11-17T16:40:06+00:00","author":{"@id":"https:\/\/wp.kristdemokraterna.se\/janstefanson\/#\/schema\/person\/f8122372f46f49cffa0c02a57c89b40f"},"breadcrumb":{"@id":"https:\/\/wp.kristdemokraterna.se\/janstefanson\/kramar-och-karate-fick-pris\/#breadcrumb"},"inLanguage":"sv-SE","potentialAction":[{"@type":"ReadAction","target":["https:\/\/wp.kristdemokraterna.se\/janstefanson\/kramar-och-karate-fick-pris\/"]}]},{"@type":"ImageObject","inLanguage":"sv-SE","@id":"https:\/\/wp.kristdemokraterna.se\/janstefanson\/kramar-och-karate-fick-pris\/#primaryimage","url":"https:\/\/wp.kristdemokraterna.se\/janstefanson\/files\/2014\/11\/karate.jpg","contentUrl":"https:\/\/wp.kristdemokraterna.se\/janstefanson\/files\/2014\/11\/karate.jpg","width":1024,"height":764},{"@type":"BreadcrumbList","@id":"https:\/\/wp.kristdemokraterna.se\/janstefanson\/kramar-och-karate-fick-pris\/#breadcrumb","itemListElement":[{"@type":"ListItem","position":1,"name":"Hem","item":"https:\/\/wp.kristdemokraterna.se\/janstefanson\/"},{"@type":"ListItem","position":2,"name":"Kramar och karate fick pris!"}]},{"@type":"WebSite","@id":"https:\/\/wp.kristdemokraterna.se\/janstefanson\/#website","url":"https:\/\/wp.kristdemokraterna.se\/janstefanson\/","name":"Jan Stefanson","description":"En till Kristdemokraterna webbplats","inLanguage":"sv-SE"},{"@type":"Person","@id":"https:\/\/wp.kristdemokraterna.se\/janstefanson\/#\/schema\/person\/f8122372f46f49cffa0c02a57c89b40f","name":"janstefanson","image":{"@type":"ImageObject","inLanguage":"sv-SE","@id":"https:\/\/secure.gravatar.com\/avatar\/c8880da1e0ca1fb1fd99d661e99b32931e79d1537ef8441e71fc6630d4b6633c?s=96&r=g","url":"https:\/\/secure.gravatar.com\/avatar\/c8880da1e0ca1fb1fd99d661e99b32931e79d1537ef8441e71fc6630d4b6633c?s=96&r=g","contentUrl":"https:\/\/secure.gravatar.com\/avatar\/c8880da1e0ca1fb1fd99d661e99b32931e79d1537ef8441e71fc6630d4b6633c?s=96&r=g","caption":"janstefanson"},"url":"https:\/\/wp.kristdemokraterna.se\/janstefanson\/author\/janstefanson\/"}]}},"_links":{"self":[{"href":"https:\/\/wp.kristdemokraterna.se\/janstefanson\/wp-json\/wp\/v2\/posts\/108","targetHints":{"allow":["GET"]}}],"collection":[{"href":"https:\/\/wp.kristdemokraterna.se\/janstefanson\/wp-json\/wp\/v2\/posts"}],"about":[{"href":"https:\/\/wp.kristdemokraterna.se\/janstefanson\/wp-json\/wp\/v2\/types\/post"}],"author":[{"embeddable":true,"href":"https:\/\/wp.kristdemokraterna.se\/janstefanson\/wp-json\/wp\/v2\/users\/530"}],"replies":[{"embeddable":true,"href":"https:\/\/wp.kristdemokraterna.se\/janstefanson\/wp-json\/wp\/v2\/comments?post=108"}],"version-history":[{"count":3,"href":"https:\/\/wp.kristdemokraterna.se\/janstefanson\/wp-json\/wp\/v2\/posts\/108\/revisions"}],"predecessor-version":[{"id":112,"href":"https:\/\/wp.kristdemokraterna.se\/janstefanson\/wp-json\/wp\/v2\/posts\/108\/revisions\/112"}],"wp:attachment":[{"href":"https:\/\/wp.kristdemokraterna.se\/janstefanson\/wp-json\/wp\/v2\/media?parent=108"}],"wp:term":[{"taxonomy":"category","embeddable":true,"href":"https:\/\/wp.kristdemokraterna.se\/janstefanson\/wp-json\/wp\/v2\/categories?post=108"},{"taxonomy":"post_tag","embeddable":true,"href":"https:\/\/wp.kristdemokraterna.se\/janstefanson\/wp-json\/wp\/v2\/tags?post=108"}],"curies":[{"name":"wp","href":"https:\/\/api.w.org\/{rel}","templated":true}]}}