{"id":153,"date":"2015-09-04T17:25:45","date_gmt":"2015-09-04T15:25:45","guid":{"rendered":"http:\/\/wp.kristdemokraterna.se\/janstefanson\/?p=153"},"modified":"2015-09-06T20:03:22","modified_gmt":"2015-09-06T18:03:22","slug":"aylan-kurdi-3-ar-dog-pa-vag-till-frihet","status":"publish","type":"post","link":"https:\/\/wp.kristdemokraterna.se\/janstefanson\/aylan-kurdi-3-ar-dog-pa-vag-till-frihet\/","title":{"rendered":"Alan Kurdi 3 \u00e5r dog p\u00e5 v\u00e4g till frihet"},"content":{"rendered":"<p>Det som utspelar sig i Ungern \u00e4r ov\u00e4rdigt och om\u00e4nskligt. Det som utspelar sig f\u00f6r de familjer som flyr Syrien och de \u00f6vergrepp de flyr fr\u00e5n visar ett Europa som g\u00e4rna samarbetar f\u00f6r eget v\u00e4lst\u00e5nd men sluter sig mot inkr\u00e4ktare n\u00e4r de s\u00f6ker hj\u00e4lp.<\/p>\n<p>Att 13 miljoner\u00a0barn i v\u00e4rlden \u00e4r drabbade av samma \u00f6de talar inte till oss p\u00e5 samma s\u00e4tt som fotografierna av\u00a0Alan Kurdi 3 \u00e5r som spolats upp p\u00e5 stranden i Turkiet. Hans d\u00f6d m\u00e5ste &#8221;\u00d6ppna v\u00e5ra hj\u00e4rtan&#8221;. Annars \u00e4r det ute med oss.<\/p>\n<p>Vi kan inte g\u00f6ra allt men vi kan och m\u00e5ste g\u00f6ra n\u00e5got. Det kan vi!<\/p>\n<p>&nbsp;<\/p>\n","protected":false},"excerpt":{"rendered":"<p>Det som utspelar sig i Ungern \u00e4r ov\u00e4rdigt och om\u00e4nskligt. Det som utspelar sig f\u00f6r de familjer som flyr Syrien och de \u00f6vergrepp de flyr fr\u00e5n visar ett Europa som g\u00e4rna samarbetar f\u00f6r eget v\u00e4lst\u00e5nd men sluter sig mot inkr\u00e4ktare n\u00e4r de s\u00f6ker hj\u00e4lp. Att 13 miljoner\u00a0barn i v\u00e4rlden \u00e4r drabbade av samma \u00f6de talar <a class=\"read-more-link\" href=\"https:\/\/wp.kristdemokraterna.se\/janstefanson\/aylan-kurdi-3-ar-dog-pa-vag-till-frihet\/\">Read More<\/a><\/p>\n","protected":false},"author":530,"featured_media":0,"comment_status":"closed","ping_status":"closed","sticky":false,"template":"","format":"standard","meta":{"_acf_changed":false,"footnotes":""},"categories":[1],"tags":[],"class_list":["post-153","post","type-post","status-publish","format-standard","hentry","category-okategoriserade"],"acf":[],"yoast_head":"<!-- This site is optimized with the Yoast SEO plugin v27.4 - https:\/\/yoast.com\/product\/yoast-seo-wordpress\/ -->\n<title>Alan Kurdi 3 \u00e5r dog p\u00e5 v\u00e4g till frihet - Jan Stefanson<\/title>\n<meta name=\"robots\" content=\"index, follow, max-snippet:-1, max-image-preview:large, max-video-preview:-1\" \/>\n<link rel=\"canonical\" href=\"https:\/\/wp.kristdemokraterna.se\/janstefanson\/aylan-kurdi-3-ar-dog-pa-vag-till-frihet\/\" \/>\n<meta property=\"og:locale\" content=\"sv_SE\" \/>\n<meta property=\"og:type\" content=\"article\" \/>\n<meta property=\"og:title\" content=\"Alan Kurdi 3 \u00e5r dog p\u00e5 v\u00e4g till frihet - Jan Stefanson\" \/>\n<meta property=\"og:description\" content=\"Det som utspelar sig i Ungern \u00e4r ov\u00e4rdigt och om\u00e4nskligt. Det som utspelar sig f\u00f6r de familjer som flyr Syrien och de \u00f6vergrepp de flyr fr\u00e5n visar ett Europa som g\u00e4rna samarbetar f\u00f6r eget v\u00e4lst\u00e5nd men sluter sig mot inkr\u00e4ktare n\u00e4r de s\u00f6ker hj\u00e4lp. Att 13 miljoner\u00a0barn i v\u00e4rlden \u00e4r drabbade av samma \u00f6de talar Read More\" \/>\n<meta property=\"og:url\" content=\"https:\/\/wp.kristdemokraterna.se\/janstefanson\/aylan-kurdi-3-ar-dog-pa-vag-till-frihet\/\" \/>\n<meta property=\"og:site_name\" content=\"Jan Stefanson\" \/>\n<meta property=\"article:published_time\" content=\"2015-09-04T15:25:45+00:00\" \/>\n<meta property=\"article:modified_time\" content=\"2015-09-06T18:03:22+00:00\" \/>\n<meta name=\"author\" content=\"janstefanson\" \/>\n<meta name=\"twitter:card\" content=\"summary_large_image\" \/>\n<meta name=\"twitter:label1\" content=\"Skriven av\" \/>\n\t<meta name=\"twitter:data1\" content=\"janstefanson\" \/>\n\t<meta name=\"twitter:label2\" content=\"Ber\u00e4knad l\u00e4stid\" \/>\n\t<meta name=\"twitter:data2\" content=\"1 minut\" \/>\n<script type=\"application\/ld+json\" class=\"yoast-schema-graph\">{\"@context\":\"https:\\\/\\\/schema.org\",\"@graph\":[{\"@type\":\"Article\",\"@id\":\"https:\\\/\\\/wp.kristdemokraterna.se\\\/janstefanson\\\/aylan-kurdi-3-ar-dog-pa-vag-till-frihet\\\/#article\",\"isPartOf\":{\"@id\":\"https:\\\/\\\/wp.kristdemokraterna.se\\\/janstefanson\\\/aylan-kurdi-3-ar-dog-pa-vag-till-frihet\\\/\"},\"author\":{\"name\":\"janstefanson\",\"@id\":\"https:\\\/\\\/wp.kristdemokraterna.se\\\/janstefanson\\\/#\\\/schema\\\/person\\\/f8122372f46f49cffa0c02a57c89b40f\"},\"headline\":\"Alan Kurdi 3 \u00e5r dog p\u00e5 v\u00e4g till frihet\",\"datePublished\":\"2015-09-04T15:25:45+00:00\",\"dateModified\":\"2015-09-06T18:03:22+00:00\",\"mainEntityOfPage\":{\"@id\":\"https:\\\/\\\/wp.kristdemokraterna.se\\\/janstefanson\\\/aylan-kurdi-3-ar-dog-pa-vag-till-frihet\\\/\"},\"wordCount\":133,\"inLanguage\":\"sv-SE\"},{\"@type\":\"WebPage\",\"@id\":\"https:\\\/\\\/wp.kristdemokraterna.se\\\/janstefanson\\\/aylan-kurdi-3-ar-dog-pa-vag-till-frihet\\\/\",\"url\":\"https:\\\/\\\/wp.kristdemokraterna.se\\\/janstefanson\\\/aylan-kurdi-3-ar-dog-pa-vag-till-frihet\\\/\",\"name\":\"Alan Kurdi 3 \u00e5r dog p\u00e5 v\u00e4g till frihet - Jan Stefanson\",\"isPartOf\":{\"@id\":\"https:\\\/\\\/wp.kristdemokraterna.se\\\/janstefanson\\\/#website\"},\"datePublished\":\"2015-09-04T15:25:45+00:00\",\"dateModified\":\"2015-09-06T18:03:22+00:00\",\"author\":{\"@id\":\"https:\\\/\\\/wp.kristdemokraterna.se\\\/janstefanson\\\/#\\\/schema\\\/person\\\/f8122372f46f49cffa0c02a57c89b40f\"},\"breadcrumb\":{\"@id\":\"https:\\\/\\\/wp.kristdemokraterna.se\\\/janstefanson\\\/aylan-kurdi-3-ar-dog-pa-vag-till-frihet\\\/#breadcrumb\"},\"inLanguage\":\"sv-SE\",\"potentialAction\":[{\"@type\":\"ReadAction\",\"target\":[\"https:\\\/\\\/wp.kristdemokraterna.se\\\/janstefanson\\\/aylan-kurdi-3-ar-dog-pa-vag-till-frihet\\\/\"]}]},{\"@type\":\"BreadcrumbList\",\"@id\":\"https:\\\/\\\/wp.kristdemokraterna.se\\\/janstefanson\\\/aylan-kurdi-3-ar-dog-pa-vag-till-frihet\\\/#breadcrumb\",\"itemListElement\":[{\"@type\":\"ListItem\",\"position\":1,\"name\":\"Hem\",\"item\":\"https:\\\/\\\/wp.kristdemokraterna.se\\\/janstefanson\\\/\"},{\"@type\":\"ListItem\",\"position\":2,\"name\":\"Alan Kurdi 3 \u00e5r dog p\u00e5 v\u00e4g till frihet\"}]},{\"@type\":\"WebSite\",\"@id\":\"https:\\\/\\\/wp.kristdemokraterna.se\\\/janstefanson\\\/#website\",\"url\":\"https:\\\/\\\/wp.kristdemokraterna.se\\\/janstefanson\\\/\",\"name\":\"Jan Stefanson\",\"description\":\"En till Kristdemokraterna webbplats\",\"inLanguage\":\"sv-SE\"},{\"@type\":\"Person\",\"@id\":\"https:\\\/\\\/wp.kristdemokraterna.se\\\/janstefanson\\\/#\\\/schema\\\/person\\\/f8122372f46f49cffa0c02a57c89b40f\",\"name\":\"janstefanson\",\"image\":{\"@type\":\"ImageObject\",\"inLanguage\":\"sv-SE\",\"@id\":\"https:\\\/\\\/secure.gravatar.com\\\/avatar\\\/c8880da1e0ca1fb1fd99d661e99b32931e79d1537ef8441e71fc6630d4b6633c?s=96&r=g\",\"url\":\"https:\\\/\\\/secure.gravatar.com\\\/avatar\\\/c8880da1e0ca1fb1fd99d661e99b32931e79d1537ef8441e71fc6630d4b6633c?s=96&r=g\",\"contentUrl\":\"https:\\\/\\\/secure.gravatar.com\\\/avatar\\\/c8880da1e0ca1fb1fd99d661e99b32931e79d1537ef8441e71fc6630d4b6633c?s=96&r=g\",\"caption\":\"janstefanson\"},\"url\":\"https:\\\/\\\/wp.kristdemokraterna.se\\\/janstefanson\\\/author\\\/janstefanson\\\/\"}]}<\/script>\n<!-- \/ Yoast SEO plugin. -->","yoast_head_json":{"title":"Alan Kurdi 3 \u00e5r dog p\u00e5 v\u00e4g till frihet - Jan Stefanson","robots":{"index":"index","follow":"follow","max-snippet":"max-snippet:-1","max-image-preview":"max-image-preview:large","max-video-preview":"max-video-preview:-1"},"canonical":"https:\/\/wp.kristdemokraterna.se\/janstefanson\/aylan-kurdi-3-ar-dog-pa-vag-till-frihet\/","og_locale":"sv_SE","og_type":"article","og_title":"Alan Kurdi 3 \u00e5r dog p\u00e5 v\u00e4g till frihet - Jan Stefanson","og_description":"Det som utspelar sig i Ungern \u00e4r ov\u00e4rdigt och om\u00e4nskligt. Det som utspelar sig f\u00f6r de familjer som flyr Syrien och de \u00f6vergrepp de flyr fr\u00e5n visar ett Europa som g\u00e4rna samarbetar f\u00f6r eget v\u00e4lst\u00e5nd men sluter sig mot inkr\u00e4ktare n\u00e4r de s\u00f6ker hj\u00e4lp. Att 13 miljoner\u00a0barn i v\u00e4rlden \u00e4r drabbade av samma \u00f6de talar Read More","og_url":"https:\/\/wp.kristdemokraterna.se\/janstefanson\/aylan-kurdi-3-ar-dog-pa-vag-till-frihet\/","og_site_name":"Jan Stefanson","article_published_time":"2015-09-04T15:25:45+00:00","article_modified_time":"2015-09-06T18:03:22+00:00","author":"janstefanson","twitter_card":"summary_large_image","twitter_misc":{"Skriven av":"janstefanson","Ber\u00e4knad l\u00e4stid":"1 minut"},"schema":{"@context":"https:\/\/schema.org","@graph":[{"@type":"Article","@id":"https:\/\/wp.kristdemokraterna.se\/janstefanson\/aylan-kurdi-3-ar-dog-pa-vag-till-frihet\/#article","isPartOf":{"@id":"https:\/\/wp.kristdemokraterna.se\/janstefanson\/aylan-kurdi-3-ar-dog-pa-vag-till-frihet\/"},"author":{"name":"janstefanson","@id":"https:\/\/wp.kristdemokraterna.se\/janstefanson\/#\/schema\/person\/f8122372f46f49cffa0c02a57c89b40f"},"headline":"Alan Kurdi 3 \u00e5r dog p\u00e5 v\u00e4g till frihet","datePublished":"2015-09-04T15:25:45+00:00","dateModified":"2015-09-06T18:03:22+00:00","mainEntityOfPage":{"@id":"https:\/\/wp.kristdemokraterna.se\/janstefanson\/aylan-kurdi-3-ar-dog-pa-vag-till-frihet\/"},"wordCount":133,"inLanguage":"sv-SE"},{"@type":"WebPage","@id":"https:\/\/wp.kristdemokraterna.se\/janstefanson\/aylan-kurdi-3-ar-dog-pa-vag-till-frihet\/","url":"https:\/\/wp.kristdemokraterna.se\/janstefanson\/aylan-kurdi-3-ar-dog-pa-vag-till-frihet\/","name":"Alan Kurdi 3 \u00e5r dog p\u00e5 v\u00e4g till frihet - Jan Stefanson","isPartOf":{"@id":"https:\/\/wp.kristdemokraterna.se\/janstefanson\/#website"},"datePublished":"2015-09-04T15:25:45+00:00","dateModified":"2015-09-06T18:03:22+00:00","author":{"@id":"https:\/\/wp.kristdemokraterna.se\/janstefanson\/#\/schema\/person\/f8122372f46f49cffa0c02a57c89b40f"},"breadcrumb":{"@id":"https:\/\/wp.kristdemokraterna.se\/janstefanson\/aylan-kurdi-3-ar-dog-pa-vag-till-frihet\/#breadcrumb"},"inLanguage":"sv-SE","potentialAction":[{"@type":"ReadAction","target":["https:\/\/wp.kristdemokraterna.se\/janstefanson\/aylan-kurdi-3-ar-dog-pa-vag-till-frihet\/"]}]},{"@type":"BreadcrumbList","@id":"https:\/\/wp.kristdemokraterna.se\/janstefanson\/aylan-kurdi-3-ar-dog-pa-vag-till-frihet\/#breadcrumb","itemListElement":[{"@type":"ListItem","position":1,"name":"Hem","item":"https:\/\/wp.kristdemokraterna.se\/janstefanson\/"},{"@type":"ListItem","position":2,"name":"Alan Kurdi 3 \u00e5r dog p\u00e5 v\u00e4g till frihet"}]},{"@type":"WebSite","@id":"https:\/\/wp.kristdemokraterna.se\/janstefanson\/#website","url":"https:\/\/wp.kristdemokraterna.se\/janstefanson\/","name":"Jan Stefanson","description":"En till Kristdemokraterna webbplats","inLanguage":"sv-SE"},{"@type":"Person","@id":"https:\/\/wp.kristdemokraterna.se\/janstefanson\/#\/schema\/person\/f8122372f46f49cffa0c02a57c89b40f","name":"janstefanson","image":{"@type":"ImageObject","inLanguage":"sv-SE","@id":"https:\/\/secure.gravatar.com\/avatar\/c8880da1e0ca1fb1fd99d661e99b32931e79d1537ef8441e71fc6630d4b6633c?s=96&r=g","url":"https:\/\/secure.gravatar.com\/avatar\/c8880da1e0ca1fb1fd99d661e99b32931e79d1537ef8441e71fc6630d4b6633c?s=96&r=g","contentUrl":"https:\/\/secure.gravatar.com\/avatar\/c8880da1e0ca1fb1fd99d661e99b32931e79d1537ef8441e71fc6630d4b6633c?s=96&r=g","caption":"janstefanson"},"url":"https:\/\/wp.kristdemokraterna.se\/janstefanson\/author\/janstefanson\/"}]}},"_links":{"self":[{"href":"https:\/\/wp.kristdemokraterna.se\/janstefanson\/wp-json\/wp\/v2\/posts\/153","targetHints":{"allow":["GET"]}}],"collection":[{"href":"https:\/\/wp.kristdemokraterna.se\/janstefanson\/wp-json\/wp\/v2\/posts"}],"about":[{"href":"https:\/\/wp.kristdemokraterna.se\/janstefanson\/wp-json\/wp\/v2\/types\/post"}],"author":[{"embeddable":true,"href":"https:\/\/wp.kristdemokraterna.se\/janstefanson\/wp-json\/wp\/v2\/users\/530"}],"replies":[{"embeddable":true,"href":"https:\/\/wp.kristdemokraterna.se\/janstefanson\/wp-json\/wp\/v2\/comments?post=153"}],"version-history":[{"count":3,"href":"https:\/\/wp.kristdemokraterna.se\/janstefanson\/wp-json\/wp\/v2\/posts\/153\/revisions"}],"predecessor-version":[{"id":160,"href":"https:\/\/wp.kristdemokraterna.se\/janstefanson\/wp-json\/wp\/v2\/posts\/153\/revisions\/160"}],"wp:attachment":[{"href":"https:\/\/wp.kristdemokraterna.se\/janstefanson\/wp-json\/wp\/v2\/media?parent=153"}],"wp:term":[{"taxonomy":"category","embeddable":true,"href":"https:\/\/wp.kristdemokraterna.se\/janstefanson\/wp-json\/wp\/v2\/categories?post=153"},{"taxonomy":"post_tag","embeddable":true,"href":"https:\/\/wp.kristdemokraterna.se\/janstefanson\/wp-json\/wp\/v2\/tags?post=153"}],"curies":[{"name":"wp","href":"https:\/\/api.w.org\/{rel}","templated":true}]}}