{"id":170,"date":"2015-09-14T10:51:59","date_gmt":"2015-09-14T08:51:59","guid":{"rendered":"http:\/\/wp.kristdemokraterna.se\/janstefanson\/?p=170"},"modified":"2015-09-14T10:52:10","modified_gmt":"2015-09-14T08:52:10","slug":"ryttarforeningens-stall-i-langbank","status":"publish","type":"post","link":"https:\/\/wp.kristdemokraterna.se\/janstefanson\/ryttarforeningens-stall-i-langbank\/","title":{"rendered":"Ryttarf\u00f6reningens stall i l\u00e5ngb\u00e4nk"},"content":{"rendered":"<p>Vi beslutade att tillm\u00f6tesg\u00e5 Upplands-Bro ryttarf\u00f6renings \u00f6nskan att bygga ett nytt stall. Det gamla var utd\u00f6mt. Nu har det snart g\u00e5tt fyra \u00e5r sedan beslutet. \u00c4nnu inget stall. Beslutet har \u00f6verklagats och fortsatt \u00f6verklagats och ligger nu och v\u00e4ntar p\u00e5 en dom.<\/p>\n<p>Under tiden har moderaterna bytt uppfattning efter valf\u00f6rlusten. Nu vill man inte bygga stallet utan utreda placeringen. Det skulle i s\u00e5 fall inneb\u00e4ra ytterligare f\u00f6rdr\u00f6jning med flera \u00e5r. Besluts\u00e5ngest!<\/p>\n","protected":false},"excerpt":{"rendered":"<p>Vi beslutade att tillm\u00f6tesg\u00e5 Upplands-Bro ryttarf\u00f6renings \u00f6nskan att bygga ett nytt stall. Det gamla var utd\u00f6mt. Nu har det snart g\u00e5tt fyra \u00e5r sedan beslutet. \u00c4nnu inget stall. Beslutet har \u00f6verklagats och fortsatt \u00f6verklagats och ligger nu och v\u00e4ntar p\u00e5 en dom. Under tiden har moderaterna bytt uppfattning efter valf\u00f6rlusten. Nu vill man inte bygga <a class=\"read-more-link\" href=\"https:\/\/wp.kristdemokraterna.se\/janstefanson\/ryttarforeningens-stall-i-langbank\/\">Read More<\/a><\/p>\n","protected":false},"author":530,"featured_media":0,"comment_status":"closed","ping_status":"closed","sticky":false,"template":"","format":"standard","meta":{"_acf_changed":false,"footnotes":""},"categories":[1],"tags":[],"class_list":["post-170","post","type-post","status-publish","format-standard","hentry","category-okategoriserade"],"acf":[],"yoast_head":"<!-- This site is optimized with the Yoast SEO plugin v27.4 - https:\/\/yoast.com\/product\/yoast-seo-wordpress\/ -->\n<title>Ryttarf\u00f6reningens stall i l\u00e5ngb\u00e4nk - Jan Stefanson<\/title>\n<meta name=\"robots\" content=\"index, follow, max-snippet:-1, max-image-preview:large, max-video-preview:-1\" \/>\n<link rel=\"canonical\" href=\"https:\/\/wp.kristdemokraterna.se\/janstefanson\/ryttarforeningens-stall-i-langbank\/\" \/>\n<meta property=\"og:locale\" content=\"sv_SE\" \/>\n<meta property=\"og:type\" content=\"article\" \/>\n<meta property=\"og:title\" content=\"Ryttarf\u00f6reningens stall i l\u00e5ngb\u00e4nk - Jan Stefanson\" \/>\n<meta property=\"og:description\" content=\"Vi beslutade att tillm\u00f6tesg\u00e5 Upplands-Bro ryttarf\u00f6renings \u00f6nskan att bygga ett nytt stall. Det gamla var utd\u00f6mt. Nu har det snart g\u00e5tt fyra \u00e5r sedan beslutet. \u00c4nnu inget stall. Beslutet har \u00f6verklagats och fortsatt \u00f6verklagats och ligger nu och v\u00e4ntar p\u00e5 en dom. Under tiden har moderaterna bytt uppfattning efter valf\u00f6rlusten. Nu vill man inte bygga Read More\" \/>\n<meta property=\"og:url\" content=\"https:\/\/wp.kristdemokraterna.se\/janstefanson\/ryttarforeningens-stall-i-langbank\/\" \/>\n<meta property=\"og:site_name\" content=\"Jan Stefanson\" \/>\n<meta property=\"article:published_time\" content=\"2015-09-14T08:51:59+00:00\" \/>\n<meta property=\"article:modified_time\" content=\"2015-09-14T08:52:10+00:00\" \/>\n<meta name=\"author\" content=\"janstefanson\" \/>\n<meta name=\"twitter:card\" content=\"summary_large_image\" \/>\n<meta name=\"twitter:label1\" content=\"Skriven av\" \/>\n\t<meta name=\"twitter:data1\" content=\"janstefanson\" \/>\n<script type=\"application\/ld+json\" class=\"yoast-schema-graph\">{\"@context\":\"https:\\\/\\\/schema.org\",\"@graph\":[{\"@type\":\"Article\",\"@id\":\"https:\\\/\\\/wp.kristdemokraterna.se\\\/janstefanson\\\/ryttarforeningens-stall-i-langbank\\\/#article\",\"isPartOf\":{\"@id\":\"https:\\\/\\\/wp.kristdemokraterna.se\\\/janstefanson\\\/ryttarforeningens-stall-i-langbank\\\/\"},\"author\":{\"name\":\"janstefanson\",\"@id\":\"https:\\\/\\\/wp.kristdemokraterna.se\\\/janstefanson\\\/#\\\/schema\\\/person\\\/f8122372f46f49cffa0c02a57c89b40f\"},\"headline\":\"Ryttarf\u00f6reningens stall i l\u00e5ngb\u00e4nk\",\"datePublished\":\"2015-09-14T08:51:59+00:00\",\"dateModified\":\"2015-09-14T08:52:10+00:00\",\"mainEntityOfPage\":{\"@id\":\"https:\\\/\\\/wp.kristdemokraterna.se\\\/janstefanson\\\/ryttarforeningens-stall-i-langbank\\\/\"},\"wordCount\":88,\"inLanguage\":\"sv-SE\"},{\"@type\":\"WebPage\",\"@id\":\"https:\\\/\\\/wp.kristdemokraterna.se\\\/janstefanson\\\/ryttarforeningens-stall-i-langbank\\\/\",\"url\":\"https:\\\/\\\/wp.kristdemokraterna.se\\\/janstefanson\\\/ryttarforeningens-stall-i-langbank\\\/\",\"name\":\"Ryttarf\u00f6reningens stall i l\u00e5ngb\u00e4nk - Jan Stefanson\",\"isPartOf\":{\"@id\":\"https:\\\/\\\/wp.kristdemokraterna.se\\\/janstefanson\\\/#website\"},\"datePublished\":\"2015-09-14T08:51:59+00:00\",\"dateModified\":\"2015-09-14T08:52:10+00:00\",\"author\":{\"@id\":\"https:\\\/\\\/wp.kristdemokraterna.se\\\/janstefanson\\\/#\\\/schema\\\/person\\\/f8122372f46f49cffa0c02a57c89b40f\"},\"breadcrumb\":{\"@id\":\"https:\\\/\\\/wp.kristdemokraterna.se\\\/janstefanson\\\/ryttarforeningens-stall-i-langbank\\\/#breadcrumb\"},\"inLanguage\":\"sv-SE\",\"potentialAction\":[{\"@type\":\"ReadAction\",\"target\":[\"https:\\\/\\\/wp.kristdemokraterna.se\\\/janstefanson\\\/ryttarforeningens-stall-i-langbank\\\/\"]}]},{\"@type\":\"BreadcrumbList\",\"@id\":\"https:\\\/\\\/wp.kristdemokraterna.se\\\/janstefanson\\\/ryttarforeningens-stall-i-langbank\\\/#breadcrumb\",\"itemListElement\":[{\"@type\":\"ListItem\",\"position\":1,\"name\":\"Hem\",\"item\":\"https:\\\/\\\/wp.kristdemokraterna.se\\\/janstefanson\\\/\"},{\"@type\":\"ListItem\",\"position\":2,\"name\":\"Ryttarf\u00f6reningens stall i l\u00e5ngb\u00e4nk\"}]},{\"@type\":\"WebSite\",\"@id\":\"https:\\\/\\\/wp.kristdemokraterna.se\\\/janstefanson\\\/#website\",\"url\":\"https:\\\/\\\/wp.kristdemokraterna.se\\\/janstefanson\\\/\",\"name\":\"Jan Stefanson\",\"description\":\"En till Kristdemokraterna webbplats\",\"inLanguage\":\"sv-SE\"},{\"@type\":\"Person\",\"@id\":\"https:\\\/\\\/wp.kristdemokraterna.se\\\/janstefanson\\\/#\\\/schema\\\/person\\\/f8122372f46f49cffa0c02a57c89b40f\",\"name\":\"janstefanson\",\"image\":{\"@type\":\"ImageObject\",\"inLanguage\":\"sv-SE\",\"@id\":\"https:\\\/\\\/secure.gravatar.com\\\/avatar\\\/c8880da1e0ca1fb1fd99d661e99b32931e79d1537ef8441e71fc6630d4b6633c?s=96&r=g\",\"url\":\"https:\\\/\\\/secure.gravatar.com\\\/avatar\\\/c8880da1e0ca1fb1fd99d661e99b32931e79d1537ef8441e71fc6630d4b6633c?s=96&r=g\",\"contentUrl\":\"https:\\\/\\\/secure.gravatar.com\\\/avatar\\\/c8880da1e0ca1fb1fd99d661e99b32931e79d1537ef8441e71fc6630d4b6633c?s=96&r=g\",\"caption\":\"janstefanson\"},\"url\":\"https:\\\/\\\/wp.kristdemokraterna.se\\\/janstefanson\\\/author\\\/janstefanson\\\/\"}]}<\/script>\n<!-- \/ Yoast SEO plugin. -->","yoast_head_json":{"title":"Ryttarf\u00f6reningens stall i l\u00e5ngb\u00e4nk - Jan Stefanson","robots":{"index":"index","follow":"follow","max-snippet":"max-snippet:-1","max-image-preview":"max-image-preview:large","max-video-preview":"max-video-preview:-1"},"canonical":"https:\/\/wp.kristdemokraterna.se\/janstefanson\/ryttarforeningens-stall-i-langbank\/","og_locale":"sv_SE","og_type":"article","og_title":"Ryttarf\u00f6reningens stall i l\u00e5ngb\u00e4nk - Jan Stefanson","og_description":"Vi beslutade att tillm\u00f6tesg\u00e5 Upplands-Bro ryttarf\u00f6renings \u00f6nskan att bygga ett nytt stall. Det gamla var utd\u00f6mt. Nu har det snart g\u00e5tt fyra \u00e5r sedan beslutet. \u00c4nnu inget stall. Beslutet har \u00f6verklagats och fortsatt \u00f6verklagats och ligger nu och v\u00e4ntar p\u00e5 en dom. Under tiden har moderaterna bytt uppfattning efter valf\u00f6rlusten. Nu vill man inte bygga Read More","og_url":"https:\/\/wp.kristdemokraterna.se\/janstefanson\/ryttarforeningens-stall-i-langbank\/","og_site_name":"Jan Stefanson","article_published_time":"2015-09-14T08:51:59+00:00","article_modified_time":"2015-09-14T08:52:10+00:00","author":"janstefanson","twitter_card":"summary_large_image","twitter_misc":{"Skriven av":"janstefanson"},"schema":{"@context":"https:\/\/schema.org","@graph":[{"@type":"Article","@id":"https:\/\/wp.kristdemokraterna.se\/janstefanson\/ryttarforeningens-stall-i-langbank\/#article","isPartOf":{"@id":"https:\/\/wp.kristdemokraterna.se\/janstefanson\/ryttarforeningens-stall-i-langbank\/"},"author":{"name":"janstefanson","@id":"https:\/\/wp.kristdemokraterna.se\/janstefanson\/#\/schema\/person\/f8122372f46f49cffa0c02a57c89b40f"},"headline":"Ryttarf\u00f6reningens stall i l\u00e5ngb\u00e4nk","datePublished":"2015-09-14T08:51:59+00:00","dateModified":"2015-09-14T08:52:10+00:00","mainEntityOfPage":{"@id":"https:\/\/wp.kristdemokraterna.se\/janstefanson\/ryttarforeningens-stall-i-langbank\/"},"wordCount":88,"inLanguage":"sv-SE"},{"@type":"WebPage","@id":"https:\/\/wp.kristdemokraterna.se\/janstefanson\/ryttarforeningens-stall-i-langbank\/","url":"https:\/\/wp.kristdemokraterna.se\/janstefanson\/ryttarforeningens-stall-i-langbank\/","name":"Ryttarf\u00f6reningens stall i l\u00e5ngb\u00e4nk - Jan Stefanson","isPartOf":{"@id":"https:\/\/wp.kristdemokraterna.se\/janstefanson\/#website"},"datePublished":"2015-09-14T08:51:59+00:00","dateModified":"2015-09-14T08:52:10+00:00","author":{"@id":"https:\/\/wp.kristdemokraterna.se\/janstefanson\/#\/schema\/person\/f8122372f46f49cffa0c02a57c89b40f"},"breadcrumb":{"@id":"https:\/\/wp.kristdemokraterna.se\/janstefanson\/ryttarforeningens-stall-i-langbank\/#breadcrumb"},"inLanguage":"sv-SE","potentialAction":[{"@type":"ReadAction","target":["https:\/\/wp.kristdemokraterna.se\/janstefanson\/ryttarforeningens-stall-i-langbank\/"]}]},{"@type":"BreadcrumbList","@id":"https:\/\/wp.kristdemokraterna.se\/janstefanson\/ryttarforeningens-stall-i-langbank\/#breadcrumb","itemListElement":[{"@type":"ListItem","position":1,"name":"Hem","item":"https:\/\/wp.kristdemokraterna.se\/janstefanson\/"},{"@type":"ListItem","position":2,"name":"Ryttarf\u00f6reningens stall i l\u00e5ngb\u00e4nk"}]},{"@type":"WebSite","@id":"https:\/\/wp.kristdemokraterna.se\/janstefanson\/#website","url":"https:\/\/wp.kristdemokraterna.se\/janstefanson\/","name":"Jan Stefanson","description":"En till Kristdemokraterna webbplats","inLanguage":"sv-SE"},{"@type":"Person","@id":"https:\/\/wp.kristdemokraterna.se\/janstefanson\/#\/schema\/person\/f8122372f46f49cffa0c02a57c89b40f","name":"janstefanson","image":{"@type":"ImageObject","inLanguage":"sv-SE","@id":"https:\/\/secure.gravatar.com\/avatar\/c8880da1e0ca1fb1fd99d661e99b32931e79d1537ef8441e71fc6630d4b6633c?s=96&r=g","url":"https:\/\/secure.gravatar.com\/avatar\/c8880da1e0ca1fb1fd99d661e99b32931e79d1537ef8441e71fc6630d4b6633c?s=96&r=g","contentUrl":"https:\/\/secure.gravatar.com\/avatar\/c8880da1e0ca1fb1fd99d661e99b32931e79d1537ef8441e71fc6630d4b6633c?s=96&r=g","caption":"janstefanson"},"url":"https:\/\/wp.kristdemokraterna.se\/janstefanson\/author\/janstefanson\/"}]}},"_links":{"self":[{"href":"https:\/\/wp.kristdemokraterna.se\/janstefanson\/wp-json\/wp\/v2\/posts\/170","targetHints":{"allow":["GET"]}}],"collection":[{"href":"https:\/\/wp.kristdemokraterna.se\/janstefanson\/wp-json\/wp\/v2\/posts"}],"about":[{"href":"https:\/\/wp.kristdemokraterna.se\/janstefanson\/wp-json\/wp\/v2\/types\/post"}],"author":[{"embeddable":true,"href":"https:\/\/wp.kristdemokraterna.se\/janstefanson\/wp-json\/wp\/v2\/users\/530"}],"replies":[{"embeddable":true,"href":"https:\/\/wp.kristdemokraterna.se\/janstefanson\/wp-json\/wp\/v2\/comments?post=170"}],"version-history":[{"count":1,"href":"https:\/\/wp.kristdemokraterna.se\/janstefanson\/wp-json\/wp\/v2\/posts\/170\/revisions"}],"predecessor-version":[{"id":171,"href":"https:\/\/wp.kristdemokraterna.se\/janstefanson\/wp-json\/wp\/v2\/posts\/170\/revisions\/171"}],"wp:attachment":[{"href":"https:\/\/wp.kristdemokraterna.se\/janstefanson\/wp-json\/wp\/v2\/media?parent=170"}],"wp:term":[{"taxonomy":"category","embeddable":true,"href":"https:\/\/wp.kristdemokraterna.se\/janstefanson\/wp-json\/wp\/v2\/categories?post=170"},{"taxonomy":"post_tag","embeddable":true,"href":"https:\/\/wp.kristdemokraterna.se\/janstefanson\/wp-json\/wp\/v2\/tags?post=170"}],"curies":[{"name":"wp","href":"https:\/\/api.w.org\/{rel}","templated":true}]}}