{"id":173,"date":"2015-09-16T16:14:45","date_gmt":"2015-09-16T14:14:45","guid":{"rendered":"http:\/\/wp.kristdemokraterna.se\/janstefanson\/?p=173"},"modified":"2015-09-16T16:16:03","modified_gmt":"2015-09-16T14:16:03","slug":"nej-till-kattpark","status":"publish","type":"post","link":"https:\/\/wp.kristdemokraterna.se\/janstefanson\/nej-till-kattpark\/","title":{"rendered":"Nej till Kattpark"},"content":{"rendered":"<p>Vid senaste kommunfullm\u00e4ktige hade en medborgare f\u00f6reslagit att det skulle anl\u00e4ggas en park f\u00f6r kommunens katter. Nej! &#8211; blev svaret.<\/p>\n<p>Medborgarf\u00f6rslag \u00e4r en bra grej. Man f\u00e5r en id\u00e9 skriver ner den p\u00e5 ett papper och l\u00e4mnar in den i receptionen i kommunhuset eller postar, och kallar det medborgarf\u00f6rslag. Id\u00e9n pr\u00f6vas av hela den kommunala apparaten oavsett om det \u00e4r en stor eller liten fr\u00e5ga och man f\u00e5r ett svar.\u00a0\u00c4ven om Kattparken inte blir av s\u00e5 finns det andra medborgarf\u00f6rslag som genomf\u00f6rs.<\/p>\n<p>Har du en id\u00e9- g\u00f6r slag i saken och skriv ner den p\u00e5 ett papper. Vips har du ett medborgarf\u00f6rslag.<\/p>\n","protected":false},"excerpt":{"rendered":"<p>Vid senaste kommunfullm\u00e4ktige hade en medborgare f\u00f6reslagit att det skulle anl\u00e4ggas en park f\u00f6r kommunens katter. Nej! &#8211; blev svaret. Medborgarf\u00f6rslag \u00e4r en bra grej. Man f\u00e5r en id\u00e9 skriver ner den p\u00e5 ett papper och l\u00e4mnar in den i receptionen i kommunhuset eller postar, och kallar det medborgarf\u00f6rslag. Id\u00e9n pr\u00f6vas av hela den kommunala <a class=\"read-more-link\" href=\"https:\/\/wp.kristdemokraterna.se\/janstefanson\/nej-till-kattpark\/\">Read More<\/a><\/p>\n","protected":false},"author":530,"featured_media":0,"comment_status":"closed","ping_status":"closed","sticky":false,"template":"","format":"standard","meta":{"_acf_changed":false,"footnotes":""},"categories":[1],"tags":[],"class_list":["post-173","post","type-post","status-publish","format-standard","hentry","category-okategoriserade"],"acf":[],"yoast_head":"<!-- This site is optimized with the Yoast SEO plugin v27.4 - https:\/\/yoast.com\/product\/yoast-seo-wordpress\/ -->\n<title>Nej till Kattpark - Jan Stefanson<\/title>\n<meta name=\"robots\" content=\"index, follow, max-snippet:-1, max-image-preview:large, max-video-preview:-1\" \/>\n<link rel=\"canonical\" href=\"https:\/\/wp.kristdemokraterna.se\/janstefanson\/nej-till-kattpark\/\" \/>\n<meta property=\"og:locale\" content=\"sv_SE\" \/>\n<meta property=\"og:type\" content=\"article\" \/>\n<meta property=\"og:title\" content=\"Nej till Kattpark - Jan Stefanson\" \/>\n<meta property=\"og:description\" content=\"Vid senaste kommunfullm\u00e4ktige hade en medborgare f\u00f6reslagit att det skulle anl\u00e4ggas en park f\u00f6r kommunens katter. Nej! &#8211; blev svaret. Medborgarf\u00f6rslag \u00e4r en bra grej. Man f\u00e5r en id\u00e9 skriver ner den p\u00e5 ett papper och l\u00e4mnar in den i receptionen i kommunhuset eller postar, och kallar det medborgarf\u00f6rslag. Id\u00e9n pr\u00f6vas av hela den kommunala Read More\" \/>\n<meta property=\"og:url\" content=\"https:\/\/wp.kristdemokraterna.se\/janstefanson\/nej-till-kattpark\/\" \/>\n<meta property=\"og:site_name\" content=\"Jan Stefanson\" \/>\n<meta property=\"article:published_time\" content=\"2015-09-16T14:14:45+00:00\" \/>\n<meta property=\"article:modified_time\" content=\"2015-09-16T14:16:03+00:00\" \/>\n<meta name=\"author\" content=\"janstefanson\" \/>\n<meta name=\"twitter:card\" content=\"summary_large_image\" \/>\n<meta name=\"twitter:label1\" content=\"Skriven av\" \/>\n\t<meta name=\"twitter:data1\" content=\"janstefanson\" \/>\n\t<meta name=\"twitter:label2\" content=\"Ber\u00e4knad l\u00e4stid\" \/>\n\t<meta name=\"twitter:data2\" content=\"1 minut\" \/>\n<script type=\"application\/ld+json\" class=\"yoast-schema-graph\">{\"@context\":\"https:\\\/\\\/schema.org\",\"@graph\":[{\"@type\":\"Article\",\"@id\":\"https:\\\/\\\/wp.kristdemokraterna.se\\\/janstefanson\\\/nej-till-kattpark\\\/#article\",\"isPartOf\":{\"@id\":\"https:\\\/\\\/wp.kristdemokraterna.se\\\/janstefanson\\\/nej-till-kattpark\\\/\"},\"author\":{\"name\":\"janstefanson\",\"@id\":\"https:\\\/\\\/wp.kristdemokraterna.se\\\/janstefanson\\\/#\\\/schema\\\/person\\\/f8122372f46f49cffa0c02a57c89b40f\"},\"headline\":\"Nej till Kattpark\",\"datePublished\":\"2015-09-16T14:14:45+00:00\",\"dateModified\":\"2015-09-16T14:16:03+00:00\",\"mainEntityOfPage\":{\"@id\":\"https:\\\/\\\/wp.kristdemokraterna.se\\\/janstefanson\\\/nej-till-kattpark\\\/\"},\"wordCount\":123,\"inLanguage\":\"sv-SE\"},{\"@type\":\"WebPage\",\"@id\":\"https:\\\/\\\/wp.kristdemokraterna.se\\\/janstefanson\\\/nej-till-kattpark\\\/\",\"url\":\"https:\\\/\\\/wp.kristdemokraterna.se\\\/janstefanson\\\/nej-till-kattpark\\\/\",\"name\":\"Nej till Kattpark - Jan Stefanson\",\"isPartOf\":{\"@id\":\"https:\\\/\\\/wp.kristdemokraterna.se\\\/janstefanson\\\/#website\"},\"datePublished\":\"2015-09-16T14:14:45+00:00\",\"dateModified\":\"2015-09-16T14:16:03+00:00\",\"author\":{\"@id\":\"https:\\\/\\\/wp.kristdemokraterna.se\\\/janstefanson\\\/#\\\/schema\\\/person\\\/f8122372f46f49cffa0c02a57c89b40f\"},\"breadcrumb\":{\"@id\":\"https:\\\/\\\/wp.kristdemokraterna.se\\\/janstefanson\\\/nej-till-kattpark\\\/#breadcrumb\"},\"inLanguage\":\"sv-SE\",\"potentialAction\":[{\"@type\":\"ReadAction\",\"target\":[\"https:\\\/\\\/wp.kristdemokraterna.se\\\/janstefanson\\\/nej-till-kattpark\\\/\"]}]},{\"@type\":\"BreadcrumbList\",\"@id\":\"https:\\\/\\\/wp.kristdemokraterna.se\\\/janstefanson\\\/nej-till-kattpark\\\/#breadcrumb\",\"itemListElement\":[{\"@type\":\"ListItem\",\"position\":1,\"name\":\"Hem\",\"item\":\"https:\\\/\\\/wp.kristdemokraterna.se\\\/janstefanson\\\/\"},{\"@type\":\"ListItem\",\"position\":2,\"name\":\"Nej till Kattpark\"}]},{\"@type\":\"WebSite\",\"@id\":\"https:\\\/\\\/wp.kristdemokraterna.se\\\/janstefanson\\\/#website\",\"url\":\"https:\\\/\\\/wp.kristdemokraterna.se\\\/janstefanson\\\/\",\"name\":\"Jan Stefanson\",\"description\":\"En till Kristdemokraterna webbplats\",\"inLanguage\":\"sv-SE\"},{\"@type\":\"Person\",\"@id\":\"https:\\\/\\\/wp.kristdemokraterna.se\\\/janstefanson\\\/#\\\/schema\\\/person\\\/f8122372f46f49cffa0c02a57c89b40f\",\"name\":\"janstefanson\",\"image\":{\"@type\":\"ImageObject\",\"inLanguage\":\"sv-SE\",\"@id\":\"https:\\\/\\\/secure.gravatar.com\\\/avatar\\\/c8880da1e0ca1fb1fd99d661e99b32931e79d1537ef8441e71fc6630d4b6633c?s=96&r=g\",\"url\":\"https:\\\/\\\/secure.gravatar.com\\\/avatar\\\/c8880da1e0ca1fb1fd99d661e99b32931e79d1537ef8441e71fc6630d4b6633c?s=96&r=g\",\"contentUrl\":\"https:\\\/\\\/secure.gravatar.com\\\/avatar\\\/c8880da1e0ca1fb1fd99d661e99b32931e79d1537ef8441e71fc6630d4b6633c?s=96&r=g\",\"caption\":\"janstefanson\"},\"url\":\"https:\\\/\\\/wp.kristdemokraterna.se\\\/janstefanson\\\/author\\\/janstefanson\\\/\"}]}<\/script>\n<!-- \/ Yoast SEO plugin. -->","yoast_head_json":{"title":"Nej till Kattpark - Jan Stefanson","robots":{"index":"index","follow":"follow","max-snippet":"max-snippet:-1","max-image-preview":"max-image-preview:large","max-video-preview":"max-video-preview:-1"},"canonical":"https:\/\/wp.kristdemokraterna.se\/janstefanson\/nej-till-kattpark\/","og_locale":"sv_SE","og_type":"article","og_title":"Nej till Kattpark - Jan Stefanson","og_description":"Vid senaste kommunfullm\u00e4ktige hade en medborgare f\u00f6reslagit att det skulle anl\u00e4ggas en park f\u00f6r kommunens katter. Nej! &#8211; blev svaret. Medborgarf\u00f6rslag \u00e4r en bra grej. Man f\u00e5r en id\u00e9 skriver ner den p\u00e5 ett papper och l\u00e4mnar in den i receptionen i kommunhuset eller postar, och kallar det medborgarf\u00f6rslag. Id\u00e9n pr\u00f6vas av hela den kommunala Read More","og_url":"https:\/\/wp.kristdemokraterna.se\/janstefanson\/nej-till-kattpark\/","og_site_name":"Jan Stefanson","article_published_time":"2015-09-16T14:14:45+00:00","article_modified_time":"2015-09-16T14:16:03+00:00","author":"janstefanson","twitter_card":"summary_large_image","twitter_misc":{"Skriven av":"janstefanson","Ber\u00e4knad l\u00e4stid":"1 minut"},"schema":{"@context":"https:\/\/schema.org","@graph":[{"@type":"Article","@id":"https:\/\/wp.kristdemokraterna.se\/janstefanson\/nej-till-kattpark\/#article","isPartOf":{"@id":"https:\/\/wp.kristdemokraterna.se\/janstefanson\/nej-till-kattpark\/"},"author":{"name":"janstefanson","@id":"https:\/\/wp.kristdemokraterna.se\/janstefanson\/#\/schema\/person\/f8122372f46f49cffa0c02a57c89b40f"},"headline":"Nej till Kattpark","datePublished":"2015-09-16T14:14:45+00:00","dateModified":"2015-09-16T14:16:03+00:00","mainEntityOfPage":{"@id":"https:\/\/wp.kristdemokraterna.se\/janstefanson\/nej-till-kattpark\/"},"wordCount":123,"inLanguage":"sv-SE"},{"@type":"WebPage","@id":"https:\/\/wp.kristdemokraterna.se\/janstefanson\/nej-till-kattpark\/","url":"https:\/\/wp.kristdemokraterna.se\/janstefanson\/nej-till-kattpark\/","name":"Nej till Kattpark - Jan Stefanson","isPartOf":{"@id":"https:\/\/wp.kristdemokraterna.se\/janstefanson\/#website"},"datePublished":"2015-09-16T14:14:45+00:00","dateModified":"2015-09-16T14:16:03+00:00","author":{"@id":"https:\/\/wp.kristdemokraterna.se\/janstefanson\/#\/schema\/person\/f8122372f46f49cffa0c02a57c89b40f"},"breadcrumb":{"@id":"https:\/\/wp.kristdemokraterna.se\/janstefanson\/nej-till-kattpark\/#breadcrumb"},"inLanguage":"sv-SE","potentialAction":[{"@type":"ReadAction","target":["https:\/\/wp.kristdemokraterna.se\/janstefanson\/nej-till-kattpark\/"]}]},{"@type":"BreadcrumbList","@id":"https:\/\/wp.kristdemokraterna.se\/janstefanson\/nej-till-kattpark\/#breadcrumb","itemListElement":[{"@type":"ListItem","position":1,"name":"Hem","item":"https:\/\/wp.kristdemokraterna.se\/janstefanson\/"},{"@type":"ListItem","position":2,"name":"Nej till Kattpark"}]},{"@type":"WebSite","@id":"https:\/\/wp.kristdemokraterna.se\/janstefanson\/#website","url":"https:\/\/wp.kristdemokraterna.se\/janstefanson\/","name":"Jan Stefanson","description":"En till Kristdemokraterna webbplats","inLanguage":"sv-SE"},{"@type":"Person","@id":"https:\/\/wp.kristdemokraterna.se\/janstefanson\/#\/schema\/person\/f8122372f46f49cffa0c02a57c89b40f","name":"janstefanson","image":{"@type":"ImageObject","inLanguage":"sv-SE","@id":"https:\/\/secure.gravatar.com\/avatar\/c8880da1e0ca1fb1fd99d661e99b32931e79d1537ef8441e71fc6630d4b6633c?s=96&r=g","url":"https:\/\/secure.gravatar.com\/avatar\/c8880da1e0ca1fb1fd99d661e99b32931e79d1537ef8441e71fc6630d4b6633c?s=96&r=g","contentUrl":"https:\/\/secure.gravatar.com\/avatar\/c8880da1e0ca1fb1fd99d661e99b32931e79d1537ef8441e71fc6630d4b6633c?s=96&r=g","caption":"janstefanson"},"url":"https:\/\/wp.kristdemokraterna.se\/janstefanson\/author\/janstefanson\/"}]}},"_links":{"self":[{"href":"https:\/\/wp.kristdemokraterna.se\/janstefanson\/wp-json\/wp\/v2\/posts\/173","targetHints":{"allow":["GET"]}}],"collection":[{"href":"https:\/\/wp.kristdemokraterna.se\/janstefanson\/wp-json\/wp\/v2\/posts"}],"about":[{"href":"https:\/\/wp.kristdemokraterna.se\/janstefanson\/wp-json\/wp\/v2\/types\/post"}],"author":[{"embeddable":true,"href":"https:\/\/wp.kristdemokraterna.se\/janstefanson\/wp-json\/wp\/v2\/users\/530"}],"replies":[{"embeddable":true,"href":"https:\/\/wp.kristdemokraterna.se\/janstefanson\/wp-json\/wp\/v2\/comments?post=173"}],"version-history":[{"count":2,"href":"https:\/\/wp.kristdemokraterna.se\/janstefanson\/wp-json\/wp\/v2\/posts\/173\/revisions"}],"predecessor-version":[{"id":175,"href":"https:\/\/wp.kristdemokraterna.se\/janstefanson\/wp-json\/wp\/v2\/posts\/173\/revisions\/175"}],"wp:attachment":[{"href":"https:\/\/wp.kristdemokraterna.se\/janstefanson\/wp-json\/wp\/v2\/media?parent=173"}],"wp:term":[{"taxonomy":"category","embeddable":true,"href":"https:\/\/wp.kristdemokraterna.se\/janstefanson\/wp-json\/wp\/v2\/categories?post=173"},{"taxonomy":"post_tag","embeddable":true,"href":"https:\/\/wp.kristdemokraterna.se\/janstefanson\/wp-json\/wp\/v2\/tags?post=173"}],"curies":[{"name":"wp","href":"https:\/\/api.w.org\/{rel}","templated":true}]}}