{"id":176,"date":"2015-09-17T09:18:03","date_gmt":"2015-09-17T07:18:03","guid":{"rendered":"http:\/\/wp.kristdemokraterna.se\/janstefanson\/?p=176"},"modified":"2015-09-17T09:18:11","modified_gmt":"2015-09-17T07:18:11","slug":"svarta-brillor-for-199kronor","status":"publish","type":"post","link":"https:\/\/wp.kristdemokraterna.se\/janstefanson\/svarta-brillor-for-199kronor\/","title":{"rendered":"Svarta brillor f\u00f6r 199kronor"},"content":{"rendered":"<p>Idag satte jag mig tillr\u00e4tta p\u00e5 pendeln med Metro och uppt\u00e4ckte att mina glas\u00f6gon var v\u00e4ck! Trots att jag k\u00f6pte ett par nya p\u00e5 apoteket f\u00f6r ett par veckor sedan, de var r\u00f6da. Tanken var att min fru skulle gilla dem s\u00e5 att jag ficka beh\u00e5lla n\u00e5gra av de bruna eller svarta. Men icke! S\u00e5 idag l\u00e5g de r\u00f6da framme och jag ratade dem eftersom det inte riktigt \u00e4r min stil. Sedan gl\u00f6mde jag bort att leta vidare. S\u00e5 idag k\u00f6pte jag ett par svarta. Men det slog mig att vid kommande kommunfullm\u00e4ktige ska jag ha de r\u00f6da. Alltid retar det n\u00e5gon och framf\u00f6rallt ser jag lika bra i dom som i de bl\u00e5a eller bruna.<\/p>\n","protected":false},"excerpt":{"rendered":"<p>Idag satte jag mig tillr\u00e4tta p\u00e5 pendeln med Metro och uppt\u00e4ckte att mina glas\u00f6gon var v\u00e4ck! Trots att jag k\u00f6pte ett par nya p\u00e5 apoteket f\u00f6r ett par veckor sedan, de var r\u00f6da. Tanken var att min fru skulle gilla dem s\u00e5 att jag ficka beh\u00e5lla n\u00e5gra av de bruna eller svarta. Men icke! S\u00e5 <a class=\"read-more-link\" href=\"https:\/\/wp.kristdemokraterna.se\/janstefanson\/svarta-brillor-for-199kronor\/\">Read More<\/a><\/p>\n","protected":false},"author":530,"featured_media":0,"comment_status":"closed","ping_status":"closed","sticky":false,"template":"","format":"standard","meta":{"_acf_changed":false,"footnotes":""},"categories":[1],"tags":[],"class_list":["post-176","post","type-post","status-publish","format-standard","hentry","category-okategoriserade"],"acf":[],"yoast_head":"<!-- This site is optimized with the Yoast SEO plugin v27.4 - https:\/\/yoast.com\/product\/yoast-seo-wordpress\/ -->\n<title>Svarta brillor f\u00f6r 199kronor - Jan Stefanson<\/title>\n<meta name=\"robots\" content=\"index, follow, max-snippet:-1, max-image-preview:large, max-video-preview:-1\" \/>\n<link rel=\"canonical\" href=\"https:\/\/wp.kristdemokraterna.se\/janstefanson\/svarta-brillor-for-199kronor\/\" \/>\n<meta property=\"og:locale\" content=\"sv_SE\" \/>\n<meta property=\"og:type\" content=\"article\" \/>\n<meta property=\"og:title\" content=\"Svarta brillor f\u00f6r 199kronor - Jan Stefanson\" \/>\n<meta property=\"og:description\" content=\"Idag satte jag mig tillr\u00e4tta p\u00e5 pendeln med Metro och uppt\u00e4ckte att mina glas\u00f6gon var v\u00e4ck! Trots att jag k\u00f6pte ett par nya p\u00e5 apoteket f\u00f6r ett par veckor sedan, de var r\u00f6da. Tanken var att min fru skulle gilla dem s\u00e5 att jag ficka beh\u00e5lla n\u00e5gra av de bruna eller svarta. Men icke! S\u00e5 Read More\" \/>\n<meta property=\"og:url\" content=\"https:\/\/wp.kristdemokraterna.se\/janstefanson\/svarta-brillor-for-199kronor\/\" \/>\n<meta property=\"og:site_name\" content=\"Jan Stefanson\" \/>\n<meta property=\"article:published_time\" content=\"2015-09-17T07:18:03+00:00\" \/>\n<meta property=\"article:modified_time\" content=\"2015-09-17T07:18:11+00:00\" \/>\n<meta name=\"author\" content=\"janstefanson\" \/>\n<meta name=\"twitter:card\" content=\"summary_large_image\" \/>\n<meta name=\"twitter:label1\" content=\"Skriven av\" \/>\n\t<meta name=\"twitter:data1\" content=\"janstefanson\" \/>\n\t<meta name=\"twitter:label2\" content=\"Ber\u00e4knad l\u00e4stid\" \/>\n\t<meta name=\"twitter:data2\" content=\"1 minut\" \/>\n<script type=\"application\/ld+json\" class=\"yoast-schema-graph\">{\"@context\":\"https:\\\/\\\/schema.org\",\"@graph\":[{\"@type\":\"Article\",\"@id\":\"https:\\\/\\\/wp.kristdemokraterna.se\\\/janstefanson\\\/svarta-brillor-for-199kronor\\\/#article\",\"isPartOf\":{\"@id\":\"https:\\\/\\\/wp.kristdemokraterna.se\\\/janstefanson\\\/svarta-brillor-for-199kronor\\\/\"},\"author\":{\"name\":\"janstefanson\",\"@id\":\"https:\\\/\\\/wp.kristdemokraterna.se\\\/janstefanson\\\/#\\\/schema\\\/person\\\/f8122372f46f49cffa0c02a57c89b40f\"},\"headline\":\"Svarta brillor f\u00f6r 199kronor\",\"datePublished\":\"2015-09-17T07:18:03+00:00\",\"dateModified\":\"2015-09-17T07:18:11+00:00\",\"mainEntityOfPage\":{\"@id\":\"https:\\\/\\\/wp.kristdemokraterna.se\\\/janstefanson\\\/svarta-brillor-for-199kronor\\\/\"},\"wordCount\":139,\"inLanguage\":\"sv-SE\"},{\"@type\":\"WebPage\",\"@id\":\"https:\\\/\\\/wp.kristdemokraterna.se\\\/janstefanson\\\/svarta-brillor-for-199kronor\\\/\",\"url\":\"https:\\\/\\\/wp.kristdemokraterna.se\\\/janstefanson\\\/svarta-brillor-for-199kronor\\\/\",\"name\":\"Svarta brillor f\u00f6r 199kronor - Jan Stefanson\",\"isPartOf\":{\"@id\":\"https:\\\/\\\/wp.kristdemokraterna.se\\\/janstefanson\\\/#website\"},\"datePublished\":\"2015-09-17T07:18:03+00:00\",\"dateModified\":\"2015-09-17T07:18:11+00:00\",\"author\":{\"@id\":\"https:\\\/\\\/wp.kristdemokraterna.se\\\/janstefanson\\\/#\\\/schema\\\/person\\\/f8122372f46f49cffa0c02a57c89b40f\"},\"breadcrumb\":{\"@id\":\"https:\\\/\\\/wp.kristdemokraterna.se\\\/janstefanson\\\/svarta-brillor-for-199kronor\\\/#breadcrumb\"},\"inLanguage\":\"sv-SE\",\"potentialAction\":[{\"@type\":\"ReadAction\",\"target\":[\"https:\\\/\\\/wp.kristdemokraterna.se\\\/janstefanson\\\/svarta-brillor-for-199kronor\\\/\"]}]},{\"@type\":\"BreadcrumbList\",\"@id\":\"https:\\\/\\\/wp.kristdemokraterna.se\\\/janstefanson\\\/svarta-brillor-for-199kronor\\\/#breadcrumb\",\"itemListElement\":[{\"@type\":\"ListItem\",\"position\":1,\"name\":\"Hem\",\"item\":\"https:\\\/\\\/wp.kristdemokraterna.se\\\/janstefanson\\\/\"},{\"@type\":\"ListItem\",\"position\":2,\"name\":\"Svarta brillor f\u00f6r 199kronor\"}]},{\"@type\":\"WebSite\",\"@id\":\"https:\\\/\\\/wp.kristdemokraterna.se\\\/janstefanson\\\/#website\",\"url\":\"https:\\\/\\\/wp.kristdemokraterna.se\\\/janstefanson\\\/\",\"name\":\"Jan Stefanson\",\"description\":\"En till Kristdemokraterna webbplats\",\"inLanguage\":\"sv-SE\"},{\"@type\":\"Person\",\"@id\":\"https:\\\/\\\/wp.kristdemokraterna.se\\\/janstefanson\\\/#\\\/schema\\\/person\\\/f8122372f46f49cffa0c02a57c89b40f\",\"name\":\"janstefanson\",\"image\":{\"@type\":\"ImageObject\",\"inLanguage\":\"sv-SE\",\"@id\":\"https:\\\/\\\/secure.gravatar.com\\\/avatar\\\/c8880da1e0ca1fb1fd99d661e99b32931e79d1537ef8441e71fc6630d4b6633c?s=96&r=g\",\"url\":\"https:\\\/\\\/secure.gravatar.com\\\/avatar\\\/c8880da1e0ca1fb1fd99d661e99b32931e79d1537ef8441e71fc6630d4b6633c?s=96&r=g\",\"contentUrl\":\"https:\\\/\\\/secure.gravatar.com\\\/avatar\\\/c8880da1e0ca1fb1fd99d661e99b32931e79d1537ef8441e71fc6630d4b6633c?s=96&r=g\",\"caption\":\"janstefanson\"},\"url\":\"https:\\\/\\\/wp.kristdemokraterna.se\\\/janstefanson\\\/author\\\/janstefanson\\\/\"}]}<\/script>\n<!-- \/ Yoast SEO plugin. -->","yoast_head_json":{"title":"Svarta brillor f\u00f6r 199kronor - Jan Stefanson","robots":{"index":"index","follow":"follow","max-snippet":"max-snippet:-1","max-image-preview":"max-image-preview:large","max-video-preview":"max-video-preview:-1"},"canonical":"https:\/\/wp.kristdemokraterna.se\/janstefanson\/svarta-brillor-for-199kronor\/","og_locale":"sv_SE","og_type":"article","og_title":"Svarta brillor f\u00f6r 199kronor - Jan Stefanson","og_description":"Idag satte jag mig tillr\u00e4tta p\u00e5 pendeln med Metro och uppt\u00e4ckte att mina glas\u00f6gon var v\u00e4ck! Trots att jag k\u00f6pte ett par nya p\u00e5 apoteket f\u00f6r ett par veckor sedan, de var r\u00f6da. Tanken var att min fru skulle gilla dem s\u00e5 att jag ficka beh\u00e5lla n\u00e5gra av de bruna eller svarta. Men icke! S\u00e5 Read More","og_url":"https:\/\/wp.kristdemokraterna.se\/janstefanson\/svarta-brillor-for-199kronor\/","og_site_name":"Jan Stefanson","article_published_time":"2015-09-17T07:18:03+00:00","article_modified_time":"2015-09-17T07:18:11+00:00","author":"janstefanson","twitter_card":"summary_large_image","twitter_misc":{"Skriven av":"janstefanson","Ber\u00e4knad l\u00e4stid":"1 minut"},"schema":{"@context":"https:\/\/schema.org","@graph":[{"@type":"Article","@id":"https:\/\/wp.kristdemokraterna.se\/janstefanson\/svarta-brillor-for-199kronor\/#article","isPartOf":{"@id":"https:\/\/wp.kristdemokraterna.se\/janstefanson\/svarta-brillor-for-199kronor\/"},"author":{"name":"janstefanson","@id":"https:\/\/wp.kristdemokraterna.se\/janstefanson\/#\/schema\/person\/f8122372f46f49cffa0c02a57c89b40f"},"headline":"Svarta brillor f\u00f6r 199kronor","datePublished":"2015-09-17T07:18:03+00:00","dateModified":"2015-09-17T07:18:11+00:00","mainEntityOfPage":{"@id":"https:\/\/wp.kristdemokraterna.se\/janstefanson\/svarta-brillor-for-199kronor\/"},"wordCount":139,"inLanguage":"sv-SE"},{"@type":"WebPage","@id":"https:\/\/wp.kristdemokraterna.se\/janstefanson\/svarta-brillor-for-199kronor\/","url":"https:\/\/wp.kristdemokraterna.se\/janstefanson\/svarta-brillor-for-199kronor\/","name":"Svarta brillor f\u00f6r 199kronor - Jan Stefanson","isPartOf":{"@id":"https:\/\/wp.kristdemokraterna.se\/janstefanson\/#website"},"datePublished":"2015-09-17T07:18:03+00:00","dateModified":"2015-09-17T07:18:11+00:00","author":{"@id":"https:\/\/wp.kristdemokraterna.se\/janstefanson\/#\/schema\/person\/f8122372f46f49cffa0c02a57c89b40f"},"breadcrumb":{"@id":"https:\/\/wp.kristdemokraterna.se\/janstefanson\/svarta-brillor-for-199kronor\/#breadcrumb"},"inLanguage":"sv-SE","potentialAction":[{"@type":"ReadAction","target":["https:\/\/wp.kristdemokraterna.se\/janstefanson\/svarta-brillor-for-199kronor\/"]}]},{"@type":"BreadcrumbList","@id":"https:\/\/wp.kristdemokraterna.se\/janstefanson\/svarta-brillor-for-199kronor\/#breadcrumb","itemListElement":[{"@type":"ListItem","position":1,"name":"Hem","item":"https:\/\/wp.kristdemokraterna.se\/janstefanson\/"},{"@type":"ListItem","position":2,"name":"Svarta brillor f\u00f6r 199kronor"}]},{"@type":"WebSite","@id":"https:\/\/wp.kristdemokraterna.se\/janstefanson\/#website","url":"https:\/\/wp.kristdemokraterna.se\/janstefanson\/","name":"Jan Stefanson","description":"En till Kristdemokraterna webbplats","inLanguage":"sv-SE"},{"@type":"Person","@id":"https:\/\/wp.kristdemokraterna.se\/janstefanson\/#\/schema\/person\/f8122372f46f49cffa0c02a57c89b40f","name":"janstefanson","image":{"@type":"ImageObject","inLanguage":"sv-SE","@id":"https:\/\/secure.gravatar.com\/avatar\/c8880da1e0ca1fb1fd99d661e99b32931e79d1537ef8441e71fc6630d4b6633c?s=96&r=g","url":"https:\/\/secure.gravatar.com\/avatar\/c8880da1e0ca1fb1fd99d661e99b32931e79d1537ef8441e71fc6630d4b6633c?s=96&r=g","contentUrl":"https:\/\/secure.gravatar.com\/avatar\/c8880da1e0ca1fb1fd99d661e99b32931e79d1537ef8441e71fc6630d4b6633c?s=96&r=g","caption":"janstefanson"},"url":"https:\/\/wp.kristdemokraterna.se\/janstefanson\/author\/janstefanson\/"}]}},"_links":{"self":[{"href":"https:\/\/wp.kristdemokraterna.se\/janstefanson\/wp-json\/wp\/v2\/posts\/176","targetHints":{"allow":["GET"]}}],"collection":[{"href":"https:\/\/wp.kristdemokraterna.se\/janstefanson\/wp-json\/wp\/v2\/posts"}],"about":[{"href":"https:\/\/wp.kristdemokraterna.se\/janstefanson\/wp-json\/wp\/v2\/types\/post"}],"author":[{"embeddable":true,"href":"https:\/\/wp.kristdemokraterna.se\/janstefanson\/wp-json\/wp\/v2\/users\/530"}],"replies":[{"embeddable":true,"href":"https:\/\/wp.kristdemokraterna.se\/janstefanson\/wp-json\/wp\/v2\/comments?post=176"}],"version-history":[{"count":1,"href":"https:\/\/wp.kristdemokraterna.se\/janstefanson\/wp-json\/wp\/v2\/posts\/176\/revisions"}],"predecessor-version":[{"id":177,"href":"https:\/\/wp.kristdemokraterna.se\/janstefanson\/wp-json\/wp\/v2\/posts\/176\/revisions\/177"}],"wp:attachment":[{"href":"https:\/\/wp.kristdemokraterna.se\/janstefanson\/wp-json\/wp\/v2\/media?parent=176"}],"wp:term":[{"taxonomy":"category","embeddable":true,"href":"https:\/\/wp.kristdemokraterna.se\/janstefanson\/wp-json\/wp\/v2\/categories?post=176"},{"taxonomy":"post_tag","embeddable":true,"href":"https:\/\/wp.kristdemokraterna.se\/janstefanson\/wp-json\/wp\/v2\/tags?post=176"}],"curies":[{"name":"wp","href":"https:\/\/api.w.org\/{rel}","templated":true}]}}