{"id":184,"date":"2015-09-30T11:18:04","date_gmt":"2015-09-30T09:18:04","guid":{"rendered":"http:\/\/wp.kristdemokraterna.se\/janstefanson\/?p=184"},"modified":"2015-09-30T11:18:10","modified_gmt":"2015-09-30T09:18:10","slug":"svar-pa-moderaten-fredrik-kjos-artikel-i-mitti","status":"publish","type":"post","link":"https:\/\/wp.kristdemokraterna.se\/janstefanson\/svar-pa-moderaten-fredrik-kjos-artikel-i-mitti\/","title":{"rendered":"Svar p\u00e5 moderaten Fredrik Kjos artikel i Mitti"},"content":{"rendered":"<p>Glesbygdsfientligt SL<br \/>\nDet \u00e4r med besvikelse jag konstaterar att Fredrik Kjos, M, v\u00e4ljer att v\u00e4ja f\u00f6r SL och Stockholms l\u00e4ns landstings val att f\u00f6resl\u00e5 neddragningar av landsbygdens busstrafik. Man hade fr\u00e5n SL:s sida kunnat v\u00e4lja andra sparf\u00f6rslag eller fr\u00e5n landstingsledningen valt andra int\u00e4kter d\u00e4r t.ex. en mindre skatteh\u00f6jning hade varit v\u00e4lmotiverad.<br \/>\nF\u00f6r de flesta \u00e4r det bekant att landstinget leds i minoritet p\u00e5 samma s\u00e4tt som riksdagen. Men landstingets ledning \u00e4r Allianspartierna och de har ingen december\u00f6verenskommelse som \u201dr\u00e4ddar\u201d deras budgetf\u00f6rslag.<br \/>\nDet inneb\u00e4r att landstingets f\u00f6rslag m\u00e5ste ha block\u00f6verskridande st\u00f6d f\u00f6r att vinna i fullm\u00e4ktige. Detta st\u00e4ller stora krav p\u00e5 Alliansledningen att ha st\u00e4ndigt p\u00e5g\u00e5ende f\u00f6rhandlingar som utmynnar i f\u00f6rslag som inte f\u00e4lls. Att driva politik som om man hade egen majoritet \u00e4r d\u00f6mt att misslyckas.<br \/>\nD\u00e4rf\u00f6r m\u00e5ste man ta l\u00e4rdom av den h\u00e4ndelse som gjort att SL saknar en halv miljard i int\u00e4kter d\u00e5 hj\u00f6jningen av SL kortet fick tummen ner av samtliga oppositionspartier, allts\u00e5 en majoritet.<br \/>\nG\u00f6r om g\u00f6r r\u00e4tt<br \/>\nGlesbygdens kollektivtrafik m\u00e5ste skyddas. Den \u00e4r i m\u00e5nga fall enda m\u00f6jligheten att n\u00e5 kommunal service f\u00f6r den som saknar bil. I v\u00e5rt fall i Upplands-Bro \u00e4r de f\u00f6reslagna nedragningarna av linje 548, 556 och 557 ett v\u00e4ldigt d\u00e5ligta f\u00f6rslag d\u00e5 det \u00e4r utbyggnadsomr\u00e5den med \u00f6kat behov av bussturer.<br \/>\nVi som \u00e4r politiker i Upplands-Bro \u00e4r skyldiga v\u00e5ra v\u00e4ljare att g\u00f6ra det som \u00e4r b\u00e4st f\u00f6r v\u00e5r kommun och inte f\u00f6rsvara d\u00e5liga f\u00f6rslag som kommer fr\u00e5n v\u00e5ra partiv\u00e4nner i landstinget. G\u00f6r om g\u00f6r r\u00e4tt \u00e4r budskapet vi b\u00f6r samlas kring \u00e4ven om det skulle inneb\u00e4ra en skatteh\u00f6jning.<\/p>\n<p>Janne Stefanson, KD, 1:e vice ordf\u00f6rande Kommunstyrelsen Upplands-Bro<\/p>\n","protected":false},"excerpt":{"rendered":"<p>Glesbygdsfientligt SL Det \u00e4r med besvikelse jag konstaterar att Fredrik Kjos, M, v\u00e4ljer att v\u00e4ja f\u00f6r SL och Stockholms l\u00e4ns landstings val att f\u00f6resl\u00e5 neddragningar av landsbygdens busstrafik. Man hade fr\u00e5n SL:s sida kunnat v\u00e4lja andra sparf\u00f6rslag eller fr\u00e5n landstingsledningen valt andra int\u00e4kter d\u00e4r t.ex. en mindre skatteh\u00f6jning hade varit v\u00e4lmotiverad. F\u00f6r de flesta \u00e4r <a class=\"read-more-link\" href=\"https:\/\/wp.kristdemokraterna.se\/janstefanson\/svar-pa-moderaten-fredrik-kjos-artikel-i-mitti\/\">Read More<\/a><\/p>\n","protected":false},"author":530,"featured_media":0,"comment_status":"closed","ping_status":"closed","sticky":false,"template":"","format":"standard","meta":{"_acf_changed":false,"footnotes":""},"categories":[1],"tags":[],"class_list":["post-184","post","type-post","status-publish","format-standard","hentry","category-okategoriserade"],"acf":[],"yoast_head":"<!-- This site is optimized with the Yoast SEO plugin v27.4 - https:\/\/yoast.com\/product\/yoast-seo-wordpress\/ -->\n<title>Svar p\u00e5 moderaten Fredrik Kjos artikel i Mitti - Jan Stefanson<\/title>\n<meta name=\"robots\" content=\"index, follow, max-snippet:-1, max-image-preview:large, max-video-preview:-1\" \/>\n<link rel=\"canonical\" href=\"https:\/\/wp.kristdemokraterna.se\/janstefanson\/svar-pa-moderaten-fredrik-kjos-artikel-i-mitti\/\" \/>\n<meta property=\"og:locale\" content=\"sv_SE\" \/>\n<meta property=\"og:type\" content=\"article\" \/>\n<meta property=\"og:title\" content=\"Svar p\u00e5 moderaten Fredrik Kjos artikel i Mitti - Jan Stefanson\" \/>\n<meta property=\"og:description\" content=\"Glesbygdsfientligt SL Det \u00e4r med besvikelse jag konstaterar att Fredrik Kjos, M, v\u00e4ljer att v\u00e4ja f\u00f6r SL och Stockholms l\u00e4ns landstings val att f\u00f6resl\u00e5 neddragningar av landsbygdens busstrafik. Man hade fr\u00e5n SL:s sida kunnat v\u00e4lja andra sparf\u00f6rslag eller fr\u00e5n landstingsledningen valt andra int\u00e4kter d\u00e4r t.ex. en mindre skatteh\u00f6jning hade varit v\u00e4lmotiverad. F\u00f6r de flesta \u00e4r Read More\" \/>\n<meta property=\"og:url\" content=\"https:\/\/wp.kristdemokraterna.se\/janstefanson\/svar-pa-moderaten-fredrik-kjos-artikel-i-mitti\/\" \/>\n<meta property=\"og:site_name\" content=\"Jan Stefanson\" \/>\n<meta property=\"article:published_time\" content=\"2015-09-30T09:18:04+00:00\" \/>\n<meta property=\"article:modified_time\" content=\"2015-09-30T09:18:10+00:00\" \/>\n<meta name=\"author\" content=\"janstefanson\" \/>\n<meta name=\"twitter:card\" content=\"summary_large_image\" \/>\n<meta name=\"twitter:label1\" content=\"Skriven av\" \/>\n\t<meta name=\"twitter:data1\" content=\"janstefanson\" \/>\n\t<meta name=\"twitter:label2\" content=\"Ber\u00e4knad l\u00e4stid\" \/>\n\t<meta name=\"twitter:data2\" content=\"2 minuter\" \/>\n<script type=\"application\/ld+json\" class=\"yoast-schema-graph\">{\"@context\":\"https:\\\/\\\/schema.org\",\"@graph\":[{\"@type\":\"Article\",\"@id\":\"https:\\\/\\\/wp.kristdemokraterna.se\\\/janstefanson\\\/svar-pa-moderaten-fredrik-kjos-artikel-i-mitti\\\/#article\",\"isPartOf\":{\"@id\":\"https:\\\/\\\/wp.kristdemokraterna.se\\\/janstefanson\\\/svar-pa-moderaten-fredrik-kjos-artikel-i-mitti\\\/\"},\"author\":{\"name\":\"janstefanson\",\"@id\":\"https:\\\/\\\/wp.kristdemokraterna.se\\\/janstefanson\\\/#\\\/schema\\\/person\\\/f8122372f46f49cffa0c02a57c89b40f\"},\"headline\":\"Svar p\u00e5 moderaten Fredrik Kjos artikel i Mitti\",\"datePublished\":\"2015-09-30T09:18:04+00:00\",\"dateModified\":\"2015-09-30T09:18:10+00:00\",\"mainEntityOfPage\":{\"@id\":\"https:\\\/\\\/wp.kristdemokraterna.se\\\/janstefanson\\\/svar-pa-moderaten-fredrik-kjos-artikel-i-mitti\\\/\"},\"wordCount\":345,\"inLanguage\":\"sv-SE\"},{\"@type\":\"WebPage\",\"@id\":\"https:\\\/\\\/wp.kristdemokraterna.se\\\/janstefanson\\\/svar-pa-moderaten-fredrik-kjos-artikel-i-mitti\\\/\",\"url\":\"https:\\\/\\\/wp.kristdemokraterna.se\\\/janstefanson\\\/svar-pa-moderaten-fredrik-kjos-artikel-i-mitti\\\/\",\"name\":\"Svar p\u00e5 moderaten Fredrik Kjos artikel i Mitti - Jan Stefanson\",\"isPartOf\":{\"@id\":\"https:\\\/\\\/wp.kristdemokraterna.se\\\/janstefanson\\\/#website\"},\"datePublished\":\"2015-09-30T09:18:04+00:00\",\"dateModified\":\"2015-09-30T09:18:10+00:00\",\"author\":{\"@id\":\"https:\\\/\\\/wp.kristdemokraterna.se\\\/janstefanson\\\/#\\\/schema\\\/person\\\/f8122372f46f49cffa0c02a57c89b40f\"},\"breadcrumb\":{\"@id\":\"https:\\\/\\\/wp.kristdemokraterna.se\\\/janstefanson\\\/svar-pa-moderaten-fredrik-kjos-artikel-i-mitti\\\/#breadcrumb\"},\"inLanguage\":\"sv-SE\",\"potentialAction\":[{\"@type\":\"ReadAction\",\"target\":[\"https:\\\/\\\/wp.kristdemokraterna.se\\\/janstefanson\\\/svar-pa-moderaten-fredrik-kjos-artikel-i-mitti\\\/\"]}]},{\"@type\":\"BreadcrumbList\",\"@id\":\"https:\\\/\\\/wp.kristdemokraterna.se\\\/janstefanson\\\/svar-pa-moderaten-fredrik-kjos-artikel-i-mitti\\\/#breadcrumb\",\"itemListElement\":[{\"@type\":\"ListItem\",\"position\":1,\"name\":\"Hem\",\"item\":\"https:\\\/\\\/wp.kristdemokraterna.se\\\/janstefanson\\\/\"},{\"@type\":\"ListItem\",\"position\":2,\"name\":\"Svar p\u00e5 moderaten Fredrik Kjos artikel i Mitti\"}]},{\"@type\":\"WebSite\",\"@id\":\"https:\\\/\\\/wp.kristdemokraterna.se\\\/janstefanson\\\/#website\",\"url\":\"https:\\\/\\\/wp.kristdemokraterna.se\\\/janstefanson\\\/\",\"name\":\"Jan Stefanson\",\"description\":\"En till Kristdemokraterna webbplats\",\"inLanguage\":\"sv-SE\"},{\"@type\":\"Person\",\"@id\":\"https:\\\/\\\/wp.kristdemokraterna.se\\\/janstefanson\\\/#\\\/schema\\\/person\\\/f8122372f46f49cffa0c02a57c89b40f\",\"name\":\"janstefanson\",\"image\":{\"@type\":\"ImageObject\",\"inLanguage\":\"sv-SE\",\"@id\":\"https:\\\/\\\/secure.gravatar.com\\\/avatar\\\/c8880da1e0ca1fb1fd99d661e99b32931e79d1537ef8441e71fc6630d4b6633c?s=96&r=g\",\"url\":\"https:\\\/\\\/secure.gravatar.com\\\/avatar\\\/c8880da1e0ca1fb1fd99d661e99b32931e79d1537ef8441e71fc6630d4b6633c?s=96&r=g\",\"contentUrl\":\"https:\\\/\\\/secure.gravatar.com\\\/avatar\\\/c8880da1e0ca1fb1fd99d661e99b32931e79d1537ef8441e71fc6630d4b6633c?s=96&r=g\",\"caption\":\"janstefanson\"},\"url\":\"https:\\\/\\\/wp.kristdemokraterna.se\\\/janstefanson\\\/author\\\/janstefanson\\\/\"}]}<\/script>\n<!-- \/ Yoast SEO plugin. -->","yoast_head_json":{"title":"Svar p\u00e5 moderaten Fredrik Kjos artikel i Mitti - Jan Stefanson","robots":{"index":"index","follow":"follow","max-snippet":"max-snippet:-1","max-image-preview":"max-image-preview:large","max-video-preview":"max-video-preview:-1"},"canonical":"https:\/\/wp.kristdemokraterna.se\/janstefanson\/svar-pa-moderaten-fredrik-kjos-artikel-i-mitti\/","og_locale":"sv_SE","og_type":"article","og_title":"Svar p\u00e5 moderaten Fredrik Kjos artikel i Mitti - Jan Stefanson","og_description":"Glesbygdsfientligt SL Det \u00e4r med besvikelse jag konstaterar att Fredrik Kjos, M, v\u00e4ljer att v\u00e4ja f\u00f6r SL och Stockholms l\u00e4ns landstings val att f\u00f6resl\u00e5 neddragningar av landsbygdens busstrafik. Man hade fr\u00e5n SL:s sida kunnat v\u00e4lja andra sparf\u00f6rslag eller fr\u00e5n landstingsledningen valt andra int\u00e4kter d\u00e4r t.ex. en mindre skatteh\u00f6jning hade varit v\u00e4lmotiverad. F\u00f6r de flesta \u00e4r Read More","og_url":"https:\/\/wp.kristdemokraterna.se\/janstefanson\/svar-pa-moderaten-fredrik-kjos-artikel-i-mitti\/","og_site_name":"Jan Stefanson","article_published_time":"2015-09-30T09:18:04+00:00","article_modified_time":"2015-09-30T09:18:10+00:00","author":"janstefanson","twitter_card":"summary_large_image","twitter_misc":{"Skriven av":"janstefanson","Ber\u00e4knad l\u00e4stid":"2 minuter"},"schema":{"@context":"https:\/\/schema.org","@graph":[{"@type":"Article","@id":"https:\/\/wp.kristdemokraterna.se\/janstefanson\/svar-pa-moderaten-fredrik-kjos-artikel-i-mitti\/#article","isPartOf":{"@id":"https:\/\/wp.kristdemokraterna.se\/janstefanson\/svar-pa-moderaten-fredrik-kjos-artikel-i-mitti\/"},"author":{"name":"janstefanson","@id":"https:\/\/wp.kristdemokraterna.se\/janstefanson\/#\/schema\/person\/f8122372f46f49cffa0c02a57c89b40f"},"headline":"Svar p\u00e5 moderaten Fredrik Kjos artikel i Mitti","datePublished":"2015-09-30T09:18:04+00:00","dateModified":"2015-09-30T09:18:10+00:00","mainEntityOfPage":{"@id":"https:\/\/wp.kristdemokraterna.se\/janstefanson\/svar-pa-moderaten-fredrik-kjos-artikel-i-mitti\/"},"wordCount":345,"inLanguage":"sv-SE"},{"@type":"WebPage","@id":"https:\/\/wp.kristdemokraterna.se\/janstefanson\/svar-pa-moderaten-fredrik-kjos-artikel-i-mitti\/","url":"https:\/\/wp.kristdemokraterna.se\/janstefanson\/svar-pa-moderaten-fredrik-kjos-artikel-i-mitti\/","name":"Svar p\u00e5 moderaten Fredrik Kjos artikel i Mitti - Jan Stefanson","isPartOf":{"@id":"https:\/\/wp.kristdemokraterna.se\/janstefanson\/#website"},"datePublished":"2015-09-30T09:18:04+00:00","dateModified":"2015-09-30T09:18:10+00:00","author":{"@id":"https:\/\/wp.kristdemokraterna.se\/janstefanson\/#\/schema\/person\/f8122372f46f49cffa0c02a57c89b40f"},"breadcrumb":{"@id":"https:\/\/wp.kristdemokraterna.se\/janstefanson\/svar-pa-moderaten-fredrik-kjos-artikel-i-mitti\/#breadcrumb"},"inLanguage":"sv-SE","potentialAction":[{"@type":"ReadAction","target":["https:\/\/wp.kristdemokraterna.se\/janstefanson\/svar-pa-moderaten-fredrik-kjos-artikel-i-mitti\/"]}]},{"@type":"BreadcrumbList","@id":"https:\/\/wp.kristdemokraterna.se\/janstefanson\/svar-pa-moderaten-fredrik-kjos-artikel-i-mitti\/#breadcrumb","itemListElement":[{"@type":"ListItem","position":1,"name":"Hem","item":"https:\/\/wp.kristdemokraterna.se\/janstefanson\/"},{"@type":"ListItem","position":2,"name":"Svar p\u00e5 moderaten Fredrik Kjos artikel i Mitti"}]},{"@type":"WebSite","@id":"https:\/\/wp.kristdemokraterna.se\/janstefanson\/#website","url":"https:\/\/wp.kristdemokraterna.se\/janstefanson\/","name":"Jan Stefanson","description":"En till Kristdemokraterna webbplats","inLanguage":"sv-SE"},{"@type":"Person","@id":"https:\/\/wp.kristdemokraterna.se\/janstefanson\/#\/schema\/person\/f8122372f46f49cffa0c02a57c89b40f","name":"janstefanson","image":{"@type":"ImageObject","inLanguage":"sv-SE","@id":"https:\/\/secure.gravatar.com\/avatar\/c8880da1e0ca1fb1fd99d661e99b32931e79d1537ef8441e71fc6630d4b6633c?s=96&r=g","url":"https:\/\/secure.gravatar.com\/avatar\/c8880da1e0ca1fb1fd99d661e99b32931e79d1537ef8441e71fc6630d4b6633c?s=96&r=g","contentUrl":"https:\/\/secure.gravatar.com\/avatar\/c8880da1e0ca1fb1fd99d661e99b32931e79d1537ef8441e71fc6630d4b6633c?s=96&r=g","caption":"janstefanson"},"url":"https:\/\/wp.kristdemokraterna.se\/janstefanson\/author\/janstefanson\/"}]}},"_links":{"self":[{"href":"https:\/\/wp.kristdemokraterna.se\/janstefanson\/wp-json\/wp\/v2\/posts\/184","targetHints":{"allow":["GET"]}}],"collection":[{"href":"https:\/\/wp.kristdemokraterna.se\/janstefanson\/wp-json\/wp\/v2\/posts"}],"about":[{"href":"https:\/\/wp.kristdemokraterna.se\/janstefanson\/wp-json\/wp\/v2\/types\/post"}],"author":[{"embeddable":true,"href":"https:\/\/wp.kristdemokraterna.se\/janstefanson\/wp-json\/wp\/v2\/users\/530"}],"replies":[{"embeddable":true,"href":"https:\/\/wp.kristdemokraterna.se\/janstefanson\/wp-json\/wp\/v2\/comments?post=184"}],"version-history":[{"count":1,"href":"https:\/\/wp.kristdemokraterna.se\/janstefanson\/wp-json\/wp\/v2\/posts\/184\/revisions"}],"predecessor-version":[{"id":185,"href":"https:\/\/wp.kristdemokraterna.se\/janstefanson\/wp-json\/wp\/v2\/posts\/184\/revisions\/185"}],"wp:attachment":[{"href":"https:\/\/wp.kristdemokraterna.se\/janstefanson\/wp-json\/wp\/v2\/media?parent=184"}],"wp:term":[{"taxonomy":"category","embeddable":true,"href":"https:\/\/wp.kristdemokraterna.se\/janstefanson\/wp-json\/wp\/v2\/categories?post=184"},{"taxonomy":"post_tag","embeddable":true,"href":"https:\/\/wp.kristdemokraterna.se\/janstefanson\/wp-json\/wp\/v2\/tags?post=184"}],"curies":[{"name":"wp","href":"https:\/\/api.w.org\/{rel}","templated":true}]}}