{"id":218,"date":"2015-11-03T08:55:11","date_gmt":"2015-11-03T07:55:11","guid":{"rendered":"http:\/\/wp.kristdemokraterna.se\/janstefanson\/?p=218"},"modified":"2015-11-03T10:47:37","modified_gmt":"2015-11-03T09:47:37","slug":"saljer-inte-till-stockholmare","status":"publish","type":"post","link":"https:\/\/wp.kristdemokraterna.se\/janstefanson\/saljer-inte-till-stockholmare\/","title":{"rendered":"S\u00e4ljer inte till Stockholmare!"},"content":{"rendered":"<p>&#8211; Nu l\u00e4mnar vi g\u00e5rden! det \u00e4r \u00e4r tv\u00e5 b\u00f6nder p\u00e5 Gotland som passerat \u00e5ttio och best\u00e4mt sig f\u00f6r att flytta till det litet st\u00f6rre samh\u00e4llet Hemse och en enplansvilla. Den tidigare bondg\u00e5rden har de slitit f\u00e4rdigt p\u00e5. D\u00e4r fanns kor, f\u00e5r och h\u00f6ns. Nu \u00e4r den tom.<\/p>\n<p>De har s\u00e5lt av mark och nu ska g\u00e5rden s\u00e4ljas, men inte till n\u00e5gon Stockholmare.<\/p>\n<p>&#8211; Brukar ni titta p\u00e5 &#8221;S\u00e5 mycket b\u00e4ttre&#8221;, fr\u00e5gar jag. -En g\u00e5ng svarar kvinnan. F\u00f6rresten \u00e4r det synd om grannarna s\u00e4ger hon och syftar p\u00e5 de fyra tisdagskonserterna som h\u00e5lls p\u00e5 Gr\u00e5g\u00e5sen fyra tisdagar i juli mellan klockan tjugoett och tjugofyra. <img loading=\"lazy\" decoding=\"async\" class=\"size-medium wp-image-220 alignright\" src=\"http:\/\/wp.kristdemokraterna.se\/janstefanson\/files\/2015\/11\/img_0619-300x224.jpg\" alt=\"IMG_0619\" width=\"300\" height=\"224\" srcset=\"https:\/\/wp.kristdemokraterna.se\/janstefanson\/files\/2015\/11\/img_0619-300x224.jpg 300w, https:\/\/wp.kristdemokraterna.se\/janstefanson\/files\/2015\/11\/img_0619-540x403.jpg 540w, https:\/\/wp.kristdemokraterna.se\/janstefanson\/files\/2015\/11\/img_0619-463x346.jpg 463w, https:\/\/wp.kristdemokraterna.se\/janstefanson\/files\/2015\/11\/img_0619-150x112.jpg 150w\" sizes=\"auto, (max-width: 300px) 100vw, 300px\" \/>Jag f\u00f6rst\u00e5r henne \u00e4ven om jag ocks\u00e5 f\u00f6rst\u00e5r att de tusentals bes\u00f6karna genererar inkomster till det annars s\u00e5 glest befolkade samh\u00e4llet Burgsvik.<\/p>\n<p>Nu ska g\u00e5rden s\u00e4ljas till grannens sork\u00a0som ska flytta in med sambo och tv\u00e5 barn. G\u00e5rden f\u00f6rs\u00e4kras ett fortsatt liv. Den byggdes av kvinnans farfar f\u00f6r cirka 130 \u00e5r sedan.<\/p>\n<p>-Det \u00e4r sv\u00e5rt att vara bonde idag. De flesta b\u00f6nderna p\u00e5 Storsudret har lagt ner sin syssla. &#8211; Och mj\u00f6lken f\u00e5r man knappt betalt f\u00f6r, s\u00e4ger hon. Och visst \u00e4r det konstigt. Stockholmarna k\u00f6per g\u00e5rdarna f\u00f6r fyra-fem miljoner bara f\u00f6r att bo d\u00e4r n\u00e5gra veckor p\u00e5 sommaren, s\u00e4ger hon.-Sedan st\u00e5r de tomma och m\u00f6rka hela \u00e5ret!<\/p>\n<p>P\u00e5 l\u00f6rdag \u00e4r det dags igen. D\u00e5 kan vi sl\u00e5 oss ner i soffan och njuta av \u00e4nnu ett TV-program fr\u00e5n ett soligt och natursk\u00f6nt Burgsvik. Ett av de b\u00e4sta program som finns p\u00e5 TV4!<\/p>\n<p>En och annan gotl\u00e4nning tittar nog ocks\u00e5!<\/p>\n","protected":false},"excerpt":{"rendered":"<p>&#8211; Nu l\u00e4mnar vi g\u00e5rden! det \u00e4r \u00e4r tv\u00e5 b\u00f6nder p\u00e5 Gotland som passerat \u00e5ttio och best\u00e4mt sig f\u00f6r att flytta till det litet st\u00f6rre samh\u00e4llet Hemse och en enplansvilla. Den tidigare bondg\u00e5rden har de slitit f\u00e4rdigt p\u00e5. D\u00e4r fanns kor, f\u00e5r och h\u00f6ns. Nu \u00e4r den tom. De har s\u00e5lt av mark och nu <a class=\"read-more-link\" href=\"https:\/\/wp.kristdemokraterna.se\/janstefanson\/saljer-inte-till-stockholmare\/\">Read More<\/a><\/p>\n","protected":false},"author":530,"featured_media":0,"comment_status":"closed","ping_status":"closed","sticky":false,"template":"","format":"standard","meta":{"_acf_changed":false,"footnotes":""},"categories":[1],"tags":[],"class_list":["post-218","post","type-post","status-publish","format-standard","hentry","category-okategoriserade"],"acf":[],"yoast_head":"<!-- This site is optimized with the Yoast SEO plugin v27.5 - https:\/\/yoast.com\/product\/yoast-seo-wordpress\/ -->\n<title>S\u00e4ljer inte till Stockholmare! - Jan Stefanson<\/title>\n<meta name=\"robots\" content=\"index, follow, max-snippet:-1, max-image-preview:large, max-video-preview:-1\" \/>\n<link rel=\"canonical\" href=\"https:\/\/wp.kristdemokraterna.se\/janstefanson\/saljer-inte-till-stockholmare\/\" \/>\n<meta property=\"og:locale\" content=\"sv_SE\" \/>\n<meta property=\"og:type\" content=\"article\" \/>\n<meta property=\"og:title\" content=\"S\u00e4ljer inte till Stockholmare! - Jan Stefanson\" \/>\n<meta property=\"og:description\" content=\"&#8211; Nu l\u00e4mnar vi g\u00e5rden! det \u00e4r \u00e4r tv\u00e5 b\u00f6nder p\u00e5 Gotland som passerat \u00e5ttio och best\u00e4mt sig f\u00f6r att flytta till det litet st\u00f6rre samh\u00e4llet Hemse och en enplansvilla. Den tidigare bondg\u00e5rden har de slitit f\u00e4rdigt p\u00e5. D\u00e4r fanns kor, f\u00e5r och h\u00f6ns. Nu \u00e4r den tom. De har s\u00e5lt av mark och nu Read More\" \/>\n<meta property=\"og:url\" content=\"https:\/\/wp.kristdemokraterna.se\/janstefanson\/saljer-inte-till-stockholmare\/\" \/>\n<meta property=\"og:site_name\" content=\"Jan Stefanson\" \/>\n<meta property=\"article:published_time\" content=\"2015-11-03T07:55:11+00:00\" \/>\n<meta property=\"article:modified_time\" content=\"2015-11-03T09:47:37+00:00\" \/>\n<meta property=\"og:image\" content=\"http:\/\/wp.kristdemokraterna.se\/janstefanson\/files\/2015\/11\/img_0619-300x224.jpg\" \/>\n<meta name=\"author\" content=\"janstefanson\" \/>\n<meta name=\"twitter:card\" content=\"summary_large_image\" \/>\n<meta name=\"twitter:label1\" content=\"Skriven av\" \/>\n\t<meta name=\"twitter:data1\" content=\"janstefanson\" \/>\n\t<meta name=\"twitter:label2\" content=\"Ber\u00e4knad l\u00e4stid\" \/>\n\t<meta name=\"twitter:data2\" content=\"2 minuter\" \/>\n<script type=\"application\/ld+json\" class=\"yoast-schema-graph\">{\"@context\":\"https:\\\/\\\/schema.org\",\"@graph\":[{\"@type\":\"Article\",\"@id\":\"https:\\\/\\\/wp.kristdemokraterna.se\\\/janstefanson\\\/saljer-inte-till-stockholmare\\\/#article\",\"isPartOf\":{\"@id\":\"https:\\\/\\\/wp.kristdemokraterna.se\\\/janstefanson\\\/saljer-inte-till-stockholmare\\\/\"},\"author\":{\"name\":\"janstefanson\",\"@id\":\"https:\\\/\\\/wp.kristdemokraterna.se\\\/janstefanson\\\/#\\\/schema\\\/person\\\/f8122372f46f49cffa0c02a57c89b40f\"},\"headline\":\"S\u00e4ljer inte till Stockholmare!\",\"datePublished\":\"2015-11-03T07:55:11+00:00\",\"dateModified\":\"2015-11-03T09:47:37+00:00\",\"mainEntityOfPage\":{\"@id\":\"https:\\\/\\\/wp.kristdemokraterna.se\\\/janstefanson\\\/saljer-inte-till-stockholmare\\\/\"},\"wordCount\":316,\"image\":{\"@id\":\"https:\\\/\\\/wp.kristdemokraterna.se\\\/janstefanson\\\/saljer-inte-till-stockholmare\\\/#primaryimage\"},\"thumbnailUrl\":\"http:\\\/\\\/wp.kristdemokraterna.se\\\/janstefanson\\\/files\\\/2015\\\/11\\\/img_0619-300x224.jpg\",\"inLanguage\":\"sv-SE\"},{\"@type\":\"WebPage\",\"@id\":\"https:\\\/\\\/wp.kristdemokraterna.se\\\/janstefanson\\\/saljer-inte-till-stockholmare\\\/\",\"url\":\"https:\\\/\\\/wp.kristdemokraterna.se\\\/janstefanson\\\/saljer-inte-till-stockholmare\\\/\",\"name\":\"S\u00e4ljer inte till Stockholmare! - Jan Stefanson\",\"isPartOf\":{\"@id\":\"https:\\\/\\\/wp.kristdemokraterna.se\\\/janstefanson\\\/#website\"},\"primaryImageOfPage\":{\"@id\":\"https:\\\/\\\/wp.kristdemokraterna.se\\\/janstefanson\\\/saljer-inte-till-stockholmare\\\/#primaryimage\"},\"image\":{\"@id\":\"https:\\\/\\\/wp.kristdemokraterna.se\\\/janstefanson\\\/saljer-inte-till-stockholmare\\\/#primaryimage\"},\"thumbnailUrl\":\"http:\\\/\\\/wp.kristdemokraterna.se\\\/janstefanson\\\/files\\\/2015\\\/11\\\/img_0619-300x224.jpg\",\"datePublished\":\"2015-11-03T07:55:11+00:00\",\"dateModified\":\"2015-11-03T09:47:37+00:00\",\"author\":{\"@id\":\"https:\\\/\\\/wp.kristdemokraterna.se\\\/janstefanson\\\/#\\\/schema\\\/person\\\/f8122372f46f49cffa0c02a57c89b40f\"},\"breadcrumb\":{\"@id\":\"https:\\\/\\\/wp.kristdemokraterna.se\\\/janstefanson\\\/saljer-inte-till-stockholmare\\\/#breadcrumb\"},\"inLanguage\":\"sv-SE\",\"potentialAction\":[{\"@type\":\"ReadAction\",\"target\":[\"https:\\\/\\\/wp.kristdemokraterna.se\\\/janstefanson\\\/saljer-inte-till-stockholmare\\\/\"]}]},{\"@type\":\"ImageObject\",\"inLanguage\":\"sv-SE\",\"@id\":\"https:\\\/\\\/wp.kristdemokraterna.se\\\/janstefanson\\\/saljer-inte-till-stockholmare\\\/#primaryimage\",\"url\":\"https:\\\/\\\/wp.kristdemokraterna.se\\\/janstefanson\\\/files\\\/2015\\\/11\\\/img_0619.jpg\",\"contentUrl\":\"https:\\\/\\\/wp.kristdemokraterna.se\\\/janstefanson\\\/files\\\/2015\\\/11\\\/img_0619.jpg\",\"width\":2592,\"height\":1936},{\"@type\":\"BreadcrumbList\",\"@id\":\"https:\\\/\\\/wp.kristdemokraterna.se\\\/janstefanson\\\/saljer-inte-till-stockholmare\\\/#breadcrumb\",\"itemListElement\":[{\"@type\":\"ListItem\",\"position\":1,\"name\":\"Hem\",\"item\":\"https:\\\/\\\/wp.kristdemokraterna.se\\\/janstefanson\\\/\"},{\"@type\":\"ListItem\",\"position\":2,\"name\":\"S\u00e4ljer inte till Stockholmare!\"}]},{\"@type\":\"WebSite\",\"@id\":\"https:\\\/\\\/wp.kristdemokraterna.se\\\/janstefanson\\\/#website\",\"url\":\"https:\\\/\\\/wp.kristdemokraterna.se\\\/janstefanson\\\/\",\"name\":\"Jan Stefanson\",\"description\":\"En till Kristdemokraterna webbplats\",\"inLanguage\":\"sv-SE\"},{\"@type\":\"Person\",\"@id\":\"https:\\\/\\\/wp.kristdemokraterna.se\\\/janstefanson\\\/#\\\/schema\\\/person\\\/f8122372f46f49cffa0c02a57c89b40f\",\"name\":\"janstefanson\",\"image\":{\"@type\":\"ImageObject\",\"inLanguage\":\"sv-SE\",\"@id\":\"https:\\\/\\\/secure.gravatar.com\\\/avatar\\\/c8880da1e0ca1fb1fd99d661e99b32931e79d1537ef8441e71fc6630d4b6633c?s=96&r=g\",\"url\":\"https:\\\/\\\/secure.gravatar.com\\\/avatar\\\/c8880da1e0ca1fb1fd99d661e99b32931e79d1537ef8441e71fc6630d4b6633c?s=96&r=g\",\"contentUrl\":\"https:\\\/\\\/secure.gravatar.com\\\/avatar\\\/c8880da1e0ca1fb1fd99d661e99b32931e79d1537ef8441e71fc6630d4b6633c?s=96&r=g\",\"caption\":\"janstefanson\"},\"url\":\"https:\\\/\\\/wp.kristdemokraterna.se\\\/janstefanson\\\/author\\\/janstefanson\\\/\"}]}<\/script>\n<!-- \/ Yoast SEO plugin. -->","yoast_head_json":{"title":"S\u00e4ljer inte till Stockholmare! - Jan Stefanson","robots":{"index":"index","follow":"follow","max-snippet":"max-snippet:-1","max-image-preview":"max-image-preview:large","max-video-preview":"max-video-preview:-1"},"canonical":"https:\/\/wp.kristdemokraterna.se\/janstefanson\/saljer-inte-till-stockholmare\/","og_locale":"sv_SE","og_type":"article","og_title":"S\u00e4ljer inte till Stockholmare! - Jan Stefanson","og_description":"&#8211; Nu l\u00e4mnar vi g\u00e5rden! det \u00e4r \u00e4r tv\u00e5 b\u00f6nder p\u00e5 Gotland som passerat \u00e5ttio och best\u00e4mt sig f\u00f6r att flytta till det litet st\u00f6rre samh\u00e4llet Hemse och en enplansvilla. Den tidigare bondg\u00e5rden har de slitit f\u00e4rdigt p\u00e5. D\u00e4r fanns kor, f\u00e5r och h\u00f6ns. Nu \u00e4r den tom. De har s\u00e5lt av mark och nu Read More","og_url":"https:\/\/wp.kristdemokraterna.se\/janstefanson\/saljer-inte-till-stockholmare\/","og_site_name":"Jan Stefanson","article_published_time":"2015-11-03T07:55:11+00:00","article_modified_time":"2015-11-03T09:47:37+00:00","og_image":[{"url":"http:\/\/wp.kristdemokraterna.se\/janstefanson\/files\/2015\/11\/img_0619-300x224.jpg","type":"","width":"","height":""}],"author":"janstefanson","twitter_card":"summary_large_image","twitter_misc":{"Skriven av":"janstefanson","Ber\u00e4knad l\u00e4stid":"2 minuter"},"schema":{"@context":"https:\/\/schema.org","@graph":[{"@type":"Article","@id":"https:\/\/wp.kristdemokraterna.se\/janstefanson\/saljer-inte-till-stockholmare\/#article","isPartOf":{"@id":"https:\/\/wp.kristdemokraterna.se\/janstefanson\/saljer-inte-till-stockholmare\/"},"author":{"name":"janstefanson","@id":"https:\/\/wp.kristdemokraterna.se\/janstefanson\/#\/schema\/person\/f8122372f46f49cffa0c02a57c89b40f"},"headline":"S\u00e4ljer inte till Stockholmare!","datePublished":"2015-11-03T07:55:11+00:00","dateModified":"2015-11-03T09:47:37+00:00","mainEntityOfPage":{"@id":"https:\/\/wp.kristdemokraterna.se\/janstefanson\/saljer-inte-till-stockholmare\/"},"wordCount":316,"image":{"@id":"https:\/\/wp.kristdemokraterna.se\/janstefanson\/saljer-inte-till-stockholmare\/#primaryimage"},"thumbnailUrl":"http:\/\/wp.kristdemokraterna.se\/janstefanson\/files\/2015\/11\/img_0619-300x224.jpg","inLanguage":"sv-SE"},{"@type":"WebPage","@id":"https:\/\/wp.kristdemokraterna.se\/janstefanson\/saljer-inte-till-stockholmare\/","url":"https:\/\/wp.kristdemokraterna.se\/janstefanson\/saljer-inte-till-stockholmare\/","name":"S\u00e4ljer inte till Stockholmare! - Jan Stefanson","isPartOf":{"@id":"https:\/\/wp.kristdemokraterna.se\/janstefanson\/#website"},"primaryImageOfPage":{"@id":"https:\/\/wp.kristdemokraterna.se\/janstefanson\/saljer-inte-till-stockholmare\/#primaryimage"},"image":{"@id":"https:\/\/wp.kristdemokraterna.se\/janstefanson\/saljer-inte-till-stockholmare\/#primaryimage"},"thumbnailUrl":"http:\/\/wp.kristdemokraterna.se\/janstefanson\/files\/2015\/11\/img_0619-300x224.jpg","datePublished":"2015-11-03T07:55:11+00:00","dateModified":"2015-11-03T09:47:37+00:00","author":{"@id":"https:\/\/wp.kristdemokraterna.se\/janstefanson\/#\/schema\/person\/f8122372f46f49cffa0c02a57c89b40f"},"breadcrumb":{"@id":"https:\/\/wp.kristdemokraterna.se\/janstefanson\/saljer-inte-till-stockholmare\/#breadcrumb"},"inLanguage":"sv-SE","potentialAction":[{"@type":"ReadAction","target":["https:\/\/wp.kristdemokraterna.se\/janstefanson\/saljer-inte-till-stockholmare\/"]}]},{"@type":"ImageObject","inLanguage":"sv-SE","@id":"https:\/\/wp.kristdemokraterna.se\/janstefanson\/saljer-inte-till-stockholmare\/#primaryimage","url":"https:\/\/wp.kristdemokraterna.se\/janstefanson\/files\/2015\/11\/img_0619.jpg","contentUrl":"https:\/\/wp.kristdemokraterna.se\/janstefanson\/files\/2015\/11\/img_0619.jpg","width":2592,"height":1936},{"@type":"BreadcrumbList","@id":"https:\/\/wp.kristdemokraterna.se\/janstefanson\/saljer-inte-till-stockholmare\/#breadcrumb","itemListElement":[{"@type":"ListItem","position":1,"name":"Hem","item":"https:\/\/wp.kristdemokraterna.se\/janstefanson\/"},{"@type":"ListItem","position":2,"name":"S\u00e4ljer inte till Stockholmare!"}]},{"@type":"WebSite","@id":"https:\/\/wp.kristdemokraterna.se\/janstefanson\/#website","url":"https:\/\/wp.kristdemokraterna.se\/janstefanson\/","name":"Jan Stefanson","description":"En till Kristdemokraterna webbplats","inLanguage":"sv-SE"},{"@type":"Person","@id":"https:\/\/wp.kristdemokraterna.se\/janstefanson\/#\/schema\/person\/f8122372f46f49cffa0c02a57c89b40f","name":"janstefanson","image":{"@type":"ImageObject","inLanguage":"sv-SE","@id":"https:\/\/secure.gravatar.com\/avatar\/c8880da1e0ca1fb1fd99d661e99b32931e79d1537ef8441e71fc6630d4b6633c?s=96&r=g","url":"https:\/\/secure.gravatar.com\/avatar\/c8880da1e0ca1fb1fd99d661e99b32931e79d1537ef8441e71fc6630d4b6633c?s=96&r=g","contentUrl":"https:\/\/secure.gravatar.com\/avatar\/c8880da1e0ca1fb1fd99d661e99b32931e79d1537ef8441e71fc6630d4b6633c?s=96&r=g","caption":"janstefanson"},"url":"https:\/\/wp.kristdemokraterna.se\/janstefanson\/author\/janstefanson\/"}]}},"_links":{"self":[{"href":"https:\/\/wp.kristdemokraterna.se\/janstefanson\/wp-json\/wp\/v2\/posts\/218","targetHints":{"allow":["GET"]}}],"collection":[{"href":"https:\/\/wp.kristdemokraterna.se\/janstefanson\/wp-json\/wp\/v2\/posts"}],"about":[{"href":"https:\/\/wp.kristdemokraterna.se\/janstefanson\/wp-json\/wp\/v2\/types\/post"}],"author":[{"embeddable":true,"href":"https:\/\/wp.kristdemokraterna.se\/janstefanson\/wp-json\/wp\/v2\/users\/530"}],"replies":[{"embeddable":true,"href":"https:\/\/wp.kristdemokraterna.se\/janstefanson\/wp-json\/wp\/v2\/comments?post=218"}],"version-history":[{"count":4,"href":"https:\/\/wp.kristdemokraterna.se\/janstefanson\/wp-json\/wp\/v2\/posts\/218\/revisions"}],"predecessor-version":[{"id":224,"href":"https:\/\/wp.kristdemokraterna.se\/janstefanson\/wp-json\/wp\/v2\/posts\/218\/revisions\/224"}],"wp:attachment":[{"href":"https:\/\/wp.kristdemokraterna.se\/janstefanson\/wp-json\/wp\/v2\/media?parent=218"}],"wp:term":[{"taxonomy":"category","embeddable":true,"href":"https:\/\/wp.kristdemokraterna.se\/janstefanson\/wp-json\/wp\/v2\/categories?post=218"},{"taxonomy":"post_tag","embeddable":true,"href":"https:\/\/wp.kristdemokraterna.se\/janstefanson\/wp-json\/wp\/v2\/tags?post=218"}],"curies":[{"name":"wp","href":"https:\/\/api.w.org\/{rel}","templated":true}]}}