{"id":251,"date":"2015-12-09T15:01:03","date_gmt":"2015-12-09T14:01:03","guid":{"rendered":"http:\/\/wp.kristdemokraterna.se\/janstefanson\/?p=251"},"modified":"2015-12-09T15:03:47","modified_gmt":"2015-12-09T14:03:47","slug":"ja-till-ensamkommande-flyktingbarn","status":"publish","type":"post","link":"https:\/\/wp.kristdemokraterna.se\/janstefanson\/ja-till-ensamkommande-flyktingbarn\/","title":{"rendered":"Ja till ensamkommande flyktingbarn"},"content":{"rendered":"<p>Vid dagens kommunstyrelse beslutades att s\u00e4ga ja till 83 ensamkommande flyktingbarn. Endast ett part yrkade avslag och reserverade sig. Ytterligare tv\u00e5 partier i opposition ( L och M)\u00a0 lade en protokollsanteckning med f\u00f6rmaning om hur problematiskt mottagandet \u00e4r.<\/p>\n<p>Sj\u00e4lva sakfr\u00e5gan \u00e4r att vi redan tagit emot \u00f6ver 60 av dessa flyktingbarn. Markeringarna tolkar jag som en sv\u00e4ngning mot en restriktiv syn p\u00e5 mottagandet av dessa flyktingbarn trots att alla kommuner i landet nu tvingats &#8221;ta sitt ansvar&#8221;. Jag tycker att vi m\u00e5ste m\u00f6ta de ensamkommande flyktingbarnen med stor generositet. D\u00e4rf\u00f6r blir beslutet <strong><em>Ja till ensamkommande flyktingbarn<\/em><\/strong> det enda riktiga.<\/p>\n","protected":false},"excerpt":{"rendered":"<p>Vid dagens kommunstyrelse beslutades att s\u00e4ga ja till 83 ensamkommande flyktingbarn. Endast ett part yrkade avslag och reserverade sig. Ytterligare tv\u00e5 partier i opposition ( L och M)\u00a0 lade en protokollsanteckning med f\u00f6rmaning om hur problematiskt mottagandet \u00e4r. Sj\u00e4lva sakfr\u00e5gan \u00e4r att vi redan tagit emot \u00f6ver 60 av dessa flyktingbarn. Markeringarna tolkar jag som <a class=\"read-more-link\" href=\"https:\/\/wp.kristdemokraterna.se\/janstefanson\/ja-till-ensamkommande-flyktingbarn\/\">Read More<\/a><\/p>\n","protected":false},"author":530,"featured_media":0,"comment_status":"closed","ping_status":"closed","sticky":false,"template":"","format":"standard","meta":{"_acf_changed":false,"footnotes":""},"categories":[1],"tags":[],"class_list":["post-251","post","type-post","status-publish","format-standard","hentry","category-okategoriserade"],"acf":[],"yoast_head":"<!-- This site is optimized with the Yoast SEO plugin v27.4 - https:\/\/yoast.com\/product\/yoast-seo-wordpress\/ -->\n<title>Ja till ensamkommande flyktingbarn - Jan Stefanson<\/title>\n<meta name=\"robots\" content=\"index, follow, max-snippet:-1, max-image-preview:large, max-video-preview:-1\" \/>\n<link rel=\"canonical\" href=\"https:\/\/wp.kristdemokraterna.se\/janstefanson\/ja-till-ensamkommande-flyktingbarn\/\" \/>\n<meta property=\"og:locale\" content=\"sv_SE\" \/>\n<meta property=\"og:type\" content=\"article\" \/>\n<meta property=\"og:title\" content=\"Ja till ensamkommande flyktingbarn - Jan Stefanson\" \/>\n<meta property=\"og:description\" content=\"Vid dagens kommunstyrelse beslutades att s\u00e4ga ja till 83 ensamkommande flyktingbarn. Endast ett part yrkade avslag och reserverade sig. Ytterligare tv\u00e5 partier i opposition ( L och M)\u00a0 lade en protokollsanteckning med f\u00f6rmaning om hur problematiskt mottagandet \u00e4r. Sj\u00e4lva sakfr\u00e5gan \u00e4r att vi redan tagit emot \u00f6ver 60 av dessa flyktingbarn. Markeringarna tolkar jag som Read More\" \/>\n<meta property=\"og:url\" content=\"https:\/\/wp.kristdemokraterna.se\/janstefanson\/ja-till-ensamkommande-flyktingbarn\/\" \/>\n<meta property=\"og:site_name\" content=\"Jan Stefanson\" \/>\n<meta property=\"article:published_time\" content=\"2015-12-09T14:01:03+00:00\" \/>\n<meta property=\"article:modified_time\" content=\"2015-12-09T14:03:47+00:00\" \/>\n<meta name=\"author\" content=\"janstefanson\" \/>\n<meta name=\"twitter:card\" content=\"summary_large_image\" \/>\n<meta name=\"twitter:label1\" content=\"Skriven av\" \/>\n\t<meta name=\"twitter:data1\" content=\"janstefanson\" \/>\n\t<meta name=\"twitter:label2\" content=\"Ber\u00e4knad l\u00e4stid\" \/>\n\t<meta name=\"twitter:data2\" content=\"1 minut\" \/>\n<script type=\"application\/ld+json\" class=\"yoast-schema-graph\">{\"@context\":\"https:\\\/\\\/schema.org\",\"@graph\":[{\"@type\":\"Article\",\"@id\":\"https:\\\/\\\/wp.kristdemokraterna.se\\\/janstefanson\\\/ja-till-ensamkommande-flyktingbarn\\\/#article\",\"isPartOf\":{\"@id\":\"https:\\\/\\\/wp.kristdemokraterna.se\\\/janstefanson\\\/ja-till-ensamkommande-flyktingbarn\\\/\"},\"author\":{\"name\":\"janstefanson\",\"@id\":\"https:\\\/\\\/wp.kristdemokraterna.se\\\/janstefanson\\\/#\\\/schema\\\/person\\\/f8122372f46f49cffa0c02a57c89b40f\"},\"headline\":\"Ja till ensamkommande flyktingbarn\",\"datePublished\":\"2015-12-09T14:01:03+00:00\",\"dateModified\":\"2015-12-09T14:03:47+00:00\",\"mainEntityOfPage\":{\"@id\":\"https:\\\/\\\/wp.kristdemokraterna.se\\\/janstefanson\\\/ja-till-ensamkommande-flyktingbarn\\\/\"},\"wordCount\":109,\"inLanguage\":\"sv-SE\"},{\"@type\":\"WebPage\",\"@id\":\"https:\\\/\\\/wp.kristdemokraterna.se\\\/janstefanson\\\/ja-till-ensamkommande-flyktingbarn\\\/\",\"url\":\"https:\\\/\\\/wp.kristdemokraterna.se\\\/janstefanson\\\/ja-till-ensamkommande-flyktingbarn\\\/\",\"name\":\"Ja till ensamkommande flyktingbarn - Jan Stefanson\",\"isPartOf\":{\"@id\":\"https:\\\/\\\/wp.kristdemokraterna.se\\\/janstefanson\\\/#website\"},\"datePublished\":\"2015-12-09T14:01:03+00:00\",\"dateModified\":\"2015-12-09T14:03:47+00:00\",\"author\":{\"@id\":\"https:\\\/\\\/wp.kristdemokraterna.se\\\/janstefanson\\\/#\\\/schema\\\/person\\\/f8122372f46f49cffa0c02a57c89b40f\"},\"breadcrumb\":{\"@id\":\"https:\\\/\\\/wp.kristdemokraterna.se\\\/janstefanson\\\/ja-till-ensamkommande-flyktingbarn\\\/#breadcrumb\"},\"inLanguage\":\"sv-SE\",\"potentialAction\":[{\"@type\":\"ReadAction\",\"target\":[\"https:\\\/\\\/wp.kristdemokraterna.se\\\/janstefanson\\\/ja-till-ensamkommande-flyktingbarn\\\/\"]}]},{\"@type\":\"BreadcrumbList\",\"@id\":\"https:\\\/\\\/wp.kristdemokraterna.se\\\/janstefanson\\\/ja-till-ensamkommande-flyktingbarn\\\/#breadcrumb\",\"itemListElement\":[{\"@type\":\"ListItem\",\"position\":1,\"name\":\"Hem\",\"item\":\"https:\\\/\\\/wp.kristdemokraterna.se\\\/janstefanson\\\/\"},{\"@type\":\"ListItem\",\"position\":2,\"name\":\"Ja till ensamkommande flyktingbarn\"}]},{\"@type\":\"WebSite\",\"@id\":\"https:\\\/\\\/wp.kristdemokraterna.se\\\/janstefanson\\\/#website\",\"url\":\"https:\\\/\\\/wp.kristdemokraterna.se\\\/janstefanson\\\/\",\"name\":\"Jan Stefanson\",\"description\":\"En till Kristdemokraterna webbplats\",\"inLanguage\":\"sv-SE\"},{\"@type\":\"Person\",\"@id\":\"https:\\\/\\\/wp.kristdemokraterna.se\\\/janstefanson\\\/#\\\/schema\\\/person\\\/f8122372f46f49cffa0c02a57c89b40f\",\"name\":\"janstefanson\",\"image\":{\"@type\":\"ImageObject\",\"inLanguage\":\"sv-SE\",\"@id\":\"https:\\\/\\\/secure.gravatar.com\\\/avatar\\\/c8880da1e0ca1fb1fd99d661e99b32931e79d1537ef8441e71fc6630d4b6633c?s=96&r=g\",\"url\":\"https:\\\/\\\/secure.gravatar.com\\\/avatar\\\/c8880da1e0ca1fb1fd99d661e99b32931e79d1537ef8441e71fc6630d4b6633c?s=96&r=g\",\"contentUrl\":\"https:\\\/\\\/secure.gravatar.com\\\/avatar\\\/c8880da1e0ca1fb1fd99d661e99b32931e79d1537ef8441e71fc6630d4b6633c?s=96&r=g\",\"caption\":\"janstefanson\"},\"url\":\"https:\\\/\\\/wp.kristdemokraterna.se\\\/janstefanson\\\/author\\\/janstefanson\\\/\"}]}<\/script>\n<!-- \/ Yoast SEO plugin. -->","yoast_head_json":{"title":"Ja till ensamkommande flyktingbarn - Jan Stefanson","robots":{"index":"index","follow":"follow","max-snippet":"max-snippet:-1","max-image-preview":"max-image-preview:large","max-video-preview":"max-video-preview:-1"},"canonical":"https:\/\/wp.kristdemokraterna.se\/janstefanson\/ja-till-ensamkommande-flyktingbarn\/","og_locale":"sv_SE","og_type":"article","og_title":"Ja till ensamkommande flyktingbarn - Jan Stefanson","og_description":"Vid dagens kommunstyrelse beslutades att s\u00e4ga ja till 83 ensamkommande flyktingbarn. Endast ett part yrkade avslag och reserverade sig. Ytterligare tv\u00e5 partier i opposition ( L och M)\u00a0 lade en protokollsanteckning med f\u00f6rmaning om hur problematiskt mottagandet \u00e4r. Sj\u00e4lva sakfr\u00e5gan \u00e4r att vi redan tagit emot \u00f6ver 60 av dessa flyktingbarn. Markeringarna tolkar jag som Read More","og_url":"https:\/\/wp.kristdemokraterna.se\/janstefanson\/ja-till-ensamkommande-flyktingbarn\/","og_site_name":"Jan Stefanson","article_published_time":"2015-12-09T14:01:03+00:00","article_modified_time":"2015-12-09T14:03:47+00:00","author":"janstefanson","twitter_card":"summary_large_image","twitter_misc":{"Skriven av":"janstefanson","Ber\u00e4knad l\u00e4stid":"1 minut"},"schema":{"@context":"https:\/\/schema.org","@graph":[{"@type":"Article","@id":"https:\/\/wp.kristdemokraterna.se\/janstefanson\/ja-till-ensamkommande-flyktingbarn\/#article","isPartOf":{"@id":"https:\/\/wp.kristdemokraterna.se\/janstefanson\/ja-till-ensamkommande-flyktingbarn\/"},"author":{"name":"janstefanson","@id":"https:\/\/wp.kristdemokraterna.se\/janstefanson\/#\/schema\/person\/f8122372f46f49cffa0c02a57c89b40f"},"headline":"Ja till ensamkommande flyktingbarn","datePublished":"2015-12-09T14:01:03+00:00","dateModified":"2015-12-09T14:03:47+00:00","mainEntityOfPage":{"@id":"https:\/\/wp.kristdemokraterna.se\/janstefanson\/ja-till-ensamkommande-flyktingbarn\/"},"wordCount":109,"inLanguage":"sv-SE"},{"@type":"WebPage","@id":"https:\/\/wp.kristdemokraterna.se\/janstefanson\/ja-till-ensamkommande-flyktingbarn\/","url":"https:\/\/wp.kristdemokraterna.se\/janstefanson\/ja-till-ensamkommande-flyktingbarn\/","name":"Ja till ensamkommande flyktingbarn - Jan Stefanson","isPartOf":{"@id":"https:\/\/wp.kristdemokraterna.se\/janstefanson\/#website"},"datePublished":"2015-12-09T14:01:03+00:00","dateModified":"2015-12-09T14:03:47+00:00","author":{"@id":"https:\/\/wp.kristdemokraterna.se\/janstefanson\/#\/schema\/person\/f8122372f46f49cffa0c02a57c89b40f"},"breadcrumb":{"@id":"https:\/\/wp.kristdemokraterna.se\/janstefanson\/ja-till-ensamkommande-flyktingbarn\/#breadcrumb"},"inLanguage":"sv-SE","potentialAction":[{"@type":"ReadAction","target":["https:\/\/wp.kristdemokraterna.se\/janstefanson\/ja-till-ensamkommande-flyktingbarn\/"]}]},{"@type":"BreadcrumbList","@id":"https:\/\/wp.kristdemokraterna.se\/janstefanson\/ja-till-ensamkommande-flyktingbarn\/#breadcrumb","itemListElement":[{"@type":"ListItem","position":1,"name":"Hem","item":"https:\/\/wp.kristdemokraterna.se\/janstefanson\/"},{"@type":"ListItem","position":2,"name":"Ja till ensamkommande flyktingbarn"}]},{"@type":"WebSite","@id":"https:\/\/wp.kristdemokraterna.se\/janstefanson\/#website","url":"https:\/\/wp.kristdemokraterna.se\/janstefanson\/","name":"Jan Stefanson","description":"En till Kristdemokraterna webbplats","inLanguage":"sv-SE"},{"@type":"Person","@id":"https:\/\/wp.kristdemokraterna.se\/janstefanson\/#\/schema\/person\/f8122372f46f49cffa0c02a57c89b40f","name":"janstefanson","image":{"@type":"ImageObject","inLanguage":"sv-SE","@id":"https:\/\/secure.gravatar.com\/avatar\/c8880da1e0ca1fb1fd99d661e99b32931e79d1537ef8441e71fc6630d4b6633c?s=96&r=g","url":"https:\/\/secure.gravatar.com\/avatar\/c8880da1e0ca1fb1fd99d661e99b32931e79d1537ef8441e71fc6630d4b6633c?s=96&r=g","contentUrl":"https:\/\/secure.gravatar.com\/avatar\/c8880da1e0ca1fb1fd99d661e99b32931e79d1537ef8441e71fc6630d4b6633c?s=96&r=g","caption":"janstefanson"},"url":"https:\/\/wp.kristdemokraterna.se\/janstefanson\/author\/janstefanson\/"}]}},"_links":{"self":[{"href":"https:\/\/wp.kristdemokraterna.se\/janstefanson\/wp-json\/wp\/v2\/posts\/251","targetHints":{"allow":["GET"]}}],"collection":[{"href":"https:\/\/wp.kristdemokraterna.se\/janstefanson\/wp-json\/wp\/v2\/posts"}],"about":[{"href":"https:\/\/wp.kristdemokraterna.se\/janstefanson\/wp-json\/wp\/v2\/types\/post"}],"author":[{"embeddable":true,"href":"https:\/\/wp.kristdemokraterna.se\/janstefanson\/wp-json\/wp\/v2\/users\/530"}],"replies":[{"embeddable":true,"href":"https:\/\/wp.kristdemokraterna.se\/janstefanson\/wp-json\/wp\/v2\/comments?post=251"}],"version-history":[{"count":3,"href":"https:\/\/wp.kristdemokraterna.se\/janstefanson\/wp-json\/wp\/v2\/posts\/251\/revisions"}],"predecessor-version":[{"id":254,"href":"https:\/\/wp.kristdemokraterna.se\/janstefanson\/wp-json\/wp\/v2\/posts\/251\/revisions\/254"}],"wp:attachment":[{"href":"https:\/\/wp.kristdemokraterna.se\/janstefanson\/wp-json\/wp\/v2\/media?parent=251"}],"wp:term":[{"taxonomy":"category","embeddable":true,"href":"https:\/\/wp.kristdemokraterna.se\/janstefanson\/wp-json\/wp\/v2\/categories?post=251"},{"taxonomy":"post_tag","embeddable":true,"href":"https:\/\/wp.kristdemokraterna.se\/janstefanson\/wp-json\/wp\/v2\/tags?post=251"}],"curies":[{"name":"wp","href":"https:\/\/api.w.org\/{rel}","templated":true}]}}